{"id":6905,"date":"2022-09-26T13:30:19","date_gmt":"2022-09-26T13:30:19","guid":{"rendered":"https:\/\/permbledhja.com\/?p=6905"},"modified":"2022-09-26T13:30:19","modified_gmt":"2022-09-26T13:30:19","slug":"kur-mund-te-levizim-pa-viza-ne-be-nese-vendimi-merret-kete-vit","status":"publish","type":"post","link":"https:\/\/permbledhja.com\/sq\/kur-mund-te-levizim-pa-viza-ne-be-nese-vendimi-merret-kete-vit\/","title":{"rendered":"Kur mund t\u00eb l\u00ebvizim pa viza n\u00eb BE n\u00ebse vendimi merret k\u00ebt\u00eb vit?"},"content":{"rendered":"<p><strong>Shefja e Grupit Parlamentar t\u00eb LVV-s\u00eb, Mimoza Kusari-Lila, ka folur rreth liberalizimit t\u00eb vizave<\/strong>.<\/p>\n<p>Ndon\u00ebse thot\u00eb se gjasat jan\u00eb reale q\u00eb Kosova ta marr\u00eb vendimin pozitiv k\u00ebt\u00eb vit, ajo sqaron se tek vitin tjet\u00ebr kosovar\u00ebt mund t\u00eb l\u00ebvizin t\u00eb lir\u00eb.<\/p>\n<p>Zgjatja e k\u00ebtij procesi, sipas Kusari-Lil\u00ebs, mund t\u00eb ndodh\u00eb p\u00ebr shkak se s\u00eb pari merret vendimi e pastaj fillon zbatimi i tij dhe se duhet q\u00eb t\u00eb p\u00ebrfundojn\u00eb shum\u00eb \u00e7\u00ebshtje teknike e t\u00eb njoftohen shtetet an\u00ebtare.<\/p>\n<p>\u201cGjasat jan\u00eb reale megjithat\u00eb jan\u00eb gjasa t\u00eb cilat nga ana jon\u00eb jan\u00eb vler\u00ebsuar edhe m\u00eb her\u00ebt q\u00eb jan\u00eb plot\u00ebsuar t\u00eb gjitha kushtet nd\u00ebrsa varet nga nj\u00eb mekaniz\u00ebm tjet\u00ebr jasht\u00eb nesh p\u00ebr t\u00eb p\u00ebrcaktuar procesin final t\u00eb liberalizimit t\u00eb vizave\u201d.<\/p>\n<p>\u201cDuhet t\u00eb kemi parasysh q\u00eb edhe n\u00ebse ka nj\u00eb vendim deri n\u00eb fund t\u00eb vitit liberalizimi ndodh tek vitin tjet\u00ebr sepse \u00ebsht\u00eb nj\u00eb procedur\u00eb kohore drejt shp\u00ebrndarjes s\u00eb materialeve natyrisht edhe \u00e7\u00ebshtjeve teknike q\u00eb lidhen me sistemet kufitare e t\u00eb gjitha vendeve q\u00eb jan\u00eb pjes\u00eb e sistemit, prandaj q\u00eb t\u00eb mos kemi ngritje t\u00eb shpresave q\u00eb n\u00eb fund vit mund t\u00eb udh\u00ebtohet pa viza kjo \u00ebsht\u00eb nj\u00eb proces q\u00eb s\u00eb pari merret vendimi e pastaj fillon zbatimi i tij q\u00eb merr edhe disa muaj koh\u00eb\u201d, tha Kusari-Lila, raporton EO-ja.<\/p>\n","protected":false},"excerpt":{"rendered":"<p>Shefja e Grupit Parlamentar t\u00eb LVV-s\u00eb, Mimoza Kusari-Lila, ka folur rreth liberalizimit t\u00eb vizave. Ndon\u00ebse thot\u00eb se gjasat jan\u00eb reale q\u00eb Kosova ta marr\u00eb vendimin pozitiv k\u00ebt\u00eb vit, ajo sqaron se tek vitin tjet\u00ebr kosovar\u00ebt mund t\u00eb l\u00ebvizin t\u00eb lir\u00eb. Zgjatja e k\u00ebtij procesi, sipas Kusari-Lil\u00ebs, mund t\u00eb ndodh\u00eb p\u00ebr shkak se s\u00eb pari merret [&hellip;]<\/p>\n","protected":false},"author":1,"featured_media":6907,"comment_status":"closed","ping_status":"closed","sticky":false,"template":"","format":"standard","meta":{"_monsterinsights_skip_tracking":false,"_monsterinsights_sitenote_active":false,"_monsterinsights_sitenote_note":"","_monsterinsights_sitenote_category":0,"_uf_show_specific_survey":0,"_uf_disable_surveys":false,"footnotes":""},"categories":[23,15],"tags":[],"yoast_head":"<!-- This site is optimized with the Yoast SEO plugin v21.5 - https:\/\/yoast.com\/wordpress\/plugins\/seo\/ -->\n<title>Kur mund t\u00eb l\u00ebvizim pa viza n\u00eb BE n\u00ebse vendimi merret k\u00ebt\u00eb vit?<\/title>\n<meta name=\"robots\" content=\"index, follow, max-snippet:-1, max-image-preview:large, max-video-preview:-1\" \/>\n<link rel=\"canonical\" href=\"https:\/\/permbledhja.com\/sq\/kur-mund-te-levizim-pa-viza-ne-be-nese-vendimi-merret-kete-vit\/\" \/>\n<meta property=\"og:locale\" content=\"sq_AL\" \/>\n<meta property=\"og:type\" content=\"article\" \/>\n<meta property=\"og:title\" content=\"Kur mund t\u00eb l\u00ebvizim pa viza n\u00eb BE n\u00ebse vendimi merret k\u00ebt\u00eb vit?\" \/>\n<meta property=\"og:description\" content=\"Shefja e Grupit Parlamentar t\u00eb LVV-s\u00eb, Mimoza Kusari-Lila, ka folur rreth liberalizimit t\u00eb vizave. Ndon\u00ebse thot\u00eb se gjasat jan\u00eb reale q\u00eb Kosova ta marr\u00eb vendimin pozitiv k\u00ebt\u00eb vit, ajo sqaron se tek vitin tjet\u00ebr kosovar\u00ebt mund t\u00eb l\u00ebvizin t\u00eb lir\u00eb. Zgjatja e k\u00ebtij procesi, sipas Kusari-Lil\u00ebs, mund t\u00eb ndodh\u00eb p\u00ebr shkak se s\u00eb pari merret [&hellip;]\" \/>\n<meta property=\"og:url\" content=\"https:\/\/permbledhja.com\/sq\/kur-mund-te-levizim-pa-viza-ne-be-nese-vendimi-merret-kete-vit\/\" \/>\n<meta property=\"og:site_name\" content=\"Ve\u00e7 artikuj p\u00ebrmbledh\u00ebs\" \/>\n<meta property=\"article:publisher\" content=\"https:\/\/www.facebook.com\/press07\/\" \/>\n<meta property=\"article:author\" content=\"https:\/\/www.facebook.com\/kafexhiu.muharrem\/\" \/>\n<meta property=\"article:published_time\" content=\"2022-09-26T13:30:19+00:00\" \/>\n<meta property=\"og:image\" content=\"https:\/\/permbledhja.com\/wp-content\/uploads\/2022\/09\/A1-vizat-600x360-1.jpg\" \/>\n\t<meta property=\"og:image:width\" content=\"900\" \/>\n\t<meta property=\"og:image:height\" content=\"540\" \/>\n\t<meta property=\"og:image:type\" content=\"image\/jpeg\" \/>\n<meta name=\"author\" content=\"P\u00ebrmbledhja\" \/>\n<meta name=\"twitter:card\" content=\"summary_large_image\" \/>\n<meta name=\"twitter:label1\" content=\"Written by\" \/>\n\t<meta name=\"twitter:data1\" content=\"P\u00ebrmbledhja\" \/>\n\t<meta name=\"twitter:label2\" content=\"Est. reading time\" \/>\n\t<meta name=\"twitter:data2\" content=\"2 minuta\" \/>\n<script type=\"application\/ld+json\" class=\"yoast-schema-graph\">{\"@context\":\"https:\/\/schema.org\",\"@graph\":[{\"@type\":\"Article\",\"@id\":\"https:\/\/permbledhja.com\/kur-mund-te-levizim-pa-viza-ne-be-nese-vendimi-merret-kete-vit\/#article\",\"isPartOf\":{\"@id\":\"https:\/\/permbledhja.com\/kur-mund-te-levizim-pa-viza-ne-be-nese-vendimi-merret-kete-vit\/\"},\"author\":{\"name\":\"P\u00ebrmbledhja\",\"@id\":\"https:\/\/permbledhja.com\/#\/schema\/person\/0d064377258d3221e50693947b9eb4fe\"},\"headline\":\"Kur mund t\u00eb l\u00ebvizim pa viza n\u00eb BE n\u00ebse vendimi merret k\u00ebt\u00eb vit?\",\"datePublished\":\"2022-09-26T13:30:19+00:00\",\"dateModified\":\"2022-09-26T13:30:19+00:00\",\"mainEntityOfPage\":{\"@id\":\"https:\/\/permbledhja.com\/kur-mund-te-levizim-pa-viza-ne-be-nese-vendimi-merret-kete-vit\/\"},\"wordCount\":242,\"publisher\":{\"@id\":\"https:\/\/permbledhja.com\/#organization\"},\"articleSection\":[\"Komb\u00ebtare\",\"Lajme\"],\"inLanguage\":\"sq\"},{\"@type\":\"WebPage\",\"@id\":\"https:\/\/permbledhja.com\/kur-mund-te-levizim-pa-viza-ne-be-nese-vendimi-merret-kete-vit\/\",\"url\":\"https:\/\/permbledhja.com\/kur-mund-te-levizim-pa-viza-ne-be-nese-vendimi-merret-kete-vit\/\",\"name\":\"Kur mund t\u00eb l\u00ebvizim pa viza n\u00eb BE n\u00ebse vendimi merret k\u00ebt\u00eb vit?\",\"isPartOf\":{\"@id\":\"https:\/\/permbledhja.com\/#website\"},\"datePublished\":\"2022-09-26T13:30:19+00:00\",\"dateModified\":\"2022-09-26T13:30:19+00:00\",\"breadcrumb\":{\"@id\":\"https:\/\/permbledhja.com\/kur-mund-te-levizim-pa-viza-ne-be-nese-vendimi-merret-kete-vit\/#breadcrumb\"},\"inLanguage\":\"sq\",\"potentialAction\":[{\"@type\":\"ReadAction\",\"target\":[\"https:\/\/permbledhja.com\/kur-mund-te-levizim-pa-viza-ne-be-nese-vendimi-merret-kete-vit\/\"]}]},{\"@type\":\"BreadcrumbList\",\"@id\":\"https:\/\/permbledhja.com\/kur-mund-te-levizim-pa-viza-ne-be-nese-vendimi-merret-kete-vit\/#breadcrumb\",\"itemListElement\":[{\"@type\":\"ListItem\",\"position\":1,\"name\":\"Ballina\",\"item\":\"https:\/\/permbledhja.com\/sq\/\"},{\"@type\":\"ListItem\",\"position\":2,\"name\":\"Kur mund t\u00eb l\u00ebvizim pa viza n\u00eb BE n\u00ebse vendimi merret k\u00ebt\u00eb vit?\"}]},{\"@type\":\"WebSite\",\"@id\":\"https:\/\/permbledhja.com\/#website\",\"url\":\"https:\/\/permbledhja.com\/\",\"name\":\"Ve\u00e7 artikuj p\u00ebrmbledh\u00ebs\",\"description\":\"\",\"publisher\":{\"@id\":\"https:\/\/permbledhja.com\/#organization\"},\"potentialAction\":[{\"@type\":\"SearchAction\",\"target\":{\"@type\":\"EntryPoint\",\"urlTemplate\":\"https:\/\/permbledhja.com\/?s={search_term_string}\"},\"query-input\":\"required name=search_term_string\"}],\"inLanguage\":\"sq\"},{\"@type\":\"Organization\",\"@id\":\"https:\/\/permbledhja.com\/#organization\",\"name\":\"MK Media & Pr\",\"url\":\"https:\/\/permbledhja.com\/\",\"logo\":{\"@type\":\"ImageObject\",\"inLanguage\":\"sq\",\"@id\":\"https:\/\/permbledhja.com\/#\/schema\/logo\/image\/\",\"url\":\"https:\/\/permbledhja.com\/wp-content\/uploads\/2021\/12\/07-Press-Logo.jpg\",\"contentUrl\":\"https:\/\/permbledhja.com\/wp-content\/uploads\/2021\/12\/07-Press-Logo.jpg\",\"width\":512,\"height\":512,\"caption\":\"MK Media & Pr\"},\"image\":{\"@id\":\"https:\/\/permbledhja.com\/#\/schema\/logo\/image\/\"},\"sameAs\":[\"https:\/\/www.facebook.com\/press07\/\"]},{\"@type\":\"Person\",\"@id\":\"https:\/\/permbledhja.com\/#\/schema\/person\/0d064377258d3221e50693947b9eb4fe\",\"name\":\"P\u00ebrmbledhja\",\"image\":{\"@type\":\"ImageObject\",\"inLanguage\":\"sq\",\"@id\":\"https:\/\/permbledhja.com\/#\/schema\/person\/image\/\",\"url\":\"https:\/\/permbledhja.com\/wp-content\/uploads\/2026\/01\/452004717_1040944174702970_8932037511805513407_n-96x96.jpg\",\"contentUrl\":\"https:\/\/permbledhja.com\/wp-content\/uploads\/2026\/01\/452004717_1040944174702970_8932037511805513407_n-96x96.jpg\",\"caption\":\"P\u00ebrmbledhja\"},\"sameAs\":[\"https:\/\/www.facebook.com\/kafexhiu.muharrem\/\",\"https:\/\/www.instagram.com\/muharrem_kafexhiu\/\"],\"url\":\"https:\/\/permbledhja.com\/sq\/author\/admin\/\"}]}<\/script>\n<!-- \/ Yoast SEO plugin. -->","yoast_head_json":{"title":"Kur mund t\u00eb l\u00ebvizim pa viza n\u00eb BE n\u00ebse vendimi merret k\u00ebt\u00eb vit?","robots":{"index":"index","follow":"follow","max-snippet":"max-snippet:-1","max-image-preview":"max-image-preview:large","max-video-preview":"max-video-preview:-1"},"canonical":"https:\/\/permbledhja.com\/sq\/kur-mund-te-levizim-pa-viza-ne-be-nese-vendimi-merret-kete-vit\/","og_locale":"sq_AL","og_type":"article","og_title":"Kur mund t\u00eb l\u00ebvizim pa viza n\u00eb BE n\u00ebse vendimi merret k\u00ebt\u00eb vit?","og_description":"Shefja e Grupit Parlamentar t\u00eb LVV-s\u00eb, Mimoza Kusari-Lila, ka folur rreth liberalizimit t\u00eb vizave. Ndon\u00ebse thot\u00eb se gjasat jan\u00eb reale q\u00eb Kosova ta marr\u00eb vendimin pozitiv k\u00ebt\u00eb vit, ajo sqaron se tek vitin tjet\u00ebr kosovar\u00ebt mund t\u00eb l\u00ebvizin t\u00eb lir\u00eb. Zgjatja e k\u00ebtij procesi, sipas Kusari-Lil\u00ebs, mund t\u00eb ndodh\u00eb p\u00ebr shkak se s\u00eb pari merret [&hellip;]","og_url":"https:\/\/permbledhja.com\/sq\/kur-mund-te-levizim-pa-viza-ne-be-nese-vendimi-merret-kete-vit\/","og_site_name":"Ve\u00e7 artikuj p\u00ebrmbledh\u00ebs","article_publisher":"https:\/\/www.facebook.com\/press07\/","article_author":"https:\/\/www.facebook.com\/kafexhiu.muharrem\/","article_published_time":"2022-09-26T13:30:19+00:00","og_image":[{"width":900,"height":540,"url":"https:\/\/permbledhja.com\/wp-content\/uploads\/2022\/09\/A1-vizat-600x360-1.jpg","type":"image\/jpeg"}],"author":"P\u00ebrmbledhja","twitter_card":"summary_large_image","twitter_misc":{"Written by":"P\u00ebrmbledhja","Est. reading time":"2 minuta"},"schema":{"@context":"https:\/\/schema.org","@graph":[{"@type":"Article","@id":"https:\/\/permbledhja.com\/kur-mund-te-levizim-pa-viza-ne-be-nese-vendimi-merret-kete-vit\/#article","isPartOf":{"@id":"https:\/\/permbledhja.com\/kur-mund-te-levizim-pa-viza-ne-be-nese-vendimi-merret-kete-vit\/"},"author":{"name":"P\u00ebrmbledhja","@id":"https:\/\/permbledhja.com\/#\/schema\/person\/0d064377258d3221e50693947b9eb4fe"},"headline":"Kur mund t\u00eb l\u00ebvizim pa viza n\u00eb BE n\u00ebse vendimi merret k\u00ebt\u00eb vit?","datePublished":"2022-09-26T13:30:19+00:00","dateModified":"2022-09-26T13:30:19+00:00","mainEntityOfPage":{"@id":"https:\/\/permbledhja.com\/kur-mund-te-levizim-pa-viza-ne-be-nese-vendimi-merret-kete-vit\/"},"wordCount":242,"publisher":{"@id":"https:\/\/permbledhja.com\/#organization"},"articleSection":["Komb\u00ebtare","Lajme"],"inLanguage":"sq"},{"@type":"WebPage","@id":"https:\/\/permbledhja.com\/kur-mund-te-levizim-pa-viza-ne-be-nese-vendimi-merret-kete-vit\/","url":"https:\/\/permbledhja.com\/kur-mund-te-levizim-pa-viza-ne-be-nese-vendimi-merret-kete-vit\/","name":"Kur mund t\u00eb l\u00ebvizim pa viza n\u00eb BE n\u00ebse vendimi merret k\u00ebt\u00eb vit?","isPartOf":{"@id":"https:\/\/permbledhja.com\/#website"},"datePublished":"2022-09-26T13:30:19+00:00","dateModified":"2022-09-26T13:30:19+00:00","breadcrumb":{"@id":"https:\/\/permbledhja.com\/kur-mund-te-levizim-pa-viza-ne-be-nese-vendimi-merret-kete-vit\/#breadcrumb"},"inLanguage":"sq","potentialAction":[{"@type":"ReadAction","target":["https:\/\/permbledhja.com\/kur-mund-te-levizim-pa-viza-ne-be-nese-vendimi-merret-kete-vit\/"]}]},{"@type":"BreadcrumbList","@id":"https:\/\/permbledhja.com\/kur-mund-te-levizim-pa-viza-ne-be-nese-vendimi-merret-kete-vit\/#breadcrumb","itemListElement":[{"@type":"ListItem","position":1,"name":"Ballina","item":"https:\/\/permbledhja.com\/sq\/"},{"@type":"ListItem","position":2,"name":"Kur mund t\u00eb l\u00ebvizim pa viza n\u00eb BE n\u00ebse vendimi merret k\u00ebt\u00eb vit?"}]},{"@type":"WebSite","@id":"https:\/\/permbledhja.com\/#website","url":"https:\/\/permbledhja.com\/","name":"Ve\u00e7 artikuj p\u00ebrmbledh\u00ebs","description":"","publisher":{"@id":"https:\/\/permbledhja.com\/#organization"},"potentialAction":[{"@type":"SearchAction","target":{"@type":"EntryPoint","urlTemplate":"https:\/\/permbledhja.com\/?s={search_term_string}"},"query-input":"required name=search_term_string"}],"inLanguage":"sq"},{"@type":"Organization","@id":"https:\/\/permbledhja.com\/#organization","name":"MK Media & Pr","url":"https:\/\/permbledhja.com\/","logo":{"@type":"ImageObject","inLanguage":"sq","@id":"https:\/\/permbledhja.com\/#\/schema\/logo\/image\/","url":"https:\/\/permbledhja.com\/wp-content\/uploads\/2021\/12\/07-Press-Logo.jpg","contentUrl":"https:\/\/permbledhja.com\/wp-content\/uploads\/2021\/12\/07-Press-Logo.jpg","width":512,"height":512,"caption":"MK Media & Pr"},"image":{"@id":"https:\/\/permbledhja.com\/#\/schema\/logo\/image\/"},"sameAs":["https:\/\/www.facebook.com\/press07\/"]},{"@type":"Person","@id":"https:\/\/permbledhja.com\/#\/schema\/person\/0d064377258d3221e50693947b9eb4fe","name":"P\u00ebrmbledhja","image":{"@type":"ImageObject","inLanguage":"sq","@id":"https:\/\/permbledhja.com\/#\/schema\/person\/image\/","url":"https:\/\/permbledhja.com\/wp-content\/uploads\/2026\/01\/452004717_1040944174702970_8932037511805513407_n-96x96.jpg","contentUrl":"https:\/\/permbledhja.com\/wp-content\/uploads\/2026\/01\/452004717_1040944174702970_8932037511805513407_n-96x96.jpg","caption":"P\u00ebrmbledhja"},"sameAs":["https:\/\/www.facebook.com\/kafexhiu.muharrem\/","https:\/\/www.instagram.com\/muharrem_kafexhiu\/"],"url":"https:\/\/permbledhja.com\/sq\/author\/admin\/"}]}},"_links":{"self":[{"href":"https:\/\/permbledhja.com\/sq\/wp-json\/wp\/v2\/posts\/6905"}],"collection":[{"href":"https:\/\/permbledhja.com\/sq\/wp-json\/wp\/v2\/posts"}],"about":[{"href":"https:\/\/permbledhja.com\/sq\/wp-json\/wp\/v2\/types\/post"}],"author":[{"embeddable":true,"href":"https:\/\/permbledhja.com\/sq\/wp-json\/wp\/v2\/users\/1"}],"replies":[{"embeddable":true,"href":"https:\/\/permbledhja.com\/sq\/wp-json\/wp\/v2\/comments?post=6905"}],"version-history":[{"count":1,"href":"https:\/\/permbledhja.com\/sq\/wp-json\/wp\/v2\/posts\/6905\/revisions"}],"predecessor-version":[{"id":6906,"href":"https:\/\/permbledhja.com\/sq\/wp-json\/wp\/v2\/posts\/6905\/revisions\/6906"}],"wp:featuredmedia":[{"embeddable":true,"href":"https:\/\/permbledhja.com\/sq\/wp-json\/wp\/v2\/media\/6907"}],"wp:attachment":[{"href":"https:\/\/permbledhja.com\/sq\/wp-json\/wp\/v2\/media?parent=6905"}],"wp:term":[{"taxonomy":"category","embeddable":true,"href":"https:\/\/permbledhja.com\/sq\/wp-json\/wp\/v2\/categories?post=6905"},{"taxonomy":"post_tag","embeddable":true,"href":"https:\/\/permbledhja.com\/sq\/wp-json\/wp\/v2\/tags?post=6905"}],"curies":[{"name":"wp","href":"https:\/\/api.w.org\/{rel}","templated":true}]}}