{"id":68709,"date":"2024-09-15T14:40:18","date_gmt":"2024-09-15T14:40:18","guid":{"rendered":"https:\/\/permbledhja.com\/?p=68709"},"modified":"2024-09-15T14:40:18","modified_gmt":"2024-09-15T14:40:18","slug":"kurti-keto-tri-vite-vendi-ka-avancuar-jashtezakonisht","status":"publish","type":"post","link":"https:\/\/permbledhja.com\/sq\/kurti-keto-tri-vite-vendi-ka-avancuar-jashtezakonisht\/","title":{"rendered":"Kurti: K\u00ebto tri vite vendi ka avancuar jasht\u00ebzakonisht"},"content":{"rendered":"<p><strong>Kryeministri Albin Kurti nga mbledhjen e kat\u00ebrt t\u00eb Grave p\u00ebr Vet\u00ebvendosje ka lavd\u00ebruar pun\u00ebn e tij n\u00eb krye t\u00eb qeveris\u00eb.<\/strong><\/p>\n<p>Ai ka th\u00ebn\u00eb se vendi gjat\u00eb mandatit t\u00eb qeverisjes s\u00eb tij vendi ka avancuar dhe se \u00ebsht\u00eb krenar p\u00ebr p\u00ebrparimet q\u00eb ka b\u00ebr\u00eb Kosova.<\/p>\n<p><em>\u201cP\u00ebr her\u00eb t\u00eb par\u00eb kemi prezantuar shtesat p\u00ebr f\u00ebmij\u00eb 410 mij\u00eb dhe p\u00ebr lehona 60 mij\u00eb. P\u00ebr her\u00eb t\u00eb par\u00eb kaq shum\u00eb vajz\u00eb dhe gra te pun\u00ebsuar. Kur kemi parasysh qe k\u00ebto tre vite i pat\u00ebm k\u00ebrc\u00ebnimet m\u00eb t\u00eb m\u00ebdha n\u00eb vendin ton\u00eb b\u00ebhet e qart\u00eb sa i jasht\u00ebzakonsh\u00ebm \u00ebsht\u00eb avancuar vendi yn\u00eb\u201d.<\/em><\/p>\n<p>Nd\u00ebrkaq, Kurti u shpreh se jan\u00eb gati p\u00ebr zgjedhjet e shkurtit, dhe se kan\u00eb besimin e popullsis\u00eb.<\/p>\n<p><em>\u201cNuk kemi pasur asnj\u00ebher\u00eb m\u00eb shum\u00eb koh\u00eb p\u00ebr t\u00eb p\u00ebrgatitur p\u00ebr zgjedhje se sa tani, nuk kemi pasur p\u00ebrkrahje se sa tani, mund t\u00eb krenohemi p\u00ebr p\u00ebrparimet q\u00eb ka b\u00ebr\u00eb Kosova\u201d<\/em>, ka th\u00ebn\u00eb Kurti.<\/p>\n","protected":false},"excerpt":{"rendered":"<p>Kryeministri Albin Kurti nga mbledhjen e kat\u00ebrt t\u00eb Grave p\u00ebr Vet\u00ebvendosje ka lavd\u00ebruar pun\u00ebn e tij n\u00eb krye t\u00eb qeveris\u00eb. Ai ka th\u00ebn\u00eb se vendi gjat\u00eb mandatit t\u00eb qeverisjes s\u00eb tij vendi ka avancuar dhe se \u00ebsht\u00eb krenar p\u00ebr p\u00ebrparimet q\u00eb ka b\u00ebr\u00eb Kosova. \u201cP\u00ebr her\u00eb t\u00eb par\u00eb kemi prezantuar shtesat p\u00ebr f\u00ebmij\u00eb 410 mij\u00eb [&hellip;]<\/p>\n","protected":false},"author":1,"featured_media":68710,"comment_status":"closed","ping_status":"closed","sticky":false,"template":"","format":"standard","meta":{"_monsterinsights_skip_tracking":false,"_monsterinsights_sitenote_active":false,"_monsterinsights_sitenote_note":"","_monsterinsights_sitenote_category":0,"_uf_show_specific_survey":0,"_uf_disable_surveys":false,"footnotes":""},"categories":[3325],"tags":[86],"yoast_head":"<!-- This site is optimized with the Yoast SEO plugin v21.5 - https:\/\/yoast.com\/wordpress\/plugins\/seo\/ -->\n<title>Kurti: K\u00ebto tri vite vendi ka avancuar jasht\u00ebzakonisht<\/title>\n<meta name=\"robots\" content=\"index, follow, max-snippet:-1, max-image-preview:large, max-video-preview:-1\" \/>\n<link rel=\"canonical\" href=\"https:\/\/permbledhja.com\/sq\/kurti-keto-tri-vite-vendi-ka-avancuar-jashtezakonisht\/\" \/>\n<meta property=\"og:locale\" content=\"sq_AL\" \/>\n<meta property=\"og:type\" content=\"article\" \/>\n<meta property=\"og:title\" content=\"Kurti: K\u00ebto tri vite vendi ka avancuar jasht\u00ebzakonisht\" \/>\n<meta property=\"og:description\" content=\"Kryeministri Albin Kurti nga mbledhjen e kat\u00ebrt t\u00eb Grave p\u00ebr Vet\u00ebvendosje ka lavd\u00ebruar pun\u00ebn e tij n\u00eb krye t\u00eb qeveris\u00eb. Ai ka th\u00ebn\u00eb se vendi gjat\u00eb mandatit t\u00eb qeverisjes s\u00eb tij vendi ka avancuar dhe se \u00ebsht\u00eb krenar p\u00ebr p\u00ebrparimet q\u00eb ka b\u00ebr\u00eb Kosova. \u201cP\u00ebr her\u00eb t\u00eb par\u00eb kemi prezantuar shtesat p\u00ebr f\u00ebmij\u00eb 410 mij\u00eb [&hellip;]\" \/>\n<meta property=\"og:url\" content=\"https:\/\/permbledhja.com\/sq\/kurti-keto-tri-vite-vendi-ka-avancuar-jashtezakonisht\/\" \/>\n<meta property=\"og:site_name\" content=\"Ve\u00e7 artikuj p\u00ebrmbledh\u00ebs\" \/>\n<meta property=\"article:publisher\" content=\"https:\/\/www.facebook.com\/press07\/\" \/>\n<meta property=\"article:author\" content=\"https:\/\/www.facebook.com\/kafexhiu.muharrem\/\" \/>\n<meta property=\"article:published_time\" content=\"2024-09-15T14:40:18+00:00\" \/>\n<meta property=\"og:image\" content=\"https:\/\/permbledhja.com\/wp-content\/uploads\/2024\/09\/kurti-2.jpg\" \/>\n\t<meta property=\"og:image:width\" content=\"2048\" \/>\n\t<meta property=\"og:image:height\" content=\"1365\" \/>\n\t<meta property=\"og:image:type\" content=\"image\/jpeg\" \/>\n<meta name=\"author\" content=\"P\u00ebrmbledhja\" \/>\n<meta name=\"twitter:card\" content=\"summary_large_image\" \/>\n<meta name=\"twitter:label1\" content=\"Written by\" \/>\n\t<meta name=\"twitter:data1\" content=\"P\u00ebrmbledhja\" \/>\n\t<meta name=\"twitter:label2\" content=\"Est. reading time\" \/>\n\t<meta name=\"twitter:data2\" content=\"1 minut\u00eb\" \/>\n<script type=\"application\/ld+json\" class=\"yoast-schema-graph\">{\"@context\":\"https:\/\/schema.org\",\"@graph\":[{\"@type\":\"Article\",\"@id\":\"https:\/\/permbledhja.com\/kurti-keto-tri-vite-vendi-ka-avancuar-jashtezakonisht\/#article\",\"isPartOf\":{\"@id\":\"https:\/\/permbledhja.com\/kurti-keto-tri-vite-vendi-ka-avancuar-jashtezakonisht\/\"},\"author\":{\"name\":\"P\u00ebrmbledhja\",\"@id\":\"https:\/\/permbledhja.com\/#\/schema\/person\/0d064377258d3221e50693947b9eb4fe\"},\"headline\":\"Kurti: K\u00ebto tri vite vendi ka avancuar jasht\u00ebzakonisht\",\"datePublished\":\"2024-09-15T14:40:18+00:00\",\"dateModified\":\"2024-09-15T14:40:18+00:00\",\"mainEntityOfPage\":{\"@id\":\"https:\/\/permbledhja.com\/kurti-keto-tri-vite-vendi-ka-avancuar-jashtezakonisht\/\"},\"wordCount\":190,\"publisher\":{\"@id\":\"https:\/\/permbledhja.com\/#organization\"},\"keywords\":[\"Albin Kurti\"],\"articleSection\":[\"Kryesore\"],\"inLanguage\":\"sq\"},{\"@type\":\"WebPage\",\"@id\":\"https:\/\/permbledhja.com\/kurti-keto-tri-vite-vendi-ka-avancuar-jashtezakonisht\/\",\"url\":\"https:\/\/permbledhja.com\/kurti-keto-tri-vite-vendi-ka-avancuar-jashtezakonisht\/\",\"name\":\"Kurti: K\u00ebto tri vite vendi ka avancuar jasht\u00ebzakonisht\",\"isPartOf\":{\"@id\":\"https:\/\/permbledhja.com\/#website\"},\"datePublished\":\"2024-09-15T14:40:18+00:00\",\"dateModified\":\"2024-09-15T14:40:18+00:00\",\"breadcrumb\":{\"@id\":\"https:\/\/permbledhja.com\/kurti-keto-tri-vite-vendi-ka-avancuar-jashtezakonisht\/#breadcrumb\"},\"inLanguage\":\"sq\",\"potentialAction\":[{\"@type\":\"ReadAction\",\"target\":[\"https:\/\/permbledhja.com\/kurti-keto-tri-vite-vendi-ka-avancuar-jashtezakonisht\/\"]}]},{\"@type\":\"BreadcrumbList\",\"@id\":\"https:\/\/permbledhja.com\/kurti-keto-tri-vite-vendi-ka-avancuar-jashtezakonisht\/#breadcrumb\",\"itemListElement\":[{\"@type\":\"ListItem\",\"position\":1,\"name\":\"Ballina\",\"item\":\"https:\/\/permbledhja.com\/sq\/\"},{\"@type\":\"ListItem\",\"position\":2,\"name\":\"Kurti: K\u00ebto tri vite vendi ka avancuar jasht\u00ebzakonisht\"}]},{\"@type\":\"WebSite\",\"@id\":\"https:\/\/permbledhja.com\/#website\",\"url\":\"https:\/\/permbledhja.com\/\",\"name\":\"Ve\u00e7 artikuj p\u00ebrmbledh\u00ebs\",\"description\":\"\",\"publisher\":{\"@id\":\"https:\/\/permbledhja.com\/#organization\"},\"potentialAction\":[{\"@type\":\"SearchAction\",\"target\":{\"@type\":\"EntryPoint\",\"urlTemplate\":\"https:\/\/permbledhja.com\/?s={search_term_string}\"},\"query-input\":\"required name=search_term_string\"}],\"inLanguage\":\"sq\"},{\"@type\":\"Organization\",\"@id\":\"https:\/\/permbledhja.com\/#organization\",\"name\":\"MK Media & Pr\",\"url\":\"https:\/\/permbledhja.com\/\",\"logo\":{\"@type\":\"ImageObject\",\"inLanguage\":\"sq\",\"@id\":\"https:\/\/permbledhja.com\/#\/schema\/logo\/image\/\",\"url\":\"https:\/\/permbledhja.com\/wp-content\/uploads\/2021\/12\/07-Press-Logo.jpg\",\"contentUrl\":\"https:\/\/permbledhja.com\/wp-content\/uploads\/2021\/12\/07-Press-Logo.jpg\",\"width\":512,\"height\":512,\"caption\":\"MK Media & Pr\"},\"image\":{\"@id\":\"https:\/\/permbledhja.com\/#\/schema\/logo\/image\/\"},\"sameAs\":[\"https:\/\/www.facebook.com\/press07\/\"]},{\"@type\":\"Person\",\"@id\":\"https:\/\/permbledhja.com\/#\/schema\/person\/0d064377258d3221e50693947b9eb4fe\",\"name\":\"P\u00ebrmbledhja\",\"image\":{\"@type\":\"ImageObject\",\"inLanguage\":\"sq\",\"@id\":\"https:\/\/permbledhja.com\/#\/schema\/person\/image\/\",\"url\":\"https:\/\/permbledhja.com\/wp-content\/uploads\/2026\/01\/452004717_1040944174702970_8932037511805513407_n-96x96.jpg\",\"contentUrl\":\"https:\/\/permbledhja.com\/wp-content\/uploads\/2026\/01\/452004717_1040944174702970_8932037511805513407_n-96x96.jpg\",\"caption\":\"P\u00ebrmbledhja\"},\"sameAs\":[\"https:\/\/www.facebook.com\/kafexhiu.muharrem\/\",\"https:\/\/www.instagram.com\/muharrem_kafexhiu\/\"],\"url\":\"https:\/\/permbledhja.com\/sq\/author\/admin\/\"}]}<\/script>\n<!-- \/ Yoast SEO plugin. -->","yoast_head_json":{"title":"Kurti: K\u00ebto tri vite vendi ka avancuar jasht\u00ebzakonisht","robots":{"index":"index","follow":"follow","max-snippet":"max-snippet:-1","max-image-preview":"max-image-preview:large","max-video-preview":"max-video-preview:-1"},"canonical":"https:\/\/permbledhja.com\/sq\/kurti-keto-tri-vite-vendi-ka-avancuar-jashtezakonisht\/","og_locale":"sq_AL","og_type":"article","og_title":"Kurti: K\u00ebto tri vite vendi ka avancuar jasht\u00ebzakonisht","og_description":"Kryeministri Albin Kurti nga mbledhjen e kat\u00ebrt t\u00eb Grave p\u00ebr Vet\u00ebvendosje ka lavd\u00ebruar pun\u00ebn e tij n\u00eb krye t\u00eb qeveris\u00eb. Ai ka th\u00ebn\u00eb se vendi gjat\u00eb mandatit t\u00eb qeverisjes s\u00eb tij vendi ka avancuar dhe se \u00ebsht\u00eb krenar p\u00ebr p\u00ebrparimet q\u00eb ka b\u00ebr\u00eb Kosova. \u201cP\u00ebr her\u00eb t\u00eb par\u00eb kemi prezantuar shtesat p\u00ebr f\u00ebmij\u00eb 410 mij\u00eb [&hellip;]","og_url":"https:\/\/permbledhja.com\/sq\/kurti-keto-tri-vite-vendi-ka-avancuar-jashtezakonisht\/","og_site_name":"Ve\u00e7 artikuj p\u00ebrmbledh\u00ebs","article_publisher":"https:\/\/www.facebook.com\/press07\/","article_author":"https:\/\/www.facebook.com\/kafexhiu.muharrem\/","article_published_time":"2024-09-15T14:40:18+00:00","og_image":[{"width":2048,"height":1365,"url":"https:\/\/permbledhja.com\/wp-content\/uploads\/2024\/09\/kurti-2.jpg","type":"image\/jpeg"}],"author":"P\u00ebrmbledhja","twitter_card":"summary_large_image","twitter_misc":{"Written by":"P\u00ebrmbledhja","Est. reading time":"1 minut\u00eb"},"schema":{"@context":"https:\/\/schema.org","@graph":[{"@type":"Article","@id":"https:\/\/permbledhja.com\/kurti-keto-tri-vite-vendi-ka-avancuar-jashtezakonisht\/#article","isPartOf":{"@id":"https:\/\/permbledhja.com\/kurti-keto-tri-vite-vendi-ka-avancuar-jashtezakonisht\/"},"author":{"name":"P\u00ebrmbledhja","@id":"https:\/\/permbledhja.com\/#\/schema\/person\/0d064377258d3221e50693947b9eb4fe"},"headline":"Kurti: K\u00ebto tri vite vendi ka avancuar jasht\u00ebzakonisht","datePublished":"2024-09-15T14:40:18+00:00","dateModified":"2024-09-15T14:40:18+00:00","mainEntityOfPage":{"@id":"https:\/\/permbledhja.com\/kurti-keto-tri-vite-vendi-ka-avancuar-jashtezakonisht\/"},"wordCount":190,"publisher":{"@id":"https:\/\/permbledhja.com\/#organization"},"keywords":["Albin Kurti"],"articleSection":["Kryesore"],"inLanguage":"sq"},{"@type":"WebPage","@id":"https:\/\/permbledhja.com\/kurti-keto-tri-vite-vendi-ka-avancuar-jashtezakonisht\/","url":"https:\/\/permbledhja.com\/kurti-keto-tri-vite-vendi-ka-avancuar-jashtezakonisht\/","name":"Kurti: K\u00ebto tri vite vendi ka avancuar jasht\u00ebzakonisht","isPartOf":{"@id":"https:\/\/permbledhja.com\/#website"},"datePublished":"2024-09-15T14:40:18+00:00","dateModified":"2024-09-15T14:40:18+00:00","breadcrumb":{"@id":"https:\/\/permbledhja.com\/kurti-keto-tri-vite-vendi-ka-avancuar-jashtezakonisht\/#breadcrumb"},"inLanguage":"sq","potentialAction":[{"@type":"ReadAction","target":["https:\/\/permbledhja.com\/kurti-keto-tri-vite-vendi-ka-avancuar-jashtezakonisht\/"]}]},{"@type":"BreadcrumbList","@id":"https:\/\/permbledhja.com\/kurti-keto-tri-vite-vendi-ka-avancuar-jashtezakonisht\/#breadcrumb","itemListElement":[{"@type":"ListItem","position":1,"name":"Ballina","item":"https:\/\/permbledhja.com\/sq\/"},{"@type":"ListItem","position":2,"name":"Kurti: K\u00ebto tri vite vendi ka avancuar jasht\u00ebzakonisht"}]},{"@type":"WebSite","@id":"https:\/\/permbledhja.com\/#website","url":"https:\/\/permbledhja.com\/","name":"Ve\u00e7 artikuj p\u00ebrmbledh\u00ebs","description":"","publisher":{"@id":"https:\/\/permbledhja.com\/#organization"},"potentialAction":[{"@type":"SearchAction","target":{"@type":"EntryPoint","urlTemplate":"https:\/\/permbledhja.com\/?s={search_term_string}"},"query-input":"required name=search_term_string"}],"inLanguage":"sq"},{"@type":"Organization","@id":"https:\/\/permbledhja.com\/#organization","name":"MK Media & Pr","url":"https:\/\/permbledhja.com\/","logo":{"@type":"ImageObject","inLanguage":"sq","@id":"https:\/\/permbledhja.com\/#\/schema\/logo\/image\/","url":"https:\/\/permbledhja.com\/wp-content\/uploads\/2021\/12\/07-Press-Logo.jpg","contentUrl":"https:\/\/permbledhja.com\/wp-content\/uploads\/2021\/12\/07-Press-Logo.jpg","width":512,"height":512,"caption":"MK Media & Pr"},"image":{"@id":"https:\/\/permbledhja.com\/#\/schema\/logo\/image\/"},"sameAs":["https:\/\/www.facebook.com\/press07\/"]},{"@type":"Person","@id":"https:\/\/permbledhja.com\/#\/schema\/person\/0d064377258d3221e50693947b9eb4fe","name":"P\u00ebrmbledhja","image":{"@type":"ImageObject","inLanguage":"sq","@id":"https:\/\/permbledhja.com\/#\/schema\/person\/image\/","url":"https:\/\/permbledhja.com\/wp-content\/uploads\/2026\/01\/452004717_1040944174702970_8932037511805513407_n-96x96.jpg","contentUrl":"https:\/\/permbledhja.com\/wp-content\/uploads\/2026\/01\/452004717_1040944174702970_8932037511805513407_n-96x96.jpg","caption":"P\u00ebrmbledhja"},"sameAs":["https:\/\/www.facebook.com\/kafexhiu.muharrem\/","https:\/\/www.instagram.com\/muharrem_kafexhiu\/"],"url":"https:\/\/permbledhja.com\/sq\/author\/admin\/"}]}},"_links":{"self":[{"href":"https:\/\/permbledhja.com\/sq\/wp-json\/wp\/v2\/posts\/68709"}],"collection":[{"href":"https:\/\/permbledhja.com\/sq\/wp-json\/wp\/v2\/posts"}],"about":[{"href":"https:\/\/permbledhja.com\/sq\/wp-json\/wp\/v2\/types\/post"}],"author":[{"embeddable":true,"href":"https:\/\/permbledhja.com\/sq\/wp-json\/wp\/v2\/users\/1"}],"replies":[{"embeddable":true,"href":"https:\/\/permbledhja.com\/sq\/wp-json\/wp\/v2\/comments?post=68709"}],"version-history":[{"count":1,"href":"https:\/\/permbledhja.com\/sq\/wp-json\/wp\/v2\/posts\/68709\/revisions"}],"predecessor-version":[{"id":68711,"href":"https:\/\/permbledhja.com\/sq\/wp-json\/wp\/v2\/posts\/68709\/revisions\/68711"}],"wp:featuredmedia":[{"embeddable":true,"href":"https:\/\/permbledhja.com\/sq\/wp-json\/wp\/v2\/media\/68710"}],"wp:attachment":[{"href":"https:\/\/permbledhja.com\/sq\/wp-json\/wp\/v2\/media?parent=68709"}],"wp:term":[{"taxonomy":"category","embeddable":true,"href":"https:\/\/permbledhja.com\/sq\/wp-json\/wp\/v2\/categories?post=68709"},{"taxonomy":"post_tag","embeddable":true,"href":"https:\/\/permbledhja.com\/sq\/wp-json\/wp\/v2\/tags?post=68709"}],"curies":[{"name":"wp","href":"https:\/\/api.w.org\/{rel}","templated":true}]}}