{"id":68536,"date":"2024-09-02T11:24:15","date_gmt":"2024-09-02T11:24:15","guid":{"rendered":"https:\/\/permbledhja.com\/?p=68536"},"modified":"2024-09-02T11:24:15","modified_gmt":"2024-09-02T11:24:15","slug":"jeta-ndarje-ka-ilir-daja-le-ballkanin","status":"publish","type":"post","link":"https:\/\/permbledhja.com\/sq\/jeta-ndarje-ka-ilir-daja-le-ballkanin\/","title":{"rendered":"\u201c\u2026jeta ndarje ka\u201d, Ilir Daja l\u00eb Ballkanin"},"content":{"rendered":"<p><strong>Tashm\u00eb \u00ebsht\u00eb zyrtare. Pas spekulimeve t\u00eb jav\u00ebve t\u00eb fundit, \u00ebsht\u00eb konfirmuar edhe p\u00ebrfundimisht ndarja mes Ballkanit e Ilir Daj\u00ebs.<\/strong><\/p>\n<p>Gijthnj\u00eb sipas komunikat\u00ebs s\u00eb portokallinjve, Daja ka k\u00ebrkuar me ngulm largimin duke konsideruar q\u00eb s\u2019ka \u00e7far\u00eb t\u2019i ofroj\u00eb m\u00eb shum\u00eb kampionit aktual.<\/p>\n<p>Gjithsesi, klubi fal\u00ebnderoi Daj\u00ebn p\u00ebr kontributin e jasht\u00ebzakonsh\u00ebn, me \u00e7\u2019rast n\u00eb futbollin e pasluft\u00ebs, barazoi rekordin e Bes\u00ebs duke e shpallur Ballkanin tri her\u00eb radhazi fitues t\u00eb titullit.<\/p>\n<p>M\u00eb posht\u00eb edhe komunikata:<\/p>\n<p><em>Faleminderit Ilir Daja!<\/em><\/p>\n<p><em>P\u00ebr mbi dy vjet e gjys\u00ebm kemi rrug\u00ebtuar bashk\u00eb, me shum\u00eb pun\u00eb, suksese, shum\u00eb trofe e p\u00ebrjetime t\u00eb m\u00ebdha.<\/em><\/p>\n<p><em>Tifoz\u00eb t\u00eb dashur, pavar\u00ebsisht se n\u00eb vazhdim\u00ebsi kemi qen\u00eb t\u00eb dakorduar p\u00ebr t\u00eb vazhduar edhe m\u00eb tej bashk\u00eb, tashm\u00eb ish-timonjeri yn\u00eb ka konsideruar se nuk ka m\u00eb shum\u00eb \u00e7far\u00eb t\u00eb jap p\u00ebr klubin ton\u00eb.<\/em><\/p>\n<p><em>FC Ballkani \u00ebsht\u00eb klub i madh dhe duke qen\u00eb i till\u00eb, do ta b\u00ebj zgjidhjen e duhur edhe n\u00eb krye t\u00eb shtabit teknik, gjithmon\u00eb me t\u00eb njejtat ambicie e objektiva, n\u00eb ndjekje t\u00eb \u00e7do trofeu.<\/em><\/p>\n<p>Kurse ecuria e Ballkanit me trajnerin Daja n\u00eb krye t\u00eb skuadr\u00ebs, do t\u00eb mbetet etap\u00eb shum\u00eb e r\u00ebnd\u00ebsishme e historis\u00eb ton\u00eb.<\/p>\n<p>Faleminderit kampion!<br \/>\n#FCBallkani<br \/>\n#IlirDaja<\/p>\n","protected":false},"excerpt":{"rendered":"<p>Tashm\u00eb \u00ebsht\u00eb zyrtare. Pas spekulimeve t\u00eb jav\u00ebve t\u00eb fundit, \u00ebsht\u00eb konfirmuar edhe p\u00ebrfundimisht ndarja mes Ballkanit e Ilir Daj\u00ebs. Gijthnj\u00eb sipas komunikat\u00ebs s\u00eb portokallinjve, Daja ka k\u00ebrkuar me ngulm largimin duke konsideruar q\u00eb s\u2019ka \u00e7far\u00eb t\u2019i ofroj\u00eb m\u00eb shum\u00eb kampionit aktual. Gjithsesi, klubi fal\u00ebnderoi Daj\u00ebn p\u00ebr kontributin e jasht\u00ebzakonsh\u00ebn, me \u00e7\u2019rast n\u00eb futbollin e pasluft\u00ebs, [&hellip;]<\/p>\n","protected":false},"author":1,"featured_media":68537,"comment_status":"closed","ping_status":"closed","sticky":false,"template":"","format":"standard","meta":{"_monsterinsights_skip_tracking":false,"_monsterinsights_sitenote_active":false,"_monsterinsights_sitenote_note":"","_monsterinsights_sitenote_category":0,"_uf_show_specific_survey":0,"_uf_disable_surveys":false,"footnotes":""},"categories":[3324],"tags":[3376],"yoast_head":"<!-- This site is optimized with the Yoast SEO plugin v21.5 - https:\/\/yoast.com\/wordpress\/plugins\/seo\/ -->\n<title>\u201c\u2026jeta ndarje ka\u201d, Ilir Daja l\u00eb Ballkanin<\/title>\n<meta name=\"robots\" content=\"index, follow, max-snippet:-1, max-image-preview:large, max-video-preview:-1\" \/>\n<link rel=\"canonical\" href=\"https:\/\/permbledhja.com\/sq\/jeta-ndarje-ka-ilir-daja-le-ballkanin\/\" \/>\n<meta property=\"og:locale\" content=\"sq_AL\" \/>\n<meta property=\"og:type\" content=\"article\" \/>\n<meta property=\"og:title\" content=\"\u201c\u2026jeta ndarje ka\u201d, Ilir Daja l\u00eb Ballkanin\" \/>\n<meta property=\"og:description\" content=\"Tashm\u00eb \u00ebsht\u00eb zyrtare. Pas spekulimeve t\u00eb jav\u00ebve t\u00eb fundit, \u00ebsht\u00eb konfirmuar edhe p\u00ebrfundimisht ndarja mes Ballkanit e Ilir Daj\u00ebs. Gijthnj\u00eb sipas komunikat\u00ebs s\u00eb portokallinjve, Daja ka k\u00ebrkuar me ngulm largimin duke konsideruar q\u00eb s\u2019ka \u00e7far\u00eb t\u2019i ofroj\u00eb m\u00eb shum\u00eb kampionit aktual. Gjithsesi, klubi fal\u00ebnderoi Daj\u00ebn p\u00ebr kontributin e jasht\u00ebzakonsh\u00ebn, me \u00e7\u2019rast n\u00eb futbollin e pasluft\u00ebs, [&hellip;]\" \/>\n<meta property=\"og:url\" content=\"https:\/\/permbledhja.com\/sq\/jeta-ndarje-ka-ilir-daja-le-ballkanin\/\" \/>\n<meta property=\"og:site_name\" content=\"Ve\u00e7 artikuj p\u00ebrmbledh\u00ebs\" \/>\n<meta property=\"article:publisher\" content=\"https:\/\/www.facebook.com\/press07\/\" \/>\n<meta property=\"article:author\" content=\"https:\/\/www.facebook.com\/kafexhiu.muharrem\/\" \/>\n<meta property=\"article:published_time\" content=\"2024-09-02T11:24:15+00:00\" \/>\n<meta property=\"og:image\" content=\"https:\/\/permbledhja.com\/wp-content\/uploads\/2024\/09\/2343560A-72C1-4644-ADCE-B551459B9AF4.jpeg\" \/>\n\t<meta property=\"og:image:width\" content=\"1440\" \/>\n\t<meta property=\"og:image:height\" content=\"959\" \/>\n\t<meta property=\"og:image:type\" content=\"image\/jpeg\" \/>\n<meta name=\"author\" content=\"P\u00ebrmbledhja\" \/>\n<meta name=\"twitter:card\" content=\"summary_large_image\" \/>\n<meta name=\"twitter:label1\" content=\"Written by\" \/>\n\t<meta name=\"twitter:data1\" content=\"P\u00ebrmbledhja\" \/>\n\t<meta name=\"twitter:label2\" content=\"Est. reading time\" \/>\n\t<meta name=\"twitter:data2\" content=\"2 minuta\" \/>\n<script type=\"application\/ld+json\" class=\"yoast-schema-graph\">{\"@context\":\"https:\/\/schema.org\",\"@graph\":[{\"@type\":\"Article\",\"@id\":\"https:\/\/permbledhja.com\/jeta-ndarje-ka-ilir-daja-le-ballkanin\/#article\",\"isPartOf\":{\"@id\":\"https:\/\/permbledhja.com\/jeta-ndarje-ka-ilir-daja-le-ballkanin\/\"},\"author\":{\"name\":\"P\u00ebrmbledhja\",\"@id\":\"https:\/\/permbledhja.com\/#\/schema\/person\/0d064377258d3221e50693947b9eb4fe\"},\"headline\":\"\u201c\u2026jeta ndarje ka\u201d, Ilir Daja l\u00eb Ballkanin\",\"datePublished\":\"2024-09-02T11:24:15+00:00\",\"dateModified\":\"2024-09-02T11:24:15+00:00\",\"mainEntityOfPage\":{\"@id\":\"https:\/\/permbledhja.com\/jeta-ndarje-ka-ilir-daja-le-ballkanin\/\"},\"wordCount\":223,\"publisher\":{\"@id\":\"https:\/\/permbledhja.com\/#organization\"},\"keywords\":[\"Ilir Daja\"],\"articleSection\":[\"Dyt\u00ebsore\"],\"inLanguage\":\"sq\"},{\"@type\":\"WebPage\",\"@id\":\"https:\/\/permbledhja.com\/jeta-ndarje-ka-ilir-daja-le-ballkanin\/\",\"url\":\"https:\/\/permbledhja.com\/jeta-ndarje-ka-ilir-daja-le-ballkanin\/\",\"name\":\"\u201c\u2026jeta ndarje ka\u201d, Ilir Daja l\u00eb Ballkanin\",\"isPartOf\":{\"@id\":\"https:\/\/permbledhja.com\/#website\"},\"datePublished\":\"2024-09-02T11:24:15+00:00\",\"dateModified\":\"2024-09-02T11:24:15+00:00\",\"breadcrumb\":{\"@id\":\"https:\/\/permbledhja.com\/jeta-ndarje-ka-ilir-daja-le-ballkanin\/#breadcrumb\"},\"inLanguage\":\"sq\",\"potentialAction\":[{\"@type\":\"ReadAction\",\"target\":[\"https:\/\/permbledhja.com\/jeta-ndarje-ka-ilir-daja-le-ballkanin\/\"]}]},{\"@type\":\"BreadcrumbList\",\"@id\":\"https:\/\/permbledhja.com\/jeta-ndarje-ka-ilir-daja-le-ballkanin\/#breadcrumb\",\"itemListElement\":[{\"@type\":\"ListItem\",\"position\":1,\"name\":\"Ballina\",\"item\":\"https:\/\/permbledhja.com\/sq\/\"},{\"@type\":\"ListItem\",\"position\":2,\"name\":\"\u201c\u2026jeta ndarje ka\u201d, Ilir Daja l\u00eb Ballkanin\"}]},{\"@type\":\"WebSite\",\"@id\":\"https:\/\/permbledhja.com\/#website\",\"url\":\"https:\/\/permbledhja.com\/\",\"name\":\"Ve\u00e7 artikuj p\u00ebrmbledh\u00ebs\",\"description\":\"\",\"publisher\":{\"@id\":\"https:\/\/permbledhja.com\/#organization\"},\"potentialAction\":[{\"@type\":\"SearchAction\",\"target\":{\"@type\":\"EntryPoint\",\"urlTemplate\":\"https:\/\/permbledhja.com\/?s={search_term_string}\"},\"query-input\":\"required name=search_term_string\"}],\"inLanguage\":\"sq\"},{\"@type\":\"Organization\",\"@id\":\"https:\/\/permbledhja.com\/#organization\",\"name\":\"MK Media & Pr\",\"url\":\"https:\/\/permbledhja.com\/\",\"logo\":{\"@type\":\"ImageObject\",\"inLanguage\":\"sq\",\"@id\":\"https:\/\/permbledhja.com\/#\/schema\/logo\/image\/\",\"url\":\"https:\/\/permbledhja.com\/wp-content\/uploads\/2021\/12\/07-Press-Logo.jpg\",\"contentUrl\":\"https:\/\/permbledhja.com\/wp-content\/uploads\/2021\/12\/07-Press-Logo.jpg\",\"width\":512,\"height\":512,\"caption\":\"MK Media & Pr\"},\"image\":{\"@id\":\"https:\/\/permbledhja.com\/#\/schema\/logo\/image\/\"},\"sameAs\":[\"https:\/\/www.facebook.com\/press07\/\"]},{\"@type\":\"Person\",\"@id\":\"https:\/\/permbledhja.com\/#\/schema\/person\/0d064377258d3221e50693947b9eb4fe\",\"name\":\"P\u00ebrmbledhja\",\"image\":{\"@type\":\"ImageObject\",\"inLanguage\":\"sq\",\"@id\":\"https:\/\/permbledhja.com\/#\/schema\/person\/image\/\",\"url\":\"https:\/\/permbledhja.com\/wp-content\/uploads\/2026\/01\/452004717_1040944174702970_8932037511805513407_n-96x96.jpg\",\"contentUrl\":\"https:\/\/permbledhja.com\/wp-content\/uploads\/2026\/01\/452004717_1040944174702970_8932037511805513407_n-96x96.jpg\",\"caption\":\"P\u00ebrmbledhja\"},\"sameAs\":[\"https:\/\/www.facebook.com\/kafexhiu.muharrem\/\",\"https:\/\/www.instagram.com\/muharrem_kafexhiu\/\"],\"url\":\"https:\/\/permbledhja.com\/sq\/author\/admin\/\"}]}<\/script>\n<!-- \/ Yoast SEO plugin. -->","yoast_head_json":{"title":"\u201c\u2026jeta ndarje ka\u201d, Ilir Daja l\u00eb Ballkanin","robots":{"index":"index","follow":"follow","max-snippet":"max-snippet:-1","max-image-preview":"max-image-preview:large","max-video-preview":"max-video-preview:-1"},"canonical":"https:\/\/permbledhja.com\/sq\/jeta-ndarje-ka-ilir-daja-le-ballkanin\/","og_locale":"sq_AL","og_type":"article","og_title":"\u201c\u2026jeta ndarje ka\u201d, Ilir Daja l\u00eb Ballkanin","og_description":"Tashm\u00eb \u00ebsht\u00eb zyrtare. Pas spekulimeve t\u00eb jav\u00ebve t\u00eb fundit, \u00ebsht\u00eb konfirmuar edhe p\u00ebrfundimisht ndarja mes Ballkanit e Ilir Daj\u00ebs. Gijthnj\u00eb sipas komunikat\u00ebs s\u00eb portokallinjve, Daja ka k\u00ebrkuar me ngulm largimin duke konsideruar q\u00eb s\u2019ka \u00e7far\u00eb t\u2019i ofroj\u00eb m\u00eb shum\u00eb kampionit aktual. Gjithsesi, klubi fal\u00ebnderoi Daj\u00ebn p\u00ebr kontributin e jasht\u00ebzakonsh\u00ebn, me \u00e7\u2019rast n\u00eb futbollin e pasluft\u00ebs, [&hellip;]","og_url":"https:\/\/permbledhja.com\/sq\/jeta-ndarje-ka-ilir-daja-le-ballkanin\/","og_site_name":"Ve\u00e7 artikuj p\u00ebrmbledh\u00ebs","article_publisher":"https:\/\/www.facebook.com\/press07\/","article_author":"https:\/\/www.facebook.com\/kafexhiu.muharrem\/","article_published_time":"2024-09-02T11:24:15+00:00","og_image":[{"width":1440,"height":959,"url":"https:\/\/permbledhja.com\/wp-content\/uploads\/2024\/09\/2343560A-72C1-4644-ADCE-B551459B9AF4.jpeg","type":"image\/jpeg"}],"author":"P\u00ebrmbledhja","twitter_card":"summary_large_image","twitter_misc":{"Written by":"P\u00ebrmbledhja","Est. reading time":"2 minuta"},"schema":{"@context":"https:\/\/schema.org","@graph":[{"@type":"Article","@id":"https:\/\/permbledhja.com\/jeta-ndarje-ka-ilir-daja-le-ballkanin\/#article","isPartOf":{"@id":"https:\/\/permbledhja.com\/jeta-ndarje-ka-ilir-daja-le-ballkanin\/"},"author":{"name":"P\u00ebrmbledhja","@id":"https:\/\/permbledhja.com\/#\/schema\/person\/0d064377258d3221e50693947b9eb4fe"},"headline":"\u201c\u2026jeta ndarje ka\u201d, Ilir Daja l\u00eb Ballkanin","datePublished":"2024-09-02T11:24:15+00:00","dateModified":"2024-09-02T11:24:15+00:00","mainEntityOfPage":{"@id":"https:\/\/permbledhja.com\/jeta-ndarje-ka-ilir-daja-le-ballkanin\/"},"wordCount":223,"publisher":{"@id":"https:\/\/permbledhja.com\/#organization"},"keywords":["Ilir Daja"],"articleSection":["Dyt\u00ebsore"],"inLanguage":"sq"},{"@type":"WebPage","@id":"https:\/\/permbledhja.com\/jeta-ndarje-ka-ilir-daja-le-ballkanin\/","url":"https:\/\/permbledhja.com\/jeta-ndarje-ka-ilir-daja-le-ballkanin\/","name":"\u201c\u2026jeta ndarje ka\u201d, Ilir Daja l\u00eb Ballkanin","isPartOf":{"@id":"https:\/\/permbledhja.com\/#website"},"datePublished":"2024-09-02T11:24:15+00:00","dateModified":"2024-09-02T11:24:15+00:00","breadcrumb":{"@id":"https:\/\/permbledhja.com\/jeta-ndarje-ka-ilir-daja-le-ballkanin\/#breadcrumb"},"inLanguage":"sq","potentialAction":[{"@type":"ReadAction","target":["https:\/\/permbledhja.com\/jeta-ndarje-ka-ilir-daja-le-ballkanin\/"]}]},{"@type":"BreadcrumbList","@id":"https:\/\/permbledhja.com\/jeta-ndarje-ka-ilir-daja-le-ballkanin\/#breadcrumb","itemListElement":[{"@type":"ListItem","position":1,"name":"Ballina","item":"https:\/\/permbledhja.com\/sq\/"},{"@type":"ListItem","position":2,"name":"\u201c\u2026jeta ndarje ka\u201d, Ilir Daja l\u00eb Ballkanin"}]},{"@type":"WebSite","@id":"https:\/\/permbledhja.com\/#website","url":"https:\/\/permbledhja.com\/","name":"Ve\u00e7 artikuj p\u00ebrmbledh\u00ebs","description":"","publisher":{"@id":"https:\/\/permbledhja.com\/#organization"},"potentialAction":[{"@type":"SearchAction","target":{"@type":"EntryPoint","urlTemplate":"https:\/\/permbledhja.com\/?s={search_term_string}"},"query-input":"required name=search_term_string"}],"inLanguage":"sq"},{"@type":"Organization","@id":"https:\/\/permbledhja.com\/#organization","name":"MK Media & Pr","url":"https:\/\/permbledhja.com\/","logo":{"@type":"ImageObject","inLanguage":"sq","@id":"https:\/\/permbledhja.com\/#\/schema\/logo\/image\/","url":"https:\/\/permbledhja.com\/wp-content\/uploads\/2021\/12\/07-Press-Logo.jpg","contentUrl":"https:\/\/permbledhja.com\/wp-content\/uploads\/2021\/12\/07-Press-Logo.jpg","width":512,"height":512,"caption":"MK Media & Pr"},"image":{"@id":"https:\/\/permbledhja.com\/#\/schema\/logo\/image\/"},"sameAs":["https:\/\/www.facebook.com\/press07\/"]},{"@type":"Person","@id":"https:\/\/permbledhja.com\/#\/schema\/person\/0d064377258d3221e50693947b9eb4fe","name":"P\u00ebrmbledhja","image":{"@type":"ImageObject","inLanguage":"sq","@id":"https:\/\/permbledhja.com\/#\/schema\/person\/image\/","url":"https:\/\/permbledhja.com\/wp-content\/uploads\/2026\/01\/452004717_1040944174702970_8932037511805513407_n-96x96.jpg","contentUrl":"https:\/\/permbledhja.com\/wp-content\/uploads\/2026\/01\/452004717_1040944174702970_8932037511805513407_n-96x96.jpg","caption":"P\u00ebrmbledhja"},"sameAs":["https:\/\/www.facebook.com\/kafexhiu.muharrem\/","https:\/\/www.instagram.com\/muharrem_kafexhiu\/"],"url":"https:\/\/permbledhja.com\/sq\/author\/admin\/"}]}},"_links":{"self":[{"href":"https:\/\/permbledhja.com\/sq\/wp-json\/wp\/v2\/posts\/68536"}],"collection":[{"href":"https:\/\/permbledhja.com\/sq\/wp-json\/wp\/v2\/posts"}],"about":[{"href":"https:\/\/permbledhja.com\/sq\/wp-json\/wp\/v2\/types\/post"}],"author":[{"embeddable":true,"href":"https:\/\/permbledhja.com\/sq\/wp-json\/wp\/v2\/users\/1"}],"replies":[{"embeddable":true,"href":"https:\/\/permbledhja.com\/sq\/wp-json\/wp\/v2\/comments?post=68536"}],"version-history":[{"count":1,"href":"https:\/\/permbledhja.com\/sq\/wp-json\/wp\/v2\/posts\/68536\/revisions"}],"predecessor-version":[{"id":68538,"href":"https:\/\/permbledhja.com\/sq\/wp-json\/wp\/v2\/posts\/68536\/revisions\/68538"}],"wp:featuredmedia":[{"embeddable":true,"href":"https:\/\/permbledhja.com\/sq\/wp-json\/wp\/v2\/media\/68537"}],"wp:attachment":[{"href":"https:\/\/permbledhja.com\/sq\/wp-json\/wp\/v2\/media?parent=68536"}],"wp:term":[{"taxonomy":"category","embeddable":true,"href":"https:\/\/permbledhja.com\/sq\/wp-json\/wp\/v2\/categories?post=68536"},{"taxonomy":"post_tag","embeddable":true,"href":"https:\/\/permbledhja.com\/sq\/wp-json\/wp\/v2\/tags?post=68536"}],"curies":[{"name":"wp","href":"https:\/\/api.w.org\/{rel}","templated":true}]}}