{"id":6843,"date":"2022-09-25T13:41:38","date_gmt":"2022-09-25T13:41:38","guid":{"rendered":"https:\/\/permbledhja.com\/?p=6843"},"modified":"2022-09-25T13:41:38","modified_gmt":"2022-09-25T13:41:38","slug":"greva-ne-arsim-kjo-eshte-deklarata-e-fundit-nga-jasharaj","status":"publish","type":"post","link":"https:\/\/permbledhja.com\/sq\/greva-ne-arsim-kjo-eshte-deklarata-e-fundit-nga-jasharaj\/","title":{"rendered":"Greva n\u00eb arsim, kjo \u00ebsht\u00eb deklarata e fundit nga Jasharaj"},"content":{"rendered":"<p><strong>Kryetari i SBASHK-ut, Rrahman Jasharaj \u00ebsht\u00eb mir\u00eb me sh\u00ebndet. Lajmin p\u00ebr Gazet\u00ebn Insajderi e ka konfirmuar vet Jasharaj<\/strong>.<\/p>\n<p>Kryetari i SBASHK-ut, i cili mungoi n\u00eb mbledhjen e Komisionit p\u00ebr Arsimit, p\u00ebr shkak se ishte n\u00eb gjendje jo t\u00eb mir\u00eb sh\u00ebndet\u00ebsore shkaku i lin\u00e7imeve nga pushteti, tashm\u00eb ka marr\u00eb vet\u00ebn, anipse ende \u00ebsht\u00eb me terapi, shkruan Insajderi.<\/p>\n<p>Doktor\u00ebt fshehin t\u00eb v\u00ebrtet\u00ebn! Trajtoni leht\u00eb vari\u00e7et nga sht\u00ebpia!<\/p>\n<p>Dhimbja e ky\u00e7eve kaloi krejtesisht n\u00eb 14 dit\u00eb! Mjek\u00ebt e fshehin<br \/>\n\u201cMa mir\u00eb jam shyqyr. Kaluese, jam plak\u00eb dhe tash po ndikon m\u00eb leht\u00eb. Jam me terapi, nuk jam keq tash\u201d \u2013 tha Jasharaj.<\/p>\n<p>Jasharaj, i cili nj\u00ebherit \u00ebsht\u00eb edhe kryetar i K\u00ebshillit Grevist, t\u00eb m\u00ebrkur\u00ebn ka qen\u00eb cak i nj\u00eb sulmi brutal nga deputeti i VV-s\u00eb, Dimal Basha. Derisa po raportonte p\u00ebr k\u00ebrkesat e tyre para komisionit p\u00ebr Arsim, Jasharaj u nd\u00ebrpre disa her\u00eb nga Basha, madje edhe n\u00eb korridoret e Kuvendit pati nj\u00eb ballafaqim verbal.<\/p>\n<p>Dimal Basha dhe Rraham Jasharaj vazhduan p\u00ebrplasjen edhe korridoreve t\u00eb Kuvendit: B\u00ebrtas se ti s\u2019kupton ndryshe<\/p>\n<p>Derisa, n\u00eb nj\u00eb prononcim p\u00ebr Gazet\u00ebn Insajderi, Kryetari i SBASHK-ut, theksoi se nuk ka ndonj\u00eb ofert\u00eb t\u00eb re n\u00eb lidhje me grev\u00ebn, duke b\u00ebr\u00eb t\u00eb ditur se kan\u00eb qen\u00eb n\u00eb pritje t\u00eb ndonj\u00eb ftese nga Qeveria e Kosov\u00ebs.<\/p>\n<p>\u201cFatkeqsisht kemi qen\u00eb n\u00eb pritje gjat\u00eb t\u00eb shtun\u00ebs dhe t\u00eb diel\u00ebs mos po ndodh ndonj\u00eb ftes\u00eb nga Qeveria dhe mos po kemi ndonj\u00eb takim si K\u00ebshill Grevist i BSPK-s\u00eb. Nuk ka as ofert\u00eb t\u00eb re, madje n\u00eb vend t\u00eb k\u00ebsaj, Kurti vazhdon me deklarata, si\u00e7 ishte ajo q\u00eb Sindikalist\u00ebt jan\u00eb me k\u00ebt\u00eb e at\u00eb\u201d \u2013 tha ai.<\/p>\n<p>Tutje ai komentoi edhe deklaratat e kryeministrit t\u00eb Kosov\u00ebs, Albin Kurti, i cili dit\u00ebn e sotme i quajti sindikalist\u00ebt \u201cSindikalist\u00eb t\u00eb PAN-it\u201d.<\/p>\n<p>\u201c\u00cbsht\u00eb dashur t\u00eb filloj\u00eb m\u00eb 1 shtator. B\u00ebhet fjal\u00eb p\u00ebr nj\u00eb inati ndaj qeveris\u00eb. Sindikalist\u00ebve t\u00eb PAN-it iu ka k\u00ebputur sahati m\u00eb 14 shkurt. \u00cbsht\u00eb keq se sa shum\u00eb po humbmi\u201d \u2013 ishte deklarata e Kurtit.<\/p>\n<p>Sipas Jasharajt, Kurti n\u00eb vend q\u00eb t\u00eb jap ndonj\u00eb mesazh pozitiv q\u00eb do t\u00eb ndikonte n\u00eb ndryshimin e situat\u00ebs jep k\u00ebso deklarata q\u00eb nuk e kan\u00eb asnj\u00eb argument.<\/p>\n<p>\u201cN\u00eb vend t\u00eb nj\u00eb fjalie pozitive q\u00eb do t\u00eb ndikonte n\u00eb ndryshimin e situat\u00ebs ai vazhdon me k\u00ebto deklarata q\u00eb nuk e kan\u00eb asnj\u00eb argument. Kur thuhet Sindikalist\u00ebt Kurti e di q\u00eb nuk ka t\u00eb b\u00ebj me dy, tre apo 5 individ\u00eb, por sindikalist\u00eb quhen t\u00eb gjith\u00eb an\u00ebtar\u00ebt e nj\u00eb Sindikate, n\u00eb k\u00ebt\u00eb rast m\u00eb shum\u00eb se 25 mij\u00eb jan\u00eb vet\u00ebm ne SBASHK\u201d \u2013 tha Jasharaj.<\/p>\n<p>Ndryshe, sot jan\u00eb b\u00ebr\u00eb nj\u00eb muaj prej kur Bashkimi i Sindikatave t\u00eb Pavarura t\u00eb Kosov\u00ebs ka shpallur grev\u00eb t\u00eb p\u00ebrgjithshme n\u00eb vend<\/p>\n","protected":false},"excerpt":{"rendered":"<p>Kryetari i SBASHK-ut, Rrahman Jasharaj \u00ebsht\u00eb mir\u00eb me sh\u00ebndet. Lajmin p\u00ebr Gazet\u00ebn Insajderi e ka konfirmuar vet Jasharaj. Kryetari i SBASHK-ut, i cili mungoi n\u00eb mbledhjen e Komisionit p\u00ebr Arsimit, p\u00ebr shkak se ishte n\u00eb gjendje jo t\u00eb mir\u00eb sh\u00ebndet\u00ebsore shkaku i lin\u00e7imeve nga pushteti, tashm\u00eb ka marr\u00eb vet\u00ebn, anipse ende \u00ebsht\u00eb me terapi, shkruan [&hellip;]<\/p>\n","protected":false},"author":1,"featured_media":5320,"comment_status":"closed","ping_status":"closed","sticky":false,"template":"","format":"standard","meta":{"_monsterinsights_skip_tracking":false,"_monsterinsights_sitenote_active":false,"_monsterinsights_sitenote_note":"","_monsterinsights_sitenote_category":0,"_uf_show_specific_survey":0,"_uf_disable_surveys":false,"footnotes":""},"categories":[23,15],"tags":[],"yoast_head":"<!-- This site is optimized with the Yoast SEO plugin v21.5 - https:\/\/yoast.com\/wordpress\/plugins\/seo\/ -->\n<title>Greva n\u00eb arsim, kjo \u00ebsht\u00eb deklarata e fundit nga Jasharaj<\/title>\n<meta name=\"robots\" content=\"index, follow, max-snippet:-1, max-image-preview:large, max-video-preview:-1\" \/>\n<link rel=\"canonical\" href=\"https:\/\/permbledhja.com\/sq\/greva-ne-arsim-kjo-eshte-deklarata-e-fundit-nga-jasharaj\/\" \/>\n<meta property=\"og:locale\" content=\"sq_AL\" \/>\n<meta property=\"og:type\" content=\"article\" \/>\n<meta property=\"og:title\" content=\"Greva n\u00eb arsim, kjo \u00ebsht\u00eb deklarata e fundit nga Jasharaj\" \/>\n<meta property=\"og:description\" content=\"Kryetari i SBASHK-ut, Rrahman Jasharaj \u00ebsht\u00eb mir\u00eb me sh\u00ebndet. Lajmin p\u00ebr Gazet\u00ebn Insajderi e ka konfirmuar vet Jasharaj. Kryetari i SBASHK-ut, i cili mungoi n\u00eb mbledhjen e Komisionit p\u00ebr Arsimit, p\u00ebr shkak se ishte n\u00eb gjendje jo t\u00eb mir\u00eb sh\u00ebndet\u00ebsore shkaku i lin\u00e7imeve nga pushteti, tashm\u00eb ka marr\u00eb vet\u00ebn, anipse ende \u00ebsht\u00eb me terapi, shkruan [&hellip;]\" \/>\n<meta property=\"og:url\" content=\"https:\/\/permbledhja.com\/sq\/greva-ne-arsim-kjo-eshte-deklarata-e-fundit-nga-jasharaj\/\" \/>\n<meta property=\"og:site_name\" content=\"Ve\u00e7 artikuj p\u00ebrmbledh\u00ebs\" \/>\n<meta property=\"article:publisher\" content=\"https:\/\/www.facebook.com\/press07\/\" \/>\n<meta property=\"article:author\" content=\"https:\/\/www.facebook.com\/kafexhiu.muharrem\/\" \/>\n<meta property=\"article:published_time\" content=\"2022-09-25T13:41:38+00:00\" \/>\n<meta property=\"og:image\" content=\"https:\/\/permbledhja.com\/wp-content\/uploads\/2022\/09\/rrahman-jashari-i-reagon-kurtit-nuk-vendosni-ju-kush-i-udheheq-sindikatat_61ad4a2713033.webp\" \/>\n\t<meta property=\"og:image:width\" content=\"682\" \/>\n\t<meta property=\"og:image:height\" content=\"387\" \/>\n\t<meta property=\"og:image:type\" content=\"image\/webp\" \/>\n<meta name=\"author\" content=\"P\u00ebrmbledhja\" \/>\n<meta name=\"twitter:card\" content=\"summary_large_image\" \/>\n<meta name=\"twitter:label1\" content=\"Written by\" \/>\n\t<meta name=\"twitter:data1\" content=\"P\u00ebrmbledhja\" \/>\n\t<meta name=\"twitter:label2\" content=\"Est. reading time\" \/>\n\t<meta name=\"twitter:data2\" content=\"3 minuta\" \/>\n<script type=\"application\/ld+json\" class=\"yoast-schema-graph\">{\"@context\":\"https:\/\/schema.org\",\"@graph\":[{\"@type\":\"Article\",\"@id\":\"https:\/\/permbledhja.com\/greva-ne-arsim-kjo-eshte-deklarata-e-fundit-nga-jasharaj\/#article\",\"isPartOf\":{\"@id\":\"https:\/\/permbledhja.com\/greva-ne-arsim-kjo-eshte-deklarata-e-fundit-nga-jasharaj\/\"},\"author\":{\"name\":\"P\u00ebrmbledhja\",\"@id\":\"https:\/\/permbledhja.com\/#\/schema\/person\/0d064377258d3221e50693947b9eb4fe\"},\"headline\":\"Greva n\u00eb arsim, kjo \u00ebsht\u00eb deklarata e fundit nga Jasharaj\",\"datePublished\":\"2022-09-25T13:41:38+00:00\",\"dateModified\":\"2022-09-25T13:41:38+00:00\",\"mainEntityOfPage\":{\"@id\":\"https:\/\/permbledhja.com\/greva-ne-arsim-kjo-eshte-deklarata-e-fundit-nga-jasharaj\/\"},\"wordCount\":496,\"publisher\":{\"@id\":\"https:\/\/permbledhja.com\/#organization\"},\"articleSection\":[\"Komb\u00ebtare\",\"Lajme\"],\"inLanguage\":\"sq\"},{\"@type\":\"WebPage\",\"@id\":\"https:\/\/permbledhja.com\/greva-ne-arsim-kjo-eshte-deklarata-e-fundit-nga-jasharaj\/\",\"url\":\"https:\/\/permbledhja.com\/greva-ne-arsim-kjo-eshte-deklarata-e-fundit-nga-jasharaj\/\",\"name\":\"Greva n\u00eb arsim, kjo \u00ebsht\u00eb deklarata e fundit nga Jasharaj\",\"isPartOf\":{\"@id\":\"https:\/\/permbledhja.com\/#website\"},\"datePublished\":\"2022-09-25T13:41:38+00:00\",\"dateModified\":\"2022-09-25T13:41:38+00:00\",\"breadcrumb\":{\"@id\":\"https:\/\/permbledhja.com\/greva-ne-arsim-kjo-eshte-deklarata-e-fundit-nga-jasharaj\/#breadcrumb\"},\"inLanguage\":\"sq\",\"potentialAction\":[{\"@type\":\"ReadAction\",\"target\":[\"https:\/\/permbledhja.com\/greva-ne-arsim-kjo-eshte-deklarata-e-fundit-nga-jasharaj\/\"]}]},{\"@type\":\"BreadcrumbList\",\"@id\":\"https:\/\/permbledhja.com\/greva-ne-arsim-kjo-eshte-deklarata-e-fundit-nga-jasharaj\/#breadcrumb\",\"itemListElement\":[{\"@type\":\"ListItem\",\"position\":1,\"name\":\"Ballina\",\"item\":\"https:\/\/permbledhja.com\/sq\/\"},{\"@type\":\"ListItem\",\"position\":2,\"name\":\"Greva n\u00eb arsim, kjo \u00ebsht\u00eb deklarata e fundit nga Jasharaj\"}]},{\"@type\":\"WebSite\",\"@id\":\"https:\/\/permbledhja.com\/#website\",\"url\":\"https:\/\/permbledhja.com\/\",\"name\":\"Ve\u00e7 artikuj p\u00ebrmbledh\u00ebs\",\"description\":\"\",\"publisher\":{\"@id\":\"https:\/\/permbledhja.com\/#organization\"},\"potentialAction\":[{\"@type\":\"SearchAction\",\"target\":{\"@type\":\"EntryPoint\",\"urlTemplate\":\"https:\/\/permbledhja.com\/?s={search_term_string}\"},\"query-input\":\"required name=search_term_string\"}],\"inLanguage\":\"sq\"},{\"@type\":\"Organization\",\"@id\":\"https:\/\/permbledhja.com\/#organization\",\"name\":\"MK Media & Pr\",\"url\":\"https:\/\/permbledhja.com\/\",\"logo\":{\"@type\":\"ImageObject\",\"inLanguage\":\"sq\",\"@id\":\"https:\/\/permbledhja.com\/#\/schema\/logo\/image\/\",\"url\":\"https:\/\/permbledhja.com\/wp-content\/uploads\/2021\/12\/07-Press-Logo.jpg\",\"contentUrl\":\"https:\/\/permbledhja.com\/wp-content\/uploads\/2021\/12\/07-Press-Logo.jpg\",\"width\":512,\"height\":512,\"caption\":\"MK Media & Pr\"},\"image\":{\"@id\":\"https:\/\/permbledhja.com\/#\/schema\/logo\/image\/\"},\"sameAs\":[\"https:\/\/www.facebook.com\/press07\/\"]},{\"@type\":\"Person\",\"@id\":\"https:\/\/permbledhja.com\/#\/schema\/person\/0d064377258d3221e50693947b9eb4fe\",\"name\":\"P\u00ebrmbledhja\",\"image\":{\"@type\":\"ImageObject\",\"inLanguage\":\"sq\",\"@id\":\"https:\/\/permbledhja.com\/#\/schema\/person\/image\/\",\"url\":\"https:\/\/permbledhja.com\/wp-content\/uploads\/2026\/01\/452004717_1040944174702970_8932037511805513407_n-96x96.jpg\",\"contentUrl\":\"https:\/\/permbledhja.com\/wp-content\/uploads\/2026\/01\/452004717_1040944174702970_8932037511805513407_n-96x96.jpg\",\"caption\":\"P\u00ebrmbledhja\"},\"sameAs\":[\"https:\/\/www.facebook.com\/kafexhiu.muharrem\/\",\"https:\/\/www.instagram.com\/muharrem_kafexhiu\/\"],\"url\":\"https:\/\/permbledhja.com\/sq\/author\/admin\/\"}]}<\/script>\n<!-- \/ Yoast SEO plugin. -->","yoast_head_json":{"title":"Greva n\u00eb arsim, kjo \u00ebsht\u00eb deklarata e fundit nga Jasharaj","robots":{"index":"index","follow":"follow","max-snippet":"max-snippet:-1","max-image-preview":"max-image-preview:large","max-video-preview":"max-video-preview:-1"},"canonical":"https:\/\/permbledhja.com\/sq\/greva-ne-arsim-kjo-eshte-deklarata-e-fundit-nga-jasharaj\/","og_locale":"sq_AL","og_type":"article","og_title":"Greva n\u00eb arsim, kjo \u00ebsht\u00eb deklarata e fundit nga Jasharaj","og_description":"Kryetari i SBASHK-ut, Rrahman Jasharaj \u00ebsht\u00eb mir\u00eb me sh\u00ebndet. Lajmin p\u00ebr Gazet\u00ebn Insajderi e ka konfirmuar vet Jasharaj. Kryetari i SBASHK-ut, i cili mungoi n\u00eb mbledhjen e Komisionit p\u00ebr Arsimit, p\u00ebr shkak se ishte n\u00eb gjendje jo t\u00eb mir\u00eb sh\u00ebndet\u00ebsore shkaku i lin\u00e7imeve nga pushteti, tashm\u00eb ka marr\u00eb vet\u00ebn, anipse ende \u00ebsht\u00eb me terapi, shkruan [&hellip;]","og_url":"https:\/\/permbledhja.com\/sq\/greva-ne-arsim-kjo-eshte-deklarata-e-fundit-nga-jasharaj\/","og_site_name":"Ve\u00e7 artikuj p\u00ebrmbledh\u00ebs","article_publisher":"https:\/\/www.facebook.com\/press07\/","article_author":"https:\/\/www.facebook.com\/kafexhiu.muharrem\/","article_published_time":"2022-09-25T13:41:38+00:00","og_image":[{"width":682,"height":387,"url":"https:\/\/permbledhja.com\/wp-content\/uploads\/2022\/09\/rrahman-jashari-i-reagon-kurtit-nuk-vendosni-ju-kush-i-udheheq-sindikatat_61ad4a2713033.webp","type":"image\/webp"}],"author":"P\u00ebrmbledhja","twitter_card":"summary_large_image","twitter_misc":{"Written by":"P\u00ebrmbledhja","Est. reading time":"3 minuta"},"schema":{"@context":"https:\/\/schema.org","@graph":[{"@type":"Article","@id":"https:\/\/permbledhja.com\/greva-ne-arsim-kjo-eshte-deklarata-e-fundit-nga-jasharaj\/#article","isPartOf":{"@id":"https:\/\/permbledhja.com\/greva-ne-arsim-kjo-eshte-deklarata-e-fundit-nga-jasharaj\/"},"author":{"name":"P\u00ebrmbledhja","@id":"https:\/\/permbledhja.com\/#\/schema\/person\/0d064377258d3221e50693947b9eb4fe"},"headline":"Greva n\u00eb arsim, kjo \u00ebsht\u00eb deklarata e fundit nga Jasharaj","datePublished":"2022-09-25T13:41:38+00:00","dateModified":"2022-09-25T13:41:38+00:00","mainEntityOfPage":{"@id":"https:\/\/permbledhja.com\/greva-ne-arsim-kjo-eshte-deklarata-e-fundit-nga-jasharaj\/"},"wordCount":496,"publisher":{"@id":"https:\/\/permbledhja.com\/#organization"},"articleSection":["Komb\u00ebtare","Lajme"],"inLanguage":"sq"},{"@type":"WebPage","@id":"https:\/\/permbledhja.com\/greva-ne-arsim-kjo-eshte-deklarata-e-fundit-nga-jasharaj\/","url":"https:\/\/permbledhja.com\/greva-ne-arsim-kjo-eshte-deklarata-e-fundit-nga-jasharaj\/","name":"Greva n\u00eb arsim, kjo \u00ebsht\u00eb deklarata e fundit nga Jasharaj","isPartOf":{"@id":"https:\/\/permbledhja.com\/#website"},"datePublished":"2022-09-25T13:41:38+00:00","dateModified":"2022-09-25T13:41:38+00:00","breadcrumb":{"@id":"https:\/\/permbledhja.com\/greva-ne-arsim-kjo-eshte-deklarata-e-fundit-nga-jasharaj\/#breadcrumb"},"inLanguage":"sq","potentialAction":[{"@type":"ReadAction","target":["https:\/\/permbledhja.com\/greva-ne-arsim-kjo-eshte-deklarata-e-fundit-nga-jasharaj\/"]}]},{"@type":"BreadcrumbList","@id":"https:\/\/permbledhja.com\/greva-ne-arsim-kjo-eshte-deklarata-e-fundit-nga-jasharaj\/#breadcrumb","itemListElement":[{"@type":"ListItem","position":1,"name":"Ballina","item":"https:\/\/permbledhja.com\/sq\/"},{"@type":"ListItem","position":2,"name":"Greva n\u00eb arsim, kjo \u00ebsht\u00eb deklarata e fundit nga Jasharaj"}]},{"@type":"WebSite","@id":"https:\/\/permbledhja.com\/#website","url":"https:\/\/permbledhja.com\/","name":"Ve\u00e7 artikuj p\u00ebrmbledh\u00ebs","description":"","publisher":{"@id":"https:\/\/permbledhja.com\/#organization"},"potentialAction":[{"@type":"SearchAction","target":{"@type":"EntryPoint","urlTemplate":"https:\/\/permbledhja.com\/?s={search_term_string}"},"query-input":"required name=search_term_string"}],"inLanguage":"sq"},{"@type":"Organization","@id":"https:\/\/permbledhja.com\/#organization","name":"MK Media & Pr","url":"https:\/\/permbledhja.com\/","logo":{"@type":"ImageObject","inLanguage":"sq","@id":"https:\/\/permbledhja.com\/#\/schema\/logo\/image\/","url":"https:\/\/permbledhja.com\/wp-content\/uploads\/2021\/12\/07-Press-Logo.jpg","contentUrl":"https:\/\/permbledhja.com\/wp-content\/uploads\/2021\/12\/07-Press-Logo.jpg","width":512,"height":512,"caption":"MK Media & Pr"},"image":{"@id":"https:\/\/permbledhja.com\/#\/schema\/logo\/image\/"},"sameAs":["https:\/\/www.facebook.com\/press07\/"]},{"@type":"Person","@id":"https:\/\/permbledhja.com\/#\/schema\/person\/0d064377258d3221e50693947b9eb4fe","name":"P\u00ebrmbledhja","image":{"@type":"ImageObject","inLanguage":"sq","@id":"https:\/\/permbledhja.com\/#\/schema\/person\/image\/","url":"https:\/\/permbledhja.com\/wp-content\/uploads\/2026\/01\/452004717_1040944174702970_8932037511805513407_n-96x96.jpg","contentUrl":"https:\/\/permbledhja.com\/wp-content\/uploads\/2026\/01\/452004717_1040944174702970_8932037511805513407_n-96x96.jpg","caption":"P\u00ebrmbledhja"},"sameAs":["https:\/\/www.facebook.com\/kafexhiu.muharrem\/","https:\/\/www.instagram.com\/muharrem_kafexhiu\/"],"url":"https:\/\/permbledhja.com\/sq\/author\/admin\/"}]}},"_links":{"self":[{"href":"https:\/\/permbledhja.com\/sq\/wp-json\/wp\/v2\/posts\/6843"}],"collection":[{"href":"https:\/\/permbledhja.com\/sq\/wp-json\/wp\/v2\/posts"}],"about":[{"href":"https:\/\/permbledhja.com\/sq\/wp-json\/wp\/v2\/types\/post"}],"author":[{"embeddable":true,"href":"https:\/\/permbledhja.com\/sq\/wp-json\/wp\/v2\/users\/1"}],"replies":[{"embeddable":true,"href":"https:\/\/permbledhja.com\/sq\/wp-json\/wp\/v2\/comments?post=6843"}],"version-history":[{"count":1,"href":"https:\/\/permbledhja.com\/sq\/wp-json\/wp\/v2\/posts\/6843\/revisions"}],"predecessor-version":[{"id":6844,"href":"https:\/\/permbledhja.com\/sq\/wp-json\/wp\/v2\/posts\/6843\/revisions\/6844"}],"wp:featuredmedia":[{"embeddable":true,"href":"https:\/\/permbledhja.com\/sq\/wp-json\/wp\/v2\/media\/5320"}],"wp:attachment":[{"href":"https:\/\/permbledhja.com\/sq\/wp-json\/wp\/v2\/media?parent=6843"}],"wp:term":[{"taxonomy":"category","embeddable":true,"href":"https:\/\/permbledhja.com\/sq\/wp-json\/wp\/v2\/categories?post=6843"},{"taxonomy":"post_tag","embeddable":true,"href":"https:\/\/permbledhja.com\/sq\/wp-json\/wp\/v2\/tags?post=6843"}],"curies":[{"name":"wp","href":"https:\/\/api.w.org\/{rel}","templated":true}]}}