{"id":68226,"date":"2024-08-19T17:31:21","date_gmt":"2024-08-19T17:31:21","guid":{"rendered":"https:\/\/permbledhja.com\/?p=68226"},"modified":"2024-08-19T17:31:21","modified_gmt":"2024-08-19T17:31:21","slug":"kurti-nga-shba-ja-jam-ftuar-si-kryeminister-i-nje-vendi-demokratik","status":"publish","type":"post","link":"https:\/\/permbledhja.com\/sq\/kurti-nga-shba-ja-jam-ftuar-si-kryeminister-i-nje-vendi-demokratik\/","title":{"rendered":"Kurti nga ShBA-ja: Jam ftuar si kryeminist\u00ebr i nj\u00eb vendi demokratik"},"content":{"rendered":"<p><strong>Kryeministri Albin Kurti ka dh\u00ebn\u00eb detaje p\u00ebr vizit\u00ebn q\u00eb \u00ebsht\u00eb duke b\u00ebr\u00eb n\u00eb Shtetet e Bashkuara t\u00eb Amerik\u00ebs.<\/strong><\/p>\n<p>Ai ka th\u00ebn\u00eb se atje \u00ebsht\u00eb i ftuar si kryeminist\u00ebr i Kosov\u00ebs dhe kryetar i L\u00ebvizjes Vet\u00ebvendosje, p\u00ebr t\u00eb marr\u00eb pjes\u00eb n\u00eb Konvent\u00ebn Komb\u00ebtare Demokratike, e cila nis sot dhe zhvillohet n\u00eb \u00c7ikago.<\/p>\n<p>\u201c<em>Ky Kuvend Komb\u00ebtar i Demokrat\u00ebve n\u00eb ShBA \u00ebsht\u00eb historik, n\u00eb nj\u00ebr\u00ebn an\u00eb kemi rrethana t\u00eb papara dhe t\u00eb pap\u00ebrjetuara edhe p\u00ebr vet ShBA-t\u00eb, nd\u00ebrkaq n\u00eb an\u00ebn tjet\u00ebr kemi nj\u00eb entuziaz\u00ebm t\u00eb jasht\u00ebzakonsh\u00ebm dhe nj\u00eb vitalitet t\u00eb demokracis\u00eb q\u00eb \u00ebsht\u00eb unik p\u00ebr mbar\u00eb bot\u00ebn<\/em>\u201d, ka th\u00ebn Kurti.<\/p>\n<p><em>\u201cN\u00eb k\u00ebt\u00eb Kuvend Komb\u00ebtar Demokratik do t\u00eb zhvilloj\u00eb edhe disa takime t\u00eb r\u00ebnd\u00ebsishme, k\u00ebtu jam ftuar si kryeminist\u00ebr i nj\u00eb shteti demokratik, dhe si kryetar i nj\u00eb partie socialdemokrate. Kosova, sidomos n\u00eb vitet e fundit ka sh\u00ebmuar nj\u00eb zhvillim t\u00eb hovsh\u00ebm ekonomik edhe nj\u00eb progres t\u00eb shquar demokratik, meqen\u00ebse sa i p\u00ebrket sundimit t\u00eb ligjit, luftimit t\u00eb korrupsionit, edhe sa i p\u00ebrket liris\u00eb s\u00eb medias, t\u00eb drejtave politike dhe civile, Kosova \u00ebsht\u00eb kampion n\u00eb Ballkanin Per\u00ebndimor. Kemi \u00e7ka t\u2019u tregojm\u00eb miqve dhe partner\u00ebve amerikan\u00eb, dhe nj\u00ebkoh\u00ebsisht t\u00eb m\u00ebsojm\u00eb nga p\u00ebrvojat e tyre t\u00eb pa\u00e7mueshme\u201d<\/em>, ka th\u00ebn\u00eb Kurti n\u00eb nj\u00eb intervist\u00eb p\u00ebr Z\u00ebrin e Amerik\u00ebs.<\/p>\n","protected":false},"excerpt":{"rendered":"<p>Kryeministri Albin Kurti ka dh\u00ebn\u00eb detaje p\u00ebr vizit\u00ebn q\u00eb \u00ebsht\u00eb duke b\u00ebr\u00eb n\u00eb Shtetet e Bashkuara t\u00eb Amerik\u00ebs. Ai ka th\u00ebn\u00eb se atje \u00ebsht\u00eb i ftuar si kryeminist\u00ebr i Kosov\u00ebs dhe kryetar i L\u00ebvizjes Vet\u00ebvendosje, p\u00ebr t\u00eb marr\u00eb pjes\u00eb n\u00eb Konvent\u00ebn Komb\u00ebtare Demokratike, e cila nis sot dhe zhvillohet n\u00eb \u00c7ikago. \u201cKy Kuvend Komb\u00ebtar i [&hellip;]<\/p>\n","protected":false},"author":1,"featured_media":68227,"comment_status":"closed","ping_status":"closed","sticky":false,"template":"","format":"standard","meta":{"_monsterinsights_skip_tracking":false,"_monsterinsights_sitenote_active":false,"_monsterinsights_sitenote_note":"","_monsterinsights_sitenote_category":0,"_uf_show_specific_survey":0,"_uf_disable_surveys":false,"footnotes":""},"categories":[2645],"tags":[86],"yoast_head":"<!-- This site is optimized with the Yoast SEO plugin v21.5 - https:\/\/yoast.com\/wordpress\/plugins\/seo\/ -->\n<title>Kurti nga ShBA-ja: Jam ftuar si kryeminist\u00ebr i nj\u00eb vendi demokratik<\/title>\n<meta name=\"robots\" content=\"index, follow, max-snippet:-1, max-image-preview:large, max-video-preview:-1\" \/>\n<link rel=\"canonical\" href=\"https:\/\/permbledhja.com\/sq\/kurti-nga-shba-ja-jam-ftuar-si-kryeminister-i-nje-vendi-demokratik\/\" \/>\n<meta property=\"og:locale\" content=\"sq_AL\" \/>\n<meta property=\"og:type\" content=\"article\" \/>\n<meta property=\"og:title\" content=\"Kurti nga ShBA-ja: Jam ftuar si kryeminist\u00ebr i nj\u00eb vendi demokratik\" \/>\n<meta property=\"og:description\" content=\"Kryeministri Albin Kurti ka dh\u00ebn\u00eb detaje p\u00ebr vizit\u00ebn q\u00eb \u00ebsht\u00eb duke b\u00ebr\u00eb n\u00eb Shtetet e Bashkuara t\u00eb Amerik\u00ebs. Ai ka th\u00ebn\u00eb se atje \u00ebsht\u00eb i ftuar si kryeminist\u00ebr i Kosov\u00ebs dhe kryetar i L\u00ebvizjes Vet\u00ebvendosje, p\u00ebr t\u00eb marr\u00eb pjes\u00eb n\u00eb Konvent\u00ebn Komb\u00ebtare Demokratike, e cila nis sot dhe zhvillohet n\u00eb \u00c7ikago. \u201cKy Kuvend Komb\u00ebtar i [&hellip;]\" \/>\n<meta property=\"og:url\" content=\"https:\/\/permbledhja.com\/sq\/kurti-nga-shba-ja-jam-ftuar-si-kryeminister-i-nje-vendi-demokratik\/\" \/>\n<meta property=\"og:site_name\" content=\"Ve\u00e7 artikuj p\u00ebrmbledh\u00ebs\" \/>\n<meta property=\"article:publisher\" content=\"https:\/\/www.facebook.com\/press07\/\" \/>\n<meta property=\"article:author\" content=\"https:\/\/www.facebook.com\/kafexhiu.muharrem\/\" \/>\n<meta property=\"article:published_time\" content=\"2024-08-19T17:31:21+00:00\" \/>\n<meta property=\"og:image\" content=\"https:\/\/permbledhja.com\/wp-content\/uploads\/2024\/08\/eeeeeeeeeeeeeeeeeeeeeeeeeeeeeeeeeeeeeeeeeeeeeeeee.png\" \/>\n\t<meta property=\"og:image:width\" content=\"556\" \/>\n\t<meta property=\"og:image:height\" content=\"354\" \/>\n\t<meta property=\"og:image:type\" content=\"image\/png\" \/>\n<meta name=\"author\" content=\"P\u00ebrmbledhja\" \/>\n<meta name=\"twitter:card\" content=\"summary_large_image\" \/>\n<meta name=\"twitter:label1\" content=\"Written by\" \/>\n\t<meta name=\"twitter:data1\" content=\"P\u00ebrmbledhja\" \/>\n\t<meta name=\"twitter:label2\" content=\"Est. reading time\" \/>\n\t<meta name=\"twitter:data2\" content=\"2 minuta\" \/>\n<script type=\"application\/ld+json\" class=\"yoast-schema-graph\">{\"@context\":\"https:\/\/schema.org\",\"@graph\":[{\"@type\":\"Article\",\"@id\":\"https:\/\/permbledhja.com\/sq\/kurti-nga-shba-ja-jam-ftuar-si-kryeminister-i-nje-vendi-demokratik\/#article\",\"isPartOf\":{\"@id\":\"https:\/\/permbledhja.com\/sq\/kurti-nga-shba-ja-jam-ftuar-si-kryeminister-i-nje-vendi-demokratik\/\"},\"author\":{\"name\":\"P\u00ebrmbledhja\",\"@id\":\"https:\/\/permbledhja.com\/#\/schema\/person\/0d064377258d3221e50693947b9eb4fe\"},\"headline\":\"Kurti nga ShBA-ja: Jam ftuar si kryeminist\u00ebr i nj\u00eb vendi demokratik\",\"datePublished\":\"2024-08-19T17:31:21+00:00\",\"dateModified\":\"2024-08-19T17:31:21+00:00\",\"mainEntityOfPage\":{\"@id\":\"https:\/\/permbledhja.com\/sq\/kurti-nga-shba-ja-jam-ftuar-si-kryeminister-i-nje-vendi-demokratik\/\"},\"wordCount\":264,\"publisher\":{\"@id\":\"https:\/\/permbledhja.com\/#organization\"},\"keywords\":[\"Albin Kurti\"],\"articleSection\":[\"T\u00eb r\u00ebnd\u00ebsishme\"],\"inLanguage\":\"sq\"},{\"@type\":\"WebPage\",\"@id\":\"https:\/\/permbledhja.com\/sq\/kurti-nga-shba-ja-jam-ftuar-si-kryeminister-i-nje-vendi-demokratik\/\",\"url\":\"https:\/\/permbledhja.com\/sq\/kurti-nga-shba-ja-jam-ftuar-si-kryeminister-i-nje-vendi-demokratik\/\",\"name\":\"Kurti nga ShBA-ja: Jam ftuar si kryeminist\u00ebr i nj\u00eb vendi demokratik\",\"isPartOf\":{\"@id\":\"https:\/\/permbledhja.com\/#website\"},\"datePublished\":\"2024-08-19T17:31:21+00:00\",\"dateModified\":\"2024-08-19T17:31:21+00:00\",\"breadcrumb\":{\"@id\":\"https:\/\/permbledhja.com\/sq\/kurti-nga-shba-ja-jam-ftuar-si-kryeminister-i-nje-vendi-demokratik\/#breadcrumb\"},\"inLanguage\":\"sq\",\"potentialAction\":[{\"@type\":\"ReadAction\",\"target\":[\"https:\/\/permbledhja.com\/sq\/kurti-nga-shba-ja-jam-ftuar-si-kryeminister-i-nje-vendi-demokratik\/\"]}]},{\"@type\":\"BreadcrumbList\",\"@id\":\"https:\/\/permbledhja.com\/sq\/kurti-nga-shba-ja-jam-ftuar-si-kryeminister-i-nje-vendi-demokratik\/#breadcrumb\",\"itemListElement\":[{\"@type\":\"ListItem\",\"position\":1,\"name\":\"Ballina\",\"item\":\"https:\/\/permbledhja.com\/sq\/\"},{\"@type\":\"ListItem\",\"position\":2,\"name\":\"Kurti nga ShBA-ja: Jam ftuar si kryeminist\u00ebr i nj\u00eb vendi demokratik\"}]},{\"@type\":\"WebSite\",\"@id\":\"https:\/\/permbledhja.com\/#website\",\"url\":\"https:\/\/permbledhja.com\/\",\"name\":\"Ve\u00e7 artikuj p\u00ebrmbledh\u00ebs\",\"description\":\"\",\"publisher\":{\"@id\":\"https:\/\/permbledhja.com\/#organization\"},\"potentialAction\":[{\"@type\":\"SearchAction\",\"target\":{\"@type\":\"EntryPoint\",\"urlTemplate\":\"https:\/\/permbledhja.com\/?s={search_term_string}\"},\"query-input\":\"required name=search_term_string\"}],\"inLanguage\":\"sq\"},{\"@type\":\"Organization\",\"@id\":\"https:\/\/permbledhja.com\/#organization\",\"name\":\"MK Media & Pr\",\"url\":\"https:\/\/permbledhja.com\/\",\"logo\":{\"@type\":\"ImageObject\",\"inLanguage\":\"sq\",\"@id\":\"https:\/\/permbledhja.com\/#\/schema\/logo\/image\/\",\"url\":\"https:\/\/permbledhja.com\/wp-content\/uploads\/2021\/12\/07-Press-Logo.jpg\",\"contentUrl\":\"https:\/\/permbledhja.com\/wp-content\/uploads\/2021\/12\/07-Press-Logo.jpg\",\"width\":512,\"height\":512,\"caption\":\"MK Media & Pr\"},\"image\":{\"@id\":\"https:\/\/permbledhja.com\/#\/schema\/logo\/image\/\"},\"sameAs\":[\"https:\/\/www.facebook.com\/press07\/\"]},{\"@type\":\"Person\",\"@id\":\"https:\/\/permbledhja.com\/#\/schema\/person\/0d064377258d3221e50693947b9eb4fe\",\"name\":\"P\u00ebrmbledhja\",\"image\":{\"@type\":\"ImageObject\",\"inLanguage\":\"sq\",\"@id\":\"https:\/\/permbledhja.com\/#\/schema\/person\/image\/\",\"url\":\"https:\/\/permbledhja.com\/wp-content\/uploads\/2026\/01\/452004717_1040944174702970_8932037511805513407_n-96x96.jpg\",\"contentUrl\":\"https:\/\/permbledhja.com\/wp-content\/uploads\/2026\/01\/452004717_1040944174702970_8932037511805513407_n-96x96.jpg\",\"caption\":\"P\u00ebrmbledhja\"},\"sameAs\":[\"https:\/\/www.facebook.com\/kafexhiu.muharrem\/\",\"https:\/\/www.instagram.com\/muharrem_kafexhiu\/\"],\"url\":\"https:\/\/permbledhja.com\/sq\/author\/admin\/\"}]}<\/script>\n<!-- \/ Yoast SEO plugin. -->","yoast_head_json":{"title":"Kurti nga ShBA-ja: Jam ftuar si kryeminist\u00ebr i nj\u00eb vendi demokratik","robots":{"index":"index","follow":"follow","max-snippet":"max-snippet:-1","max-image-preview":"max-image-preview:large","max-video-preview":"max-video-preview:-1"},"canonical":"https:\/\/permbledhja.com\/sq\/kurti-nga-shba-ja-jam-ftuar-si-kryeminister-i-nje-vendi-demokratik\/","og_locale":"sq_AL","og_type":"article","og_title":"Kurti nga ShBA-ja: Jam ftuar si kryeminist\u00ebr i nj\u00eb vendi demokratik","og_description":"Kryeministri Albin Kurti ka dh\u00ebn\u00eb detaje p\u00ebr vizit\u00ebn q\u00eb \u00ebsht\u00eb duke b\u00ebr\u00eb n\u00eb Shtetet e Bashkuara t\u00eb Amerik\u00ebs. Ai ka th\u00ebn\u00eb se atje \u00ebsht\u00eb i ftuar si kryeminist\u00ebr i Kosov\u00ebs dhe kryetar i L\u00ebvizjes Vet\u00ebvendosje, p\u00ebr t\u00eb marr\u00eb pjes\u00eb n\u00eb Konvent\u00ebn Komb\u00ebtare Demokratike, e cila nis sot dhe zhvillohet n\u00eb \u00c7ikago. \u201cKy Kuvend Komb\u00ebtar i [&hellip;]","og_url":"https:\/\/permbledhja.com\/sq\/kurti-nga-shba-ja-jam-ftuar-si-kryeminister-i-nje-vendi-demokratik\/","og_site_name":"Ve\u00e7 artikuj p\u00ebrmbledh\u00ebs","article_publisher":"https:\/\/www.facebook.com\/press07\/","article_author":"https:\/\/www.facebook.com\/kafexhiu.muharrem\/","article_published_time":"2024-08-19T17:31:21+00:00","og_image":[{"width":556,"height":354,"url":"https:\/\/permbledhja.com\/wp-content\/uploads\/2024\/08\/eeeeeeeeeeeeeeeeeeeeeeeeeeeeeeeeeeeeeeeeeeeeeeeee.png","type":"image\/png"}],"author":"P\u00ebrmbledhja","twitter_card":"summary_large_image","twitter_misc":{"Written by":"P\u00ebrmbledhja","Est. reading time":"2 minuta"},"schema":{"@context":"https:\/\/schema.org","@graph":[{"@type":"Article","@id":"https:\/\/permbledhja.com\/sq\/kurti-nga-shba-ja-jam-ftuar-si-kryeminister-i-nje-vendi-demokratik\/#article","isPartOf":{"@id":"https:\/\/permbledhja.com\/sq\/kurti-nga-shba-ja-jam-ftuar-si-kryeminister-i-nje-vendi-demokratik\/"},"author":{"name":"P\u00ebrmbledhja","@id":"https:\/\/permbledhja.com\/#\/schema\/person\/0d064377258d3221e50693947b9eb4fe"},"headline":"Kurti nga ShBA-ja: Jam ftuar si kryeminist\u00ebr i nj\u00eb vendi demokratik","datePublished":"2024-08-19T17:31:21+00:00","dateModified":"2024-08-19T17:31:21+00:00","mainEntityOfPage":{"@id":"https:\/\/permbledhja.com\/sq\/kurti-nga-shba-ja-jam-ftuar-si-kryeminister-i-nje-vendi-demokratik\/"},"wordCount":264,"publisher":{"@id":"https:\/\/permbledhja.com\/#organization"},"keywords":["Albin Kurti"],"articleSection":["T\u00eb r\u00ebnd\u00ebsishme"],"inLanguage":"sq"},{"@type":"WebPage","@id":"https:\/\/permbledhja.com\/sq\/kurti-nga-shba-ja-jam-ftuar-si-kryeminister-i-nje-vendi-demokratik\/","url":"https:\/\/permbledhja.com\/sq\/kurti-nga-shba-ja-jam-ftuar-si-kryeminister-i-nje-vendi-demokratik\/","name":"Kurti nga ShBA-ja: Jam ftuar si kryeminist\u00ebr i nj\u00eb vendi demokratik","isPartOf":{"@id":"https:\/\/permbledhja.com\/#website"},"datePublished":"2024-08-19T17:31:21+00:00","dateModified":"2024-08-19T17:31:21+00:00","breadcrumb":{"@id":"https:\/\/permbledhja.com\/sq\/kurti-nga-shba-ja-jam-ftuar-si-kryeminister-i-nje-vendi-demokratik\/#breadcrumb"},"inLanguage":"sq","potentialAction":[{"@type":"ReadAction","target":["https:\/\/permbledhja.com\/sq\/kurti-nga-shba-ja-jam-ftuar-si-kryeminister-i-nje-vendi-demokratik\/"]}]},{"@type":"BreadcrumbList","@id":"https:\/\/permbledhja.com\/sq\/kurti-nga-shba-ja-jam-ftuar-si-kryeminister-i-nje-vendi-demokratik\/#breadcrumb","itemListElement":[{"@type":"ListItem","position":1,"name":"Ballina","item":"https:\/\/permbledhja.com\/sq\/"},{"@type":"ListItem","position":2,"name":"Kurti nga ShBA-ja: Jam ftuar si kryeminist\u00ebr i nj\u00eb vendi demokratik"}]},{"@type":"WebSite","@id":"https:\/\/permbledhja.com\/#website","url":"https:\/\/permbledhja.com\/","name":"Ve\u00e7 artikuj p\u00ebrmbledh\u00ebs","description":"","publisher":{"@id":"https:\/\/permbledhja.com\/#organization"},"potentialAction":[{"@type":"SearchAction","target":{"@type":"EntryPoint","urlTemplate":"https:\/\/permbledhja.com\/?s={search_term_string}"},"query-input":"required name=search_term_string"}],"inLanguage":"sq"},{"@type":"Organization","@id":"https:\/\/permbledhja.com\/#organization","name":"MK Media & Pr","url":"https:\/\/permbledhja.com\/","logo":{"@type":"ImageObject","inLanguage":"sq","@id":"https:\/\/permbledhja.com\/#\/schema\/logo\/image\/","url":"https:\/\/permbledhja.com\/wp-content\/uploads\/2021\/12\/07-Press-Logo.jpg","contentUrl":"https:\/\/permbledhja.com\/wp-content\/uploads\/2021\/12\/07-Press-Logo.jpg","width":512,"height":512,"caption":"MK Media & Pr"},"image":{"@id":"https:\/\/permbledhja.com\/#\/schema\/logo\/image\/"},"sameAs":["https:\/\/www.facebook.com\/press07\/"]},{"@type":"Person","@id":"https:\/\/permbledhja.com\/#\/schema\/person\/0d064377258d3221e50693947b9eb4fe","name":"P\u00ebrmbledhja","image":{"@type":"ImageObject","inLanguage":"sq","@id":"https:\/\/permbledhja.com\/#\/schema\/person\/image\/","url":"https:\/\/permbledhja.com\/wp-content\/uploads\/2026\/01\/452004717_1040944174702970_8932037511805513407_n-96x96.jpg","contentUrl":"https:\/\/permbledhja.com\/wp-content\/uploads\/2026\/01\/452004717_1040944174702970_8932037511805513407_n-96x96.jpg","caption":"P\u00ebrmbledhja"},"sameAs":["https:\/\/www.facebook.com\/kafexhiu.muharrem\/","https:\/\/www.instagram.com\/muharrem_kafexhiu\/"],"url":"https:\/\/permbledhja.com\/sq\/author\/admin\/"}]}},"_links":{"self":[{"href":"https:\/\/permbledhja.com\/sq\/wp-json\/wp\/v2\/posts\/68226"}],"collection":[{"href":"https:\/\/permbledhja.com\/sq\/wp-json\/wp\/v2\/posts"}],"about":[{"href":"https:\/\/permbledhja.com\/sq\/wp-json\/wp\/v2\/types\/post"}],"author":[{"embeddable":true,"href":"https:\/\/permbledhja.com\/sq\/wp-json\/wp\/v2\/users\/1"}],"replies":[{"embeddable":true,"href":"https:\/\/permbledhja.com\/sq\/wp-json\/wp\/v2\/comments?post=68226"}],"version-history":[{"count":1,"href":"https:\/\/permbledhja.com\/sq\/wp-json\/wp\/v2\/posts\/68226\/revisions"}],"predecessor-version":[{"id":68228,"href":"https:\/\/permbledhja.com\/sq\/wp-json\/wp\/v2\/posts\/68226\/revisions\/68228"}],"wp:featuredmedia":[{"embeddable":true,"href":"https:\/\/permbledhja.com\/sq\/wp-json\/wp\/v2\/media\/68227"}],"wp:attachment":[{"href":"https:\/\/permbledhja.com\/sq\/wp-json\/wp\/v2\/media?parent=68226"}],"wp:term":[{"taxonomy":"category","embeddable":true,"href":"https:\/\/permbledhja.com\/sq\/wp-json\/wp\/v2\/categories?post=68226"},{"taxonomy":"post_tag","embeddable":true,"href":"https:\/\/permbledhja.com\/sq\/wp-json\/wp\/v2\/tags?post=68226"}],"curies":[{"name":"wp","href":"https:\/\/api.w.org\/{rel}","templated":true}]}}