{"id":68223,"date":"2024-08-19T16:26:48","date_gmt":"2024-08-19T16:26:48","guid":{"rendered":"https:\/\/permbledhja.com\/?p=68223"},"modified":"2024-08-19T16:26:48","modified_gmt":"2024-08-19T16:26:48","slug":"aktakuze-kryediplomatike","status":"publish","type":"post","link":"https:\/\/permbledhja.com\/sq\/aktakuze-kryediplomatike\/","title":{"rendered":"Aktakuz\u00eb &#8220;kryediplomatike&#8221;"},"content":{"rendered":"<p><strong>Gjykata Themelore n\u00eb Prishtin\u00ebs ka konfirmuar aktakuz\u00ebn p\u00ebr mosraportim t\u00eb pasuris\u00eb ndaj\u00a0ministres s\u00eb\u00a0Pun\u00ebve t\u00eb Jashtme dhe Diaspor\u00ebs dhe z\u00ebvend\u00ebskryeministres Donika G\u00ebrvall\u00ebs. Ajo ngarkohet se n\u00eb cil\u00ebsin\u00eb e zyrtares s\u00eb lart\u00eb publike n\u00eb formularin p\u00ebr deklarim t\u00eb pasuris\u00eb m\u00eb 22 mars 2021, nuk ka paraqitur sakt\u00eb t\u00eb dh\u00ebnat e k\u00ebrkuara me ligj.<\/strong><\/p>\n<p>\u201cBetimi p\u00ebr Drejt\u00ebsi\u201d ka siguruar vendimin e marr\u00eb m\u00eb 19 qershor 2024, p\u00ebrmes t\u00eb cilit gjykata ka refuzuar si t\u00eb pabazuara k\u00ebrkesat p\u00ebr kund\u00ebrshtim t\u00eb provave dhe hudhje t\u00eb aktakuz\u00ebs t\u00eb parashtruara nga mbrojt\u00ebsja e G\u00ebrvall\u00ebs, avokatja Saranda Keqekolla-Sadiku.<\/p>\n<p>E me q\u00ebllim q\u00eb gjykata t\u00eb ket\u00eb nj\u00eb pasqyr\u00eb m\u00eb t\u00eb qart\u00eb lidhur me k\u00ebt\u00eb \u00e7\u00ebshtje penale si dhe p\u00ebr faktin se e nj\u00ebjta detyrohet q\u00eb sakt\u00ebsisht dhe t\u00ebr\u00ebsisht t\u00eb v\u00ebrtetoj\u00eb faktet p\u00ebr t\u00eb marr\u00eb nj\u00eb vendim t\u00eb ligjsh\u00ebm, ka vendosur q\u00eb procedura penale e filluar ndaj G\u00ebrvall\u00ebs t\u00eb vazhdohet tutje n\u00eb fazat e tjera t\u00eb procedur\u00ebs.<\/p>\n<p>Lidhur me akuz\u00ebn p\u00ebr mosraportim t\u00eb sakt\u00eb t\u00eb pasuris\u00eb, n\u00eb seanc\u00ebn fillestare m\u00eb 7 mars 2024, G\u00ebrvalla ishte deklaruar e pafajshme.\u00a0M\u00eb pas avokatja e saj, Keqekolla-Sadiku kishte parashtruar k\u00ebrkes\u00eb q\u00eb t\u00eb hudhet posht\u00eb aktakuza.<\/p>\n<p>Mbrojtja kishte pretenduar se nuk ka prova t\u00eb mjaftueshme p\u00ebr t\u00eb mb\u00ebshtetur dyshimin e bazuar mir\u00eb se e mbrojtura e saj ka kryer vepr\u00ebn penale e cila i vihet n\u00eb barr\u00eb, duke theksuar se aktakuza \u00ebsht\u00eb e mang\u00ebt dhe nuk \u00ebsht\u00eb n\u00eb harmoni me k\u00ebrkesat ligjore.<\/p>\n<p><em>\u201c\u2026 ngase Prokuroria nuk ka paraqitur asnj\u00eb prov\u00eb t\u00eb vetme q\u00eb kishte p\u00ebr t\u00eb v\u00ebrtetuar \u201cdyshimin\u00a0 e bazuar mir\u00eb\u201d, se e pandehura ishte subjekt i cil\u00ebsdo form\u00eb t\u00eb kryerjes s\u00eb vepr\u00ebs penale q\u00eb i vihet n\u00eb barr\u00eb\u201d<\/em>, kishte theksuar avokatja Keqekolla-Sadiku n\u00eb k\u00ebrkes\u00ebn e saj.<\/p>\n<p>Mir\u00ebpo, k\u00ebrkesa e till\u00eb e mbrojtjes, sipas Gjykat\u00ebs Themelore n\u00eb Prishtin\u00eb \u00ebsht\u00eb e pabazuar dhe e nj\u00ebjta \u00ebsht\u00eb refuzuar.<\/p>\n<p>Gjykata ka gjetur se aktakuza mb\u00ebshtetet n\u00eb prova t\u00eb marra konform dispozitave ligjore dhe sipas saj, nuk ka vend p\u00ebr hedhje t\u00eb aktakuz\u00ebs ngase nuk ekzistojn\u00eb rrethana q\u00eb e p\u00ebrjashtojn\u00eb p\u00ebrgjegj\u00ebsin\u00eb penale, vepra penale nuk \u00ebsht\u00eb p\u00ebrfshir\u00eb n\u00eb parashkrim dhe nuk ka rrethana tjera t\u00eb cilat e pengojn\u00eb ndjekjen penale.<\/p>\n<p><em>\u201c\u2026 duke marr\u00eb parasysh se n\u00eb k\u00ebt\u00eb faz\u00eb t\u00eb procedur\u00ebs penale kemi t\u00eb b\u00ebjm\u00eb edhe me ligjshm\u00ebrin\u00eb e aktakuz\u00ebs gjykata \u00e7moi se vepra penale p\u00ebr t\u00eb cil\u00ebn akuzohet e pandehura p\u00ebrb\u00ebn vep\u00ebr penale, andaj duke marr\u00eb parasysh se n\u00eb baz\u00eb t\u00eb nenit 7 t\u00eb KPRK-s\u00eb gjykata detyrohet q\u00eb sakt\u00ebsisht dhe t\u00ebr\u00ebsisht t\u2019i v\u00ebrtetoj faktet t\u00eb cilat jan\u00eb t\u00eb r\u00ebnd\u00ebsishme p\u00ebr marrjen e vendimit t\u00eb ligjsh\u00ebm konsiderojm\u00eb se\u00a0 n\u00eb k\u00ebt\u00eb \u00e7\u00ebshtje penale duhet t\u00eb mbahet shqyrtimi gjyq\u00ebsor\u00eb n\u00eb m\u00ebnyr\u00eb q\u00eb gjykata t\u00eb ket\u00eb nj\u00eb pasqyr\u00eb m\u00eb t\u00eb qart\u00eb lidhur me k\u00ebt\u00eb \u00e7\u00ebshtje penale<\/em>\u201d, thuhet tutje n\u00eb vendimin e gjykat\u00ebs.<\/p>\n<p>Po ashtu, pretendimet e mbrojtjes se nuk \u00ebsht\u00eb v\u00ebrtetuar implikimi i t\u00eb pandehur\u00ebs n\u00eb \u00e7\u00ebshtjen penale q\u00eb i vihet n\u00eb barr\u00eb, kjo gjykat\u00eb i ka vler\u00ebsuar si t\u00eb pabazuara sepse ngjarja e paraqitur nga mbrojtja nuk mund t\u00eb shqyrtohet n\u00eb k\u00ebt\u00eb faz\u00eb t\u00eb procedur\u00ebs penale.<\/p>\n<p><em>\u201cP\u00ebr faktin se gjykata nuk \u00ebsht\u00eb e autorizuar t\u00eb b\u00ebj\u00eb vler\u00ebsimin e provave n\u00eb k\u00ebt\u00eb faz\u00eb t\u00eb procedur\u00ebs, pretendimet n\u00eb rastin konkret jan\u00eb \u00e7\u00ebshtje q\u00eb do t\u00eb vler\u00ebsohen dhe v\u00ebrtetohen n\u00eb shqyrtimin gjyq\u00ebsor t\u00eb m\u00ebtutjesh\u00ebm pas administrimit t\u00eb provave, ku edhe do t\u00eb v\u00ebrtetohet faj\u00ebsia apo pafaj\u00ebsia e t\u00eb pandehur\u00ebs\u201d,<\/em>\u00a0thuhet n\u00eb k\u00ebt\u00eb vendim.<\/p>\n<p>Sipas aktakuz\u00ebs s\u00eb Prokuroris\u00eb Themelore n\u00eb Prishtin\u00eb, t\u00eb p\u00ebrpiluar m\u00eb 31 janar 2023 nga prokurori Astrit Gashi, G\u00ebrvalla ngarkohet se n\u00eb cil\u00ebsin\u00eb e zyrtares s\u00eb lart\u00eb publike me obligim ligjor t\u00eb deklarimit t\u00eb pasuris\u00eb, n\u00eb formularin p\u00ebr deklarim t\u00eb pasuris\u00eb m\u00eb 22 mars 2021, nuk ka paraqitur sakt\u00eb t\u00eb dh\u00ebnat e k\u00ebrkuara me ligj.<\/p>\n<p>Aktakuza thot\u00eb se e nj\u00ebjta n\u00eb k\u00ebt\u00eb formular nuk ka deklaruar asnj\u00eb t\u00eb hyr\u00eb-t\u00eb ardhur t\u00eb bashk\u00ebshortit t\u00eb saj Stefan Schwarz edhe p\u00ebrkund\u00ebr se t\u00eb nj\u00ebjtin e ka deklaruar si bashk\u00ebshort.<\/p>\n<p>Tutje, n\u00eb akuz\u00eb thuhet se G\u00ebrvalla nuk ka deklaruar n\u00eb t\u00ebr\u00ebsi parcel\u00ebn kadastrale-toka bujq\u00ebsore n\u00eb pron\u00ebsi t\u00eb saj n\u00eb sip\u00ebrfaqe prej 3964 m2 n\u00eb ZK Dubovik-Komuna e De\u00e7anit, duke e deklaruar vet\u00ebm sip\u00ebrfaqe prej 2000 m2.<\/p>\n<p>Po ashtu, G\u00ebrvalla sipas akuz\u00ebs thuhet se nuk ka deklaruar as biznesin \u201cAlb Lingua UG\u201d e regjistruar n\u00eb Bon t\u00eb Gjermanis\u00eb n\u00eb em\u00ebr t\u00eb saj.<\/p>\n<p>Me k\u00ebto veprime, G\u00ebrvalla akuzohet se ka kryer vepr\u00ebn penale \u201cMosraportimi ose raportimi i rrem\u00eb i pasuris\u00eb, i\u00a0t\u00eb ardhurave, i dhuratave, i dobis\u00eb tjet\u00ebr materiale ose i detyrimeve financiare\u201d, nga neni 430, paragrafi 2 t\u00eb Kodit Penale t\u00eb Republik\u00ebs s\u00eb Kosov\u00ebs.<\/p>\n<p>Ndryshe, Prokuroria Themelore n\u00eb Prishtin\u00eb, m\u00eb 29 maj 2023 kishte konfirmuar p\u00ebr \u201cBetimi p\u00ebr Drejt\u00ebsi\u201d se ka ngritur aktakuz\u00eb ndaj G\u00ebrvall\u00ebs.<\/p>\n<p>\u201cReferuar k\u00ebrkes\u00ebs s\u00eb parashtruar nga ana juaj, ju njoftojm\u00eb se Prokurori i Shtetit, m\u00eb 31.01.2023, ka ngritur aktakuz\u00eb ndaj D.G., p\u00ebr shkak t\u00eb vepr\u00ebs penale \u201cMos raportimi ose raportimi i rrem\u00eb i pasuris\u00eb, i t\u00eb ardhurave, i dhuratave, i dobis\u00eb tjet\u00ebr materiale ose i detyrimeve financiare\u201d, sipas Kodit Penal t\u00eb Republik\u00ebs s\u00eb Kosov\u00ebs, si dhe t\u00eb nj\u00ebjt\u00ebn e ka proceduar n\u00eb Gjykat\u00eb p\u00ebr trajtim t\u00eb m\u00ebtejm\u00eb\u201d, kishte konfirmuar z\u00ebdh\u00ebn\u00ebsja e k\u00ebsaj prokurorie, Laureta Ulaj.<\/p>\n<p>Pasi u b\u00eb i ditur lajmi p\u00ebr ngritjen e aktakuz\u00ebs, ministrja G\u00ebrvalla p\u00ebrmes nj\u00eb postimi n\u00eb Facebook, tha se \u00ebsht\u00eb p\u00ebrpjekje p\u00ebr t\u00eb hedhur balt\u00eb mbi p\u00ebrfaq\u00ebsuesit e institucioneve.<\/p>\n<p>Ndryshe, m\u00eb 2 tetor 2021, \u201cBetimi p\u00ebr Drejt\u00ebsi\u201d ka raportuar se Donika G\u00ebrvalla, z\u00ebvend\u00ebskryeministre dhe ministre e Pun\u00ebve t\u00eb Jashtme dhe e Diaspor\u00ebs (MPJD), nuk ka deklaruar t\u00eb gjitha funksionet n\u00eb institucione vendore e nd\u00ebrkomb\u00ebtare.<\/p>\n<p>Kat\u00ebr muaj pas k\u00ebtij hulumtimi, Agjencia Kund\u00ebr Korrupsion (AKK), tani Agjencia p\u00ebr Parandalimin e Korrupsionit (APK), kishte njoftuar se \u00ebsht\u00eb ende duke trajtuar rastin e ministres G\u00ebrvalla.<\/p>\n<p>Sipas k\u00ebtij hulumtimi, rezultoi se G\u00ebrvalla nuk ka deklaruar se posedon biznes n\u00eb Gjermani, nuk ka treguar se \u00ebsht\u00eb drejtoresh\u00eb e nj\u00eb fondacioni n\u00eb Kosov\u00eb dhe as nuk ka deklaruar pasurin\u00eb e burrit dhe f\u00ebmij\u00ebve t\u00eb saj.<\/p>\n","protected":false},"excerpt":{"rendered":"<p>Gjykata Themelore n\u00eb Prishtin\u00ebs ka konfirmuar aktakuz\u00ebn p\u00ebr mosraportim t\u00eb pasuris\u00eb ndaj\u00a0ministres s\u00eb\u00a0Pun\u00ebve t\u00eb Jashtme dhe Diaspor\u00ebs dhe z\u00ebvend\u00ebskryeministres Donika G\u00ebrvall\u00ebs. Ajo ngarkohet se n\u00eb cil\u00ebsin\u00eb e zyrtares s\u00eb lart\u00eb publike n\u00eb formularin p\u00ebr deklarim t\u00eb pasuris\u00eb m\u00eb 22 mars 2021, nuk ka paraqitur sakt\u00eb t\u00eb dh\u00ebnat e k\u00ebrkuara me ligj. \u201cBetimi p\u00ebr Drejt\u00ebsi\u201d ka [&hellip;]<\/p>\n","protected":false},"author":1,"featured_media":68224,"comment_status":"closed","ping_status":"closed","sticky":false,"template":"","format":"standard","meta":{"_monsterinsights_skip_tracking":false,"_monsterinsights_sitenote_active":false,"_monsterinsights_sitenote_note":"","_monsterinsights_sitenote_category":0,"_uf_show_specific_survey":0,"_uf_disable_surveys":false,"footnotes":""},"categories":[3325],"tags":[3354],"yoast_head":"<!-- This site is optimized with the Yoast SEO plugin v21.5 - https:\/\/yoast.com\/wordpress\/plugins\/seo\/ -->\n<title>Aktakuz\u00eb &quot;kryediplomatike&quot;<\/title>\n<meta name=\"robots\" content=\"index, follow, max-snippet:-1, max-image-preview:large, max-video-preview:-1\" \/>\n<link rel=\"canonical\" href=\"https:\/\/permbledhja.com\/sq\/aktakuze-kryediplomatike\/\" \/>\n<meta property=\"og:locale\" content=\"sq_AL\" \/>\n<meta property=\"og:type\" content=\"article\" \/>\n<meta property=\"og:title\" content=\"Aktakuz\u00eb &quot;kryediplomatike&quot;\" \/>\n<meta property=\"og:description\" content=\"Gjykata Themelore n\u00eb Prishtin\u00ebs ka konfirmuar aktakuz\u00ebn p\u00ebr mosraportim t\u00eb pasuris\u00eb ndaj\u00a0ministres s\u00eb\u00a0Pun\u00ebve t\u00eb Jashtme dhe Diaspor\u00ebs dhe z\u00ebvend\u00ebskryeministres Donika G\u00ebrvall\u00ebs. Ajo ngarkohet se n\u00eb cil\u00ebsin\u00eb e zyrtares s\u00eb lart\u00eb publike n\u00eb formularin p\u00ebr deklarim t\u00eb pasuris\u00eb m\u00eb 22 mars 2021, nuk ka paraqitur sakt\u00eb t\u00eb dh\u00ebnat e k\u00ebrkuara me ligj. \u201cBetimi p\u00ebr Drejt\u00ebsi\u201d ka [&hellip;]\" \/>\n<meta property=\"og:url\" content=\"https:\/\/permbledhja.com\/sq\/aktakuze-kryediplomatike\/\" \/>\n<meta property=\"og:site_name\" content=\"Ve\u00e7 artikuj p\u00ebrmbledh\u00ebs\" \/>\n<meta property=\"article:publisher\" content=\"https:\/\/www.facebook.com\/press07\/\" \/>\n<meta property=\"article:author\" content=\"https:\/\/www.facebook.com\/kafexhiu.muharrem\/\" \/>\n<meta property=\"article:published_time\" content=\"2024-08-19T16:26:48+00:00\" \/>\n<meta property=\"og:image\" content=\"https:\/\/permbledhja.com\/wp-content\/uploads\/2024\/08\/Ministrja-e-Puneve-te-Jashtme-dhe-Diaspores-se-Kosoves-Donika-Gervalla.jpg\" \/>\n\t<meta property=\"og:image:width\" content=\"800\" \/>\n\t<meta property=\"og:image:height\" content=\"482\" \/>\n\t<meta property=\"og:image:type\" content=\"image\/jpeg\" \/>\n<meta name=\"author\" content=\"P\u00ebrmbledhja\" \/>\n<meta name=\"twitter:card\" content=\"summary_large_image\" \/>\n<meta name=\"twitter:label1\" content=\"Written by\" \/>\n\t<meta name=\"twitter:data1\" content=\"P\u00ebrmbledhja\" \/>\n\t<meta name=\"twitter:label2\" content=\"Est. reading time\" \/>\n\t<meta name=\"twitter:data2\" content=\"6 minuta\" \/>\n<script type=\"application\/ld+json\" class=\"yoast-schema-graph\">{\"@context\":\"https:\/\/schema.org\",\"@graph\":[{\"@type\":\"Article\",\"@id\":\"https:\/\/permbledhja.com\/sq\/aktakuze-kryediplomatike\/#article\",\"isPartOf\":{\"@id\":\"https:\/\/permbledhja.com\/sq\/aktakuze-kryediplomatike\/\"},\"author\":{\"name\":\"P\u00ebrmbledhja\",\"@id\":\"https:\/\/permbledhja.com\/#\/schema\/person\/0d064377258d3221e50693947b9eb4fe\"},\"headline\":\"Aktakuz\u00eb &#8220;kryediplomatike&#8221;\",\"datePublished\":\"2024-08-19T16:26:48+00:00\",\"dateModified\":\"2024-08-19T16:26:48+00:00\",\"mainEntityOfPage\":{\"@id\":\"https:\/\/permbledhja.com\/sq\/aktakuze-kryediplomatike\/\"},\"wordCount\":1120,\"publisher\":{\"@id\":\"https:\/\/permbledhja.com\/#organization\"},\"keywords\":[\"Donika G\u00ebrvalla Schwarz\"],\"articleSection\":[\"Kryesore\"],\"inLanguage\":\"sq\"},{\"@type\":\"WebPage\",\"@id\":\"https:\/\/permbledhja.com\/sq\/aktakuze-kryediplomatike\/\",\"url\":\"https:\/\/permbledhja.com\/sq\/aktakuze-kryediplomatike\/\",\"name\":\"Aktakuz\u00eb \\\"kryediplomatike\\\"\",\"isPartOf\":{\"@id\":\"https:\/\/permbledhja.com\/#website\"},\"datePublished\":\"2024-08-19T16:26:48+00:00\",\"dateModified\":\"2024-08-19T16:26:48+00:00\",\"breadcrumb\":{\"@id\":\"https:\/\/permbledhja.com\/sq\/aktakuze-kryediplomatike\/#breadcrumb\"},\"inLanguage\":\"sq\",\"potentialAction\":[{\"@type\":\"ReadAction\",\"target\":[\"https:\/\/permbledhja.com\/sq\/aktakuze-kryediplomatike\/\"]}]},{\"@type\":\"BreadcrumbList\",\"@id\":\"https:\/\/permbledhja.com\/sq\/aktakuze-kryediplomatike\/#breadcrumb\",\"itemListElement\":[{\"@type\":\"ListItem\",\"position\":1,\"name\":\"Ballina\",\"item\":\"https:\/\/permbledhja.com\/sq\/\"},{\"@type\":\"ListItem\",\"position\":2,\"name\":\"Aktakuz\u00eb &#8220;kryediplomatike&#8221;\"}]},{\"@type\":\"WebSite\",\"@id\":\"https:\/\/permbledhja.com\/#website\",\"url\":\"https:\/\/permbledhja.com\/\",\"name\":\"Ve\u00e7 artikuj p\u00ebrmbledh\u00ebs\",\"description\":\"\",\"publisher\":{\"@id\":\"https:\/\/permbledhja.com\/#organization\"},\"potentialAction\":[{\"@type\":\"SearchAction\",\"target\":{\"@type\":\"EntryPoint\",\"urlTemplate\":\"https:\/\/permbledhja.com\/?s={search_term_string}\"},\"query-input\":\"required name=search_term_string\"}],\"inLanguage\":\"sq\"},{\"@type\":\"Organization\",\"@id\":\"https:\/\/permbledhja.com\/#organization\",\"name\":\"MK Media & Pr\",\"url\":\"https:\/\/permbledhja.com\/\",\"logo\":{\"@type\":\"ImageObject\",\"inLanguage\":\"sq\",\"@id\":\"https:\/\/permbledhja.com\/#\/schema\/logo\/image\/\",\"url\":\"https:\/\/permbledhja.com\/wp-content\/uploads\/2021\/12\/07-Press-Logo.jpg\",\"contentUrl\":\"https:\/\/permbledhja.com\/wp-content\/uploads\/2021\/12\/07-Press-Logo.jpg\",\"width\":512,\"height\":512,\"caption\":\"MK Media & Pr\"},\"image\":{\"@id\":\"https:\/\/permbledhja.com\/#\/schema\/logo\/image\/\"},\"sameAs\":[\"https:\/\/www.facebook.com\/press07\/\"]},{\"@type\":\"Person\",\"@id\":\"https:\/\/permbledhja.com\/#\/schema\/person\/0d064377258d3221e50693947b9eb4fe\",\"name\":\"P\u00ebrmbledhja\",\"image\":{\"@type\":\"ImageObject\",\"inLanguage\":\"sq\",\"@id\":\"https:\/\/permbledhja.com\/#\/schema\/person\/image\/\",\"url\":\"https:\/\/permbledhja.com\/wp-content\/uploads\/2026\/01\/452004717_1040944174702970_8932037511805513407_n-96x96.jpg\",\"contentUrl\":\"https:\/\/permbledhja.com\/wp-content\/uploads\/2026\/01\/452004717_1040944174702970_8932037511805513407_n-96x96.jpg\",\"caption\":\"P\u00ebrmbledhja\"},\"sameAs\":[\"https:\/\/www.facebook.com\/kafexhiu.muharrem\/\",\"https:\/\/www.instagram.com\/muharrem_kafexhiu\/\"],\"url\":\"https:\/\/permbledhja.com\/sq\/author\/admin\/\"}]}<\/script>\n<!-- \/ Yoast SEO plugin. -->","yoast_head_json":{"title":"Aktakuz\u00eb \"kryediplomatike\"","robots":{"index":"index","follow":"follow","max-snippet":"max-snippet:-1","max-image-preview":"max-image-preview:large","max-video-preview":"max-video-preview:-1"},"canonical":"https:\/\/permbledhja.com\/sq\/aktakuze-kryediplomatike\/","og_locale":"sq_AL","og_type":"article","og_title":"Aktakuz\u00eb \"kryediplomatike\"","og_description":"Gjykata Themelore n\u00eb Prishtin\u00ebs ka konfirmuar aktakuz\u00ebn p\u00ebr mosraportim t\u00eb pasuris\u00eb ndaj\u00a0ministres s\u00eb\u00a0Pun\u00ebve t\u00eb Jashtme dhe Diaspor\u00ebs dhe z\u00ebvend\u00ebskryeministres Donika G\u00ebrvall\u00ebs. Ajo ngarkohet se n\u00eb cil\u00ebsin\u00eb e zyrtares s\u00eb lart\u00eb publike n\u00eb formularin p\u00ebr deklarim t\u00eb pasuris\u00eb m\u00eb 22 mars 2021, nuk ka paraqitur sakt\u00eb t\u00eb dh\u00ebnat e k\u00ebrkuara me ligj. \u201cBetimi p\u00ebr Drejt\u00ebsi\u201d ka [&hellip;]","og_url":"https:\/\/permbledhja.com\/sq\/aktakuze-kryediplomatike\/","og_site_name":"Ve\u00e7 artikuj p\u00ebrmbledh\u00ebs","article_publisher":"https:\/\/www.facebook.com\/press07\/","article_author":"https:\/\/www.facebook.com\/kafexhiu.muharrem\/","article_published_time":"2024-08-19T16:26:48+00:00","og_image":[{"width":800,"height":482,"url":"https:\/\/permbledhja.com\/wp-content\/uploads\/2024\/08\/Ministrja-e-Puneve-te-Jashtme-dhe-Diaspores-se-Kosoves-Donika-Gervalla.jpg","type":"image\/jpeg"}],"author":"P\u00ebrmbledhja","twitter_card":"summary_large_image","twitter_misc":{"Written by":"P\u00ebrmbledhja","Est. reading time":"6 minuta"},"schema":{"@context":"https:\/\/schema.org","@graph":[{"@type":"Article","@id":"https:\/\/permbledhja.com\/sq\/aktakuze-kryediplomatike\/#article","isPartOf":{"@id":"https:\/\/permbledhja.com\/sq\/aktakuze-kryediplomatike\/"},"author":{"name":"P\u00ebrmbledhja","@id":"https:\/\/permbledhja.com\/#\/schema\/person\/0d064377258d3221e50693947b9eb4fe"},"headline":"Aktakuz\u00eb &#8220;kryediplomatike&#8221;","datePublished":"2024-08-19T16:26:48+00:00","dateModified":"2024-08-19T16:26:48+00:00","mainEntityOfPage":{"@id":"https:\/\/permbledhja.com\/sq\/aktakuze-kryediplomatike\/"},"wordCount":1120,"publisher":{"@id":"https:\/\/permbledhja.com\/#organization"},"keywords":["Donika G\u00ebrvalla Schwarz"],"articleSection":["Kryesore"],"inLanguage":"sq"},{"@type":"WebPage","@id":"https:\/\/permbledhja.com\/sq\/aktakuze-kryediplomatike\/","url":"https:\/\/permbledhja.com\/sq\/aktakuze-kryediplomatike\/","name":"Aktakuz\u00eb \"kryediplomatike\"","isPartOf":{"@id":"https:\/\/permbledhja.com\/#website"},"datePublished":"2024-08-19T16:26:48+00:00","dateModified":"2024-08-19T16:26:48+00:00","breadcrumb":{"@id":"https:\/\/permbledhja.com\/sq\/aktakuze-kryediplomatike\/#breadcrumb"},"inLanguage":"sq","potentialAction":[{"@type":"ReadAction","target":["https:\/\/permbledhja.com\/sq\/aktakuze-kryediplomatike\/"]}]},{"@type":"BreadcrumbList","@id":"https:\/\/permbledhja.com\/sq\/aktakuze-kryediplomatike\/#breadcrumb","itemListElement":[{"@type":"ListItem","position":1,"name":"Ballina","item":"https:\/\/permbledhja.com\/sq\/"},{"@type":"ListItem","position":2,"name":"Aktakuz\u00eb &#8220;kryediplomatike&#8221;"}]},{"@type":"WebSite","@id":"https:\/\/permbledhja.com\/#website","url":"https:\/\/permbledhja.com\/","name":"Ve\u00e7 artikuj p\u00ebrmbledh\u00ebs","description":"","publisher":{"@id":"https:\/\/permbledhja.com\/#organization"},"potentialAction":[{"@type":"SearchAction","target":{"@type":"EntryPoint","urlTemplate":"https:\/\/permbledhja.com\/?s={search_term_string}"},"query-input":"required name=search_term_string"}],"inLanguage":"sq"},{"@type":"Organization","@id":"https:\/\/permbledhja.com\/#organization","name":"MK Media & Pr","url":"https:\/\/permbledhja.com\/","logo":{"@type":"ImageObject","inLanguage":"sq","@id":"https:\/\/permbledhja.com\/#\/schema\/logo\/image\/","url":"https:\/\/permbledhja.com\/wp-content\/uploads\/2021\/12\/07-Press-Logo.jpg","contentUrl":"https:\/\/permbledhja.com\/wp-content\/uploads\/2021\/12\/07-Press-Logo.jpg","width":512,"height":512,"caption":"MK Media & Pr"},"image":{"@id":"https:\/\/permbledhja.com\/#\/schema\/logo\/image\/"},"sameAs":["https:\/\/www.facebook.com\/press07\/"]},{"@type":"Person","@id":"https:\/\/permbledhja.com\/#\/schema\/person\/0d064377258d3221e50693947b9eb4fe","name":"P\u00ebrmbledhja","image":{"@type":"ImageObject","inLanguage":"sq","@id":"https:\/\/permbledhja.com\/#\/schema\/person\/image\/","url":"https:\/\/permbledhja.com\/wp-content\/uploads\/2026\/01\/452004717_1040944174702970_8932037511805513407_n-96x96.jpg","contentUrl":"https:\/\/permbledhja.com\/wp-content\/uploads\/2026\/01\/452004717_1040944174702970_8932037511805513407_n-96x96.jpg","caption":"P\u00ebrmbledhja"},"sameAs":["https:\/\/www.facebook.com\/kafexhiu.muharrem\/","https:\/\/www.instagram.com\/muharrem_kafexhiu\/"],"url":"https:\/\/permbledhja.com\/sq\/author\/admin\/"}]}},"_links":{"self":[{"href":"https:\/\/permbledhja.com\/sq\/wp-json\/wp\/v2\/posts\/68223"}],"collection":[{"href":"https:\/\/permbledhja.com\/sq\/wp-json\/wp\/v2\/posts"}],"about":[{"href":"https:\/\/permbledhja.com\/sq\/wp-json\/wp\/v2\/types\/post"}],"author":[{"embeddable":true,"href":"https:\/\/permbledhja.com\/sq\/wp-json\/wp\/v2\/users\/1"}],"replies":[{"embeddable":true,"href":"https:\/\/permbledhja.com\/sq\/wp-json\/wp\/v2\/comments?post=68223"}],"version-history":[{"count":1,"href":"https:\/\/permbledhja.com\/sq\/wp-json\/wp\/v2\/posts\/68223\/revisions"}],"predecessor-version":[{"id":68225,"href":"https:\/\/permbledhja.com\/sq\/wp-json\/wp\/v2\/posts\/68223\/revisions\/68225"}],"wp:featuredmedia":[{"embeddable":true,"href":"https:\/\/permbledhja.com\/sq\/wp-json\/wp\/v2\/media\/68224"}],"wp:attachment":[{"href":"https:\/\/permbledhja.com\/sq\/wp-json\/wp\/v2\/media?parent=68223"}],"wp:term":[{"taxonomy":"category","embeddable":true,"href":"https:\/\/permbledhja.com\/sq\/wp-json\/wp\/v2\/categories?post=68223"},{"taxonomy":"post_tag","embeddable":true,"href":"https:\/\/permbledhja.com\/sq\/wp-json\/wp\/v2\/tags?post=68223"}],"curies":[{"name":"wp","href":"https:\/\/api.w.org\/{rel}","templated":true}]}}