{"id":68137,"date":"2024-08-15T21:42:22","date_gmt":"2024-08-15T21:42:22","guid":{"rendered":"https:\/\/permbledhja.com\/?p=68137"},"modified":"2024-08-15T21:49:09","modified_gmt":"2024-08-15T21:49:09","slug":"specialja-specialitet-zgjatjen","status":"publish","type":"post","link":"https:\/\/permbledhja.com\/sq\/specialja-specialitet-zgjatjen\/","title":{"rendered":"Specialja &#8220;specialitet&#8221; zgjatjen"},"content":{"rendered":"<div class=\"single_article__thumb\">\n<p class=\"single_article__caption\"><em>Gjykata Speciale n\u00eb Hag\u00eb &#8211; Foto: REL\/EPA-EFE<\/em><\/p>\n<\/div>\n<p><strong>Gjykata Speciale ua ka vazhduar paraburgimin kat\u00ebr ish-krer\u00ebve t\u00eb U\u00c7K-s\u00eb: Hashim Tha\u00e7i, Kadri Veseli, Rexhep Selimi e Jakup Krasniqi, t\u00eb cil\u00ebt po akuzohen p\u00ebr krime t\u00eb luft\u00ebs.<\/strong><\/p>\n<p>N\u00eb vendimin e fundit t\u00eb publikuar nga Dhomat e Specializuara, bie n\u00eb sy nj\u00eb detaj interesant.<\/p>\n<p>Trupi gjykues e pranon se ish-presidenti Tha\u00e7i dhe ish-kryeparlamentari i Kosov\u00ebs, Veseli, kan\u00eb q\u00ebndruar p\u00ebr koh\u00eb t\u00eb gjat\u00eb n\u00eb paraburgim.<\/p>\n<p>Bazuar n\u00eb vendimin e publikuar m\u00eb 14 gusht paralajm\u00ebrohet se do t\u00eb b\u00ebhet nj\u00eb vler\u00ebsim, n\u00ebse paraburgimi \u00ebsht\u00eb i nevojsh\u00ebm dhe i arsyesh\u00ebm. Kjo duke marr\u00eb parasysh k\u00ebto vonesa.<\/p>\n<p>\u201cMegjithat\u00eb, Paneli thekson se z. Tha\u00e7i\/ z. Veseli tashm\u00eb ka qen\u00eb n\u00eb paraburgim p\u00ebr nj\u00eb periudh\u00eb t\u00eb konsiderueshme kohore dhe se gjykimi n\u00eb k\u00ebt\u00eb rast \u00ebsht\u00eb i gjat\u00eb. Si\u00e7 ka treguar m\u00eb par\u00eb Paneli, kjo do t\u00eb k\u00ebrkoj\u00eb q\u00eb Paneli, si dhe t\u00eb gjitha pal\u00ebt, t\u00eb jen\u00eb ve\u00e7an\u00ebrisht t\u00eb nd\u00ebrgjegjsh\u00ebm p\u00ebr nevoj\u00ebn p\u00ebr t\u00eb siguruar q\u00eb gjykimi t\u00eb vazhdoj\u00eb sa m\u00eb shpejt q\u00eb t\u00eb jet\u00eb e mundur. Paneli do t\u00eb vazhdoj\u00eb t\u00eb monitoroj\u00eb n\u00eb \u00e7do faz\u00eb t\u00eb k\u00ebtyre procedurat n\u00ebse paraburgimi i vazhduesh\u00ebm \u00ebsht\u00eb i nevojsh\u00ebm dhe i arsyesh\u00ebm\u201d, thuhet n\u00eb vendim, transmeton Klankosova.tv<\/p>\n<p>Kat\u00ebrshja e Ushtris\u00eb \u00c7lirimtare po mbahen n\u00eb Hag\u00eb nga n\u00ebntori i vitit 2020.<\/p>\n<p>Gjykimi ndaj tyre nisi m\u00eb 3 prill t\u00eb vitit t\u00eb kaluar.<\/p>\n<p><img loading=\"lazy\" decoding=\"async\" class=\"alignnone wp-image-68139 size-full\" src=\"https:\/\/permbledhja.com\/wp-content\/uploads\/2024\/08\/Thaci-paraburgimi-Specialja-1-691x600-1.jpg\" alt=\"\" width=\"691\" height=\"600\" srcset=\"https:\/\/permbledhja.com\/wp-content\/uploads\/2024\/08\/Thaci-paraburgimi-Specialja-1-691x600-1.jpg 691w, https:\/\/permbledhja.com\/wp-content\/uploads\/2024\/08\/Thaci-paraburgimi-Specialja-1-691x600-1-300x260.jpg 300w, https:\/\/permbledhja.com\/wp-content\/uploads\/2024\/08\/Thaci-paraburgimi-Specialja-1-691x600-1-14x12.jpg 14w\" sizes=\"(max-width: 691px) 100vw, 691px\" \/><\/p>\n<p>&nbsp;<\/p>\n","protected":false},"excerpt":{"rendered":"<p>Gjykata Speciale n\u00eb Hag\u00eb &#8211; Foto: REL\/EPA-EFE Gjykata Speciale ua ka vazhduar paraburgimin kat\u00ebr ish-krer\u00ebve t\u00eb U\u00c7K-s\u00eb: Hashim Tha\u00e7i, Kadri Veseli, Rexhep Selimi e Jakup Krasniqi, t\u00eb cil\u00ebt po akuzohen p\u00ebr krime t\u00eb luft\u00ebs. N\u00eb vendimin e fundit t\u00eb publikuar nga Dhomat e Specializuara, bie n\u00eb sy nj\u00eb detaj interesant. Trupi gjykues e pranon se [&hellip;]<\/p>\n","protected":false},"author":1,"featured_media":68138,"comment_status":"closed","ping_status":"closed","sticky":false,"template":"","format":"standard","meta":{"_monsterinsights_skip_tracking":false,"_monsterinsights_sitenote_active":false,"_monsterinsights_sitenote_note":"","_monsterinsights_sitenote_category":0,"_uf_show_specific_survey":0,"_uf_disable_surveys":false,"footnotes":""},"categories":[3325],"tags":[1599],"yoast_head":"<!-- This site is optimized with the Yoast SEO plugin v21.5 - https:\/\/yoast.com\/wordpress\/plugins\/seo\/ -->\n<title>Specialja &quot;specialitet&quot; zgjatjen<\/title>\n<meta name=\"robots\" content=\"index, follow, max-snippet:-1, max-image-preview:large, max-video-preview:-1\" \/>\n<link rel=\"canonical\" href=\"https:\/\/permbledhja.com\/sq\/specialja-specialitet-zgjatjen\/\" \/>\n<meta property=\"og:locale\" content=\"sq_AL\" \/>\n<meta property=\"og:type\" content=\"article\" \/>\n<meta property=\"og:title\" content=\"Specialja &quot;specialitet&quot; zgjatjen\" \/>\n<meta property=\"og:description\" content=\"Gjykata Speciale n\u00eb Hag\u00eb &#8211; Foto: REL\/EPA-EFE Gjykata Speciale ua ka vazhduar paraburgimin kat\u00ebr ish-krer\u00ebve t\u00eb U\u00c7K-s\u00eb: Hashim Tha\u00e7i, Kadri Veseli, Rexhep Selimi e Jakup Krasniqi, t\u00eb cil\u00ebt po akuzohen p\u00ebr krime t\u00eb luft\u00ebs. N\u00eb vendimin e fundit t\u00eb publikuar nga Dhomat e Specializuara, bie n\u00eb sy nj\u00eb detaj interesant. Trupi gjykues e pranon se [&hellip;]\" \/>\n<meta property=\"og:url\" content=\"https:\/\/permbledhja.com\/sq\/specialja-specialitet-zgjatjen\/\" \/>\n<meta property=\"og:site_name\" content=\"Ve\u00e7 artikuj p\u00ebrmbledh\u00ebs\" \/>\n<meta property=\"article:publisher\" content=\"https:\/\/www.facebook.com\/press07\/\" \/>\n<meta property=\"article:author\" content=\"https:\/\/www.facebook.com\/kafexhiu.muharrem\/\" \/>\n<meta property=\"article:published_time\" content=\"2024-08-15T21:42:22+00:00\" \/>\n<meta property=\"article:modified_time\" content=\"2024-08-15T21:49:09+00:00\" \/>\n<meta property=\"og:image\" content=\"https:\/\/permbledhja.com\/wp-content\/uploads\/2024\/08\/Gjykata-Speciale-ne-Hage-foto-REL-EPA-EFE.jpg\" \/>\n\t<meta property=\"og:image:width\" content=\"1023\" \/>\n\t<meta property=\"og:image:height\" content=\"575\" \/>\n\t<meta property=\"og:image:type\" content=\"image\/jpeg\" \/>\n<meta name=\"author\" content=\"P\u00ebrmbledhja\" \/>\n<meta name=\"twitter:card\" content=\"summary_large_image\" \/>\n<meta name=\"twitter:label1\" content=\"Written by\" \/>\n\t<meta name=\"twitter:data1\" content=\"P\u00ebrmbledhja\" \/>\n\t<meta name=\"twitter:label2\" content=\"Est. reading time\" \/>\n\t<meta name=\"twitter:data2\" content=\"2 minuta\" \/>\n<script type=\"application\/ld+json\" class=\"yoast-schema-graph\">{\"@context\":\"https:\/\/schema.org\",\"@graph\":[{\"@type\":\"Article\",\"@id\":\"https:\/\/permbledhja.com\/sq\/specialja-specialitet-zgjatjen\/#article\",\"isPartOf\":{\"@id\":\"https:\/\/permbledhja.com\/sq\/specialja-specialitet-zgjatjen\/\"},\"author\":{\"name\":\"P\u00ebrmbledhja\",\"@id\":\"https:\/\/permbledhja.com\/#\/schema\/person\/0d064377258d3221e50693947b9eb4fe\"},\"headline\":\"Specialja &#8220;specialitet&#8221; zgjatjen\",\"datePublished\":\"2024-08-15T21:42:22+00:00\",\"dateModified\":\"2024-08-15T21:49:09+00:00\",\"mainEntityOfPage\":{\"@id\":\"https:\/\/permbledhja.com\/sq\/specialja-specialitet-zgjatjen\/\"},\"wordCount\":257,\"publisher\":{\"@id\":\"https:\/\/permbledhja.com\/#organization\"},\"keywords\":[\"Gjykata Speciale\"],\"articleSection\":[\"Kryesore\"],\"inLanguage\":\"sq\"},{\"@type\":\"WebPage\",\"@id\":\"https:\/\/permbledhja.com\/sq\/specialja-specialitet-zgjatjen\/\",\"url\":\"https:\/\/permbledhja.com\/sq\/specialja-specialitet-zgjatjen\/\",\"name\":\"Specialja \\\"specialitet\\\" zgjatjen\",\"isPartOf\":{\"@id\":\"https:\/\/permbledhja.com\/#website\"},\"datePublished\":\"2024-08-15T21:42:22+00:00\",\"dateModified\":\"2024-08-15T21:49:09+00:00\",\"breadcrumb\":{\"@id\":\"https:\/\/permbledhja.com\/sq\/specialja-specialitet-zgjatjen\/#breadcrumb\"},\"inLanguage\":\"sq\",\"potentialAction\":[{\"@type\":\"ReadAction\",\"target\":[\"https:\/\/permbledhja.com\/sq\/specialja-specialitet-zgjatjen\/\"]}]},{\"@type\":\"BreadcrumbList\",\"@id\":\"https:\/\/permbledhja.com\/sq\/specialja-specialitet-zgjatjen\/#breadcrumb\",\"itemListElement\":[{\"@type\":\"ListItem\",\"position\":1,\"name\":\"Ballina\",\"item\":\"https:\/\/permbledhja.com\/sq\/\"},{\"@type\":\"ListItem\",\"position\":2,\"name\":\"Specialja &#8220;specialitet&#8221; zgjatjen\"}]},{\"@type\":\"WebSite\",\"@id\":\"https:\/\/permbledhja.com\/#website\",\"url\":\"https:\/\/permbledhja.com\/\",\"name\":\"Ve\u00e7 artikuj p\u00ebrmbledh\u00ebs\",\"description\":\"\",\"publisher\":{\"@id\":\"https:\/\/permbledhja.com\/#organization\"},\"potentialAction\":[{\"@type\":\"SearchAction\",\"target\":{\"@type\":\"EntryPoint\",\"urlTemplate\":\"https:\/\/permbledhja.com\/?s={search_term_string}\"},\"query-input\":\"required name=search_term_string\"}],\"inLanguage\":\"sq\"},{\"@type\":\"Organization\",\"@id\":\"https:\/\/permbledhja.com\/#organization\",\"name\":\"MK Media & Pr\",\"url\":\"https:\/\/permbledhja.com\/\",\"logo\":{\"@type\":\"ImageObject\",\"inLanguage\":\"sq\",\"@id\":\"https:\/\/permbledhja.com\/#\/schema\/logo\/image\/\",\"url\":\"https:\/\/permbledhja.com\/wp-content\/uploads\/2021\/12\/07-Press-Logo.jpg\",\"contentUrl\":\"https:\/\/permbledhja.com\/wp-content\/uploads\/2021\/12\/07-Press-Logo.jpg\",\"width\":512,\"height\":512,\"caption\":\"MK Media & Pr\"},\"image\":{\"@id\":\"https:\/\/permbledhja.com\/#\/schema\/logo\/image\/\"},\"sameAs\":[\"https:\/\/www.facebook.com\/press07\/\"]},{\"@type\":\"Person\",\"@id\":\"https:\/\/permbledhja.com\/#\/schema\/person\/0d064377258d3221e50693947b9eb4fe\",\"name\":\"P\u00ebrmbledhja\",\"image\":{\"@type\":\"ImageObject\",\"inLanguage\":\"sq\",\"@id\":\"https:\/\/permbledhja.com\/#\/schema\/person\/image\/\",\"url\":\"https:\/\/permbledhja.com\/wp-content\/uploads\/2026\/01\/452004717_1040944174702970_8932037511805513407_n-96x96.jpg\",\"contentUrl\":\"https:\/\/permbledhja.com\/wp-content\/uploads\/2026\/01\/452004717_1040944174702970_8932037511805513407_n-96x96.jpg\",\"caption\":\"P\u00ebrmbledhja\"},\"sameAs\":[\"https:\/\/www.facebook.com\/kafexhiu.muharrem\/\",\"https:\/\/www.instagram.com\/muharrem_kafexhiu\/\"],\"url\":\"https:\/\/permbledhja.com\/sq\/author\/admin\/\"}]}<\/script>\n<!-- \/ Yoast SEO plugin. -->","yoast_head_json":{"title":"Specialja \"specialitet\" zgjatjen","robots":{"index":"index","follow":"follow","max-snippet":"max-snippet:-1","max-image-preview":"max-image-preview:large","max-video-preview":"max-video-preview:-1"},"canonical":"https:\/\/permbledhja.com\/sq\/specialja-specialitet-zgjatjen\/","og_locale":"sq_AL","og_type":"article","og_title":"Specialja \"specialitet\" zgjatjen","og_description":"Gjykata Speciale n\u00eb Hag\u00eb &#8211; Foto: REL\/EPA-EFE Gjykata Speciale ua ka vazhduar paraburgimin kat\u00ebr ish-krer\u00ebve t\u00eb U\u00c7K-s\u00eb: Hashim Tha\u00e7i, Kadri Veseli, Rexhep Selimi e Jakup Krasniqi, t\u00eb cil\u00ebt po akuzohen p\u00ebr krime t\u00eb luft\u00ebs. N\u00eb vendimin e fundit t\u00eb publikuar nga Dhomat e Specializuara, bie n\u00eb sy nj\u00eb detaj interesant. Trupi gjykues e pranon se [&hellip;]","og_url":"https:\/\/permbledhja.com\/sq\/specialja-specialitet-zgjatjen\/","og_site_name":"Ve\u00e7 artikuj p\u00ebrmbledh\u00ebs","article_publisher":"https:\/\/www.facebook.com\/press07\/","article_author":"https:\/\/www.facebook.com\/kafexhiu.muharrem\/","article_published_time":"2024-08-15T21:42:22+00:00","article_modified_time":"2024-08-15T21:49:09+00:00","og_image":[{"width":1023,"height":575,"url":"https:\/\/permbledhja.com\/wp-content\/uploads\/2024\/08\/Gjykata-Speciale-ne-Hage-foto-REL-EPA-EFE.jpg","type":"image\/jpeg"}],"author":"P\u00ebrmbledhja","twitter_card":"summary_large_image","twitter_misc":{"Written by":"P\u00ebrmbledhja","Est. reading time":"2 minuta"},"schema":{"@context":"https:\/\/schema.org","@graph":[{"@type":"Article","@id":"https:\/\/permbledhja.com\/sq\/specialja-specialitet-zgjatjen\/#article","isPartOf":{"@id":"https:\/\/permbledhja.com\/sq\/specialja-specialitet-zgjatjen\/"},"author":{"name":"P\u00ebrmbledhja","@id":"https:\/\/permbledhja.com\/#\/schema\/person\/0d064377258d3221e50693947b9eb4fe"},"headline":"Specialja &#8220;specialitet&#8221; zgjatjen","datePublished":"2024-08-15T21:42:22+00:00","dateModified":"2024-08-15T21:49:09+00:00","mainEntityOfPage":{"@id":"https:\/\/permbledhja.com\/sq\/specialja-specialitet-zgjatjen\/"},"wordCount":257,"publisher":{"@id":"https:\/\/permbledhja.com\/#organization"},"keywords":["Gjykata Speciale"],"articleSection":["Kryesore"],"inLanguage":"sq"},{"@type":"WebPage","@id":"https:\/\/permbledhja.com\/sq\/specialja-specialitet-zgjatjen\/","url":"https:\/\/permbledhja.com\/sq\/specialja-specialitet-zgjatjen\/","name":"Specialja \"specialitet\" zgjatjen","isPartOf":{"@id":"https:\/\/permbledhja.com\/#website"},"datePublished":"2024-08-15T21:42:22+00:00","dateModified":"2024-08-15T21:49:09+00:00","breadcrumb":{"@id":"https:\/\/permbledhja.com\/sq\/specialja-specialitet-zgjatjen\/#breadcrumb"},"inLanguage":"sq","potentialAction":[{"@type":"ReadAction","target":["https:\/\/permbledhja.com\/sq\/specialja-specialitet-zgjatjen\/"]}]},{"@type":"BreadcrumbList","@id":"https:\/\/permbledhja.com\/sq\/specialja-specialitet-zgjatjen\/#breadcrumb","itemListElement":[{"@type":"ListItem","position":1,"name":"Ballina","item":"https:\/\/permbledhja.com\/sq\/"},{"@type":"ListItem","position":2,"name":"Specialja &#8220;specialitet&#8221; zgjatjen"}]},{"@type":"WebSite","@id":"https:\/\/permbledhja.com\/#website","url":"https:\/\/permbledhja.com\/","name":"Ve\u00e7 artikuj p\u00ebrmbledh\u00ebs","description":"","publisher":{"@id":"https:\/\/permbledhja.com\/#organization"},"potentialAction":[{"@type":"SearchAction","target":{"@type":"EntryPoint","urlTemplate":"https:\/\/permbledhja.com\/?s={search_term_string}"},"query-input":"required name=search_term_string"}],"inLanguage":"sq"},{"@type":"Organization","@id":"https:\/\/permbledhja.com\/#organization","name":"MK Media & Pr","url":"https:\/\/permbledhja.com\/","logo":{"@type":"ImageObject","inLanguage":"sq","@id":"https:\/\/permbledhja.com\/#\/schema\/logo\/image\/","url":"https:\/\/permbledhja.com\/wp-content\/uploads\/2021\/12\/07-Press-Logo.jpg","contentUrl":"https:\/\/permbledhja.com\/wp-content\/uploads\/2021\/12\/07-Press-Logo.jpg","width":512,"height":512,"caption":"MK Media & Pr"},"image":{"@id":"https:\/\/permbledhja.com\/#\/schema\/logo\/image\/"},"sameAs":["https:\/\/www.facebook.com\/press07\/"]},{"@type":"Person","@id":"https:\/\/permbledhja.com\/#\/schema\/person\/0d064377258d3221e50693947b9eb4fe","name":"P\u00ebrmbledhja","image":{"@type":"ImageObject","inLanguage":"sq","@id":"https:\/\/permbledhja.com\/#\/schema\/person\/image\/","url":"https:\/\/permbledhja.com\/wp-content\/uploads\/2026\/01\/452004717_1040944174702970_8932037511805513407_n-96x96.jpg","contentUrl":"https:\/\/permbledhja.com\/wp-content\/uploads\/2026\/01\/452004717_1040944174702970_8932037511805513407_n-96x96.jpg","caption":"P\u00ebrmbledhja"},"sameAs":["https:\/\/www.facebook.com\/kafexhiu.muharrem\/","https:\/\/www.instagram.com\/muharrem_kafexhiu\/"],"url":"https:\/\/permbledhja.com\/sq\/author\/admin\/"}]}},"_links":{"self":[{"href":"https:\/\/permbledhja.com\/sq\/wp-json\/wp\/v2\/posts\/68137"}],"collection":[{"href":"https:\/\/permbledhja.com\/sq\/wp-json\/wp\/v2\/posts"}],"about":[{"href":"https:\/\/permbledhja.com\/sq\/wp-json\/wp\/v2\/types\/post"}],"author":[{"embeddable":true,"href":"https:\/\/permbledhja.com\/sq\/wp-json\/wp\/v2\/users\/1"}],"replies":[{"embeddable":true,"href":"https:\/\/permbledhja.com\/sq\/wp-json\/wp\/v2\/comments?post=68137"}],"version-history":[{"count":2,"href":"https:\/\/permbledhja.com\/sq\/wp-json\/wp\/v2\/posts\/68137\/revisions"}],"predecessor-version":[{"id":68145,"href":"https:\/\/permbledhja.com\/sq\/wp-json\/wp\/v2\/posts\/68137\/revisions\/68145"}],"wp:featuredmedia":[{"embeddable":true,"href":"https:\/\/permbledhja.com\/sq\/wp-json\/wp\/v2\/media\/68138"}],"wp:attachment":[{"href":"https:\/\/permbledhja.com\/sq\/wp-json\/wp\/v2\/media?parent=68137"}],"wp:term":[{"taxonomy":"category","embeddable":true,"href":"https:\/\/permbledhja.com\/sq\/wp-json\/wp\/v2\/categories?post=68137"},{"taxonomy":"post_tag","embeddable":true,"href":"https:\/\/permbledhja.com\/sq\/wp-json\/wp\/v2\/tags?post=68137"}],"curies":[{"name":"wp","href":"https:\/\/api.w.org\/{rel}","templated":true}]}}