{"id":68121,"date":"2024-08-15T10:43:56","date_gmt":"2024-08-15T10:43:56","guid":{"rendered":"https:\/\/permbledhja.com\/?p=68121"},"modified":"2024-08-15T21:44:21","modified_gmt":"2024-08-15T21:44:21","slug":"osmani-ne-viziten-time-ne-shba-spashe-kundershtime-per-hapjen-e-ures-se-ibrit","status":"publish","type":"post","link":"https:\/\/permbledhja.com\/sq\/osmani-ne-viziten-time-ne-shba-spashe-kundershtime-per-hapjen-e-ures-se-ibrit\/","title":{"rendered":"Osmani: N\u00eb vizit\u00ebn time n\u00eb ShBA s&#8217;pash\u00eb kund\u00ebrshtime p\u00ebr hapjen e Ur\u00ebs s\u00eb Ibrit"},"content":{"rendered":"<p><strong>Presidentja e Kosov\u00ebs, Vjosa Osmani, ka th\u00ebn\u00eb se gjat\u00eb takimeve q\u00eb i ka zhvilluar n\u00eb Shtetet e Bashkuara t\u00eb Amerik\u00ebs, nuk kan\u00eb qen\u00eb kund\u00ebr hapjes s\u00eb Ur\u00ebs s\u00eb Ibrit por q\u00eb kan\u00eb k\u00ebrkuar koordinim.<\/strong><\/p>\n<p>Gjat\u00eb vizit\u00ebs n\u00eb Komun\u00ebn e Vitis\u00eb, e para e shtetit ka th\u00ebn\u00eb se ShBA-ja ka k\u00ebrkuar q\u00eb bashk\u00ebrisht t\u00eb ul\u00ebn dhe t\u00eb krijojn\u00eb nj\u00eb plan t\u00eb zbatimit p\u00ebr hapjen e k\u00ebsaj ure.<\/p>\n<p>Osmani ka th\u00ebn\u00eb se p\u00ebr hapjen e ur\u00ebs nuk duhet t\u00eb pyetet Serbia, nd\u00ebrsa ka th\u00ebn\u00eb se as z\u00ebdh\u00ebn\u00ebsi i BE-s\u00eb, Peter Stano nuk e pyet Serbin\u00eb kur i kalon urat n\u00eb shtetin e tij.<\/p>\n","protected":false},"excerpt":{"rendered":"<p>Presidentja e Kosov\u00ebs, Vjosa Osmani, ka th\u00ebn\u00eb se gjat\u00eb takimeve q\u00eb i ka zhvilluar n\u00eb Shtetet e Bashkuara t\u00eb Amerik\u00ebs, nuk kan\u00eb qen\u00eb kund\u00ebr hapjes s\u00eb Ur\u00ebs s\u00eb Ibrit por q\u00eb kan\u00eb k\u00ebrkuar koordinim. Gjat\u00eb vizit\u00ebs n\u00eb Komun\u00ebn e Vitis\u00eb, e para e shtetit ka th\u00ebn\u00eb se ShBA-ja ka k\u00ebrkuar q\u00eb bashk\u00ebrisht t\u00eb ul\u00ebn dhe [&hellip;]<\/p>\n","protected":false},"author":1,"featured_media":68122,"comment_status":"closed","ping_status":"closed","sticky":false,"template":"","format":"standard","meta":{"_monsterinsights_skip_tracking":false,"_monsterinsights_sitenote_active":false,"_monsterinsights_sitenote_note":"","_monsterinsights_sitenote_category":0,"_uf_show_specific_survey":0,"_uf_disable_surveys":false,"footnotes":""},"categories":[3324],"tags":[163],"yoast_head":"<!-- This site is optimized with the Yoast SEO plugin v21.5 - https:\/\/yoast.com\/wordpress\/plugins\/seo\/ -->\n<title>Osmani: N\u00eb vizit\u00ebn time n\u00eb ShBA s&#039;pash\u00eb kund\u00ebrshtime p\u00ebr hapjen e Ur\u00ebs s\u00eb Ibrit<\/title>\n<meta name=\"robots\" content=\"index, follow, max-snippet:-1, max-image-preview:large, max-video-preview:-1\" \/>\n<link rel=\"canonical\" href=\"https:\/\/permbledhja.com\/sq\/osmani-ne-viziten-time-ne-shba-spashe-kundershtime-per-hapjen-e-ures-se-ibrit\/\" \/>\n<meta property=\"og:locale\" content=\"sq_AL\" \/>\n<meta property=\"og:type\" content=\"article\" \/>\n<meta property=\"og:title\" content=\"Osmani: N\u00eb vizit\u00ebn time n\u00eb ShBA s&#039;pash\u00eb kund\u00ebrshtime p\u00ebr hapjen e Ur\u00ebs s\u00eb Ibrit\" \/>\n<meta property=\"og:description\" content=\"Presidentja e Kosov\u00ebs, Vjosa Osmani, ka th\u00ebn\u00eb se gjat\u00eb takimeve q\u00eb i ka zhvilluar n\u00eb Shtetet e Bashkuara t\u00eb Amerik\u00ebs, nuk kan\u00eb qen\u00eb kund\u00ebr hapjes s\u00eb Ur\u00ebs s\u00eb Ibrit por q\u00eb kan\u00eb k\u00ebrkuar koordinim. Gjat\u00eb vizit\u00ebs n\u00eb Komun\u00ebn e Vitis\u00eb, e para e shtetit ka th\u00ebn\u00eb se ShBA-ja ka k\u00ebrkuar q\u00eb bashk\u00ebrisht t\u00eb ul\u00ebn dhe [&hellip;]\" \/>\n<meta property=\"og:url\" content=\"https:\/\/permbledhja.com\/sq\/osmani-ne-viziten-time-ne-shba-spashe-kundershtime-per-hapjen-e-ures-se-ibrit\/\" \/>\n<meta property=\"og:site_name\" content=\"Ve\u00e7 artikuj p\u00ebrmbledh\u00ebs\" \/>\n<meta property=\"article:publisher\" content=\"https:\/\/www.facebook.com\/press07\/\" \/>\n<meta property=\"article:author\" content=\"https:\/\/www.facebook.com\/kafexhiu.muharrem\/\" \/>\n<meta property=\"article:published_time\" content=\"2024-08-15T10:43:56+00:00\" \/>\n<meta property=\"article:modified_time\" content=\"2024-08-15T21:44:21+00:00\" \/>\n<meta property=\"og:image\" content=\"https:\/\/permbledhja.com\/wp-content\/uploads\/2024\/08\/vjo.jpg\" \/>\n\t<meta property=\"og:image:width\" content=\"1536\" \/>\n\t<meta property=\"og:image:height\" content=\"708\" \/>\n\t<meta property=\"og:image:type\" content=\"image\/jpeg\" \/>\n<meta name=\"author\" content=\"P\u00ebrmbledhja\" \/>\n<meta name=\"twitter:card\" content=\"summary_large_image\" \/>\n<meta name=\"twitter:label1\" content=\"Written by\" \/>\n\t<meta name=\"twitter:data1\" content=\"P\u00ebrmbledhja\" \/>\n\t<meta name=\"twitter:label2\" content=\"Est. reading time\" \/>\n\t<meta name=\"twitter:data2\" content=\"1 minut\u00eb\" \/>\n<script type=\"application\/ld+json\" class=\"yoast-schema-graph\">{\"@context\":\"https:\/\/schema.org\",\"@graph\":[{\"@type\":\"Article\",\"@id\":\"https:\/\/permbledhja.com\/sq\/osmani-ne-viziten-time-ne-shba-spashe-kundershtime-per-hapjen-e-ures-se-ibrit\/#article\",\"isPartOf\":{\"@id\":\"https:\/\/permbledhja.com\/sq\/osmani-ne-viziten-time-ne-shba-spashe-kundershtime-per-hapjen-e-ures-se-ibrit\/\"},\"author\":{\"name\":\"P\u00ebrmbledhja\",\"@id\":\"https:\/\/permbledhja.com\/#\/schema\/person\/0d064377258d3221e50693947b9eb4fe\"},\"headline\":\"Osmani: N\u00eb vizit\u00ebn time n\u00eb ShBA s&#8217;pash\u00eb kund\u00ebrshtime p\u00ebr hapjen e Ur\u00ebs s\u00eb Ibrit\",\"datePublished\":\"2024-08-15T10:43:56+00:00\",\"dateModified\":\"2024-08-15T21:44:21+00:00\",\"mainEntityOfPage\":{\"@id\":\"https:\/\/permbledhja.com\/sq\/osmani-ne-viziten-time-ne-shba-spashe-kundershtime-per-hapjen-e-ures-se-ibrit\/\"},\"wordCount\":141,\"publisher\":{\"@id\":\"https:\/\/permbledhja.com\/#organization\"},\"keywords\":[\"Vjosa Osmani\"],\"articleSection\":[\"Dyt\u00ebsore\"],\"inLanguage\":\"sq\"},{\"@type\":\"WebPage\",\"@id\":\"https:\/\/permbledhja.com\/sq\/osmani-ne-viziten-time-ne-shba-spashe-kundershtime-per-hapjen-e-ures-se-ibrit\/\",\"url\":\"https:\/\/permbledhja.com\/sq\/osmani-ne-viziten-time-ne-shba-spashe-kundershtime-per-hapjen-e-ures-se-ibrit\/\",\"name\":\"Osmani: N\u00eb vizit\u00ebn time n\u00eb ShBA s'pash\u00eb kund\u00ebrshtime p\u00ebr hapjen e Ur\u00ebs s\u00eb Ibrit\",\"isPartOf\":{\"@id\":\"https:\/\/permbledhja.com\/#website\"},\"datePublished\":\"2024-08-15T10:43:56+00:00\",\"dateModified\":\"2024-08-15T21:44:21+00:00\",\"breadcrumb\":{\"@id\":\"https:\/\/permbledhja.com\/sq\/osmani-ne-viziten-time-ne-shba-spashe-kundershtime-per-hapjen-e-ures-se-ibrit\/#breadcrumb\"},\"inLanguage\":\"sq\",\"potentialAction\":[{\"@type\":\"ReadAction\",\"target\":[\"https:\/\/permbledhja.com\/sq\/osmani-ne-viziten-time-ne-shba-spashe-kundershtime-per-hapjen-e-ures-se-ibrit\/\"]}]},{\"@type\":\"BreadcrumbList\",\"@id\":\"https:\/\/permbledhja.com\/sq\/osmani-ne-viziten-time-ne-shba-spashe-kundershtime-per-hapjen-e-ures-se-ibrit\/#breadcrumb\",\"itemListElement\":[{\"@type\":\"ListItem\",\"position\":1,\"name\":\"Ballina\",\"item\":\"https:\/\/permbledhja.com\/sq\/\"},{\"@type\":\"ListItem\",\"position\":2,\"name\":\"Osmani: N\u00eb vizit\u00ebn time n\u00eb ShBA s&#8217;pash\u00eb kund\u00ebrshtime p\u00ebr hapjen e Ur\u00ebs s\u00eb Ibrit\"}]},{\"@type\":\"WebSite\",\"@id\":\"https:\/\/permbledhja.com\/#website\",\"url\":\"https:\/\/permbledhja.com\/\",\"name\":\"Ve\u00e7 artikuj p\u00ebrmbledh\u00ebs\",\"description\":\"\",\"publisher\":{\"@id\":\"https:\/\/permbledhja.com\/#organization\"},\"potentialAction\":[{\"@type\":\"SearchAction\",\"target\":{\"@type\":\"EntryPoint\",\"urlTemplate\":\"https:\/\/permbledhja.com\/?s={search_term_string}\"},\"query-input\":\"required name=search_term_string\"}],\"inLanguage\":\"sq\"},{\"@type\":\"Organization\",\"@id\":\"https:\/\/permbledhja.com\/#organization\",\"name\":\"MK Media & Pr\",\"url\":\"https:\/\/permbledhja.com\/\",\"logo\":{\"@type\":\"ImageObject\",\"inLanguage\":\"sq\",\"@id\":\"https:\/\/permbledhja.com\/#\/schema\/logo\/image\/\",\"url\":\"https:\/\/permbledhja.com\/wp-content\/uploads\/2021\/12\/07-Press-Logo.jpg\",\"contentUrl\":\"https:\/\/permbledhja.com\/wp-content\/uploads\/2021\/12\/07-Press-Logo.jpg\",\"width\":512,\"height\":512,\"caption\":\"MK Media & Pr\"},\"image\":{\"@id\":\"https:\/\/permbledhja.com\/#\/schema\/logo\/image\/\"},\"sameAs\":[\"https:\/\/www.facebook.com\/press07\/\"]},{\"@type\":\"Person\",\"@id\":\"https:\/\/permbledhja.com\/#\/schema\/person\/0d064377258d3221e50693947b9eb4fe\",\"name\":\"P\u00ebrmbledhja\",\"image\":{\"@type\":\"ImageObject\",\"inLanguage\":\"sq\",\"@id\":\"https:\/\/permbledhja.com\/#\/schema\/person\/image\/\",\"url\":\"https:\/\/permbledhja.com\/wp-content\/uploads\/2026\/01\/452004717_1040944174702970_8932037511805513407_n-96x96.jpg\",\"contentUrl\":\"https:\/\/permbledhja.com\/wp-content\/uploads\/2026\/01\/452004717_1040944174702970_8932037511805513407_n-96x96.jpg\",\"caption\":\"P\u00ebrmbledhja\"},\"sameAs\":[\"https:\/\/www.facebook.com\/kafexhiu.muharrem\/\",\"https:\/\/www.instagram.com\/muharrem_kafexhiu\/\"],\"url\":\"https:\/\/permbledhja.com\/sq\/author\/admin\/\"}]}<\/script>\n<!-- \/ Yoast SEO plugin. -->","yoast_head_json":{"title":"Osmani: N\u00eb vizit\u00ebn time n\u00eb ShBA s'pash\u00eb kund\u00ebrshtime p\u00ebr hapjen e Ur\u00ebs s\u00eb Ibrit","robots":{"index":"index","follow":"follow","max-snippet":"max-snippet:-1","max-image-preview":"max-image-preview:large","max-video-preview":"max-video-preview:-1"},"canonical":"https:\/\/permbledhja.com\/sq\/osmani-ne-viziten-time-ne-shba-spashe-kundershtime-per-hapjen-e-ures-se-ibrit\/","og_locale":"sq_AL","og_type":"article","og_title":"Osmani: N\u00eb vizit\u00ebn time n\u00eb ShBA s'pash\u00eb kund\u00ebrshtime p\u00ebr hapjen e Ur\u00ebs s\u00eb Ibrit","og_description":"Presidentja e Kosov\u00ebs, Vjosa Osmani, ka th\u00ebn\u00eb se gjat\u00eb takimeve q\u00eb i ka zhvilluar n\u00eb Shtetet e Bashkuara t\u00eb Amerik\u00ebs, nuk kan\u00eb qen\u00eb kund\u00ebr hapjes s\u00eb Ur\u00ebs s\u00eb Ibrit por q\u00eb kan\u00eb k\u00ebrkuar koordinim. Gjat\u00eb vizit\u00ebs n\u00eb Komun\u00ebn e Vitis\u00eb, e para e shtetit ka th\u00ebn\u00eb se ShBA-ja ka k\u00ebrkuar q\u00eb bashk\u00ebrisht t\u00eb ul\u00ebn dhe [&hellip;]","og_url":"https:\/\/permbledhja.com\/sq\/osmani-ne-viziten-time-ne-shba-spashe-kundershtime-per-hapjen-e-ures-se-ibrit\/","og_site_name":"Ve\u00e7 artikuj p\u00ebrmbledh\u00ebs","article_publisher":"https:\/\/www.facebook.com\/press07\/","article_author":"https:\/\/www.facebook.com\/kafexhiu.muharrem\/","article_published_time":"2024-08-15T10:43:56+00:00","article_modified_time":"2024-08-15T21:44:21+00:00","og_image":[{"width":1536,"height":708,"url":"https:\/\/permbledhja.com\/wp-content\/uploads\/2024\/08\/vjo.jpg","type":"image\/jpeg"}],"author":"P\u00ebrmbledhja","twitter_card":"summary_large_image","twitter_misc":{"Written by":"P\u00ebrmbledhja","Est. reading time":"1 minut\u00eb"},"schema":{"@context":"https:\/\/schema.org","@graph":[{"@type":"Article","@id":"https:\/\/permbledhja.com\/sq\/osmani-ne-viziten-time-ne-shba-spashe-kundershtime-per-hapjen-e-ures-se-ibrit\/#article","isPartOf":{"@id":"https:\/\/permbledhja.com\/sq\/osmani-ne-viziten-time-ne-shba-spashe-kundershtime-per-hapjen-e-ures-se-ibrit\/"},"author":{"name":"P\u00ebrmbledhja","@id":"https:\/\/permbledhja.com\/#\/schema\/person\/0d064377258d3221e50693947b9eb4fe"},"headline":"Osmani: N\u00eb vizit\u00ebn time n\u00eb ShBA s&#8217;pash\u00eb kund\u00ebrshtime p\u00ebr hapjen e Ur\u00ebs s\u00eb Ibrit","datePublished":"2024-08-15T10:43:56+00:00","dateModified":"2024-08-15T21:44:21+00:00","mainEntityOfPage":{"@id":"https:\/\/permbledhja.com\/sq\/osmani-ne-viziten-time-ne-shba-spashe-kundershtime-per-hapjen-e-ures-se-ibrit\/"},"wordCount":141,"publisher":{"@id":"https:\/\/permbledhja.com\/#organization"},"keywords":["Vjosa Osmani"],"articleSection":["Dyt\u00ebsore"],"inLanguage":"sq"},{"@type":"WebPage","@id":"https:\/\/permbledhja.com\/sq\/osmani-ne-viziten-time-ne-shba-spashe-kundershtime-per-hapjen-e-ures-se-ibrit\/","url":"https:\/\/permbledhja.com\/sq\/osmani-ne-viziten-time-ne-shba-spashe-kundershtime-per-hapjen-e-ures-se-ibrit\/","name":"Osmani: N\u00eb vizit\u00ebn time n\u00eb ShBA s'pash\u00eb kund\u00ebrshtime p\u00ebr hapjen e Ur\u00ebs s\u00eb Ibrit","isPartOf":{"@id":"https:\/\/permbledhja.com\/#website"},"datePublished":"2024-08-15T10:43:56+00:00","dateModified":"2024-08-15T21:44:21+00:00","breadcrumb":{"@id":"https:\/\/permbledhja.com\/sq\/osmani-ne-viziten-time-ne-shba-spashe-kundershtime-per-hapjen-e-ures-se-ibrit\/#breadcrumb"},"inLanguage":"sq","potentialAction":[{"@type":"ReadAction","target":["https:\/\/permbledhja.com\/sq\/osmani-ne-viziten-time-ne-shba-spashe-kundershtime-per-hapjen-e-ures-se-ibrit\/"]}]},{"@type":"BreadcrumbList","@id":"https:\/\/permbledhja.com\/sq\/osmani-ne-viziten-time-ne-shba-spashe-kundershtime-per-hapjen-e-ures-se-ibrit\/#breadcrumb","itemListElement":[{"@type":"ListItem","position":1,"name":"Ballina","item":"https:\/\/permbledhja.com\/sq\/"},{"@type":"ListItem","position":2,"name":"Osmani: N\u00eb vizit\u00ebn time n\u00eb ShBA s&#8217;pash\u00eb kund\u00ebrshtime p\u00ebr hapjen e Ur\u00ebs s\u00eb Ibrit"}]},{"@type":"WebSite","@id":"https:\/\/permbledhja.com\/#website","url":"https:\/\/permbledhja.com\/","name":"Ve\u00e7 artikuj p\u00ebrmbledh\u00ebs","description":"","publisher":{"@id":"https:\/\/permbledhja.com\/#organization"},"potentialAction":[{"@type":"SearchAction","target":{"@type":"EntryPoint","urlTemplate":"https:\/\/permbledhja.com\/?s={search_term_string}"},"query-input":"required name=search_term_string"}],"inLanguage":"sq"},{"@type":"Organization","@id":"https:\/\/permbledhja.com\/#organization","name":"MK Media & Pr","url":"https:\/\/permbledhja.com\/","logo":{"@type":"ImageObject","inLanguage":"sq","@id":"https:\/\/permbledhja.com\/#\/schema\/logo\/image\/","url":"https:\/\/permbledhja.com\/wp-content\/uploads\/2021\/12\/07-Press-Logo.jpg","contentUrl":"https:\/\/permbledhja.com\/wp-content\/uploads\/2021\/12\/07-Press-Logo.jpg","width":512,"height":512,"caption":"MK Media & Pr"},"image":{"@id":"https:\/\/permbledhja.com\/#\/schema\/logo\/image\/"},"sameAs":["https:\/\/www.facebook.com\/press07\/"]},{"@type":"Person","@id":"https:\/\/permbledhja.com\/#\/schema\/person\/0d064377258d3221e50693947b9eb4fe","name":"P\u00ebrmbledhja","image":{"@type":"ImageObject","inLanguage":"sq","@id":"https:\/\/permbledhja.com\/#\/schema\/person\/image\/","url":"https:\/\/permbledhja.com\/wp-content\/uploads\/2026\/01\/452004717_1040944174702970_8932037511805513407_n-96x96.jpg","contentUrl":"https:\/\/permbledhja.com\/wp-content\/uploads\/2026\/01\/452004717_1040944174702970_8932037511805513407_n-96x96.jpg","caption":"P\u00ebrmbledhja"},"sameAs":["https:\/\/www.facebook.com\/kafexhiu.muharrem\/","https:\/\/www.instagram.com\/muharrem_kafexhiu\/"],"url":"https:\/\/permbledhja.com\/sq\/author\/admin\/"}]}},"_links":{"self":[{"href":"https:\/\/permbledhja.com\/sq\/wp-json\/wp\/v2\/posts\/68121"}],"collection":[{"href":"https:\/\/permbledhja.com\/sq\/wp-json\/wp\/v2\/posts"}],"about":[{"href":"https:\/\/permbledhja.com\/sq\/wp-json\/wp\/v2\/types\/post"}],"author":[{"embeddable":true,"href":"https:\/\/permbledhja.com\/sq\/wp-json\/wp\/v2\/users\/1"}],"replies":[{"embeddable":true,"href":"https:\/\/permbledhja.com\/sq\/wp-json\/wp\/v2\/comments?post=68121"}],"version-history":[{"count":1,"href":"https:\/\/permbledhja.com\/sq\/wp-json\/wp\/v2\/posts\/68121\/revisions"}],"predecessor-version":[{"id":68123,"href":"https:\/\/permbledhja.com\/sq\/wp-json\/wp\/v2\/posts\/68121\/revisions\/68123"}],"wp:featuredmedia":[{"embeddable":true,"href":"https:\/\/permbledhja.com\/sq\/wp-json\/wp\/v2\/media\/68122"}],"wp:attachment":[{"href":"https:\/\/permbledhja.com\/sq\/wp-json\/wp\/v2\/media?parent=68121"}],"wp:term":[{"taxonomy":"category","embeddable":true,"href":"https:\/\/permbledhja.com\/sq\/wp-json\/wp\/v2\/categories?post=68121"},{"taxonomy":"post_tag","embeddable":true,"href":"https:\/\/permbledhja.com\/sq\/wp-json\/wp\/v2\/tags?post=68121"}],"curies":[{"name":"wp","href":"https:\/\/api.w.org\/{rel}","templated":true}]}}