{"id":68119,"date":"2024-08-15T08:47:39","date_gmt":"2024-08-15T08:47:39","guid":{"rendered":"https:\/\/permbledhja.com\/?p=68119"},"modified":"2024-08-15T10:49:08","modified_gmt":"2024-08-15T10:49:08","slug":"blerim-ramadani-arratiset-nga-arresti-shtepiak-ne-shkup","status":"publish","type":"post","link":"https:\/\/permbledhja.com\/sq\/blerim-ramadani-arratiset-nga-arresti-shtepiak-ne-shkup\/","title":{"rendered":"Blerim Ramadani arratiset nga arresti sht\u00ebpiak n\u00eb Shkup"},"content":{"rendered":"<p><strong>Ish-pjes\u00ebtari i Ushtris\u00eb \u00c7lirimtare t\u00eb Kosov\u00ebs (U\u00c7K), Blerim Ramadani \u2013 i arrestuar muajin e kaluar nga policia maqedonase \u2013 ka ikur nga arresti sht\u00ebpiak nga sht\u00ebpia e t\u00eb af\u00ebrmve t\u00eb tij n\u00eb Maqedonin\u00eb e Veriut.<\/strong><\/p>\n<p>Ministria e Pun\u00ebve t\u00eb Brendshme e Maqedonis\u00eb s\u00eb Veriut tha t\u00eb enjten p\u00ebr agjencin\u00eb e lajmeve MIA se \u00ebsht\u00eb duke marr\u00eb masa p\u00ebr gjetjen e vendndodhjes s\u00eb Ramadanit.<\/p>\n<p>Ramadani u arrestua m\u00eb 17 korrik n\u00eb pik\u00ebkalimin kufitar Jazhinc\u00eb \u2013 q\u00eb lidh Kosov\u00ebn dhe Maqedonin\u00eb e Veriut \u2013 n\u00eb baz\u00eb t\u00eb nj\u00eb fletarrestimi t\u00eb l\u00ebshuar nga Gjykata n\u00eb Beograd, p\u00ebrmes INTERPOL Serbia, n\u00ebn akuza p\u00ebr krime lufte.<\/p>\n<p>Nj\u00eb gjykat\u00eb maqedonase m\u00eb 1 gusht urdh\u00ebroi q\u00eb Ramadani t\u00eb d\u00ebrgohet nga paraburgimi n\u00eb arrest sht\u00ebpiak dhe, sipas vendimit, ai \u00ebsht\u00eb d\u00ebrguar n\u00eb nj\u00eb adres\u00eb n\u00eb Shkup. Me k\u00ebt\u00eb vendim ishte parapar\u00eb q\u00eb ai t\u00eb q\u00ebndronte n\u00eb arrest sht\u00ebpiak deri m\u00eb 16 gusht.\/REL\/<\/p>\n","protected":false},"excerpt":{"rendered":"<p>Ish-pjes\u00ebtari i Ushtris\u00eb \u00c7lirimtare t\u00eb Kosov\u00ebs (U\u00c7K), Blerim Ramadani \u2013 i arrestuar muajin e kaluar nga policia maqedonase \u2013 ka ikur nga arresti sht\u00ebpiak nga sht\u00ebpia e t\u00eb af\u00ebrmve t\u00eb tij n\u00eb Maqedonin\u00eb e Veriut. Ministria e Pun\u00ebve t\u00eb Brendshme e Maqedonis\u00eb s\u00eb Veriut tha t\u00eb enjten p\u00ebr agjencin\u00eb e lajmeve MIA se \u00ebsht\u00eb duke [&hellip;]<\/p>\n","protected":false},"author":1,"featured_media":68016,"comment_status":"closed","ping_status":"closed","sticky":false,"template":"","format":"standard","meta":{"_monsterinsights_skip_tracking":false,"_monsterinsights_sitenote_active":false,"_monsterinsights_sitenote_note":"","_monsterinsights_sitenote_category":0,"_uf_show_specific_survey":0,"_uf_disable_surveys":false,"footnotes":""},"categories":[2645],"tags":[3348],"yoast_head":"<!-- This site is optimized with the Yoast SEO plugin v21.5 - https:\/\/yoast.com\/wordpress\/plugins\/seo\/ -->\n<title>Blerim Ramadani arratiset nga arresti sht\u00ebpiak n\u00eb Shkup<\/title>\n<meta name=\"robots\" content=\"index, follow, max-snippet:-1, max-image-preview:large, max-video-preview:-1\" \/>\n<link rel=\"canonical\" href=\"https:\/\/permbledhja.com\/sq\/blerim-ramadani-arratiset-nga-arresti-shtepiak-ne-shkup\/\" \/>\n<meta property=\"og:locale\" content=\"sq_AL\" \/>\n<meta property=\"og:type\" content=\"article\" \/>\n<meta property=\"og:title\" content=\"Blerim Ramadani arratiset nga arresti sht\u00ebpiak n\u00eb Shkup\" \/>\n<meta property=\"og:description\" content=\"Ish-pjes\u00ebtari i Ushtris\u00eb \u00c7lirimtare t\u00eb Kosov\u00ebs (U\u00c7K), Blerim Ramadani \u2013 i arrestuar muajin e kaluar nga policia maqedonase \u2013 ka ikur nga arresti sht\u00ebpiak nga sht\u00ebpia e t\u00eb af\u00ebrmve t\u00eb tij n\u00eb Maqedonin\u00eb e Veriut. Ministria e Pun\u00ebve t\u00eb Brendshme e Maqedonis\u00eb s\u00eb Veriut tha t\u00eb enjten p\u00ebr agjencin\u00eb e lajmeve MIA se \u00ebsht\u00eb duke [&hellip;]\" \/>\n<meta property=\"og:url\" content=\"https:\/\/permbledhja.com\/sq\/blerim-ramadani-arratiset-nga-arresti-shtepiak-ne-shkup\/\" \/>\n<meta property=\"og:site_name\" content=\"Ve\u00e7 artikuj p\u00ebrmbledh\u00ebs\" \/>\n<meta property=\"article:publisher\" content=\"https:\/\/www.facebook.com\/press07\/\" \/>\n<meta property=\"article:author\" content=\"https:\/\/www.facebook.com\/kafexhiu.muharrem\/\" \/>\n<meta property=\"article:published_time\" content=\"2024-08-15T08:47:39+00:00\" \/>\n<meta property=\"article:modified_time\" content=\"2024-08-15T10:49:08+00:00\" \/>\n<meta property=\"og:image\" content=\"https:\/\/permbledhja.com\/wp-content\/uploads\/2024\/08\/BLERIM-RAMADANI.jpg\" \/>\n\t<meta property=\"og:image:width\" content=\"900\" \/>\n\t<meta property=\"og:image:height\" content=\"601\" \/>\n\t<meta property=\"og:image:type\" content=\"image\/jpeg\" \/>\n<meta name=\"author\" content=\"P\u00ebrmbledhja\" \/>\n<meta name=\"twitter:card\" content=\"summary_large_image\" \/>\n<meta name=\"twitter:label1\" content=\"Written by\" \/>\n\t<meta name=\"twitter:data1\" content=\"P\u00ebrmbledhja\" \/>\n\t<meta name=\"twitter:label2\" content=\"Est. reading time\" \/>\n\t<meta name=\"twitter:data2\" content=\"1 minut\u00eb\" \/>\n<script type=\"application\/ld+json\" class=\"yoast-schema-graph\">{\"@context\":\"https:\/\/schema.org\",\"@graph\":[{\"@type\":\"Article\",\"@id\":\"https:\/\/permbledhja.com\/sq\/blerim-ramadani-arratiset-nga-arresti-shtepiak-ne-shkup\/#article\",\"isPartOf\":{\"@id\":\"https:\/\/permbledhja.com\/sq\/blerim-ramadani-arratiset-nga-arresti-shtepiak-ne-shkup\/\"},\"author\":{\"name\":\"P\u00ebrmbledhja\",\"@id\":\"https:\/\/permbledhja.com\/#\/schema\/person\/0d064377258d3221e50693947b9eb4fe\"},\"headline\":\"Blerim Ramadani arratiset nga arresti sht\u00ebpiak n\u00eb Shkup\",\"datePublished\":\"2024-08-15T08:47:39+00:00\",\"dateModified\":\"2024-08-15T10:49:08+00:00\",\"mainEntityOfPage\":{\"@id\":\"https:\/\/permbledhja.com\/sq\/blerim-ramadani-arratiset-nga-arresti-shtepiak-ne-shkup\/\"},\"wordCount\":169,\"publisher\":{\"@id\":\"https:\/\/permbledhja.com\/#organization\"},\"keywords\":[\"Blerim Ramdani\"],\"articleSection\":[\"T\u00eb r\u00ebnd\u00ebsishme\"],\"inLanguage\":\"sq\"},{\"@type\":\"WebPage\",\"@id\":\"https:\/\/permbledhja.com\/sq\/blerim-ramadani-arratiset-nga-arresti-shtepiak-ne-shkup\/\",\"url\":\"https:\/\/permbledhja.com\/sq\/blerim-ramadani-arratiset-nga-arresti-shtepiak-ne-shkup\/\",\"name\":\"Blerim Ramadani arratiset nga arresti sht\u00ebpiak n\u00eb Shkup\",\"isPartOf\":{\"@id\":\"https:\/\/permbledhja.com\/#website\"},\"datePublished\":\"2024-08-15T08:47:39+00:00\",\"dateModified\":\"2024-08-15T10:49:08+00:00\",\"breadcrumb\":{\"@id\":\"https:\/\/permbledhja.com\/sq\/blerim-ramadani-arratiset-nga-arresti-shtepiak-ne-shkup\/#breadcrumb\"},\"inLanguage\":\"sq\",\"potentialAction\":[{\"@type\":\"ReadAction\",\"target\":[\"https:\/\/permbledhja.com\/sq\/blerim-ramadani-arratiset-nga-arresti-shtepiak-ne-shkup\/\"]}]},{\"@type\":\"BreadcrumbList\",\"@id\":\"https:\/\/permbledhja.com\/sq\/blerim-ramadani-arratiset-nga-arresti-shtepiak-ne-shkup\/#breadcrumb\",\"itemListElement\":[{\"@type\":\"ListItem\",\"position\":1,\"name\":\"Ballina\",\"item\":\"https:\/\/permbledhja.com\/sq\/\"},{\"@type\":\"ListItem\",\"position\":2,\"name\":\"Blerim Ramadani arratiset nga arresti sht\u00ebpiak n\u00eb Shkup\"}]},{\"@type\":\"WebSite\",\"@id\":\"https:\/\/permbledhja.com\/#website\",\"url\":\"https:\/\/permbledhja.com\/\",\"name\":\"Ve\u00e7 artikuj p\u00ebrmbledh\u00ebs\",\"description\":\"\",\"publisher\":{\"@id\":\"https:\/\/permbledhja.com\/#organization\"},\"potentialAction\":[{\"@type\":\"SearchAction\",\"target\":{\"@type\":\"EntryPoint\",\"urlTemplate\":\"https:\/\/permbledhja.com\/?s={search_term_string}\"},\"query-input\":\"required name=search_term_string\"}],\"inLanguage\":\"sq\"},{\"@type\":\"Organization\",\"@id\":\"https:\/\/permbledhja.com\/#organization\",\"name\":\"MK Media & Pr\",\"url\":\"https:\/\/permbledhja.com\/\",\"logo\":{\"@type\":\"ImageObject\",\"inLanguage\":\"sq\",\"@id\":\"https:\/\/permbledhja.com\/#\/schema\/logo\/image\/\",\"url\":\"https:\/\/permbledhja.com\/wp-content\/uploads\/2021\/12\/07-Press-Logo.jpg\",\"contentUrl\":\"https:\/\/permbledhja.com\/wp-content\/uploads\/2021\/12\/07-Press-Logo.jpg\",\"width\":512,\"height\":512,\"caption\":\"MK Media & Pr\"},\"image\":{\"@id\":\"https:\/\/permbledhja.com\/#\/schema\/logo\/image\/\"},\"sameAs\":[\"https:\/\/www.facebook.com\/press07\/\"]},{\"@type\":\"Person\",\"@id\":\"https:\/\/permbledhja.com\/#\/schema\/person\/0d064377258d3221e50693947b9eb4fe\",\"name\":\"P\u00ebrmbledhja\",\"image\":{\"@type\":\"ImageObject\",\"inLanguage\":\"sq\",\"@id\":\"https:\/\/permbledhja.com\/#\/schema\/person\/image\/\",\"url\":\"https:\/\/permbledhja.com\/wp-content\/uploads\/2026\/01\/452004717_1040944174702970_8932037511805513407_n-96x96.jpg\",\"contentUrl\":\"https:\/\/permbledhja.com\/wp-content\/uploads\/2026\/01\/452004717_1040944174702970_8932037511805513407_n-96x96.jpg\",\"caption\":\"P\u00ebrmbledhja\"},\"sameAs\":[\"https:\/\/www.facebook.com\/kafexhiu.muharrem\/\",\"https:\/\/www.instagram.com\/muharrem_kafexhiu\/\"],\"url\":\"https:\/\/permbledhja.com\/sq\/author\/admin\/\"}]}<\/script>\n<!-- \/ Yoast SEO plugin. -->","yoast_head_json":{"title":"Blerim Ramadani arratiset nga arresti sht\u00ebpiak n\u00eb Shkup","robots":{"index":"index","follow":"follow","max-snippet":"max-snippet:-1","max-image-preview":"max-image-preview:large","max-video-preview":"max-video-preview:-1"},"canonical":"https:\/\/permbledhja.com\/sq\/blerim-ramadani-arratiset-nga-arresti-shtepiak-ne-shkup\/","og_locale":"sq_AL","og_type":"article","og_title":"Blerim Ramadani arratiset nga arresti sht\u00ebpiak n\u00eb Shkup","og_description":"Ish-pjes\u00ebtari i Ushtris\u00eb \u00c7lirimtare t\u00eb Kosov\u00ebs (U\u00c7K), Blerim Ramadani \u2013 i arrestuar muajin e kaluar nga policia maqedonase \u2013 ka ikur nga arresti sht\u00ebpiak nga sht\u00ebpia e t\u00eb af\u00ebrmve t\u00eb tij n\u00eb Maqedonin\u00eb e Veriut. Ministria e Pun\u00ebve t\u00eb Brendshme e Maqedonis\u00eb s\u00eb Veriut tha t\u00eb enjten p\u00ebr agjencin\u00eb e lajmeve MIA se \u00ebsht\u00eb duke [&hellip;]","og_url":"https:\/\/permbledhja.com\/sq\/blerim-ramadani-arratiset-nga-arresti-shtepiak-ne-shkup\/","og_site_name":"Ve\u00e7 artikuj p\u00ebrmbledh\u00ebs","article_publisher":"https:\/\/www.facebook.com\/press07\/","article_author":"https:\/\/www.facebook.com\/kafexhiu.muharrem\/","article_published_time":"2024-08-15T08:47:39+00:00","article_modified_time":"2024-08-15T10:49:08+00:00","og_image":[{"width":900,"height":601,"url":"https:\/\/permbledhja.com\/wp-content\/uploads\/2024\/08\/BLERIM-RAMADANI.jpg","type":"image\/jpeg"}],"author":"P\u00ebrmbledhja","twitter_card":"summary_large_image","twitter_misc":{"Written by":"P\u00ebrmbledhja","Est. reading time":"1 minut\u00eb"},"schema":{"@context":"https:\/\/schema.org","@graph":[{"@type":"Article","@id":"https:\/\/permbledhja.com\/sq\/blerim-ramadani-arratiset-nga-arresti-shtepiak-ne-shkup\/#article","isPartOf":{"@id":"https:\/\/permbledhja.com\/sq\/blerim-ramadani-arratiset-nga-arresti-shtepiak-ne-shkup\/"},"author":{"name":"P\u00ebrmbledhja","@id":"https:\/\/permbledhja.com\/#\/schema\/person\/0d064377258d3221e50693947b9eb4fe"},"headline":"Blerim Ramadani arratiset nga arresti sht\u00ebpiak n\u00eb Shkup","datePublished":"2024-08-15T08:47:39+00:00","dateModified":"2024-08-15T10:49:08+00:00","mainEntityOfPage":{"@id":"https:\/\/permbledhja.com\/sq\/blerim-ramadani-arratiset-nga-arresti-shtepiak-ne-shkup\/"},"wordCount":169,"publisher":{"@id":"https:\/\/permbledhja.com\/#organization"},"keywords":["Blerim Ramdani"],"articleSection":["T\u00eb r\u00ebnd\u00ebsishme"],"inLanguage":"sq"},{"@type":"WebPage","@id":"https:\/\/permbledhja.com\/sq\/blerim-ramadani-arratiset-nga-arresti-shtepiak-ne-shkup\/","url":"https:\/\/permbledhja.com\/sq\/blerim-ramadani-arratiset-nga-arresti-shtepiak-ne-shkup\/","name":"Blerim Ramadani arratiset nga arresti sht\u00ebpiak n\u00eb Shkup","isPartOf":{"@id":"https:\/\/permbledhja.com\/#website"},"datePublished":"2024-08-15T08:47:39+00:00","dateModified":"2024-08-15T10:49:08+00:00","breadcrumb":{"@id":"https:\/\/permbledhja.com\/sq\/blerim-ramadani-arratiset-nga-arresti-shtepiak-ne-shkup\/#breadcrumb"},"inLanguage":"sq","potentialAction":[{"@type":"ReadAction","target":["https:\/\/permbledhja.com\/sq\/blerim-ramadani-arratiset-nga-arresti-shtepiak-ne-shkup\/"]}]},{"@type":"BreadcrumbList","@id":"https:\/\/permbledhja.com\/sq\/blerim-ramadani-arratiset-nga-arresti-shtepiak-ne-shkup\/#breadcrumb","itemListElement":[{"@type":"ListItem","position":1,"name":"Ballina","item":"https:\/\/permbledhja.com\/sq\/"},{"@type":"ListItem","position":2,"name":"Blerim Ramadani arratiset nga arresti sht\u00ebpiak n\u00eb Shkup"}]},{"@type":"WebSite","@id":"https:\/\/permbledhja.com\/#website","url":"https:\/\/permbledhja.com\/","name":"Ve\u00e7 artikuj p\u00ebrmbledh\u00ebs","description":"","publisher":{"@id":"https:\/\/permbledhja.com\/#organization"},"potentialAction":[{"@type":"SearchAction","target":{"@type":"EntryPoint","urlTemplate":"https:\/\/permbledhja.com\/?s={search_term_string}"},"query-input":"required name=search_term_string"}],"inLanguage":"sq"},{"@type":"Organization","@id":"https:\/\/permbledhja.com\/#organization","name":"MK Media & Pr","url":"https:\/\/permbledhja.com\/","logo":{"@type":"ImageObject","inLanguage":"sq","@id":"https:\/\/permbledhja.com\/#\/schema\/logo\/image\/","url":"https:\/\/permbledhja.com\/wp-content\/uploads\/2021\/12\/07-Press-Logo.jpg","contentUrl":"https:\/\/permbledhja.com\/wp-content\/uploads\/2021\/12\/07-Press-Logo.jpg","width":512,"height":512,"caption":"MK Media & Pr"},"image":{"@id":"https:\/\/permbledhja.com\/#\/schema\/logo\/image\/"},"sameAs":["https:\/\/www.facebook.com\/press07\/"]},{"@type":"Person","@id":"https:\/\/permbledhja.com\/#\/schema\/person\/0d064377258d3221e50693947b9eb4fe","name":"P\u00ebrmbledhja","image":{"@type":"ImageObject","inLanguage":"sq","@id":"https:\/\/permbledhja.com\/#\/schema\/person\/image\/","url":"https:\/\/permbledhja.com\/wp-content\/uploads\/2026\/01\/452004717_1040944174702970_8932037511805513407_n-96x96.jpg","contentUrl":"https:\/\/permbledhja.com\/wp-content\/uploads\/2026\/01\/452004717_1040944174702970_8932037511805513407_n-96x96.jpg","caption":"P\u00ebrmbledhja"},"sameAs":["https:\/\/www.facebook.com\/kafexhiu.muharrem\/","https:\/\/www.instagram.com\/muharrem_kafexhiu\/"],"url":"https:\/\/permbledhja.com\/sq\/author\/admin\/"}]}},"_links":{"self":[{"href":"https:\/\/permbledhja.com\/sq\/wp-json\/wp\/v2\/posts\/68119"}],"collection":[{"href":"https:\/\/permbledhja.com\/sq\/wp-json\/wp\/v2\/posts"}],"about":[{"href":"https:\/\/permbledhja.com\/sq\/wp-json\/wp\/v2\/types\/post"}],"author":[{"embeddable":true,"href":"https:\/\/permbledhja.com\/sq\/wp-json\/wp\/v2\/users\/1"}],"replies":[{"embeddable":true,"href":"https:\/\/permbledhja.com\/sq\/wp-json\/wp\/v2\/comments?post=68119"}],"version-history":[{"count":1,"href":"https:\/\/permbledhja.com\/sq\/wp-json\/wp\/v2\/posts\/68119\/revisions"}],"predecessor-version":[{"id":68120,"href":"https:\/\/permbledhja.com\/sq\/wp-json\/wp\/v2\/posts\/68119\/revisions\/68120"}],"wp:featuredmedia":[{"embeddable":true,"href":"https:\/\/permbledhja.com\/sq\/wp-json\/wp\/v2\/media\/68016"}],"wp:attachment":[{"href":"https:\/\/permbledhja.com\/sq\/wp-json\/wp\/v2\/media?parent=68119"}],"wp:term":[{"taxonomy":"category","embeddable":true,"href":"https:\/\/permbledhja.com\/sq\/wp-json\/wp\/v2\/categories?post=68119"},{"taxonomy":"post_tag","embeddable":true,"href":"https:\/\/permbledhja.com\/sq\/wp-json\/wp\/v2\/tags?post=68119"}],"curies":[{"name":"wp","href":"https:\/\/api.w.org\/{rel}","templated":true}]}}