{"id":67914,"date":"2024-08-05T08:56:44","date_gmt":"2024-08-05T08:56:44","guid":{"rendered":"https:\/\/permbledhja.com\/?p=67914"},"modified":"2024-08-05T08:56:44","modified_gmt":"2024-08-05T08:56:44","slug":"muhaxheri-kurti-duhet-te-dorehiqet-sdi-ta-udheheqe-kosoven","status":"publish","type":"post","link":"https:\/\/permbledhja.com\/sq\/muhaxheri-kurti-duhet-te-dorehiqet-sdi-ta-udheheqe-kosoven\/","title":{"rendered":"Muhaxheri: Kurti duhet t\u00eb dor\u00ebhiqet, s\u2019di ta udh\u00ebheq\u00eb Kosov\u00ebn"},"content":{"rendered":"<p><strong>N\u00ebnkryetari i LDK-s\u00eb, Gazmend Muhaxheri ka deklaruar se partia ku b\u00ebn\u00eb ai pjes\u00eb jan\u00eb \u00e7do her\u00eb t\u00eb gatsh\u00ebm p\u00ebr zgjedhje.<\/strong><\/p>\n<p>Ai thot\u00eb se Kurti duhet t\u00eb dal t\u00eb jap dor\u00ebheqje pasi nuk ka dijeni p\u00ebr udh\u00ebheqjen e Kosov\u00ebs.<\/p>\n<p>Muhaxheri theksoi se presidentja Osmani do ta caktoj\u00eb dat\u00ebn e zgjedhjeve me afat ligjor.<\/p>\n<p>\u201c<em>Osmani i ka filluar bisedimet me afate ligjore dhe besoj q\u00eb me afat do ta caktoj\u00eb edhe dat\u00ebn e zgjedhjeve. Ne Kurtit jemi duke ia k\u00ebrkuar q\u00eb sa koh\u00eb t\u00eb jap dor\u00ebheqje e t\u00eb tregoj\u00eb q\u00eb s\u2019po din me udh\u00ebheq vendin, jemi sa m\u00eb par\u00eb t\u00eb shkojm\u00eb n\u00eb zgjedhje\u201d<\/em>, u shpreh Muhaxheri.<\/p>\n","protected":false},"excerpt":{"rendered":"<p>N\u00ebnkryetari i LDK-s\u00eb, Gazmend Muhaxheri ka deklaruar se partia ku b\u00ebn\u00eb ai pjes\u00eb jan\u00eb \u00e7do her\u00eb t\u00eb gatsh\u00ebm p\u00ebr zgjedhje. Ai thot\u00eb se Kurti duhet t\u00eb dal t\u00eb jap dor\u00ebheqje pasi nuk ka dijeni p\u00ebr udh\u00ebheqjen e Kosov\u00ebs. Muhaxheri theksoi se presidentja Osmani do ta caktoj\u00eb dat\u00ebn e zgjedhjeve me afat ligjor. \u201cOsmani i ka [&hellip;]<\/p>\n","protected":false},"author":1,"featured_media":67915,"comment_status":"closed","ping_status":"closed","sticky":false,"template":"","format":"standard","meta":{"_monsterinsights_skip_tracking":false,"_monsterinsights_sitenote_active":false,"_monsterinsights_sitenote_note":"","_monsterinsights_sitenote_category":0,"_uf_show_specific_survey":0,"_uf_disable_surveys":false,"footnotes":""},"categories":[3325],"tags":[1997],"yoast_head":"<!-- This site is optimized with the Yoast SEO plugin v21.5 - https:\/\/yoast.com\/wordpress\/plugins\/seo\/ -->\n<title>Muhaxheri: Kurti duhet t\u00eb dor\u00ebhiqet, s\u2019di ta udh\u00ebheq\u00eb Kosov\u00ebn<\/title>\n<meta name=\"robots\" content=\"index, follow, max-snippet:-1, max-image-preview:large, max-video-preview:-1\" \/>\n<link rel=\"canonical\" href=\"https:\/\/permbledhja.com\/sq\/muhaxheri-kurti-duhet-te-dorehiqet-sdi-ta-udheheqe-kosoven\/\" \/>\n<meta property=\"og:locale\" content=\"sq_AL\" \/>\n<meta property=\"og:type\" content=\"article\" \/>\n<meta property=\"og:title\" content=\"Muhaxheri: Kurti duhet t\u00eb dor\u00ebhiqet, s\u2019di ta udh\u00ebheq\u00eb Kosov\u00ebn\" \/>\n<meta property=\"og:description\" content=\"N\u00ebnkryetari i LDK-s\u00eb, Gazmend Muhaxheri ka deklaruar se partia ku b\u00ebn\u00eb ai pjes\u00eb jan\u00eb \u00e7do her\u00eb t\u00eb gatsh\u00ebm p\u00ebr zgjedhje. Ai thot\u00eb se Kurti duhet t\u00eb dal t\u00eb jap dor\u00ebheqje pasi nuk ka dijeni p\u00ebr udh\u00ebheqjen e Kosov\u00ebs. Muhaxheri theksoi se presidentja Osmani do ta caktoj\u00eb dat\u00ebn e zgjedhjeve me afat ligjor. \u201cOsmani i ka [&hellip;]\" \/>\n<meta property=\"og:url\" content=\"https:\/\/permbledhja.com\/sq\/muhaxheri-kurti-duhet-te-dorehiqet-sdi-ta-udheheqe-kosoven\/\" \/>\n<meta property=\"og:site_name\" content=\"Ve\u00e7 artikuj p\u00ebrmbledh\u00ebs\" \/>\n<meta property=\"article:publisher\" content=\"https:\/\/www.facebook.com\/press07\/\" \/>\n<meta property=\"article:author\" content=\"https:\/\/www.facebook.com\/kafexhiu.muharrem\/\" \/>\n<meta property=\"article:published_time\" content=\"2024-08-05T08:56:44+00:00\" \/>\n<meta property=\"og:image\" content=\"https:\/\/permbledhja.com\/wp-content\/uploads\/2024\/08\/4B0D3FB1-37E4-43D9-94A1-15F8BD8181A0.jpeg\" \/>\n\t<meta property=\"og:image:width\" content=\"600\" \/>\n\t<meta property=\"og:image:height\" content=\"360\" \/>\n\t<meta property=\"og:image:type\" content=\"image\/jpeg\" \/>\n<meta name=\"author\" content=\"P\u00ebrmbledhja\" \/>\n<meta name=\"twitter:card\" content=\"summary_large_image\" \/>\n<meta name=\"twitter:label1\" content=\"Written by\" \/>\n\t<meta name=\"twitter:data1\" content=\"P\u00ebrmbledhja\" \/>\n\t<meta name=\"twitter:label2\" content=\"Est. reading time\" \/>\n\t<meta name=\"twitter:data2\" content=\"1 minut\u00eb\" \/>\n<script type=\"application\/ld+json\" class=\"yoast-schema-graph\">{\"@context\":\"https:\/\/schema.org\",\"@graph\":[{\"@type\":\"Article\",\"@id\":\"https:\/\/permbledhja.com\/sq\/muhaxheri-kurti-duhet-te-dorehiqet-sdi-ta-udheheqe-kosoven\/#article\",\"isPartOf\":{\"@id\":\"https:\/\/permbledhja.com\/sq\/muhaxheri-kurti-duhet-te-dorehiqet-sdi-ta-udheheqe-kosoven\/\"},\"author\":{\"name\":\"P\u00ebrmbledhja\",\"@id\":\"https:\/\/permbledhja.com\/#\/schema\/person\/0d064377258d3221e50693947b9eb4fe\"},\"headline\":\"Muhaxheri: Kurti duhet t\u00eb dor\u00ebhiqet, s\u2019di ta udh\u00ebheq\u00eb Kosov\u00ebn\",\"datePublished\":\"2024-08-05T08:56:44+00:00\",\"dateModified\":\"2024-08-05T08:56:44+00:00\",\"mainEntityOfPage\":{\"@id\":\"https:\/\/permbledhja.com\/sq\/muhaxheri-kurti-duhet-te-dorehiqet-sdi-ta-udheheqe-kosoven\/\"},\"wordCount\":131,\"publisher\":{\"@id\":\"https:\/\/permbledhja.com\/#organization\"},\"keywords\":[\"Gazmend Muhaxheri\"],\"articleSection\":[\"Kryesore\"],\"inLanguage\":\"sq\"},{\"@type\":\"WebPage\",\"@id\":\"https:\/\/permbledhja.com\/sq\/muhaxheri-kurti-duhet-te-dorehiqet-sdi-ta-udheheqe-kosoven\/\",\"url\":\"https:\/\/permbledhja.com\/sq\/muhaxheri-kurti-duhet-te-dorehiqet-sdi-ta-udheheqe-kosoven\/\",\"name\":\"Muhaxheri: Kurti duhet t\u00eb dor\u00ebhiqet, s\u2019di ta udh\u00ebheq\u00eb Kosov\u00ebn\",\"isPartOf\":{\"@id\":\"https:\/\/permbledhja.com\/#website\"},\"datePublished\":\"2024-08-05T08:56:44+00:00\",\"dateModified\":\"2024-08-05T08:56:44+00:00\",\"breadcrumb\":{\"@id\":\"https:\/\/permbledhja.com\/sq\/muhaxheri-kurti-duhet-te-dorehiqet-sdi-ta-udheheqe-kosoven\/#breadcrumb\"},\"inLanguage\":\"sq\",\"potentialAction\":[{\"@type\":\"ReadAction\",\"target\":[\"https:\/\/permbledhja.com\/sq\/muhaxheri-kurti-duhet-te-dorehiqet-sdi-ta-udheheqe-kosoven\/\"]}]},{\"@type\":\"BreadcrumbList\",\"@id\":\"https:\/\/permbledhja.com\/sq\/muhaxheri-kurti-duhet-te-dorehiqet-sdi-ta-udheheqe-kosoven\/#breadcrumb\",\"itemListElement\":[{\"@type\":\"ListItem\",\"position\":1,\"name\":\"Ballina\",\"item\":\"https:\/\/permbledhja.com\/sq\/\"},{\"@type\":\"ListItem\",\"position\":2,\"name\":\"Muhaxheri: Kurti duhet t\u00eb dor\u00ebhiqet, s\u2019di ta udh\u00ebheq\u00eb Kosov\u00ebn\"}]},{\"@type\":\"WebSite\",\"@id\":\"https:\/\/permbledhja.com\/#website\",\"url\":\"https:\/\/permbledhja.com\/\",\"name\":\"Ve\u00e7 artikuj p\u00ebrmbledh\u00ebs\",\"description\":\"\",\"publisher\":{\"@id\":\"https:\/\/permbledhja.com\/#organization\"},\"potentialAction\":[{\"@type\":\"SearchAction\",\"target\":{\"@type\":\"EntryPoint\",\"urlTemplate\":\"https:\/\/permbledhja.com\/?s={search_term_string}\"},\"query-input\":\"required name=search_term_string\"}],\"inLanguage\":\"sq\"},{\"@type\":\"Organization\",\"@id\":\"https:\/\/permbledhja.com\/#organization\",\"name\":\"MK Media & Pr\",\"url\":\"https:\/\/permbledhja.com\/\",\"logo\":{\"@type\":\"ImageObject\",\"inLanguage\":\"sq\",\"@id\":\"https:\/\/permbledhja.com\/#\/schema\/logo\/image\/\",\"url\":\"https:\/\/permbledhja.com\/wp-content\/uploads\/2021\/12\/07-Press-Logo.jpg\",\"contentUrl\":\"https:\/\/permbledhja.com\/wp-content\/uploads\/2021\/12\/07-Press-Logo.jpg\",\"width\":512,\"height\":512,\"caption\":\"MK Media & Pr\"},\"image\":{\"@id\":\"https:\/\/permbledhja.com\/#\/schema\/logo\/image\/\"},\"sameAs\":[\"https:\/\/www.facebook.com\/press07\/\"]},{\"@type\":\"Person\",\"@id\":\"https:\/\/permbledhja.com\/#\/schema\/person\/0d064377258d3221e50693947b9eb4fe\",\"name\":\"P\u00ebrmbledhja\",\"image\":{\"@type\":\"ImageObject\",\"inLanguage\":\"sq\",\"@id\":\"https:\/\/permbledhja.com\/#\/schema\/person\/image\/\",\"url\":\"https:\/\/permbledhja.com\/wp-content\/uploads\/2026\/01\/452004717_1040944174702970_8932037511805513407_n-96x96.jpg\",\"contentUrl\":\"https:\/\/permbledhja.com\/wp-content\/uploads\/2026\/01\/452004717_1040944174702970_8932037511805513407_n-96x96.jpg\",\"caption\":\"P\u00ebrmbledhja\"},\"sameAs\":[\"https:\/\/www.facebook.com\/kafexhiu.muharrem\/\",\"https:\/\/www.instagram.com\/muharrem_kafexhiu\/\"],\"url\":\"https:\/\/permbledhja.com\/sq\/author\/admin\/\"}]}<\/script>\n<!-- \/ Yoast SEO plugin. -->","yoast_head_json":{"title":"Muhaxheri: Kurti duhet t\u00eb dor\u00ebhiqet, s\u2019di ta udh\u00ebheq\u00eb Kosov\u00ebn","robots":{"index":"index","follow":"follow","max-snippet":"max-snippet:-1","max-image-preview":"max-image-preview:large","max-video-preview":"max-video-preview:-1"},"canonical":"https:\/\/permbledhja.com\/sq\/muhaxheri-kurti-duhet-te-dorehiqet-sdi-ta-udheheqe-kosoven\/","og_locale":"sq_AL","og_type":"article","og_title":"Muhaxheri: Kurti duhet t\u00eb dor\u00ebhiqet, s\u2019di ta udh\u00ebheq\u00eb Kosov\u00ebn","og_description":"N\u00ebnkryetari i LDK-s\u00eb, Gazmend Muhaxheri ka deklaruar se partia ku b\u00ebn\u00eb ai pjes\u00eb jan\u00eb \u00e7do her\u00eb t\u00eb gatsh\u00ebm p\u00ebr zgjedhje. Ai thot\u00eb se Kurti duhet t\u00eb dal t\u00eb jap dor\u00ebheqje pasi nuk ka dijeni p\u00ebr udh\u00ebheqjen e Kosov\u00ebs. Muhaxheri theksoi se presidentja Osmani do ta caktoj\u00eb dat\u00ebn e zgjedhjeve me afat ligjor. \u201cOsmani i ka [&hellip;]","og_url":"https:\/\/permbledhja.com\/sq\/muhaxheri-kurti-duhet-te-dorehiqet-sdi-ta-udheheqe-kosoven\/","og_site_name":"Ve\u00e7 artikuj p\u00ebrmbledh\u00ebs","article_publisher":"https:\/\/www.facebook.com\/press07\/","article_author":"https:\/\/www.facebook.com\/kafexhiu.muharrem\/","article_published_time":"2024-08-05T08:56:44+00:00","og_image":[{"width":600,"height":360,"url":"https:\/\/permbledhja.com\/wp-content\/uploads\/2024\/08\/4B0D3FB1-37E4-43D9-94A1-15F8BD8181A0.jpeg","type":"image\/jpeg"}],"author":"P\u00ebrmbledhja","twitter_card":"summary_large_image","twitter_misc":{"Written by":"P\u00ebrmbledhja","Est. reading time":"1 minut\u00eb"},"schema":{"@context":"https:\/\/schema.org","@graph":[{"@type":"Article","@id":"https:\/\/permbledhja.com\/sq\/muhaxheri-kurti-duhet-te-dorehiqet-sdi-ta-udheheqe-kosoven\/#article","isPartOf":{"@id":"https:\/\/permbledhja.com\/sq\/muhaxheri-kurti-duhet-te-dorehiqet-sdi-ta-udheheqe-kosoven\/"},"author":{"name":"P\u00ebrmbledhja","@id":"https:\/\/permbledhja.com\/#\/schema\/person\/0d064377258d3221e50693947b9eb4fe"},"headline":"Muhaxheri: Kurti duhet t\u00eb dor\u00ebhiqet, s\u2019di ta udh\u00ebheq\u00eb Kosov\u00ebn","datePublished":"2024-08-05T08:56:44+00:00","dateModified":"2024-08-05T08:56:44+00:00","mainEntityOfPage":{"@id":"https:\/\/permbledhja.com\/sq\/muhaxheri-kurti-duhet-te-dorehiqet-sdi-ta-udheheqe-kosoven\/"},"wordCount":131,"publisher":{"@id":"https:\/\/permbledhja.com\/#organization"},"keywords":["Gazmend Muhaxheri"],"articleSection":["Kryesore"],"inLanguage":"sq"},{"@type":"WebPage","@id":"https:\/\/permbledhja.com\/sq\/muhaxheri-kurti-duhet-te-dorehiqet-sdi-ta-udheheqe-kosoven\/","url":"https:\/\/permbledhja.com\/sq\/muhaxheri-kurti-duhet-te-dorehiqet-sdi-ta-udheheqe-kosoven\/","name":"Muhaxheri: Kurti duhet t\u00eb dor\u00ebhiqet, s\u2019di ta udh\u00ebheq\u00eb Kosov\u00ebn","isPartOf":{"@id":"https:\/\/permbledhja.com\/#website"},"datePublished":"2024-08-05T08:56:44+00:00","dateModified":"2024-08-05T08:56:44+00:00","breadcrumb":{"@id":"https:\/\/permbledhja.com\/sq\/muhaxheri-kurti-duhet-te-dorehiqet-sdi-ta-udheheqe-kosoven\/#breadcrumb"},"inLanguage":"sq","potentialAction":[{"@type":"ReadAction","target":["https:\/\/permbledhja.com\/sq\/muhaxheri-kurti-duhet-te-dorehiqet-sdi-ta-udheheqe-kosoven\/"]}]},{"@type":"BreadcrumbList","@id":"https:\/\/permbledhja.com\/sq\/muhaxheri-kurti-duhet-te-dorehiqet-sdi-ta-udheheqe-kosoven\/#breadcrumb","itemListElement":[{"@type":"ListItem","position":1,"name":"Ballina","item":"https:\/\/permbledhja.com\/sq\/"},{"@type":"ListItem","position":2,"name":"Muhaxheri: Kurti duhet t\u00eb dor\u00ebhiqet, s\u2019di ta udh\u00ebheq\u00eb Kosov\u00ebn"}]},{"@type":"WebSite","@id":"https:\/\/permbledhja.com\/#website","url":"https:\/\/permbledhja.com\/","name":"Ve\u00e7 artikuj p\u00ebrmbledh\u00ebs","description":"","publisher":{"@id":"https:\/\/permbledhja.com\/#organization"},"potentialAction":[{"@type":"SearchAction","target":{"@type":"EntryPoint","urlTemplate":"https:\/\/permbledhja.com\/?s={search_term_string}"},"query-input":"required name=search_term_string"}],"inLanguage":"sq"},{"@type":"Organization","@id":"https:\/\/permbledhja.com\/#organization","name":"MK Media & Pr","url":"https:\/\/permbledhja.com\/","logo":{"@type":"ImageObject","inLanguage":"sq","@id":"https:\/\/permbledhja.com\/#\/schema\/logo\/image\/","url":"https:\/\/permbledhja.com\/wp-content\/uploads\/2021\/12\/07-Press-Logo.jpg","contentUrl":"https:\/\/permbledhja.com\/wp-content\/uploads\/2021\/12\/07-Press-Logo.jpg","width":512,"height":512,"caption":"MK Media & Pr"},"image":{"@id":"https:\/\/permbledhja.com\/#\/schema\/logo\/image\/"},"sameAs":["https:\/\/www.facebook.com\/press07\/"]},{"@type":"Person","@id":"https:\/\/permbledhja.com\/#\/schema\/person\/0d064377258d3221e50693947b9eb4fe","name":"P\u00ebrmbledhja","image":{"@type":"ImageObject","inLanguage":"sq","@id":"https:\/\/permbledhja.com\/#\/schema\/person\/image\/","url":"https:\/\/permbledhja.com\/wp-content\/uploads\/2026\/01\/452004717_1040944174702970_8932037511805513407_n-96x96.jpg","contentUrl":"https:\/\/permbledhja.com\/wp-content\/uploads\/2026\/01\/452004717_1040944174702970_8932037511805513407_n-96x96.jpg","caption":"P\u00ebrmbledhja"},"sameAs":["https:\/\/www.facebook.com\/kafexhiu.muharrem\/","https:\/\/www.instagram.com\/muharrem_kafexhiu\/"],"url":"https:\/\/permbledhja.com\/sq\/author\/admin\/"}]}},"_links":{"self":[{"href":"https:\/\/permbledhja.com\/sq\/wp-json\/wp\/v2\/posts\/67914"}],"collection":[{"href":"https:\/\/permbledhja.com\/sq\/wp-json\/wp\/v2\/posts"}],"about":[{"href":"https:\/\/permbledhja.com\/sq\/wp-json\/wp\/v2\/types\/post"}],"author":[{"embeddable":true,"href":"https:\/\/permbledhja.com\/sq\/wp-json\/wp\/v2\/users\/1"}],"replies":[{"embeddable":true,"href":"https:\/\/permbledhja.com\/sq\/wp-json\/wp\/v2\/comments?post=67914"}],"version-history":[{"count":1,"href":"https:\/\/permbledhja.com\/sq\/wp-json\/wp\/v2\/posts\/67914\/revisions"}],"predecessor-version":[{"id":67916,"href":"https:\/\/permbledhja.com\/sq\/wp-json\/wp\/v2\/posts\/67914\/revisions\/67916"}],"wp:featuredmedia":[{"embeddable":true,"href":"https:\/\/permbledhja.com\/sq\/wp-json\/wp\/v2\/media\/67915"}],"wp:attachment":[{"href":"https:\/\/permbledhja.com\/sq\/wp-json\/wp\/v2\/media?parent=67914"}],"wp:term":[{"taxonomy":"category","embeddable":true,"href":"https:\/\/permbledhja.com\/sq\/wp-json\/wp\/v2\/categories?post=67914"},{"taxonomy":"post_tag","embeddable":true,"href":"https:\/\/permbledhja.com\/sq\/wp-json\/wp\/v2\/tags?post=67914"}],"curies":[{"name":"wp","href":"https:\/\/api.w.org\/{rel}","templated":true}]}}