{"id":67901,"date":"2024-08-03T08:31:23","date_gmt":"2024-08-03T08:31:23","guid":{"rendered":"https:\/\/permbledhja.com\/?p=67901"},"modified":"2024-08-03T08:31:23","modified_gmt":"2024-08-03T08:31:23","slug":"15-vjecarja-beiqi-para-garimit-ne-olimpiade-po-me-realizohet-endrra","status":"publish","type":"post","link":"https:\/\/permbledhja.com\/sq\/15-vjecarja-beiqi-para-garimit-ne-olimpiade-po-me-realizohet-endrra\/","title":{"rendered":"15-vje\u00e7arja Beiqi para garimit n\u00eb Olimpiad\u00eb: Po m\u00eb realizohet \u00ebndrra"},"content":{"rendered":"<p><strong>Notarja Hana Beiqi \u00ebsht\u00eb garuesja e fundit e cila do ta p\u00ebrfaq\u00ebsoj\u00eb Kosov\u00ebn n\u00eb Loj\u00ebrat Olimpike \u201cParis 2024\u201d.<\/strong><\/p>\n<p>15 vje\u00e7arja do t\u00eb debutoj\u00eb sot nga ora 11:00 n\u00eb Loj\u00ebrat Olimpike n\u00eb disiplin\u00ebn 50 metra stil i lir\u00eb.<\/p>\n<p>Hana n\u00eb nj\u00eb intervist\u00eb p\u00ebr faqen zyrtare t\u00eb Komitetit Olimpik t\u00eb Kosov\u00ebs ka th\u00ebn\u00eb se po i realizohet \u00ebndrra.<\/p>\n<p>\u201d<em>Pjes\u00ebmarrja n\u00eb Loj\u00ebrat Olimpike normalisht q\u00eb \u00ebsht\u00eb pun\u00eb e gjat\u00eb, prej fillimit t\u00eb karrier\u00ebs sime e kam pasur deshir\u00eb me marr pjes\u00eb n\u00eb Loj\u00ebrat Olimpike dhe tashm\u00eb mu ka plot\u00ebsuar d\u00ebshira, \u00ebnrra jem prej se ja kum nis notit, normalisht ka q\u00ebn\u00eb nj\u00eb rug\u00ebtim i v\u00ebshtir\u00eb, sidomos me luft\u00ebn nd\u00ebrmjet federat\u00ebs, por me r\u00ebnd\u00ebsi ia kam dal e kom qit prov\u00ebn q\u00eb muj me mrri edhe muj me q\u00ebn\u00eb an\u00ebtare e Komitetit Olimpik dhe shpresoj ta p\u00ebrfaq\u00ebsoj Kosov\u00ebn dhe ta d\u00ebrgoj n\u00eb nivelin m\u00eb t\u00eb lart\u00eb n\u00eb sportin e notit\u201d<\/em>, ka th\u00ebn\u00eb ajo.<\/p>\n","protected":false},"excerpt":{"rendered":"<p>Notarja Hana Beiqi \u00ebsht\u00eb garuesja e fundit e cila do ta p\u00ebrfaq\u00ebsoj\u00eb Kosov\u00ebn n\u00eb Loj\u00ebrat Olimpike \u201cParis 2024\u201d. 15 vje\u00e7arja do t\u00eb debutoj\u00eb sot nga ora 11:00 n\u00eb Loj\u00ebrat Olimpike n\u00eb disiplin\u00ebn 50 metra stil i lir\u00eb. Hana n\u00eb nj\u00eb intervist\u00eb p\u00ebr faqen zyrtare t\u00eb Komitetit Olimpik t\u00eb Kosov\u00ebs ka th\u00ebn\u00eb se po i realizohet [&hellip;]<\/p>\n","protected":false},"author":1,"featured_media":67902,"comment_status":"closed","ping_status":"closed","sticky":false,"template":"","format":"standard","meta":{"_monsterinsights_skip_tracking":false,"_monsterinsights_sitenote_active":false,"_monsterinsights_sitenote_note":"","_monsterinsights_sitenote_category":0,"_uf_show_specific_survey":0,"_uf_disable_surveys":false,"footnotes":""},"categories":[3324],"tags":[3336],"yoast_head":"<!-- This site is optimized with the Yoast SEO plugin v21.5 - https:\/\/yoast.com\/wordpress\/plugins\/seo\/ -->\n<title>15-vje\u00e7arja Beiqi para garimit n\u00eb Olimpiad\u00eb: Po m\u00eb realizohet \u00ebndrra<\/title>\n<meta name=\"robots\" content=\"index, follow, max-snippet:-1, max-image-preview:large, max-video-preview:-1\" \/>\n<link rel=\"canonical\" href=\"https:\/\/permbledhja.com\/sq\/15-vjecarja-beiqi-para-garimit-ne-olimpiade-po-me-realizohet-endrra\/\" \/>\n<meta property=\"og:locale\" content=\"sq_AL\" \/>\n<meta property=\"og:type\" content=\"article\" \/>\n<meta property=\"og:title\" content=\"15-vje\u00e7arja Beiqi para garimit n\u00eb Olimpiad\u00eb: Po m\u00eb realizohet \u00ebndrra\" \/>\n<meta property=\"og:description\" content=\"Notarja Hana Beiqi \u00ebsht\u00eb garuesja e fundit e cila do ta p\u00ebrfaq\u00ebsoj\u00eb Kosov\u00ebn n\u00eb Loj\u00ebrat Olimpike \u201cParis 2024\u201d. 15 vje\u00e7arja do t\u00eb debutoj\u00eb sot nga ora 11:00 n\u00eb Loj\u00ebrat Olimpike n\u00eb disiplin\u00ebn 50 metra stil i lir\u00eb. Hana n\u00eb nj\u00eb intervist\u00eb p\u00ebr faqen zyrtare t\u00eb Komitetit Olimpik t\u00eb Kosov\u00ebs ka th\u00ebn\u00eb se po i realizohet [&hellip;]\" \/>\n<meta property=\"og:url\" content=\"https:\/\/permbledhja.com\/sq\/15-vjecarja-beiqi-para-garimit-ne-olimpiade-po-me-realizohet-endrra\/\" \/>\n<meta property=\"og:site_name\" content=\"Ve\u00e7 artikuj p\u00ebrmbledh\u00ebs\" \/>\n<meta property=\"article:publisher\" content=\"https:\/\/www.facebook.com\/press07\/\" \/>\n<meta property=\"article:author\" content=\"https:\/\/www.facebook.com\/kafexhiu.muharrem\/\" \/>\n<meta property=\"article:published_time\" content=\"2024-08-03T08:31:23+00:00\" \/>\n<meta property=\"og:image\" content=\"https:\/\/permbledhja.com\/wp-content\/uploads\/2024\/08\/69FD6AF4-5B78-4E58-B20B-1EBDCCB4B3A0.jpeg\" \/>\n\t<meta property=\"og:image:width\" content=\"1284\" \/>\n\t<meta property=\"og:image:height\" content=\"868\" \/>\n\t<meta property=\"og:image:type\" content=\"image\/jpeg\" \/>\n<meta name=\"author\" content=\"P\u00ebrmbledhja\" \/>\n<meta name=\"twitter:card\" content=\"summary_large_image\" \/>\n<meta name=\"twitter:label1\" content=\"Written by\" \/>\n\t<meta name=\"twitter:data1\" content=\"P\u00ebrmbledhja\" \/>\n\t<meta name=\"twitter:label2\" content=\"Est. reading time\" \/>\n\t<meta name=\"twitter:data2\" content=\"1 minut\u00eb\" \/>\n<script type=\"application\/ld+json\" class=\"yoast-schema-graph\">{\"@context\":\"https:\/\/schema.org\",\"@graph\":[{\"@type\":\"Article\",\"@id\":\"https:\/\/permbledhja.com\/15-vjecarja-beiqi-para-garimit-ne-olimpiade-po-me-realizohet-endrra\/#article\",\"isPartOf\":{\"@id\":\"https:\/\/permbledhja.com\/15-vjecarja-beiqi-para-garimit-ne-olimpiade-po-me-realizohet-endrra\/\"},\"author\":{\"name\":\"P\u00ebrmbledhja\",\"@id\":\"https:\/\/permbledhja.com\/#\/schema\/person\/0d064377258d3221e50693947b9eb4fe\"},\"headline\":\"15-vje\u00e7arja Beiqi para garimit n\u00eb Olimpiad\u00eb: Po m\u00eb realizohet \u00ebndrra\",\"datePublished\":\"2024-08-03T08:31:23+00:00\",\"dateModified\":\"2024-08-03T08:31:23+00:00\",\"mainEntityOfPage\":{\"@id\":\"https:\/\/permbledhja.com\/15-vjecarja-beiqi-para-garimit-ne-olimpiade-po-me-realizohet-endrra\/\"},\"wordCount\":188,\"publisher\":{\"@id\":\"https:\/\/permbledhja.com\/#organization\"},\"keywords\":[\"Hana Beiqi\"],\"articleSection\":[\"Dyt\u00ebsore\"],\"inLanguage\":\"sq\"},{\"@type\":\"WebPage\",\"@id\":\"https:\/\/permbledhja.com\/15-vjecarja-beiqi-para-garimit-ne-olimpiade-po-me-realizohet-endrra\/\",\"url\":\"https:\/\/permbledhja.com\/15-vjecarja-beiqi-para-garimit-ne-olimpiade-po-me-realizohet-endrra\/\",\"name\":\"15-vje\u00e7arja Beiqi para garimit n\u00eb Olimpiad\u00eb: Po m\u00eb realizohet \u00ebndrra\",\"isPartOf\":{\"@id\":\"https:\/\/permbledhja.com\/#website\"},\"datePublished\":\"2024-08-03T08:31:23+00:00\",\"dateModified\":\"2024-08-03T08:31:23+00:00\",\"breadcrumb\":{\"@id\":\"https:\/\/permbledhja.com\/15-vjecarja-beiqi-para-garimit-ne-olimpiade-po-me-realizohet-endrra\/#breadcrumb\"},\"inLanguage\":\"sq\",\"potentialAction\":[{\"@type\":\"ReadAction\",\"target\":[\"https:\/\/permbledhja.com\/15-vjecarja-beiqi-para-garimit-ne-olimpiade-po-me-realizohet-endrra\/\"]}]},{\"@type\":\"BreadcrumbList\",\"@id\":\"https:\/\/permbledhja.com\/15-vjecarja-beiqi-para-garimit-ne-olimpiade-po-me-realizohet-endrra\/#breadcrumb\",\"itemListElement\":[{\"@type\":\"ListItem\",\"position\":1,\"name\":\"Ballina\",\"item\":\"https:\/\/permbledhja.com\/sq\/\"},{\"@type\":\"ListItem\",\"position\":2,\"name\":\"15-vje\u00e7arja Beiqi para garimit n\u00eb Olimpiad\u00eb: Po m\u00eb realizohet \u00ebndrra\"}]},{\"@type\":\"WebSite\",\"@id\":\"https:\/\/permbledhja.com\/#website\",\"url\":\"https:\/\/permbledhja.com\/\",\"name\":\"Ve\u00e7 artikuj p\u00ebrmbledh\u00ebs\",\"description\":\"\",\"publisher\":{\"@id\":\"https:\/\/permbledhja.com\/#organization\"},\"potentialAction\":[{\"@type\":\"SearchAction\",\"target\":{\"@type\":\"EntryPoint\",\"urlTemplate\":\"https:\/\/permbledhja.com\/?s={search_term_string}\"},\"query-input\":\"required name=search_term_string\"}],\"inLanguage\":\"sq\"},{\"@type\":\"Organization\",\"@id\":\"https:\/\/permbledhja.com\/#organization\",\"name\":\"MK Media & Pr\",\"url\":\"https:\/\/permbledhja.com\/\",\"logo\":{\"@type\":\"ImageObject\",\"inLanguage\":\"sq\",\"@id\":\"https:\/\/permbledhja.com\/#\/schema\/logo\/image\/\",\"url\":\"https:\/\/permbledhja.com\/wp-content\/uploads\/2021\/12\/07-Press-Logo.jpg\",\"contentUrl\":\"https:\/\/permbledhja.com\/wp-content\/uploads\/2021\/12\/07-Press-Logo.jpg\",\"width\":512,\"height\":512,\"caption\":\"MK Media & Pr\"},\"image\":{\"@id\":\"https:\/\/permbledhja.com\/#\/schema\/logo\/image\/\"},\"sameAs\":[\"https:\/\/www.facebook.com\/press07\/\"]},{\"@type\":\"Person\",\"@id\":\"https:\/\/permbledhja.com\/#\/schema\/person\/0d064377258d3221e50693947b9eb4fe\",\"name\":\"P\u00ebrmbledhja\",\"image\":{\"@type\":\"ImageObject\",\"inLanguage\":\"sq\",\"@id\":\"https:\/\/permbledhja.com\/#\/schema\/person\/image\/\",\"url\":\"https:\/\/permbledhja.com\/wp-content\/uploads\/2026\/01\/452004717_1040944174702970_8932037511805513407_n-96x96.jpg\",\"contentUrl\":\"https:\/\/permbledhja.com\/wp-content\/uploads\/2026\/01\/452004717_1040944174702970_8932037511805513407_n-96x96.jpg\",\"caption\":\"P\u00ebrmbledhja\"},\"sameAs\":[\"https:\/\/www.facebook.com\/kafexhiu.muharrem\/\",\"https:\/\/www.instagram.com\/muharrem_kafexhiu\/\"],\"url\":\"https:\/\/permbledhja.com\/sq\/author\/admin\/\"}]}<\/script>\n<!-- \/ Yoast SEO plugin. -->","yoast_head_json":{"title":"15-vje\u00e7arja Beiqi para garimit n\u00eb Olimpiad\u00eb: Po m\u00eb realizohet \u00ebndrra","robots":{"index":"index","follow":"follow","max-snippet":"max-snippet:-1","max-image-preview":"max-image-preview:large","max-video-preview":"max-video-preview:-1"},"canonical":"https:\/\/permbledhja.com\/sq\/15-vjecarja-beiqi-para-garimit-ne-olimpiade-po-me-realizohet-endrra\/","og_locale":"sq_AL","og_type":"article","og_title":"15-vje\u00e7arja Beiqi para garimit n\u00eb Olimpiad\u00eb: Po m\u00eb realizohet \u00ebndrra","og_description":"Notarja Hana Beiqi \u00ebsht\u00eb garuesja e fundit e cila do ta p\u00ebrfaq\u00ebsoj\u00eb Kosov\u00ebn n\u00eb Loj\u00ebrat Olimpike \u201cParis 2024\u201d. 15 vje\u00e7arja do t\u00eb debutoj\u00eb sot nga ora 11:00 n\u00eb Loj\u00ebrat Olimpike n\u00eb disiplin\u00ebn 50 metra stil i lir\u00eb. Hana n\u00eb nj\u00eb intervist\u00eb p\u00ebr faqen zyrtare t\u00eb Komitetit Olimpik t\u00eb Kosov\u00ebs ka th\u00ebn\u00eb se po i realizohet [&hellip;]","og_url":"https:\/\/permbledhja.com\/sq\/15-vjecarja-beiqi-para-garimit-ne-olimpiade-po-me-realizohet-endrra\/","og_site_name":"Ve\u00e7 artikuj p\u00ebrmbledh\u00ebs","article_publisher":"https:\/\/www.facebook.com\/press07\/","article_author":"https:\/\/www.facebook.com\/kafexhiu.muharrem\/","article_published_time":"2024-08-03T08:31:23+00:00","og_image":[{"width":1284,"height":868,"url":"https:\/\/permbledhja.com\/wp-content\/uploads\/2024\/08\/69FD6AF4-5B78-4E58-B20B-1EBDCCB4B3A0.jpeg","type":"image\/jpeg"}],"author":"P\u00ebrmbledhja","twitter_card":"summary_large_image","twitter_misc":{"Written by":"P\u00ebrmbledhja","Est. reading time":"1 minut\u00eb"},"schema":{"@context":"https:\/\/schema.org","@graph":[{"@type":"Article","@id":"https:\/\/permbledhja.com\/15-vjecarja-beiqi-para-garimit-ne-olimpiade-po-me-realizohet-endrra\/#article","isPartOf":{"@id":"https:\/\/permbledhja.com\/15-vjecarja-beiqi-para-garimit-ne-olimpiade-po-me-realizohet-endrra\/"},"author":{"name":"P\u00ebrmbledhja","@id":"https:\/\/permbledhja.com\/#\/schema\/person\/0d064377258d3221e50693947b9eb4fe"},"headline":"15-vje\u00e7arja Beiqi para garimit n\u00eb Olimpiad\u00eb: Po m\u00eb realizohet \u00ebndrra","datePublished":"2024-08-03T08:31:23+00:00","dateModified":"2024-08-03T08:31:23+00:00","mainEntityOfPage":{"@id":"https:\/\/permbledhja.com\/15-vjecarja-beiqi-para-garimit-ne-olimpiade-po-me-realizohet-endrra\/"},"wordCount":188,"publisher":{"@id":"https:\/\/permbledhja.com\/#organization"},"keywords":["Hana Beiqi"],"articleSection":["Dyt\u00ebsore"],"inLanguage":"sq"},{"@type":"WebPage","@id":"https:\/\/permbledhja.com\/15-vjecarja-beiqi-para-garimit-ne-olimpiade-po-me-realizohet-endrra\/","url":"https:\/\/permbledhja.com\/15-vjecarja-beiqi-para-garimit-ne-olimpiade-po-me-realizohet-endrra\/","name":"15-vje\u00e7arja Beiqi para garimit n\u00eb Olimpiad\u00eb: Po m\u00eb realizohet \u00ebndrra","isPartOf":{"@id":"https:\/\/permbledhja.com\/#website"},"datePublished":"2024-08-03T08:31:23+00:00","dateModified":"2024-08-03T08:31:23+00:00","breadcrumb":{"@id":"https:\/\/permbledhja.com\/15-vjecarja-beiqi-para-garimit-ne-olimpiade-po-me-realizohet-endrra\/#breadcrumb"},"inLanguage":"sq","potentialAction":[{"@type":"ReadAction","target":["https:\/\/permbledhja.com\/15-vjecarja-beiqi-para-garimit-ne-olimpiade-po-me-realizohet-endrra\/"]}]},{"@type":"BreadcrumbList","@id":"https:\/\/permbledhja.com\/15-vjecarja-beiqi-para-garimit-ne-olimpiade-po-me-realizohet-endrra\/#breadcrumb","itemListElement":[{"@type":"ListItem","position":1,"name":"Ballina","item":"https:\/\/permbledhja.com\/sq\/"},{"@type":"ListItem","position":2,"name":"15-vje\u00e7arja Beiqi para garimit n\u00eb Olimpiad\u00eb: Po m\u00eb realizohet \u00ebndrra"}]},{"@type":"WebSite","@id":"https:\/\/permbledhja.com\/#website","url":"https:\/\/permbledhja.com\/","name":"Ve\u00e7 artikuj p\u00ebrmbledh\u00ebs","description":"","publisher":{"@id":"https:\/\/permbledhja.com\/#organization"},"potentialAction":[{"@type":"SearchAction","target":{"@type":"EntryPoint","urlTemplate":"https:\/\/permbledhja.com\/?s={search_term_string}"},"query-input":"required name=search_term_string"}],"inLanguage":"sq"},{"@type":"Organization","@id":"https:\/\/permbledhja.com\/#organization","name":"MK Media & Pr","url":"https:\/\/permbledhja.com\/","logo":{"@type":"ImageObject","inLanguage":"sq","@id":"https:\/\/permbledhja.com\/#\/schema\/logo\/image\/","url":"https:\/\/permbledhja.com\/wp-content\/uploads\/2021\/12\/07-Press-Logo.jpg","contentUrl":"https:\/\/permbledhja.com\/wp-content\/uploads\/2021\/12\/07-Press-Logo.jpg","width":512,"height":512,"caption":"MK Media & Pr"},"image":{"@id":"https:\/\/permbledhja.com\/#\/schema\/logo\/image\/"},"sameAs":["https:\/\/www.facebook.com\/press07\/"]},{"@type":"Person","@id":"https:\/\/permbledhja.com\/#\/schema\/person\/0d064377258d3221e50693947b9eb4fe","name":"P\u00ebrmbledhja","image":{"@type":"ImageObject","inLanguage":"sq","@id":"https:\/\/permbledhja.com\/#\/schema\/person\/image\/","url":"https:\/\/permbledhja.com\/wp-content\/uploads\/2026\/01\/452004717_1040944174702970_8932037511805513407_n-96x96.jpg","contentUrl":"https:\/\/permbledhja.com\/wp-content\/uploads\/2026\/01\/452004717_1040944174702970_8932037511805513407_n-96x96.jpg","caption":"P\u00ebrmbledhja"},"sameAs":["https:\/\/www.facebook.com\/kafexhiu.muharrem\/","https:\/\/www.instagram.com\/muharrem_kafexhiu\/"],"url":"https:\/\/permbledhja.com\/sq\/author\/admin\/"}]}},"_links":{"self":[{"href":"https:\/\/permbledhja.com\/sq\/wp-json\/wp\/v2\/posts\/67901"}],"collection":[{"href":"https:\/\/permbledhja.com\/sq\/wp-json\/wp\/v2\/posts"}],"about":[{"href":"https:\/\/permbledhja.com\/sq\/wp-json\/wp\/v2\/types\/post"}],"author":[{"embeddable":true,"href":"https:\/\/permbledhja.com\/sq\/wp-json\/wp\/v2\/users\/1"}],"replies":[{"embeddable":true,"href":"https:\/\/permbledhja.com\/sq\/wp-json\/wp\/v2\/comments?post=67901"}],"version-history":[{"count":1,"href":"https:\/\/permbledhja.com\/sq\/wp-json\/wp\/v2\/posts\/67901\/revisions"}],"predecessor-version":[{"id":67903,"href":"https:\/\/permbledhja.com\/sq\/wp-json\/wp\/v2\/posts\/67901\/revisions\/67903"}],"wp:featuredmedia":[{"embeddable":true,"href":"https:\/\/permbledhja.com\/sq\/wp-json\/wp\/v2\/media\/67902"}],"wp:attachment":[{"href":"https:\/\/permbledhja.com\/sq\/wp-json\/wp\/v2\/media?parent=67901"}],"wp:term":[{"taxonomy":"category","embeddable":true,"href":"https:\/\/permbledhja.com\/sq\/wp-json\/wp\/v2\/categories?post=67901"},{"taxonomy":"post_tag","embeddable":true,"href":"https:\/\/permbledhja.com\/sq\/wp-json\/wp\/v2\/tags?post=67901"}],"curies":[{"name":"wp","href":"https:\/\/api.w.org\/{rel}","templated":true}]}}