{"id":67899,"date":"2024-08-02T17:20:12","date_gmt":"2024-08-02T17:20:12","guid":{"rendered":"https:\/\/permbledhja.com\/?p=67899"},"modified":"2024-08-02T17:20:12","modified_gmt":"2024-08-02T17:20:12","slug":"incidenti-i-presidentes-osmani-ne-shkup-mpjd-i-con-note-proteste-rmv-se","status":"publish","type":"post","link":"https:\/\/permbledhja.com\/sq\/incidenti-i-presidentes-osmani-ne-shkup-mpjd-i-con-note-proteste-rmv-se\/","title":{"rendered":"Incidenti i presidentes Osmani n\u00eb Shkup, MPJD i \u00e7on not\u00eb proteste RMV-s\u00eb"},"content":{"rendered":"<p><strong>Kosova i ka d\u00ebrguar not\u00eb proteste Maqedonis\u00eb s\u00eb Veriut pas insidentit me presidenten e Kosov\u00ebs Vjosa Osmani.<\/strong><\/p>\n<p>Ministrja e Pun\u00ebve t\u00eb Jashtme, Donika G\u00ebrvalla, \u00ebsht\u00eb takuar me ambasadoren e Maqedonis\u00eb s\u00eb Veriut n\u00eb Kosov\u00eb mbr\u00ebm\u00eb, pas incidentit dhe trajtimit jo dinjitoz q\u00eb thuhet se iu b\u00eb presidentes Vjosa Osmani n\u00eb Aeroportin e Shkupit, t\u00eb enjten.<\/p>\n<p>G\u00ebrvalla ka paraqitur nj\u00eb not\u00eb proteste pran\u00eb autoriteteve t\u00eb Maqedonis\u00eb s\u00eb Veriut, duke k\u00ebrkuar sqarim t\u00eb menj\u00ebhersh\u00ebm dhe t\u00eb plot\u00eb p\u00ebr k\u00ebt\u00eb incident.<\/p>\n<p>Nj\u00ebkoh\u00ebsisht, \u00ebsht\u00eb k\u00ebrkuar q\u00eb autoritetet maqedonase t\u00eb nd\u00ebrmarrin masa t\u00eb menj\u00ebhershme p\u00ebr t\u00eb hetuar k\u00ebt\u00eb rast dhe p\u00ebr t\u00eb siguruar q\u00eb ngjarje t\u00eb tilla t\u00eb mos p\u00ebrs\u00ebriten n\u00eb t\u00eb ardhmen.<\/p>\n<p><strong>Njoftimi i plot\u00eb i MPJD:<\/strong><\/p>\n<p><em>Lidhur me incidentin e djesh\u00ebm n\u00eb Aeroportin e Shkupit, ku Presidentja e Republik\u00ebs s\u00eb Kosov\u00ebs, Sh.S. Dr. Vjosa Osmani, u ballafaqua me nj\u00eb trajtim t\u00eb pap\u00ebrshtatsh\u00ebm dhe t\u00eb kund\u00ebrligjsh\u00ebm nga ana e pjes\u00ebtar\u00ebve t\u00eb sigurimit t\u00eb aeroportit, Ministria e Pun\u00ebve t\u00eb Jashtme dhe Diaspor\u00ebs e Republik\u00ebs s\u00eb Kosov\u00ebs ka nd\u00ebrmarr\u00eb hapa t\u00eb menj\u00ebhersh\u00ebm duke k\u00ebrkuar informata zyrtare dhe detaje t\u00eb rastit nga Ambasada e Maqedonis\u00eb s\u00eb Veriut n\u00eb Kosov\u00eb.<\/em><\/p>\n<p><em>N\u00eb lidhje me k\u00ebt\u00eb incident, Ministrja e Pun\u00ebve t\u00eb Jashtme dhe Diaspor\u00ebs, Donika G\u00ebrvalla, ka takuar ambasadoren e Maqedonis\u00eb s\u00eb Veriut n\u00eb Kosov\u00eb mbr\u00ebm\u00eb menj\u00ebher\u00eb pas incidentit dhe po ashtu edhe sot, duke k\u00ebrkuar sqarime n\u00eb lidhje me rastin.<\/em><\/p>\n<p><em>Gjithashtu, Ministrja G\u00ebrvalla ka realizuar sot nj\u00eb takim n\u00eb MPJ me z\u00ebvend\u00ebskryeministrin e Maqedonis\u00eb s\u00eb Veriut, z. Arben Fetai, me t\u00eb cilin kan\u00eb diskutuar rreth incidentit n\u00eb fjal\u00eb dhe nevoj\u00ebn e ndermarrjes s\u00eb veprimeve t\u00eb shpejta institucionale.<\/em><\/p>\n<p><em>N\u00eb kuad\u00ebr t\u00eb veprimeve t\u00eb ndermarra, Ministrja G\u00ebrvalla ka pranuar sot pasdite edhe nj\u00eb telefonat\u00eb nga homologu i saj, Ministri i Pun\u00ebve t\u00eb Jashtme, Tim\u00e7o Mucunski, gjat\u00eb s\u00eb cil\u00ebs u shpreh\u00ebn shqet\u00ebsimet e institucioneve t\u00eb Kosov\u00ebs pas incidentit t\u00eb djesh\u00ebm.<\/em><\/p>\n<p><em>Ministrja G\u00ebrvalla ka paraqitur nj\u00eb not\u00eb proteste pran\u00eb autoriteteve t\u00eb Maqedonis\u00eb s\u00eb Veriut, duke k\u00ebrkuar sqarim t\u00eb menj\u00ebhersh\u00ebm dhe t\u00eb plot\u00eb p\u00ebr k\u00ebt\u00eb incident. Nj\u00ebkoh\u00ebsisht, \u00ebsht\u00eb k\u00ebrkuar q\u00eb autoritetet maqedonase t\u00eb nd\u00ebrmarrin masa t\u00eb menj\u00ebhershme p\u00ebr t\u00eb hetuar k\u00ebt\u00eb rast dhe p\u00ebr t\u00eb siguruar q\u00eb ngjarje t\u00eb tilla t\u00eb mos p\u00ebrs\u00ebriten n\u00eb t\u00eb ardhmen.<\/em><\/p>\n","protected":false},"excerpt":{"rendered":"<p>Kosova i ka d\u00ebrguar not\u00eb proteste Maqedonis\u00eb s\u00eb Veriut pas insidentit me presidenten e Kosov\u00ebs Vjosa Osmani. Ministrja e Pun\u00ebve t\u00eb Jashtme, Donika G\u00ebrvalla, \u00ebsht\u00eb takuar me ambasadoren e Maqedonis\u00eb s\u00eb Veriut n\u00eb Kosov\u00eb mbr\u00ebm\u00eb, pas incidentit dhe trajtimit jo dinjitoz q\u00eb thuhet se iu b\u00eb presidentes Vjosa Osmani n\u00eb Aeroportin e Shkupit, t\u00eb enjten. [&hellip;]<\/p>\n","protected":false},"author":1,"featured_media":61679,"comment_status":"closed","ping_status":"closed","sticky":false,"template":"","format":"standard","meta":{"_monsterinsights_skip_tracking":false,"_monsterinsights_sitenote_active":false,"_monsterinsights_sitenote_note":"","_monsterinsights_sitenote_category":0,"_uf_show_specific_survey":0,"_uf_disable_surveys":false,"footnotes":""},"categories":[3324],"tags":[3335],"yoast_head":"<!-- This site is optimized with the Yoast SEO plugin v21.5 - https:\/\/yoast.com\/wordpress\/plugins\/seo\/ -->\n<title>Incidenti i presidentes Osmani n\u00eb Shkup, MPJD i \u00e7on not\u00eb proteste RMV-s\u00eb<\/title>\n<meta name=\"robots\" content=\"index, follow, max-snippet:-1, max-image-preview:large, max-video-preview:-1\" \/>\n<link rel=\"canonical\" href=\"https:\/\/permbledhja.com\/sq\/incidenti-i-presidentes-osmani-ne-shkup-mpjd-i-con-note-proteste-rmv-se\/\" \/>\n<meta property=\"og:locale\" content=\"sq_AL\" \/>\n<meta property=\"og:type\" content=\"article\" \/>\n<meta property=\"og:title\" content=\"Incidenti i presidentes Osmani n\u00eb Shkup, MPJD i \u00e7on not\u00eb proteste RMV-s\u00eb\" \/>\n<meta property=\"og:description\" content=\"Kosova i ka d\u00ebrguar not\u00eb proteste Maqedonis\u00eb s\u00eb Veriut pas insidentit me presidenten e Kosov\u00ebs Vjosa Osmani. Ministrja e Pun\u00ebve t\u00eb Jashtme, Donika G\u00ebrvalla, \u00ebsht\u00eb takuar me ambasadoren e Maqedonis\u00eb s\u00eb Veriut n\u00eb Kosov\u00eb mbr\u00ebm\u00eb, pas incidentit dhe trajtimit jo dinjitoz q\u00eb thuhet se iu b\u00eb presidentes Vjosa Osmani n\u00eb Aeroportin e Shkupit, t\u00eb enjten. [&hellip;]\" \/>\n<meta property=\"og:url\" content=\"https:\/\/permbledhja.com\/sq\/incidenti-i-presidentes-osmani-ne-shkup-mpjd-i-con-note-proteste-rmv-se\/\" \/>\n<meta property=\"og:site_name\" content=\"Ve\u00e7 artikuj p\u00ebrmbledh\u00ebs\" \/>\n<meta property=\"article:publisher\" content=\"https:\/\/www.facebook.com\/press07\/\" \/>\n<meta property=\"article:author\" content=\"https:\/\/www.facebook.com\/kafexhiu.muharrem\/\" \/>\n<meta property=\"article:published_time\" content=\"2024-08-02T17:20:12+00:00\" \/>\n<meta property=\"og:image\" content=\"https:\/\/permbledhja.com\/wp-content\/uploads\/2024\/05\/gervalla-600x360-1.jpg\" \/>\n\t<meta property=\"og:image:width\" content=\"600\" \/>\n\t<meta property=\"og:image:height\" content=\"360\" \/>\n\t<meta property=\"og:image:type\" content=\"image\/jpeg\" \/>\n<meta name=\"author\" content=\"P\u00ebrmbledhja\" \/>\n<meta name=\"twitter:card\" content=\"summary_large_image\" \/>\n<meta name=\"twitter:label1\" content=\"Written by\" \/>\n\t<meta name=\"twitter:data1\" content=\"P\u00ebrmbledhja\" \/>\n\t<meta name=\"twitter:label2\" content=\"Est. reading time\" \/>\n\t<meta name=\"twitter:data2\" content=\"2 minuta\" \/>\n<script type=\"application\/ld+json\" class=\"yoast-schema-graph\">{\"@context\":\"https:\/\/schema.org\",\"@graph\":[{\"@type\":\"Article\",\"@id\":\"https:\/\/permbledhja.com\/sq\/incidenti-i-presidentes-osmani-ne-shkup-mpjd-i-con-note-proteste-rmv-se\/#article\",\"isPartOf\":{\"@id\":\"https:\/\/permbledhja.com\/sq\/incidenti-i-presidentes-osmani-ne-shkup-mpjd-i-con-note-proteste-rmv-se\/\"},\"author\":{\"name\":\"P\u00ebrmbledhja\",\"@id\":\"https:\/\/permbledhja.com\/#\/schema\/person\/0d064377258d3221e50693947b9eb4fe\"},\"headline\":\"Incidenti i presidentes Osmani n\u00eb Shkup, MPJD i \u00e7on not\u00eb proteste RMV-s\u00eb\",\"datePublished\":\"2024-08-02T17:20:12+00:00\",\"dateModified\":\"2024-08-02T17:20:12+00:00\",\"mainEntityOfPage\":{\"@id\":\"https:\/\/permbledhja.com\/sq\/incidenti-i-presidentes-osmani-ne-shkup-mpjd-i-con-note-proteste-rmv-se\/\"},\"wordCount\":439,\"publisher\":{\"@id\":\"https:\/\/permbledhja.com\/#organization\"},\"keywords\":[\"Aeroporti i Shkupit\"],\"articleSection\":[\"Dyt\u00ebsore\"],\"inLanguage\":\"sq\"},{\"@type\":\"WebPage\",\"@id\":\"https:\/\/permbledhja.com\/sq\/incidenti-i-presidentes-osmani-ne-shkup-mpjd-i-con-note-proteste-rmv-se\/\",\"url\":\"https:\/\/permbledhja.com\/sq\/incidenti-i-presidentes-osmani-ne-shkup-mpjd-i-con-note-proteste-rmv-se\/\",\"name\":\"Incidenti i presidentes Osmani n\u00eb Shkup, MPJD i \u00e7on not\u00eb proteste RMV-s\u00eb\",\"isPartOf\":{\"@id\":\"https:\/\/permbledhja.com\/#website\"},\"datePublished\":\"2024-08-02T17:20:12+00:00\",\"dateModified\":\"2024-08-02T17:20:12+00:00\",\"breadcrumb\":{\"@id\":\"https:\/\/permbledhja.com\/sq\/incidenti-i-presidentes-osmani-ne-shkup-mpjd-i-con-note-proteste-rmv-se\/#breadcrumb\"},\"inLanguage\":\"sq\",\"potentialAction\":[{\"@type\":\"ReadAction\",\"target\":[\"https:\/\/permbledhja.com\/sq\/incidenti-i-presidentes-osmani-ne-shkup-mpjd-i-con-note-proteste-rmv-se\/\"]}]},{\"@type\":\"BreadcrumbList\",\"@id\":\"https:\/\/permbledhja.com\/sq\/incidenti-i-presidentes-osmani-ne-shkup-mpjd-i-con-note-proteste-rmv-se\/#breadcrumb\",\"itemListElement\":[{\"@type\":\"ListItem\",\"position\":1,\"name\":\"Ballina\",\"item\":\"https:\/\/permbledhja.com\/sq\/\"},{\"@type\":\"ListItem\",\"position\":2,\"name\":\"Incidenti i presidentes Osmani n\u00eb Shkup, MPJD i \u00e7on not\u00eb proteste RMV-s\u00eb\"}]},{\"@type\":\"WebSite\",\"@id\":\"https:\/\/permbledhja.com\/#website\",\"url\":\"https:\/\/permbledhja.com\/\",\"name\":\"Ve\u00e7 artikuj p\u00ebrmbledh\u00ebs\",\"description\":\"\",\"publisher\":{\"@id\":\"https:\/\/permbledhja.com\/#organization\"},\"potentialAction\":[{\"@type\":\"SearchAction\",\"target\":{\"@type\":\"EntryPoint\",\"urlTemplate\":\"https:\/\/permbledhja.com\/?s={search_term_string}\"},\"query-input\":\"required name=search_term_string\"}],\"inLanguage\":\"sq\"},{\"@type\":\"Organization\",\"@id\":\"https:\/\/permbledhja.com\/#organization\",\"name\":\"MK Media & Pr\",\"url\":\"https:\/\/permbledhja.com\/\",\"logo\":{\"@type\":\"ImageObject\",\"inLanguage\":\"sq\",\"@id\":\"https:\/\/permbledhja.com\/#\/schema\/logo\/image\/\",\"url\":\"https:\/\/permbledhja.com\/wp-content\/uploads\/2021\/12\/07-Press-Logo.jpg\",\"contentUrl\":\"https:\/\/permbledhja.com\/wp-content\/uploads\/2021\/12\/07-Press-Logo.jpg\",\"width\":512,\"height\":512,\"caption\":\"MK Media & Pr\"},\"image\":{\"@id\":\"https:\/\/permbledhja.com\/#\/schema\/logo\/image\/\"},\"sameAs\":[\"https:\/\/www.facebook.com\/press07\/\"]},{\"@type\":\"Person\",\"@id\":\"https:\/\/permbledhja.com\/#\/schema\/person\/0d064377258d3221e50693947b9eb4fe\",\"name\":\"P\u00ebrmbledhja\",\"image\":{\"@type\":\"ImageObject\",\"inLanguage\":\"sq\",\"@id\":\"https:\/\/permbledhja.com\/#\/schema\/person\/image\/\",\"url\":\"https:\/\/permbledhja.com\/wp-content\/uploads\/2026\/01\/452004717_1040944174702970_8932037511805513407_n-96x96.jpg\",\"contentUrl\":\"https:\/\/permbledhja.com\/wp-content\/uploads\/2026\/01\/452004717_1040944174702970_8932037511805513407_n-96x96.jpg\",\"caption\":\"P\u00ebrmbledhja\"},\"sameAs\":[\"https:\/\/www.facebook.com\/kafexhiu.muharrem\/\",\"https:\/\/www.instagram.com\/muharrem_kafexhiu\/\"],\"url\":\"https:\/\/permbledhja.com\/sq\/author\/admin\/\"}]}<\/script>\n<!-- \/ Yoast SEO plugin. -->","yoast_head_json":{"title":"Incidenti i presidentes Osmani n\u00eb Shkup, MPJD i \u00e7on not\u00eb proteste RMV-s\u00eb","robots":{"index":"index","follow":"follow","max-snippet":"max-snippet:-1","max-image-preview":"max-image-preview:large","max-video-preview":"max-video-preview:-1"},"canonical":"https:\/\/permbledhja.com\/sq\/incidenti-i-presidentes-osmani-ne-shkup-mpjd-i-con-note-proteste-rmv-se\/","og_locale":"sq_AL","og_type":"article","og_title":"Incidenti i presidentes Osmani n\u00eb Shkup, MPJD i \u00e7on not\u00eb proteste RMV-s\u00eb","og_description":"Kosova i ka d\u00ebrguar not\u00eb proteste Maqedonis\u00eb s\u00eb Veriut pas insidentit me presidenten e Kosov\u00ebs Vjosa Osmani. Ministrja e Pun\u00ebve t\u00eb Jashtme, Donika G\u00ebrvalla, \u00ebsht\u00eb takuar me ambasadoren e Maqedonis\u00eb s\u00eb Veriut n\u00eb Kosov\u00eb mbr\u00ebm\u00eb, pas incidentit dhe trajtimit jo dinjitoz q\u00eb thuhet se iu b\u00eb presidentes Vjosa Osmani n\u00eb Aeroportin e Shkupit, t\u00eb enjten. [&hellip;]","og_url":"https:\/\/permbledhja.com\/sq\/incidenti-i-presidentes-osmani-ne-shkup-mpjd-i-con-note-proteste-rmv-se\/","og_site_name":"Ve\u00e7 artikuj p\u00ebrmbledh\u00ebs","article_publisher":"https:\/\/www.facebook.com\/press07\/","article_author":"https:\/\/www.facebook.com\/kafexhiu.muharrem\/","article_published_time":"2024-08-02T17:20:12+00:00","og_image":[{"width":600,"height":360,"url":"https:\/\/permbledhja.com\/wp-content\/uploads\/2024\/05\/gervalla-600x360-1.jpg","type":"image\/jpeg"}],"author":"P\u00ebrmbledhja","twitter_card":"summary_large_image","twitter_misc":{"Written by":"P\u00ebrmbledhja","Est. reading time":"2 minuta"},"schema":{"@context":"https:\/\/schema.org","@graph":[{"@type":"Article","@id":"https:\/\/permbledhja.com\/sq\/incidenti-i-presidentes-osmani-ne-shkup-mpjd-i-con-note-proteste-rmv-se\/#article","isPartOf":{"@id":"https:\/\/permbledhja.com\/sq\/incidenti-i-presidentes-osmani-ne-shkup-mpjd-i-con-note-proteste-rmv-se\/"},"author":{"name":"P\u00ebrmbledhja","@id":"https:\/\/permbledhja.com\/#\/schema\/person\/0d064377258d3221e50693947b9eb4fe"},"headline":"Incidenti i presidentes Osmani n\u00eb Shkup, MPJD i \u00e7on not\u00eb proteste RMV-s\u00eb","datePublished":"2024-08-02T17:20:12+00:00","dateModified":"2024-08-02T17:20:12+00:00","mainEntityOfPage":{"@id":"https:\/\/permbledhja.com\/sq\/incidenti-i-presidentes-osmani-ne-shkup-mpjd-i-con-note-proteste-rmv-se\/"},"wordCount":439,"publisher":{"@id":"https:\/\/permbledhja.com\/#organization"},"keywords":["Aeroporti i Shkupit"],"articleSection":["Dyt\u00ebsore"],"inLanguage":"sq"},{"@type":"WebPage","@id":"https:\/\/permbledhja.com\/sq\/incidenti-i-presidentes-osmani-ne-shkup-mpjd-i-con-note-proteste-rmv-se\/","url":"https:\/\/permbledhja.com\/sq\/incidenti-i-presidentes-osmani-ne-shkup-mpjd-i-con-note-proteste-rmv-se\/","name":"Incidenti i presidentes Osmani n\u00eb Shkup, MPJD i \u00e7on not\u00eb proteste RMV-s\u00eb","isPartOf":{"@id":"https:\/\/permbledhja.com\/#website"},"datePublished":"2024-08-02T17:20:12+00:00","dateModified":"2024-08-02T17:20:12+00:00","breadcrumb":{"@id":"https:\/\/permbledhja.com\/sq\/incidenti-i-presidentes-osmani-ne-shkup-mpjd-i-con-note-proteste-rmv-se\/#breadcrumb"},"inLanguage":"sq","potentialAction":[{"@type":"ReadAction","target":["https:\/\/permbledhja.com\/sq\/incidenti-i-presidentes-osmani-ne-shkup-mpjd-i-con-note-proteste-rmv-se\/"]}]},{"@type":"BreadcrumbList","@id":"https:\/\/permbledhja.com\/sq\/incidenti-i-presidentes-osmani-ne-shkup-mpjd-i-con-note-proteste-rmv-se\/#breadcrumb","itemListElement":[{"@type":"ListItem","position":1,"name":"Ballina","item":"https:\/\/permbledhja.com\/sq\/"},{"@type":"ListItem","position":2,"name":"Incidenti i presidentes Osmani n\u00eb Shkup, MPJD i \u00e7on not\u00eb proteste RMV-s\u00eb"}]},{"@type":"WebSite","@id":"https:\/\/permbledhja.com\/#website","url":"https:\/\/permbledhja.com\/","name":"Ve\u00e7 artikuj p\u00ebrmbledh\u00ebs","description":"","publisher":{"@id":"https:\/\/permbledhja.com\/#organization"},"potentialAction":[{"@type":"SearchAction","target":{"@type":"EntryPoint","urlTemplate":"https:\/\/permbledhja.com\/?s={search_term_string}"},"query-input":"required name=search_term_string"}],"inLanguage":"sq"},{"@type":"Organization","@id":"https:\/\/permbledhja.com\/#organization","name":"MK Media & Pr","url":"https:\/\/permbledhja.com\/","logo":{"@type":"ImageObject","inLanguage":"sq","@id":"https:\/\/permbledhja.com\/#\/schema\/logo\/image\/","url":"https:\/\/permbledhja.com\/wp-content\/uploads\/2021\/12\/07-Press-Logo.jpg","contentUrl":"https:\/\/permbledhja.com\/wp-content\/uploads\/2021\/12\/07-Press-Logo.jpg","width":512,"height":512,"caption":"MK Media & Pr"},"image":{"@id":"https:\/\/permbledhja.com\/#\/schema\/logo\/image\/"},"sameAs":["https:\/\/www.facebook.com\/press07\/"]},{"@type":"Person","@id":"https:\/\/permbledhja.com\/#\/schema\/person\/0d064377258d3221e50693947b9eb4fe","name":"P\u00ebrmbledhja","image":{"@type":"ImageObject","inLanguage":"sq","@id":"https:\/\/permbledhja.com\/#\/schema\/person\/image\/","url":"https:\/\/permbledhja.com\/wp-content\/uploads\/2026\/01\/452004717_1040944174702970_8932037511805513407_n-96x96.jpg","contentUrl":"https:\/\/permbledhja.com\/wp-content\/uploads\/2026\/01\/452004717_1040944174702970_8932037511805513407_n-96x96.jpg","caption":"P\u00ebrmbledhja"},"sameAs":["https:\/\/www.facebook.com\/kafexhiu.muharrem\/","https:\/\/www.instagram.com\/muharrem_kafexhiu\/"],"url":"https:\/\/permbledhja.com\/sq\/author\/admin\/"}]}},"_links":{"self":[{"href":"https:\/\/permbledhja.com\/sq\/wp-json\/wp\/v2\/posts\/67899"}],"collection":[{"href":"https:\/\/permbledhja.com\/sq\/wp-json\/wp\/v2\/posts"}],"about":[{"href":"https:\/\/permbledhja.com\/sq\/wp-json\/wp\/v2\/types\/post"}],"author":[{"embeddable":true,"href":"https:\/\/permbledhja.com\/sq\/wp-json\/wp\/v2\/users\/1"}],"replies":[{"embeddable":true,"href":"https:\/\/permbledhja.com\/sq\/wp-json\/wp\/v2\/comments?post=67899"}],"version-history":[{"count":1,"href":"https:\/\/permbledhja.com\/sq\/wp-json\/wp\/v2\/posts\/67899\/revisions"}],"predecessor-version":[{"id":67900,"href":"https:\/\/permbledhja.com\/sq\/wp-json\/wp\/v2\/posts\/67899\/revisions\/67900"}],"wp:featuredmedia":[{"embeddable":true,"href":"https:\/\/permbledhja.com\/sq\/wp-json\/wp\/v2\/media\/61679"}],"wp:attachment":[{"href":"https:\/\/permbledhja.com\/sq\/wp-json\/wp\/v2\/media?parent=67899"}],"wp:term":[{"taxonomy":"category","embeddable":true,"href":"https:\/\/permbledhja.com\/sq\/wp-json\/wp\/v2\/categories?post=67899"},{"taxonomy":"post_tag","embeddable":true,"href":"https:\/\/permbledhja.com\/sq\/wp-json\/wp\/v2\/tags?post=67899"}],"curies":[{"name":"wp","href":"https:\/\/api.w.org\/{rel}","templated":true}]}}