{"id":67896,"date":"2024-08-02T16:53:26","date_gmt":"2024-08-02T16:53:26","guid":{"rendered":"https:\/\/permbledhja.com\/?p=67896"},"modified":"2024-08-02T16:53:26","modified_gmt":"2024-08-02T16:53:26","slug":"vuciqi-me-gjysme-zemre-kosova-eshte-me-e-mire-se-ne-ne-xhudo","status":"publish","type":"post","link":"https:\/\/permbledhja.com\/sq\/vuciqi-me-gjysme-zemre-kosova-eshte-me-e-mire-se-ne-ne-xhudo\/","title":{"rendered":"Vu\u00e7iqi me gjysm\u00eb-zemre: Kosova \u00ebsht\u00eb m\u00eb e mir\u00eb se ne n\u00eb xhudo"},"content":{"rendered":"<p><strong>Presidenti serb, Aleksandar Vu\u00e7iq, e ka pranuar se xhudist\u00ebt nga Kosova jan\u00eb treguar m\u00eb t\u00eb suksessh\u00ebm se ata serb\u00eb.<\/strong><\/p>\n<p>Vu\u00e7iq, p\u00ebrve\u00e7 xhudist\u00ebve nga Kosova, tha se m\u00eb t\u00eb mir\u00eb se serb\u00ebt jan\u00eb edhe kroat\u00ebt.<\/p>\n<p>\u201c<em>N\u00eb xhudo, kroat\u00ebt dhe shqiptar\u00ebt e Kosov\u00ebs kan\u00eb treguar se jan\u00eb m\u00eb t\u00eb suksessh\u00ebm se ne edhe pse kemi pasur rezultatet m\u00eb t\u00eb mira ndonj\u00ebher\u00eb, b\u00ebm\u00eb p\u00ebrparim t\u00eb madh, por pa medalje\u201d<\/em>, tha Vu\u00e7iq para gazetar\u00ebve.<\/p>\n<p>Kosova n\u00eb Loj\u00ebrat Olimpike \u201cParis 2024\u201d fitoi dy medalje n\u00eb xhudo, nj\u00eb t\u00eb argjendt\u00eb me Distria Krasniqin dhe nj\u00eb t\u00eb bronzt\u00eb me Laura Fazliun.<\/p>\n","protected":false},"excerpt":{"rendered":"<p>Presidenti serb, Aleksandar Vu\u00e7iq, e ka pranuar se xhudist\u00ebt nga Kosova jan\u00eb treguar m\u00eb t\u00eb suksessh\u00ebm se ata serb\u00eb. Vu\u00e7iq, p\u00ebrve\u00e7 xhudist\u00ebve nga Kosova, tha se m\u00eb t\u00eb mir\u00eb se serb\u00ebt jan\u00eb edhe kroat\u00ebt. \u201cN\u00eb xhudo, kroat\u00ebt dhe shqiptar\u00ebt e Kosov\u00ebs kan\u00eb treguar se jan\u00eb m\u00eb t\u00eb suksessh\u00ebm se ne edhe pse kemi pasur rezultatet [&hellip;]<\/p>\n","protected":false},"author":1,"featured_media":67897,"comment_status":"closed","ping_status":"closed","sticky":false,"template":"","format":"standard","meta":{"_monsterinsights_skip_tracking":false,"_monsterinsights_sitenote_active":false,"_monsterinsights_sitenote_note":"","_monsterinsights_sitenote_category":0,"_uf_show_specific_survey":0,"_uf_disable_surveys":false,"footnotes":""},"categories":[3324],"tags":[116],"yoast_head":"<!-- This site is optimized with the Yoast SEO plugin v21.5 - https:\/\/yoast.com\/wordpress\/plugins\/seo\/ -->\n<title>Vu\u00e7iqi me gjysm\u00eb-zemre: Kosova \u00ebsht\u00eb m\u00eb e mir\u00eb se ne n\u00eb xhudo<\/title>\n<meta name=\"robots\" content=\"index, follow, max-snippet:-1, max-image-preview:large, max-video-preview:-1\" \/>\n<link rel=\"canonical\" href=\"https:\/\/permbledhja.com\/sq\/vuciqi-me-gjysme-zemre-kosova-eshte-me-e-mire-se-ne-ne-xhudo\/\" \/>\n<meta property=\"og:locale\" content=\"sq_AL\" \/>\n<meta property=\"og:type\" content=\"article\" \/>\n<meta property=\"og:title\" content=\"Vu\u00e7iqi me gjysm\u00eb-zemre: Kosova \u00ebsht\u00eb m\u00eb e mir\u00eb se ne n\u00eb xhudo\" \/>\n<meta property=\"og:description\" content=\"Presidenti serb, Aleksandar Vu\u00e7iq, e ka pranuar se xhudist\u00ebt nga Kosova jan\u00eb treguar m\u00eb t\u00eb suksessh\u00ebm se ata serb\u00eb. Vu\u00e7iq, p\u00ebrve\u00e7 xhudist\u00ebve nga Kosova, tha se m\u00eb t\u00eb mir\u00eb se serb\u00ebt jan\u00eb edhe kroat\u00ebt. \u201cN\u00eb xhudo, kroat\u00ebt dhe shqiptar\u00ebt e Kosov\u00ebs kan\u00eb treguar se jan\u00eb m\u00eb t\u00eb suksessh\u00ebm se ne edhe pse kemi pasur rezultatet [&hellip;]\" \/>\n<meta property=\"og:url\" content=\"https:\/\/permbledhja.com\/sq\/vuciqi-me-gjysme-zemre-kosova-eshte-me-e-mire-se-ne-ne-xhudo\/\" \/>\n<meta property=\"og:site_name\" content=\"Ve\u00e7 artikuj p\u00ebrmbledh\u00ebs\" \/>\n<meta property=\"article:publisher\" content=\"https:\/\/www.facebook.com\/press07\/\" \/>\n<meta property=\"article:author\" content=\"https:\/\/www.facebook.com\/kafexhiu.muharrem\/\" \/>\n<meta property=\"article:published_time\" content=\"2024-08-02T16:53:26+00:00\" \/>\n<meta property=\"og:image\" content=\"https:\/\/permbledhja.com\/wp-content\/uploads\/2024\/08\/A83F131E-1D7D-479C-A7E2-C9DBE69F1C2F.jpeg\" \/>\n\t<meta property=\"og:image:width\" content=\"900\" \/>\n\t<meta property=\"og:image:height\" content=\"599\" \/>\n\t<meta property=\"og:image:type\" content=\"image\/jpeg\" \/>\n<meta name=\"author\" content=\"P\u00ebrmbledhja\" \/>\n<meta name=\"twitter:card\" content=\"summary_large_image\" \/>\n<meta name=\"twitter:label1\" content=\"Written by\" \/>\n\t<meta name=\"twitter:data1\" content=\"P\u00ebrmbledhja\" \/>\n\t<meta name=\"twitter:label2\" content=\"Est. reading time\" \/>\n\t<meta name=\"twitter:data2\" content=\"1 minut\u00eb\" \/>\n<script type=\"application\/ld+json\" class=\"yoast-schema-graph\">{\"@context\":\"https:\/\/schema.org\",\"@graph\":[{\"@type\":\"Article\",\"@id\":\"https:\/\/permbledhja.com\/sq\/vuciqi-me-gjysme-zemre-kosova-eshte-me-e-mire-se-ne-ne-xhudo\/#article\",\"isPartOf\":{\"@id\":\"https:\/\/permbledhja.com\/sq\/vuciqi-me-gjysme-zemre-kosova-eshte-me-e-mire-se-ne-ne-xhudo\/\"},\"author\":{\"name\":\"P\u00ebrmbledhja\",\"@id\":\"https:\/\/permbledhja.com\/#\/schema\/person\/0d064377258d3221e50693947b9eb4fe\"},\"headline\":\"Vu\u00e7iqi me gjysm\u00eb-zemre: Kosova \u00ebsht\u00eb m\u00eb e mir\u00eb se ne n\u00eb xhudo\",\"datePublished\":\"2024-08-02T16:53:26+00:00\",\"dateModified\":\"2024-08-02T16:53:26+00:00\",\"mainEntityOfPage\":{\"@id\":\"https:\/\/permbledhja.com\/sq\/vuciqi-me-gjysme-zemre-kosova-eshte-me-e-mire-se-ne-ne-xhudo\/\"},\"wordCount\":125,\"publisher\":{\"@id\":\"https:\/\/permbledhja.com\/#organization\"},\"keywords\":[\"Kosova\"],\"articleSection\":[\"Dyt\u00ebsore\"],\"inLanguage\":\"sq\"},{\"@type\":\"WebPage\",\"@id\":\"https:\/\/permbledhja.com\/sq\/vuciqi-me-gjysme-zemre-kosova-eshte-me-e-mire-se-ne-ne-xhudo\/\",\"url\":\"https:\/\/permbledhja.com\/sq\/vuciqi-me-gjysme-zemre-kosova-eshte-me-e-mire-se-ne-ne-xhudo\/\",\"name\":\"Vu\u00e7iqi me gjysm\u00eb-zemre: Kosova \u00ebsht\u00eb m\u00eb e mir\u00eb se ne n\u00eb xhudo\",\"isPartOf\":{\"@id\":\"https:\/\/permbledhja.com\/#website\"},\"datePublished\":\"2024-08-02T16:53:26+00:00\",\"dateModified\":\"2024-08-02T16:53:26+00:00\",\"breadcrumb\":{\"@id\":\"https:\/\/permbledhja.com\/sq\/vuciqi-me-gjysme-zemre-kosova-eshte-me-e-mire-se-ne-ne-xhudo\/#breadcrumb\"},\"inLanguage\":\"sq\",\"potentialAction\":[{\"@type\":\"ReadAction\",\"target\":[\"https:\/\/permbledhja.com\/sq\/vuciqi-me-gjysme-zemre-kosova-eshte-me-e-mire-se-ne-ne-xhudo\/\"]}]},{\"@type\":\"BreadcrumbList\",\"@id\":\"https:\/\/permbledhja.com\/sq\/vuciqi-me-gjysme-zemre-kosova-eshte-me-e-mire-se-ne-ne-xhudo\/#breadcrumb\",\"itemListElement\":[{\"@type\":\"ListItem\",\"position\":1,\"name\":\"Ballina\",\"item\":\"https:\/\/permbledhja.com\/sq\/\"},{\"@type\":\"ListItem\",\"position\":2,\"name\":\"Vu\u00e7iqi me gjysm\u00eb-zemre: Kosova \u00ebsht\u00eb m\u00eb e mir\u00eb se ne n\u00eb xhudo\"}]},{\"@type\":\"WebSite\",\"@id\":\"https:\/\/permbledhja.com\/#website\",\"url\":\"https:\/\/permbledhja.com\/\",\"name\":\"Ve\u00e7 artikuj p\u00ebrmbledh\u00ebs\",\"description\":\"\",\"publisher\":{\"@id\":\"https:\/\/permbledhja.com\/#organization\"},\"potentialAction\":[{\"@type\":\"SearchAction\",\"target\":{\"@type\":\"EntryPoint\",\"urlTemplate\":\"https:\/\/permbledhja.com\/?s={search_term_string}\"},\"query-input\":\"required name=search_term_string\"}],\"inLanguage\":\"sq\"},{\"@type\":\"Organization\",\"@id\":\"https:\/\/permbledhja.com\/#organization\",\"name\":\"MK Media & Pr\",\"url\":\"https:\/\/permbledhja.com\/\",\"logo\":{\"@type\":\"ImageObject\",\"inLanguage\":\"sq\",\"@id\":\"https:\/\/permbledhja.com\/#\/schema\/logo\/image\/\",\"url\":\"https:\/\/permbledhja.com\/wp-content\/uploads\/2021\/12\/07-Press-Logo.jpg\",\"contentUrl\":\"https:\/\/permbledhja.com\/wp-content\/uploads\/2021\/12\/07-Press-Logo.jpg\",\"width\":512,\"height\":512,\"caption\":\"MK Media & Pr\"},\"image\":{\"@id\":\"https:\/\/permbledhja.com\/#\/schema\/logo\/image\/\"},\"sameAs\":[\"https:\/\/www.facebook.com\/press07\/\"]},{\"@type\":\"Person\",\"@id\":\"https:\/\/permbledhja.com\/#\/schema\/person\/0d064377258d3221e50693947b9eb4fe\",\"name\":\"P\u00ebrmbledhja\",\"image\":{\"@type\":\"ImageObject\",\"inLanguage\":\"sq\",\"@id\":\"https:\/\/permbledhja.com\/#\/schema\/person\/image\/\",\"url\":\"https:\/\/permbledhja.com\/wp-content\/uploads\/2026\/01\/452004717_1040944174702970_8932037511805513407_n-96x96.jpg\",\"contentUrl\":\"https:\/\/permbledhja.com\/wp-content\/uploads\/2026\/01\/452004717_1040944174702970_8932037511805513407_n-96x96.jpg\",\"caption\":\"P\u00ebrmbledhja\"},\"sameAs\":[\"https:\/\/www.facebook.com\/kafexhiu.muharrem\/\",\"https:\/\/www.instagram.com\/muharrem_kafexhiu\/\"],\"url\":\"https:\/\/permbledhja.com\/sq\/author\/admin\/\"}]}<\/script>\n<!-- \/ Yoast SEO plugin. -->","yoast_head_json":{"title":"Vu\u00e7iqi me gjysm\u00eb-zemre: Kosova \u00ebsht\u00eb m\u00eb e mir\u00eb se ne n\u00eb xhudo","robots":{"index":"index","follow":"follow","max-snippet":"max-snippet:-1","max-image-preview":"max-image-preview:large","max-video-preview":"max-video-preview:-1"},"canonical":"https:\/\/permbledhja.com\/sq\/vuciqi-me-gjysme-zemre-kosova-eshte-me-e-mire-se-ne-ne-xhudo\/","og_locale":"sq_AL","og_type":"article","og_title":"Vu\u00e7iqi me gjysm\u00eb-zemre: Kosova \u00ebsht\u00eb m\u00eb e mir\u00eb se ne n\u00eb xhudo","og_description":"Presidenti serb, Aleksandar Vu\u00e7iq, e ka pranuar se xhudist\u00ebt nga Kosova jan\u00eb treguar m\u00eb t\u00eb suksessh\u00ebm se ata serb\u00eb. Vu\u00e7iq, p\u00ebrve\u00e7 xhudist\u00ebve nga Kosova, tha se m\u00eb t\u00eb mir\u00eb se serb\u00ebt jan\u00eb edhe kroat\u00ebt. \u201cN\u00eb xhudo, kroat\u00ebt dhe shqiptar\u00ebt e Kosov\u00ebs kan\u00eb treguar se jan\u00eb m\u00eb t\u00eb suksessh\u00ebm se ne edhe pse kemi pasur rezultatet [&hellip;]","og_url":"https:\/\/permbledhja.com\/sq\/vuciqi-me-gjysme-zemre-kosova-eshte-me-e-mire-se-ne-ne-xhudo\/","og_site_name":"Ve\u00e7 artikuj p\u00ebrmbledh\u00ebs","article_publisher":"https:\/\/www.facebook.com\/press07\/","article_author":"https:\/\/www.facebook.com\/kafexhiu.muharrem\/","article_published_time":"2024-08-02T16:53:26+00:00","og_image":[{"width":900,"height":599,"url":"https:\/\/permbledhja.com\/wp-content\/uploads\/2024\/08\/A83F131E-1D7D-479C-A7E2-C9DBE69F1C2F.jpeg","type":"image\/jpeg"}],"author":"P\u00ebrmbledhja","twitter_card":"summary_large_image","twitter_misc":{"Written by":"P\u00ebrmbledhja","Est. reading time":"1 minut\u00eb"},"schema":{"@context":"https:\/\/schema.org","@graph":[{"@type":"Article","@id":"https:\/\/permbledhja.com\/sq\/vuciqi-me-gjysme-zemre-kosova-eshte-me-e-mire-se-ne-ne-xhudo\/#article","isPartOf":{"@id":"https:\/\/permbledhja.com\/sq\/vuciqi-me-gjysme-zemre-kosova-eshte-me-e-mire-se-ne-ne-xhudo\/"},"author":{"name":"P\u00ebrmbledhja","@id":"https:\/\/permbledhja.com\/#\/schema\/person\/0d064377258d3221e50693947b9eb4fe"},"headline":"Vu\u00e7iqi me gjysm\u00eb-zemre: Kosova \u00ebsht\u00eb m\u00eb e mir\u00eb se ne n\u00eb xhudo","datePublished":"2024-08-02T16:53:26+00:00","dateModified":"2024-08-02T16:53:26+00:00","mainEntityOfPage":{"@id":"https:\/\/permbledhja.com\/sq\/vuciqi-me-gjysme-zemre-kosova-eshte-me-e-mire-se-ne-ne-xhudo\/"},"wordCount":125,"publisher":{"@id":"https:\/\/permbledhja.com\/#organization"},"keywords":["Kosova"],"articleSection":["Dyt\u00ebsore"],"inLanguage":"sq"},{"@type":"WebPage","@id":"https:\/\/permbledhja.com\/sq\/vuciqi-me-gjysme-zemre-kosova-eshte-me-e-mire-se-ne-ne-xhudo\/","url":"https:\/\/permbledhja.com\/sq\/vuciqi-me-gjysme-zemre-kosova-eshte-me-e-mire-se-ne-ne-xhudo\/","name":"Vu\u00e7iqi me gjysm\u00eb-zemre: Kosova \u00ebsht\u00eb m\u00eb e mir\u00eb se ne n\u00eb xhudo","isPartOf":{"@id":"https:\/\/permbledhja.com\/#website"},"datePublished":"2024-08-02T16:53:26+00:00","dateModified":"2024-08-02T16:53:26+00:00","breadcrumb":{"@id":"https:\/\/permbledhja.com\/sq\/vuciqi-me-gjysme-zemre-kosova-eshte-me-e-mire-se-ne-ne-xhudo\/#breadcrumb"},"inLanguage":"sq","potentialAction":[{"@type":"ReadAction","target":["https:\/\/permbledhja.com\/sq\/vuciqi-me-gjysme-zemre-kosova-eshte-me-e-mire-se-ne-ne-xhudo\/"]}]},{"@type":"BreadcrumbList","@id":"https:\/\/permbledhja.com\/sq\/vuciqi-me-gjysme-zemre-kosova-eshte-me-e-mire-se-ne-ne-xhudo\/#breadcrumb","itemListElement":[{"@type":"ListItem","position":1,"name":"Ballina","item":"https:\/\/permbledhja.com\/sq\/"},{"@type":"ListItem","position":2,"name":"Vu\u00e7iqi me gjysm\u00eb-zemre: Kosova \u00ebsht\u00eb m\u00eb e mir\u00eb se ne n\u00eb xhudo"}]},{"@type":"WebSite","@id":"https:\/\/permbledhja.com\/#website","url":"https:\/\/permbledhja.com\/","name":"Ve\u00e7 artikuj p\u00ebrmbledh\u00ebs","description":"","publisher":{"@id":"https:\/\/permbledhja.com\/#organization"},"potentialAction":[{"@type":"SearchAction","target":{"@type":"EntryPoint","urlTemplate":"https:\/\/permbledhja.com\/?s={search_term_string}"},"query-input":"required name=search_term_string"}],"inLanguage":"sq"},{"@type":"Organization","@id":"https:\/\/permbledhja.com\/#organization","name":"MK Media & Pr","url":"https:\/\/permbledhja.com\/","logo":{"@type":"ImageObject","inLanguage":"sq","@id":"https:\/\/permbledhja.com\/#\/schema\/logo\/image\/","url":"https:\/\/permbledhja.com\/wp-content\/uploads\/2021\/12\/07-Press-Logo.jpg","contentUrl":"https:\/\/permbledhja.com\/wp-content\/uploads\/2021\/12\/07-Press-Logo.jpg","width":512,"height":512,"caption":"MK Media & Pr"},"image":{"@id":"https:\/\/permbledhja.com\/#\/schema\/logo\/image\/"},"sameAs":["https:\/\/www.facebook.com\/press07\/"]},{"@type":"Person","@id":"https:\/\/permbledhja.com\/#\/schema\/person\/0d064377258d3221e50693947b9eb4fe","name":"P\u00ebrmbledhja","image":{"@type":"ImageObject","inLanguage":"sq","@id":"https:\/\/permbledhja.com\/#\/schema\/person\/image\/","url":"https:\/\/permbledhja.com\/wp-content\/uploads\/2026\/01\/452004717_1040944174702970_8932037511805513407_n-96x96.jpg","contentUrl":"https:\/\/permbledhja.com\/wp-content\/uploads\/2026\/01\/452004717_1040944174702970_8932037511805513407_n-96x96.jpg","caption":"P\u00ebrmbledhja"},"sameAs":["https:\/\/www.facebook.com\/kafexhiu.muharrem\/","https:\/\/www.instagram.com\/muharrem_kafexhiu\/"],"url":"https:\/\/permbledhja.com\/sq\/author\/admin\/"}]}},"_links":{"self":[{"href":"https:\/\/permbledhja.com\/sq\/wp-json\/wp\/v2\/posts\/67896"}],"collection":[{"href":"https:\/\/permbledhja.com\/sq\/wp-json\/wp\/v2\/posts"}],"about":[{"href":"https:\/\/permbledhja.com\/sq\/wp-json\/wp\/v2\/types\/post"}],"author":[{"embeddable":true,"href":"https:\/\/permbledhja.com\/sq\/wp-json\/wp\/v2\/users\/1"}],"replies":[{"embeddable":true,"href":"https:\/\/permbledhja.com\/sq\/wp-json\/wp\/v2\/comments?post=67896"}],"version-history":[{"count":1,"href":"https:\/\/permbledhja.com\/sq\/wp-json\/wp\/v2\/posts\/67896\/revisions"}],"predecessor-version":[{"id":67898,"href":"https:\/\/permbledhja.com\/sq\/wp-json\/wp\/v2\/posts\/67896\/revisions\/67898"}],"wp:featuredmedia":[{"embeddable":true,"href":"https:\/\/permbledhja.com\/sq\/wp-json\/wp\/v2\/media\/67897"}],"wp:attachment":[{"href":"https:\/\/permbledhja.com\/sq\/wp-json\/wp\/v2\/media?parent=67896"}],"wp:term":[{"taxonomy":"category","embeddable":true,"href":"https:\/\/permbledhja.com\/sq\/wp-json\/wp\/v2\/categories?post=67896"},{"taxonomy":"post_tag","embeddable":true,"href":"https:\/\/permbledhja.com\/sq\/wp-json\/wp\/v2\/tags?post=67896"}],"curies":[{"name":"wp","href":"https:\/\/api.w.org\/{rel}","templated":true}]}}