{"id":67889,"date":"2024-08-02T15:49:25","date_gmt":"2024-08-02T15:49:25","guid":{"rendered":"https:\/\/permbledhja.com\/?p=67889"},"modified":"2024-08-02T15:49:25","modified_gmt":"2024-08-02T15:49:25","slug":"rreth-300-mije-euro-dreka-udhetime-takime-ku-shkuan-parate-e-kosoves-per-lobim-ne-shba","status":"publish","type":"post","link":"https:\/\/permbledhja.com\/sq\/rreth-300-mije-euro-dreka-udhetime-takime-ku-shkuan-parate-e-kosoves-per-lobim-ne-shba\/","title":{"rendered":"Rreth 300 mij\u00eb euro, dreka, udh\u00ebtime, takime: Ku shkuan parat\u00eb e Kosov\u00ebs p\u00ebr lobim n\u00eb ShBA?"},"content":{"rendered":"<p><strong>Nga korriku i vitit t\u00eb kaluar deri n\u00eb janar t\u00eb k\u00ebtij viti, Ministria e Pun\u00ebve t\u00eb Jashtme dhe Diaspor\u00ebs e Kosov\u00ebs (MPJD) i ka paguar dy kompani rreth 277 mij\u00eb dollar\u00eb p\u00ebr lobim n\u00eb SHBA.<\/strong><\/p>\n<p>P\u00ebrve\u00e7 shum\u00ebs s\u00eb paguar sipas marr\u00ebveshjes p\u00ebr lobim, kompanit\u00eb n\u00eb pron\u00ebsi t\u00eb Af\u00ebrdita Rakipit dhe Avni Mustafajt kan\u00eb deklaruar edhe shpenzime shtes\u00eb.<\/p>\n<p>Shumica e shpenzimeve t\u00eb deklaruara n\u00eb ueb-faqen e Aktit t\u00eb Regjistrimit t\u00eb Agjent\u00ebve t\u00eb Huaj (FARA) t\u00eb Departamentit amerikan t\u00eb Drejt\u00ebsis\u00eb jan\u00eb shfryt\u00ebzuar p\u00ebr ushqime, n\u00eb ato q\u00eb i kan\u00eb deklaruar si takime pune, dhe udh\u00ebtime.<\/p>\n<p>Pjesa m\u00eb e madhe e takimeve jan\u00eb zhvilluar n\u00ebp\u00ebr restorante t\u00eb ndryshme n\u00eb Prishtin\u00eb, edhe pse n\u00eb kontrat\u00ebn e lobimit thuhet se ata do t\u00eb ofronin k\u00ebshilla strategjike dhe p\u00ebrfaq\u00ebsim t\u00eb MPJD-s\u00eb \u201cbrenda Shteteve t\u00eb Bashkuara\u201d.<\/p>\n<p>Shpenzimet gjasht\u00ebmujore t\u00eb Af\u00ebrdita Rakipit<\/p>\n<p>Gjat\u00eb gjasht\u00eb muajve t\u00eb par\u00eb t\u00eb sh\u00ebrbimit si lobuese n\u00eb SHBA, e kontraktuar nga Ministria e Pun\u00ebve t\u00eb Jashtme dhe Diaspor\u00ebs e Kosov\u00ebs, Af\u00ebrdita Rakipi raportoi mbi 12 mij\u00eb dollar\u00eb shpenzime. Shum\u00eb prej tyre jan\u00eb dreka e darka pune n\u00eb Prishtin\u00eb.<\/p>\n<p><img loading=\"lazy\" decoding=\"async\" class=\"alignnone wp-image-67891 size-full\" src=\"https:\/\/permbledhja.com\/wp-content\/uploads\/2024\/08\/3153125115615.jpg\" alt=\"\" width=\"693\" height=\"828\" srcset=\"https:\/\/permbledhja.com\/wp-content\/uploads\/2024\/08\/3153125115615.jpg 693w, https:\/\/permbledhja.com\/wp-content\/uploads\/2024\/08\/3153125115615-251x300.jpg 251w, https:\/\/permbledhja.com\/wp-content\/uploads\/2024\/08\/3153125115615-10x12.jpg 10w\" sizes=\"(max-width: 693px) 100vw, 693px\" \/><\/p>\n<p>Shpenzimet gjasht\u00ebmujore t\u00eb Avni Mustafajt<\/p>\n<p>Gjat\u00eb gjasht\u00eb muajve t\u00eb par\u00eb t\u00eb sh\u00ebrbimit si lobues n\u00eb SHBA, e kontraktuar nga Ministria e Pun\u00ebve t\u00eb Jashtme dhe Diaspor\u00ebs e Kosov\u00ebs, Avni Mustafaj raportoi mbi 7.500 dollar\u00eb shpenzime. Disa prej tyre jan\u00eb dreka e darka pune n\u00eb Prishtin\u00eb.<\/p>\n<p><img loading=\"lazy\" decoding=\"async\" class=\"alignnone wp-image-67892 size-full\" src=\"https:\/\/permbledhja.com\/wp-content\/uploads\/2024\/08\/315516165145.jpg\" alt=\"\" width=\"652\" height=\"758\" srcset=\"https:\/\/permbledhja.com\/wp-content\/uploads\/2024\/08\/315516165145.jpg 652w, https:\/\/permbledhja.com\/wp-content\/uploads\/2024\/08\/315516165145-258x300.jpg 258w, https:\/\/permbledhja.com\/wp-content\/uploads\/2024\/08\/315516165145-10x12.jpg 10w\" sizes=\"(max-width: 652px) 100vw, 652px\" \/><\/p>\n<p>Shpenzimet gjasht\u00ebmujore t\u00eb Avni Mustafajt<\/p>\n<p>Gjat\u00eb gjasht\u00eb muajve t\u00eb par\u00eb t\u00eb sh\u00ebrbimit si lobues n\u00eb SHBA, e kontraktuar nga Ministria e Pun\u00ebve t\u00eb Jashtme dhe Diaspor\u00ebs e Kosov\u00ebs, Avni Mustafaj raportoi mbi 7.500 dollar\u00eb shpenzime. Disa prej tyre jan\u00eb dreka e darka pune n\u00eb Prishtin\u00eb.<\/p>\n<p>Sipas kontratave nj\u00ebvje\u00e7are t\u00eb n\u00ebnshkruara m\u00eb 26 qershor t\u00eb vitit t\u00eb kaluar, Rakipi dhe Mustafaj do t\u00eb paguheshin nga 147 mij\u00eb euro p\u00ebr lobim n\u00eb SHBA nga MPJD-ja p\u00ebr \u201cavancimin e marr\u00ebdh\u00ebnieve dypal\u00ebshe mes SHBA-s\u00eb dhe Qeveris\u00eb s\u00eb Kosov\u00ebs\u201d.<\/p>\n<p>Pjes\u00ebn m\u00eb t\u00eb madhe t\u00eb k\u00ebsaj pagese, ata e kishin pranuar n\u00eb korrik dhe dhjetor t\u00eb vitit t\u00eb kaluar. Nd\u00ebrsa, pjes\u00ebn tjet\u00ebr t\u00eb pages\u00ebs parashihet se e kan\u00eb pranuar dikur gjat\u00eb k\u00ebtij viti, por t\u00eb dh\u00ebnat nuk jan\u00eb ende publike.<\/p>\n<p>Pagesat e Kosov\u00ebs p\u00ebr lobim n\u00eb SHBA<\/p>\n<p>Ministria e Pun\u00ebve t\u00eb Jashmte dhe Diaspor\u00ebs e Kosov\u00ebs i pagoi rreth 257 mij\u00eb euro p\u00ebr lobim n\u00eb SHBA gjat\u00eb gjasht\u00ebmujorit t\u00eb fundit t\u00eb vitit t\u00eb kaluar. Lobuesit e kontraktuar ishin Avni Mustafaj dhe Af\u00ebrdita Rakipi.<\/p>\n<p><img loading=\"lazy\" decoding=\"async\" class=\"alignnone wp-image-67893 size-full\" src=\"https:\/\/permbledhja.com\/wp-content\/uploads\/2024\/08\/564646465566.jpg\" alt=\"\" width=\"661\" height=\"222\" srcset=\"https:\/\/permbledhja.com\/wp-content\/uploads\/2024\/08\/564646465566.jpg 661w, https:\/\/permbledhja.com\/wp-content\/uploads\/2024\/08\/564646465566-300x101.jpg 300w, https:\/\/permbledhja.com\/wp-content\/uploads\/2024\/08\/564646465566-18x6.jpg 18w\" sizes=\"(max-width: 661px) 100vw, 661px\" \/><\/p>\n<p>Lobuesit n\u00eb SHBA detyrohen t\u00eb dor\u00ebzojn\u00eb t\u00eb dh\u00ebna \u00e7do gjasht\u00eb muaj p\u00ebr aktivitetet e tyre, sipas Aktit t\u00eb Regjistrimit t\u00eb Agjent\u00ebve t\u00eb Huaj (FARA) t\u00eb Departamentit amerikan t\u00eb Drejt\u00ebsis\u00eb.<\/p>\n<p>P\u00ebr k\u00ebt\u00eb arsye kompanit\u00eb e Rakipit dhe Mustafajt \u2013 Af\u00ebrdita Rakipi Communication dhe Ambal LLC \u2013 i kan\u00eb t\u00eb publikuara t\u00eb gjitha shpenzimet e tyre nga korriku i vitit t\u00eb kaluar deri n\u00eb janar t\u00eb k\u00ebtij viti.<\/p>\n<p>Kontratat e tyre kan\u00eb qen\u00eb t\u00eb vlefshme deri n\u00eb fund t\u00eb qershorit t\u00eb k\u00ebtij viti. MPJD-ja nuk ka treguar p\u00ebr Radion Evropa e Lir\u00eb n\u00ebse kontrata me k\u00ebto dy kompani \u00ebsht\u00eb vazhduar dhe nuk \u00ebsht\u00eb p\u00ebrgjigjur n\u00eb asnj\u00eb nga pyetjet lidhur me k\u00ebt\u00eb tem\u00eb.<\/p>\n<p>P\u00ebrgjigje nuk kan\u00eb dh\u00ebn\u00eb as Mustafaj, Rakipi dhe Qeveria e Kosov\u00ebs deri n\u00eb momentin e publikimit t\u00eb artikullit.<\/p>\n<p>Kompanit\u00eb e Af\u00ebrdita Rakipit dhe Avni Mustafajt nuk kan\u00eb pasur asnj\u00ebher\u00eb kontrat\u00eb tjet\u00ebr lobimi t\u00eb regjistruar n\u00eb FARA. Dokumentet e publikuara n\u00eb k\u00ebt\u00eb agjenci tregojn\u00eb se gjat\u00eb periudh\u00ebs korrik 2023-janar 2024 ata kishin arritur gjithsej gjasht\u00eb kontakte.<\/p>\n<p>Rakipi i deklaroi dy kontakte, nd\u00ebrsa Mustafaj kat\u00ebr. Takimin virtual me ndihm\u00ebssekretarin amerikan t\u00eb Shtetit, James O\u2019Brien, dhe z\u00ebvend\u00ebsndihm\u00ebs sekretarin e Shtetit, Gabriel Escobar, e kan\u00eb deklaruar t\u00eb dy si t\u00eb mbajtur m\u00eb 13 tetor.<\/p>\n<p><img loading=\"lazy\" decoding=\"async\" class=\"alignnone wp-image-67894 size-full\" src=\"https:\/\/permbledhja.com\/wp-content\/uploads\/2024\/08\/321231322331.jpg\" alt=\"\" width=\"656\" height=\"430\" srcset=\"https:\/\/permbledhja.com\/wp-content\/uploads\/2024\/08\/321231322331.jpg 656w, https:\/\/permbledhja.com\/wp-content\/uploads\/2024\/08\/321231322331-300x197.jpg 300w, https:\/\/permbledhja.com\/wp-content\/uploads\/2024\/08\/321231322331-18x12.jpg 18w\" sizes=\"(max-width: 656px) 100vw, 656px\" \/><\/p>\n<p>Lobimi gjasht\u00ebmujor i Avni Mustafajt n\u00eb SHBA<\/p>\n<p>E kontraktuar nga Ministria e Pun\u00ebve t\u00eb Jashtme dhe Diaspor\u00ebs e Kosov\u00ebs p\u00ebr lobim n\u00eb SHBA, Avni Mustafaj i b\u00ebri gjithsej kat\u00ebr kontakte p\u00ebrgjat\u00eb gjysm\u00ebs s\u00eb par\u00eb t\u00eb koh\u00ebzgjatjes s\u00eb kontrat\u00ebs s\u00eb tij.<\/p>\n<p>Kosova edhe n\u00eb t\u00eb kaluar\u00ebn ka pasur kontrata lobimi. Q\u00eb nga viti 1992, parti politike e institucione qeveritare kan\u00eb shpenzuar miliona euro p\u00ebr lobim n\u00eb SHBA.<\/p>\n<p>N\u00eb shumic\u00ebn e rasteve, t\u00eb kontraktuara p\u00ebr lobim kan\u00eb qen\u00eb kompani t\u00eb njohura amerikane p\u00ebr lobim, si Podesta Group dhe Ballard Partners.<\/p>\n<p>Lajmin e plot\u00eb n\u00eb\u00a0<a href=\"https:\/\/www.evropaelire.org\/a\/dreka-udhetime-takime-kosova-lobim-shba\/33061166.html\">REL.<\/a><\/p>\n","protected":false},"excerpt":{"rendered":"<p>Nga korriku i vitit t\u00eb kaluar deri n\u00eb janar t\u00eb k\u00ebtij viti, Ministria e Pun\u00ebve t\u00eb Jashtme dhe Diaspor\u00ebs e Kosov\u00ebs (MPJD) i ka paguar dy kompani rreth 277 mij\u00eb dollar\u00eb p\u00ebr lobim n\u00eb SHBA. P\u00ebrve\u00e7 shum\u00ebs s\u00eb paguar sipas marr\u00ebveshjes p\u00ebr lobim, kompanit\u00eb n\u00eb pron\u00ebsi t\u00eb Af\u00ebrdita Rakipit dhe Avni Mustafajt kan\u00eb deklaruar edhe [&hellip;]<\/p>\n","protected":false},"author":1,"featured_media":67890,"comment_status":"closed","ping_status":"closed","sticky":false,"template":"","format":"standard","meta":{"_monsterinsights_skip_tracking":false,"_monsterinsights_sitenote_active":false,"_monsterinsights_sitenote_note":"","_monsterinsights_sitenote_category":0,"_uf_show_specific_survey":0,"_uf_disable_surveys":false,"footnotes":""},"categories":[3325],"tags":[116,153],"yoast_head":"<!-- This site is optimized with the Yoast SEO plugin v21.5 - https:\/\/yoast.com\/wordpress\/plugins\/seo\/ -->\n<title>Rreth 300 mij\u00eb euro, dreka, udh\u00ebtime, takime: Ku shkuan parat\u00eb e Kosov\u00ebs p\u00ebr lobim n\u00eb ShBA?<\/title>\n<meta name=\"robots\" content=\"index, follow, max-snippet:-1, max-image-preview:large, max-video-preview:-1\" \/>\n<link rel=\"canonical\" href=\"https:\/\/permbledhja.com\/sq\/rreth-300-mije-euro-dreka-udhetime-takime-ku-shkuan-parate-e-kosoves-per-lobim-ne-shba\/\" \/>\n<meta property=\"og:locale\" content=\"sq_AL\" \/>\n<meta property=\"og:type\" content=\"article\" \/>\n<meta property=\"og:title\" content=\"Rreth 300 mij\u00eb euro, dreka, udh\u00ebtime, takime: Ku shkuan parat\u00eb e Kosov\u00ebs p\u00ebr lobim n\u00eb ShBA?\" \/>\n<meta property=\"og:description\" content=\"Nga korriku i vitit t\u00eb kaluar deri n\u00eb janar t\u00eb k\u00ebtij viti, Ministria e Pun\u00ebve t\u00eb Jashtme dhe Diaspor\u00ebs e Kosov\u00ebs (MPJD) i ka paguar dy kompani rreth 277 mij\u00eb dollar\u00eb p\u00ebr lobim n\u00eb SHBA. P\u00ebrve\u00e7 shum\u00ebs s\u00eb paguar sipas marr\u00ebveshjes p\u00ebr lobim, kompanit\u00eb n\u00eb pron\u00ebsi t\u00eb Af\u00ebrdita Rakipit dhe Avni Mustafajt kan\u00eb deklaruar edhe [&hellip;]\" \/>\n<meta property=\"og:url\" content=\"https:\/\/permbledhja.com\/sq\/rreth-300-mije-euro-dreka-udhetime-takime-ku-shkuan-parate-e-kosoves-per-lobim-ne-shba\/\" \/>\n<meta property=\"og:site_name\" content=\"Ve\u00e7 artikuj p\u00ebrmbledh\u00ebs\" \/>\n<meta property=\"article:publisher\" content=\"https:\/\/www.facebook.com\/press07\/\" \/>\n<meta property=\"article:author\" content=\"https:\/\/www.facebook.com\/kafexhiu.muharrem\/\" \/>\n<meta property=\"article:published_time\" content=\"2024-08-02T15:49:25+00:00\" \/>\n<meta property=\"og:image\" content=\"https:\/\/permbledhja.com\/wp-content\/uploads\/2024\/08\/lobob-780x439-1.jpg\" \/>\n\t<meta property=\"og:image:width\" content=\"780\" \/>\n\t<meta property=\"og:image:height\" content=\"439\" \/>\n\t<meta property=\"og:image:type\" content=\"image\/jpeg\" \/>\n<meta name=\"author\" content=\"P\u00ebrmbledhja\" \/>\n<meta name=\"twitter:card\" content=\"summary_large_image\" \/>\n<meta name=\"twitter:label1\" content=\"Written by\" \/>\n\t<meta name=\"twitter:data1\" content=\"P\u00ebrmbledhja\" \/>\n\t<meta name=\"twitter:label2\" content=\"Est. reading time\" \/>\n\t<meta name=\"twitter:data2\" content=\"5 minuta\" \/>\n<script type=\"application\/ld+json\" class=\"yoast-schema-graph\">{\"@context\":\"https:\/\/schema.org\",\"@graph\":[{\"@type\":\"Article\",\"@id\":\"https:\/\/permbledhja.com\/sq\/rreth-300-mije-euro-dreka-udhetime-takime-ku-shkuan-parate-e-kosoves-per-lobim-ne-shba\/#article\",\"isPartOf\":{\"@id\":\"https:\/\/permbledhja.com\/sq\/rreth-300-mije-euro-dreka-udhetime-takime-ku-shkuan-parate-e-kosoves-per-lobim-ne-shba\/\"},\"author\":{\"name\":\"P\u00ebrmbledhja\",\"@id\":\"https:\/\/permbledhja.com\/#\/schema\/person\/0d064377258d3221e50693947b9eb4fe\"},\"headline\":\"Rreth 300 mij\u00eb euro, dreka, udh\u00ebtime, takime: Ku shkuan parat\u00eb e Kosov\u00ebs p\u00ebr lobim n\u00eb ShBA?\",\"datePublished\":\"2024-08-02T15:49:25+00:00\",\"dateModified\":\"2024-08-02T15:49:25+00:00\",\"mainEntityOfPage\":{\"@id\":\"https:\/\/permbledhja.com\/sq\/rreth-300-mije-euro-dreka-udhetime-takime-ku-shkuan-parate-e-kosoves-per-lobim-ne-shba\/\"},\"wordCount\":796,\"publisher\":{\"@id\":\"https:\/\/permbledhja.com\/#organization\"},\"keywords\":[\"Kosova\",\"ShBA\"],\"articleSection\":[\"Kryesore\"],\"inLanguage\":\"sq\"},{\"@type\":\"WebPage\",\"@id\":\"https:\/\/permbledhja.com\/sq\/rreth-300-mije-euro-dreka-udhetime-takime-ku-shkuan-parate-e-kosoves-per-lobim-ne-shba\/\",\"url\":\"https:\/\/permbledhja.com\/sq\/rreth-300-mije-euro-dreka-udhetime-takime-ku-shkuan-parate-e-kosoves-per-lobim-ne-shba\/\",\"name\":\"Rreth 300 mij\u00eb euro, dreka, udh\u00ebtime, takime: Ku shkuan parat\u00eb e Kosov\u00ebs p\u00ebr lobim n\u00eb ShBA?\",\"isPartOf\":{\"@id\":\"https:\/\/permbledhja.com\/#website\"},\"datePublished\":\"2024-08-02T15:49:25+00:00\",\"dateModified\":\"2024-08-02T15:49:25+00:00\",\"breadcrumb\":{\"@id\":\"https:\/\/permbledhja.com\/sq\/rreth-300-mije-euro-dreka-udhetime-takime-ku-shkuan-parate-e-kosoves-per-lobim-ne-shba\/#breadcrumb\"},\"inLanguage\":\"sq\",\"potentialAction\":[{\"@type\":\"ReadAction\",\"target\":[\"https:\/\/permbledhja.com\/sq\/rreth-300-mije-euro-dreka-udhetime-takime-ku-shkuan-parate-e-kosoves-per-lobim-ne-shba\/\"]}]},{\"@type\":\"BreadcrumbList\",\"@id\":\"https:\/\/permbledhja.com\/sq\/rreth-300-mije-euro-dreka-udhetime-takime-ku-shkuan-parate-e-kosoves-per-lobim-ne-shba\/#breadcrumb\",\"itemListElement\":[{\"@type\":\"ListItem\",\"position\":1,\"name\":\"Ballina\",\"item\":\"https:\/\/permbledhja.com\/sq\/\"},{\"@type\":\"ListItem\",\"position\":2,\"name\":\"Rreth 300 mij\u00eb euro, dreka, udh\u00ebtime, takime: Ku shkuan parat\u00eb e Kosov\u00ebs p\u00ebr lobim n\u00eb ShBA?\"}]},{\"@type\":\"WebSite\",\"@id\":\"https:\/\/permbledhja.com\/#website\",\"url\":\"https:\/\/permbledhja.com\/\",\"name\":\"Ve\u00e7 artikuj p\u00ebrmbledh\u00ebs\",\"description\":\"\",\"publisher\":{\"@id\":\"https:\/\/permbledhja.com\/#organization\"},\"potentialAction\":[{\"@type\":\"SearchAction\",\"target\":{\"@type\":\"EntryPoint\",\"urlTemplate\":\"https:\/\/permbledhja.com\/?s={search_term_string}\"},\"query-input\":\"required name=search_term_string\"}],\"inLanguage\":\"sq\"},{\"@type\":\"Organization\",\"@id\":\"https:\/\/permbledhja.com\/#organization\",\"name\":\"MK Media & Pr\",\"url\":\"https:\/\/permbledhja.com\/\",\"logo\":{\"@type\":\"ImageObject\",\"inLanguage\":\"sq\",\"@id\":\"https:\/\/permbledhja.com\/#\/schema\/logo\/image\/\",\"url\":\"https:\/\/permbledhja.com\/wp-content\/uploads\/2021\/12\/07-Press-Logo.jpg\",\"contentUrl\":\"https:\/\/permbledhja.com\/wp-content\/uploads\/2021\/12\/07-Press-Logo.jpg\",\"width\":512,\"height\":512,\"caption\":\"MK Media & Pr\"},\"image\":{\"@id\":\"https:\/\/permbledhja.com\/#\/schema\/logo\/image\/\"},\"sameAs\":[\"https:\/\/www.facebook.com\/press07\/\"]},{\"@type\":\"Person\",\"@id\":\"https:\/\/permbledhja.com\/#\/schema\/person\/0d064377258d3221e50693947b9eb4fe\",\"name\":\"P\u00ebrmbledhja\",\"image\":{\"@type\":\"ImageObject\",\"inLanguage\":\"sq\",\"@id\":\"https:\/\/permbledhja.com\/#\/schema\/person\/image\/\",\"url\":\"https:\/\/permbledhja.com\/wp-content\/uploads\/2026\/01\/452004717_1040944174702970_8932037511805513407_n-96x96.jpg\",\"contentUrl\":\"https:\/\/permbledhja.com\/wp-content\/uploads\/2026\/01\/452004717_1040944174702970_8932037511805513407_n-96x96.jpg\",\"caption\":\"P\u00ebrmbledhja\"},\"sameAs\":[\"https:\/\/www.facebook.com\/kafexhiu.muharrem\/\",\"https:\/\/www.instagram.com\/muharrem_kafexhiu\/\"],\"url\":\"https:\/\/permbledhja.com\/sq\/author\/admin\/\"}]}<\/script>\n<!-- \/ Yoast SEO plugin. -->","yoast_head_json":{"title":"Rreth 300 mij\u00eb euro, dreka, udh\u00ebtime, takime: Ku shkuan parat\u00eb e Kosov\u00ebs p\u00ebr lobim n\u00eb ShBA?","robots":{"index":"index","follow":"follow","max-snippet":"max-snippet:-1","max-image-preview":"max-image-preview:large","max-video-preview":"max-video-preview:-1"},"canonical":"https:\/\/permbledhja.com\/sq\/rreth-300-mije-euro-dreka-udhetime-takime-ku-shkuan-parate-e-kosoves-per-lobim-ne-shba\/","og_locale":"sq_AL","og_type":"article","og_title":"Rreth 300 mij\u00eb euro, dreka, udh\u00ebtime, takime: Ku shkuan parat\u00eb e Kosov\u00ebs p\u00ebr lobim n\u00eb ShBA?","og_description":"Nga korriku i vitit t\u00eb kaluar deri n\u00eb janar t\u00eb k\u00ebtij viti, Ministria e Pun\u00ebve t\u00eb Jashtme dhe Diaspor\u00ebs e Kosov\u00ebs (MPJD) i ka paguar dy kompani rreth 277 mij\u00eb dollar\u00eb p\u00ebr lobim n\u00eb SHBA. P\u00ebrve\u00e7 shum\u00ebs s\u00eb paguar sipas marr\u00ebveshjes p\u00ebr lobim, kompanit\u00eb n\u00eb pron\u00ebsi t\u00eb Af\u00ebrdita Rakipit dhe Avni Mustafajt kan\u00eb deklaruar edhe [&hellip;]","og_url":"https:\/\/permbledhja.com\/sq\/rreth-300-mije-euro-dreka-udhetime-takime-ku-shkuan-parate-e-kosoves-per-lobim-ne-shba\/","og_site_name":"Ve\u00e7 artikuj p\u00ebrmbledh\u00ebs","article_publisher":"https:\/\/www.facebook.com\/press07\/","article_author":"https:\/\/www.facebook.com\/kafexhiu.muharrem\/","article_published_time":"2024-08-02T15:49:25+00:00","og_image":[{"width":780,"height":439,"url":"https:\/\/permbledhja.com\/wp-content\/uploads\/2024\/08\/lobob-780x439-1.jpg","type":"image\/jpeg"}],"author":"P\u00ebrmbledhja","twitter_card":"summary_large_image","twitter_misc":{"Written by":"P\u00ebrmbledhja","Est. reading time":"5 minuta"},"schema":{"@context":"https:\/\/schema.org","@graph":[{"@type":"Article","@id":"https:\/\/permbledhja.com\/sq\/rreth-300-mije-euro-dreka-udhetime-takime-ku-shkuan-parate-e-kosoves-per-lobim-ne-shba\/#article","isPartOf":{"@id":"https:\/\/permbledhja.com\/sq\/rreth-300-mije-euro-dreka-udhetime-takime-ku-shkuan-parate-e-kosoves-per-lobim-ne-shba\/"},"author":{"name":"P\u00ebrmbledhja","@id":"https:\/\/permbledhja.com\/#\/schema\/person\/0d064377258d3221e50693947b9eb4fe"},"headline":"Rreth 300 mij\u00eb euro, dreka, udh\u00ebtime, takime: Ku shkuan parat\u00eb e Kosov\u00ebs p\u00ebr lobim n\u00eb ShBA?","datePublished":"2024-08-02T15:49:25+00:00","dateModified":"2024-08-02T15:49:25+00:00","mainEntityOfPage":{"@id":"https:\/\/permbledhja.com\/sq\/rreth-300-mije-euro-dreka-udhetime-takime-ku-shkuan-parate-e-kosoves-per-lobim-ne-shba\/"},"wordCount":796,"publisher":{"@id":"https:\/\/permbledhja.com\/#organization"},"keywords":["Kosova","ShBA"],"articleSection":["Kryesore"],"inLanguage":"sq"},{"@type":"WebPage","@id":"https:\/\/permbledhja.com\/sq\/rreth-300-mije-euro-dreka-udhetime-takime-ku-shkuan-parate-e-kosoves-per-lobim-ne-shba\/","url":"https:\/\/permbledhja.com\/sq\/rreth-300-mije-euro-dreka-udhetime-takime-ku-shkuan-parate-e-kosoves-per-lobim-ne-shba\/","name":"Rreth 300 mij\u00eb euro, dreka, udh\u00ebtime, takime: Ku shkuan parat\u00eb e Kosov\u00ebs p\u00ebr lobim n\u00eb ShBA?","isPartOf":{"@id":"https:\/\/permbledhja.com\/#website"},"datePublished":"2024-08-02T15:49:25+00:00","dateModified":"2024-08-02T15:49:25+00:00","breadcrumb":{"@id":"https:\/\/permbledhja.com\/sq\/rreth-300-mije-euro-dreka-udhetime-takime-ku-shkuan-parate-e-kosoves-per-lobim-ne-shba\/#breadcrumb"},"inLanguage":"sq","potentialAction":[{"@type":"ReadAction","target":["https:\/\/permbledhja.com\/sq\/rreth-300-mije-euro-dreka-udhetime-takime-ku-shkuan-parate-e-kosoves-per-lobim-ne-shba\/"]}]},{"@type":"BreadcrumbList","@id":"https:\/\/permbledhja.com\/sq\/rreth-300-mije-euro-dreka-udhetime-takime-ku-shkuan-parate-e-kosoves-per-lobim-ne-shba\/#breadcrumb","itemListElement":[{"@type":"ListItem","position":1,"name":"Ballina","item":"https:\/\/permbledhja.com\/sq\/"},{"@type":"ListItem","position":2,"name":"Rreth 300 mij\u00eb euro, dreka, udh\u00ebtime, takime: Ku shkuan parat\u00eb e Kosov\u00ebs p\u00ebr lobim n\u00eb ShBA?"}]},{"@type":"WebSite","@id":"https:\/\/permbledhja.com\/#website","url":"https:\/\/permbledhja.com\/","name":"Ve\u00e7 artikuj p\u00ebrmbledh\u00ebs","description":"","publisher":{"@id":"https:\/\/permbledhja.com\/#organization"},"potentialAction":[{"@type":"SearchAction","target":{"@type":"EntryPoint","urlTemplate":"https:\/\/permbledhja.com\/?s={search_term_string}"},"query-input":"required name=search_term_string"}],"inLanguage":"sq"},{"@type":"Organization","@id":"https:\/\/permbledhja.com\/#organization","name":"MK Media & Pr","url":"https:\/\/permbledhja.com\/","logo":{"@type":"ImageObject","inLanguage":"sq","@id":"https:\/\/permbledhja.com\/#\/schema\/logo\/image\/","url":"https:\/\/permbledhja.com\/wp-content\/uploads\/2021\/12\/07-Press-Logo.jpg","contentUrl":"https:\/\/permbledhja.com\/wp-content\/uploads\/2021\/12\/07-Press-Logo.jpg","width":512,"height":512,"caption":"MK Media & Pr"},"image":{"@id":"https:\/\/permbledhja.com\/#\/schema\/logo\/image\/"},"sameAs":["https:\/\/www.facebook.com\/press07\/"]},{"@type":"Person","@id":"https:\/\/permbledhja.com\/#\/schema\/person\/0d064377258d3221e50693947b9eb4fe","name":"P\u00ebrmbledhja","image":{"@type":"ImageObject","inLanguage":"sq","@id":"https:\/\/permbledhja.com\/#\/schema\/person\/image\/","url":"https:\/\/permbledhja.com\/wp-content\/uploads\/2026\/01\/452004717_1040944174702970_8932037511805513407_n-96x96.jpg","contentUrl":"https:\/\/permbledhja.com\/wp-content\/uploads\/2026\/01\/452004717_1040944174702970_8932037511805513407_n-96x96.jpg","caption":"P\u00ebrmbledhja"},"sameAs":["https:\/\/www.facebook.com\/kafexhiu.muharrem\/","https:\/\/www.instagram.com\/muharrem_kafexhiu\/"],"url":"https:\/\/permbledhja.com\/sq\/author\/admin\/"}]}},"_links":{"self":[{"href":"https:\/\/permbledhja.com\/sq\/wp-json\/wp\/v2\/posts\/67889"}],"collection":[{"href":"https:\/\/permbledhja.com\/sq\/wp-json\/wp\/v2\/posts"}],"about":[{"href":"https:\/\/permbledhja.com\/sq\/wp-json\/wp\/v2\/types\/post"}],"author":[{"embeddable":true,"href":"https:\/\/permbledhja.com\/sq\/wp-json\/wp\/v2\/users\/1"}],"replies":[{"embeddable":true,"href":"https:\/\/permbledhja.com\/sq\/wp-json\/wp\/v2\/comments?post=67889"}],"version-history":[{"count":1,"href":"https:\/\/permbledhja.com\/sq\/wp-json\/wp\/v2\/posts\/67889\/revisions"}],"predecessor-version":[{"id":67895,"href":"https:\/\/permbledhja.com\/sq\/wp-json\/wp\/v2\/posts\/67889\/revisions\/67895"}],"wp:featuredmedia":[{"embeddable":true,"href":"https:\/\/permbledhja.com\/sq\/wp-json\/wp\/v2\/media\/67890"}],"wp:attachment":[{"href":"https:\/\/permbledhja.com\/sq\/wp-json\/wp\/v2\/media?parent=67889"}],"wp:term":[{"taxonomy":"category","embeddable":true,"href":"https:\/\/permbledhja.com\/sq\/wp-json\/wp\/v2\/categories?post=67889"},{"taxonomy":"post_tag","embeddable":true,"href":"https:\/\/permbledhja.com\/sq\/wp-json\/wp\/v2\/tags?post=67889"}],"curies":[{"name":"wp","href":"https:\/\/api.w.org\/{rel}","templated":true}]}}