{"id":67885,"date":"2024-08-02T14:10:02","date_gmt":"2024-08-02T14:10:02","guid":{"rendered":"https:\/\/permbledhja.com\/?p=67885"},"modified":"2024-08-02T14:10:02","modified_gmt":"2024-08-02T14:10:02","slug":"hapet-nje-stacion-i-ri-policor-ne-veri-kurti-svecla-e-hetemi-pjesemarres-ne-ceremoni","status":"publish","type":"post","link":"https:\/\/permbledhja.com\/sq\/hapet-nje-stacion-i-ri-policor-ne-veri-kurti-svecla-e-hetemi-pjesemarres-ne-ceremoni\/","title":{"rendered":"Hapet nj\u00eb stacion i ri policor n\u00eb veri &#8211; Kurti, Sve\u00e7la e Hetemi pjes\u00ebmarr\u00ebs n\u00eb ceremoni"},"content":{"rendered":"<p><strong>Kryeministri i Kosov\u00ebs, Albin Kurti, i shoq\u00ebruar nga ministri i Brendsh\u00ebm, Xhelal Sve\u00e7la dhe kryetari i Leposaviqit, Lulzim Hetemi, kan\u00eb hapur sot nj\u00eb stacion policor n\u00eb So\u00e7anic\u00eb af\u00ebr Leposaviqit.<\/strong><\/p>\n<p>N\u00eb So\u00e7anic\u00eb, sipas banor\u00ebve lokal\u00eb, jan\u00eb t\u00eb pranish\u00ebm nj\u00eb num\u00ebr i madh i pjes\u00ebtar\u00ebve t\u00eb policis\u00eb dhe nj\u00ebsive speciale, shkruan portali lokal Kosovo-Online.<\/p>\n<div class=\"td_block_wrap tdb_single_content tdi_89 td-pb-border-top td_block_template_12 td-post-content tagdiv-type\" data-td-block-uid=\"tdi_89\">\n<div class=\"tdb-block-inner td-fix-index\">\n<p>I pranish\u00ebm n\u00eb ceremonin\u00eb e hapjes s\u00eb stacionit t\u00eb ri policor n\u00eb So\u00e7anic\u00eb ka qen\u00eb edhe Veton Elshani, z\u00ebvend\u00ebskomandant i Policis\u00eb s\u00eb Kosov\u00ebs p\u00ebr rajonin e veriut.<\/p>\n<\/div>\n<\/div>\n<div class=\"td_block_wrap td_flex_block_1 tdi_90 td-pb-border-top td_block_template_8 td_flex_block\" data-td-block-uid=\"tdi_90\"><img loading=\"lazy\" decoding=\"async\" class=\"alignnone wp-image-67886 size-full\" src=\"https:\/\/permbledhja.com\/wp-content\/uploads\/2024\/08\/ert-1.jpg\" alt=\"\" width=\"1135\" height=\"722\" srcset=\"https:\/\/permbledhja.com\/wp-content\/uploads\/2024\/08\/ert-1.jpg 1135w, https:\/\/permbledhja.com\/wp-content\/uploads\/2024\/08\/ert-1-300x191.jpg 300w, https:\/\/permbledhja.com\/wp-content\/uploads\/2024\/08\/ert-1-1024x651.jpg 1024w, https:\/\/permbledhja.com\/wp-content\/uploads\/2024\/08\/ert-1-768x489.jpg 768w, https:\/\/permbledhja.com\/wp-content\/uploads\/2024\/08\/ert-1-18x12.jpg 18w\" sizes=\"(max-width: 1135px) 100vw, 1135px\" \/><\/div>\n","protected":false},"excerpt":{"rendered":"<p>Kryeministri i Kosov\u00ebs, Albin Kurti, i shoq\u00ebruar nga ministri i Brendsh\u00ebm, Xhelal Sve\u00e7la dhe kryetari i Leposaviqit, Lulzim Hetemi, kan\u00eb hapur sot nj\u00eb stacion policor n\u00eb So\u00e7anic\u00eb af\u00ebr Leposaviqit. N\u00eb So\u00e7anic\u00eb, sipas banor\u00ebve lokal\u00eb, jan\u00eb t\u00eb pranish\u00ebm nj\u00eb num\u00ebr i madh i pjes\u00ebtar\u00ebve t\u00eb policis\u00eb dhe nj\u00ebsive speciale, shkruan portali lokal Kosovo-Online. I pranish\u00ebm n\u00eb [&hellip;]<\/p>\n","protected":false},"author":1,"featured_media":67887,"comment_status":"closed","ping_status":"closed","sticky":false,"template":"","format":"standard","meta":{"_monsterinsights_skip_tracking":false,"_monsterinsights_sitenote_active":false,"_monsterinsights_sitenote_note":"","_monsterinsights_sitenote_category":0,"_uf_show_specific_survey":0,"_uf_disable_surveys":false,"footnotes":""},"categories":[3324],"tags":[86],"yoast_head":"<!-- This site is optimized with the Yoast SEO plugin v21.5 - https:\/\/yoast.com\/wordpress\/plugins\/seo\/ -->\n<title>Hapet nj\u00eb stacion i ri policor n\u00eb veri - Kurti, Sve\u00e7la e Hetemi pjes\u00ebmarr\u00ebs n\u00eb ceremoni<\/title>\n<meta name=\"robots\" content=\"index, follow, max-snippet:-1, max-image-preview:large, max-video-preview:-1\" \/>\n<link rel=\"canonical\" href=\"https:\/\/permbledhja.com\/sq\/hapet-nje-stacion-i-ri-policor-ne-veri-kurti-svecla-e-hetemi-pjesemarres-ne-ceremoni\/\" \/>\n<meta property=\"og:locale\" content=\"sq_AL\" \/>\n<meta property=\"og:type\" content=\"article\" \/>\n<meta property=\"og:title\" content=\"Hapet nj\u00eb stacion i ri policor n\u00eb veri - Kurti, Sve\u00e7la e Hetemi pjes\u00ebmarr\u00ebs n\u00eb ceremoni\" \/>\n<meta property=\"og:description\" content=\"Kryeministri i Kosov\u00ebs, Albin Kurti, i shoq\u00ebruar nga ministri i Brendsh\u00ebm, Xhelal Sve\u00e7la dhe kryetari i Leposaviqit, Lulzim Hetemi, kan\u00eb hapur sot nj\u00eb stacion policor n\u00eb So\u00e7anic\u00eb af\u00ebr Leposaviqit. N\u00eb So\u00e7anic\u00eb, sipas banor\u00ebve lokal\u00eb, jan\u00eb t\u00eb pranish\u00ebm nj\u00eb num\u00ebr i madh i pjes\u00ebtar\u00ebve t\u00eb policis\u00eb dhe nj\u00ebsive speciale, shkruan portali lokal Kosovo-Online. I pranish\u00ebm n\u00eb [&hellip;]\" \/>\n<meta property=\"og:url\" content=\"https:\/\/permbledhja.com\/sq\/hapet-nje-stacion-i-ri-policor-ne-veri-kurti-svecla-e-hetemi-pjesemarres-ne-ceremoni\/\" \/>\n<meta property=\"og:site_name\" content=\"Ve\u00e7 artikuj p\u00ebrmbledh\u00ebs\" \/>\n<meta property=\"article:publisher\" content=\"https:\/\/www.facebook.com\/press07\/\" \/>\n<meta property=\"article:author\" content=\"https:\/\/www.facebook.com\/kafexhiu.muharrem\/\" \/>\n<meta property=\"article:published_time\" content=\"2024-08-02T14:10:02+00:00\" \/>\n<meta property=\"og:image\" content=\"https:\/\/permbledhja.com\/wp-content\/uploads\/2024\/08\/mkmk.png\" \/>\n\t<meta property=\"og:image:width\" content=\"627\" \/>\n\t<meta property=\"og:image:height\" content=\"397\" \/>\n\t<meta property=\"og:image:type\" content=\"image\/png\" \/>\n<meta name=\"author\" content=\"P\u00ebrmbledhja\" \/>\n<meta name=\"twitter:card\" content=\"summary_large_image\" \/>\n<meta name=\"twitter:label1\" content=\"Written by\" \/>\n\t<meta name=\"twitter:data1\" content=\"P\u00ebrmbledhja\" \/>\n\t<meta name=\"twitter:label2\" content=\"Est. reading time\" \/>\n\t<meta name=\"twitter:data2\" content=\"1 minut\u00eb\" \/>\n<script type=\"application\/ld+json\" class=\"yoast-schema-graph\">{\"@context\":\"https:\/\/schema.org\",\"@graph\":[{\"@type\":\"Article\",\"@id\":\"https:\/\/permbledhja.com\/sq\/hapet-nje-stacion-i-ri-policor-ne-veri-kurti-svecla-e-hetemi-pjesemarres-ne-ceremoni\/#article\",\"isPartOf\":{\"@id\":\"https:\/\/permbledhja.com\/sq\/hapet-nje-stacion-i-ri-policor-ne-veri-kurti-svecla-e-hetemi-pjesemarres-ne-ceremoni\/\"},\"author\":{\"name\":\"P\u00ebrmbledhja\",\"@id\":\"https:\/\/permbledhja.com\/#\/schema\/person\/0d064377258d3221e50693947b9eb4fe\"},\"headline\":\"Hapet nj\u00eb stacion i ri policor n\u00eb veri &#8211; Kurti, Sve\u00e7la e Hetemi pjes\u00ebmarr\u00ebs n\u00eb ceremoni\",\"datePublished\":\"2024-08-02T14:10:02+00:00\",\"dateModified\":\"2024-08-02T14:10:02+00:00\",\"mainEntityOfPage\":{\"@id\":\"https:\/\/permbledhja.com\/sq\/hapet-nje-stacion-i-ri-policor-ne-veri-kurti-svecla-e-hetemi-pjesemarres-ne-ceremoni\/\"},\"wordCount\":117,\"publisher\":{\"@id\":\"https:\/\/permbledhja.com\/#organization\"},\"keywords\":[\"Albin Kurti\"],\"articleSection\":[\"Dyt\u00ebsore\"],\"inLanguage\":\"sq\"},{\"@type\":\"WebPage\",\"@id\":\"https:\/\/permbledhja.com\/sq\/hapet-nje-stacion-i-ri-policor-ne-veri-kurti-svecla-e-hetemi-pjesemarres-ne-ceremoni\/\",\"url\":\"https:\/\/permbledhja.com\/sq\/hapet-nje-stacion-i-ri-policor-ne-veri-kurti-svecla-e-hetemi-pjesemarres-ne-ceremoni\/\",\"name\":\"Hapet nj\u00eb stacion i ri policor n\u00eb veri - Kurti, Sve\u00e7la e Hetemi pjes\u00ebmarr\u00ebs n\u00eb ceremoni\",\"isPartOf\":{\"@id\":\"https:\/\/permbledhja.com\/#website\"},\"datePublished\":\"2024-08-02T14:10:02+00:00\",\"dateModified\":\"2024-08-02T14:10:02+00:00\",\"breadcrumb\":{\"@id\":\"https:\/\/permbledhja.com\/sq\/hapet-nje-stacion-i-ri-policor-ne-veri-kurti-svecla-e-hetemi-pjesemarres-ne-ceremoni\/#breadcrumb\"},\"inLanguage\":\"sq\",\"potentialAction\":[{\"@type\":\"ReadAction\",\"target\":[\"https:\/\/permbledhja.com\/sq\/hapet-nje-stacion-i-ri-policor-ne-veri-kurti-svecla-e-hetemi-pjesemarres-ne-ceremoni\/\"]}]},{\"@type\":\"BreadcrumbList\",\"@id\":\"https:\/\/permbledhja.com\/sq\/hapet-nje-stacion-i-ri-policor-ne-veri-kurti-svecla-e-hetemi-pjesemarres-ne-ceremoni\/#breadcrumb\",\"itemListElement\":[{\"@type\":\"ListItem\",\"position\":1,\"name\":\"Ballina\",\"item\":\"https:\/\/permbledhja.com\/sq\/\"},{\"@type\":\"ListItem\",\"position\":2,\"name\":\"Hapet nj\u00eb stacion i ri policor n\u00eb veri &#8211; Kurti, Sve\u00e7la e Hetemi pjes\u00ebmarr\u00ebs n\u00eb ceremoni\"}]},{\"@type\":\"WebSite\",\"@id\":\"https:\/\/permbledhja.com\/#website\",\"url\":\"https:\/\/permbledhja.com\/\",\"name\":\"Ve\u00e7 artikuj p\u00ebrmbledh\u00ebs\",\"description\":\"\",\"publisher\":{\"@id\":\"https:\/\/permbledhja.com\/#organization\"},\"potentialAction\":[{\"@type\":\"SearchAction\",\"target\":{\"@type\":\"EntryPoint\",\"urlTemplate\":\"https:\/\/permbledhja.com\/?s={search_term_string}\"},\"query-input\":\"required name=search_term_string\"}],\"inLanguage\":\"sq\"},{\"@type\":\"Organization\",\"@id\":\"https:\/\/permbledhja.com\/#organization\",\"name\":\"MK Media & Pr\",\"url\":\"https:\/\/permbledhja.com\/\",\"logo\":{\"@type\":\"ImageObject\",\"inLanguage\":\"sq\",\"@id\":\"https:\/\/permbledhja.com\/#\/schema\/logo\/image\/\",\"url\":\"https:\/\/permbledhja.com\/wp-content\/uploads\/2021\/12\/07-Press-Logo.jpg\",\"contentUrl\":\"https:\/\/permbledhja.com\/wp-content\/uploads\/2021\/12\/07-Press-Logo.jpg\",\"width\":512,\"height\":512,\"caption\":\"MK Media & Pr\"},\"image\":{\"@id\":\"https:\/\/permbledhja.com\/#\/schema\/logo\/image\/\"},\"sameAs\":[\"https:\/\/www.facebook.com\/press07\/\"]},{\"@type\":\"Person\",\"@id\":\"https:\/\/permbledhja.com\/#\/schema\/person\/0d064377258d3221e50693947b9eb4fe\",\"name\":\"P\u00ebrmbledhja\",\"image\":{\"@type\":\"ImageObject\",\"inLanguage\":\"sq\",\"@id\":\"https:\/\/permbledhja.com\/#\/schema\/person\/image\/\",\"url\":\"https:\/\/permbledhja.com\/wp-content\/uploads\/2026\/01\/452004717_1040944174702970_8932037511805513407_n-96x96.jpg\",\"contentUrl\":\"https:\/\/permbledhja.com\/wp-content\/uploads\/2026\/01\/452004717_1040944174702970_8932037511805513407_n-96x96.jpg\",\"caption\":\"P\u00ebrmbledhja\"},\"sameAs\":[\"https:\/\/www.facebook.com\/kafexhiu.muharrem\/\",\"https:\/\/www.instagram.com\/muharrem_kafexhiu\/\"],\"url\":\"https:\/\/permbledhja.com\/sq\/author\/admin\/\"}]}<\/script>\n<!-- \/ Yoast SEO plugin. -->","yoast_head_json":{"title":"Hapet nj\u00eb stacion i ri policor n\u00eb veri - Kurti, Sve\u00e7la e Hetemi pjes\u00ebmarr\u00ebs n\u00eb ceremoni","robots":{"index":"index","follow":"follow","max-snippet":"max-snippet:-1","max-image-preview":"max-image-preview:large","max-video-preview":"max-video-preview:-1"},"canonical":"https:\/\/permbledhja.com\/sq\/hapet-nje-stacion-i-ri-policor-ne-veri-kurti-svecla-e-hetemi-pjesemarres-ne-ceremoni\/","og_locale":"sq_AL","og_type":"article","og_title":"Hapet nj\u00eb stacion i ri policor n\u00eb veri - Kurti, Sve\u00e7la e Hetemi pjes\u00ebmarr\u00ebs n\u00eb ceremoni","og_description":"Kryeministri i Kosov\u00ebs, Albin Kurti, i shoq\u00ebruar nga ministri i Brendsh\u00ebm, Xhelal Sve\u00e7la dhe kryetari i Leposaviqit, Lulzim Hetemi, kan\u00eb hapur sot nj\u00eb stacion policor n\u00eb So\u00e7anic\u00eb af\u00ebr Leposaviqit. N\u00eb So\u00e7anic\u00eb, sipas banor\u00ebve lokal\u00eb, jan\u00eb t\u00eb pranish\u00ebm nj\u00eb num\u00ebr i madh i pjes\u00ebtar\u00ebve t\u00eb policis\u00eb dhe nj\u00ebsive speciale, shkruan portali lokal Kosovo-Online. I pranish\u00ebm n\u00eb [&hellip;]","og_url":"https:\/\/permbledhja.com\/sq\/hapet-nje-stacion-i-ri-policor-ne-veri-kurti-svecla-e-hetemi-pjesemarres-ne-ceremoni\/","og_site_name":"Ve\u00e7 artikuj p\u00ebrmbledh\u00ebs","article_publisher":"https:\/\/www.facebook.com\/press07\/","article_author":"https:\/\/www.facebook.com\/kafexhiu.muharrem\/","article_published_time":"2024-08-02T14:10:02+00:00","og_image":[{"width":627,"height":397,"url":"https:\/\/permbledhja.com\/wp-content\/uploads\/2024\/08\/mkmk.png","type":"image\/png"}],"author":"P\u00ebrmbledhja","twitter_card":"summary_large_image","twitter_misc":{"Written by":"P\u00ebrmbledhja","Est. reading time":"1 minut\u00eb"},"schema":{"@context":"https:\/\/schema.org","@graph":[{"@type":"Article","@id":"https:\/\/permbledhja.com\/sq\/hapet-nje-stacion-i-ri-policor-ne-veri-kurti-svecla-e-hetemi-pjesemarres-ne-ceremoni\/#article","isPartOf":{"@id":"https:\/\/permbledhja.com\/sq\/hapet-nje-stacion-i-ri-policor-ne-veri-kurti-svecla-e-hetemi-pjesemarres-ne-ceremoni\/"},"author":{"name":"P\u00ebrmbledhja","@id":"https:\/\/permbledhja.com\/#\/schema\/person\/0d064377258d3221e50693947b9eb4fe"},"headline":"Hapet nj\u00eb stacion i ri policor n\u00eb veri &#8211; Kurti, Sve\u00e7la e Hetemi pjes\u00ebmarr\u00ebs n\u00eb ceremoni","datePublished":"2024-08-02T14:10:02+00:00","dateModified":"2024-08-02T14:10:02+00:00","mainEntityOfPage":{"@id":"https:\/\/permbledhja.com\/sq\/hapet-nje-stacion-i-ri-policor-ne-veri-kurti-svecla-e-hetemi-pjesemarres-ne-ceremoni\/"},"wordCount":117,"publisher":{"@id":"https:\/\/permbledhja.com\/#organization"},"keywords":["Albin Kurti"],"articleSection":["Dyt\u00ebsore"],"inLanguage":"sq"},{"@type":"WebPage","@id":"https:\/\/permbledhja.com\/sq\/hapet-nje-stacion-i-ri-policor-ne-veri-kurti-svecla-e-hetemi-pjesemarres-ne-ceremoni\/","url":"https:\/\/permbledhja.com\/sq\/hapet-nje-stacion-i-ri-policor-ne-veri-kurti-svecla-e-hetemi-pjesemarres-ne-ceremoni\/","name":"Hapet nj\u00eb stacion i ri policor n\u00eb veri - Kurti, Sve\u00e7la e Hetemi pjes\u00ebmarr\u00ebs n\u00eb ceremoni","isPartOf":{"@id":"https:\/\/permbledhja.com\/#website"},"datePublished":"2024-08-02T14:10:02+00:00","dateModified":"2024-08-02T14:10:02+00:00","breadcrumb":{"@id":"https:\/\/permbledhja.com\/sq\/hapet-nje-stacion-i-ri-policor-ne-veri-kurti-svecla-e-hetemi-pjesemarres-ne-ceremoni\/#breadcrumb"},"inLanguage":"sq","potentialAction":[{"@type":"ReadAction","target":["https:\/\/permbledhja.com\/sq\/hapet-nje-stacion-i-ri-policor-ne-veri-kurti-svecla-e-hetemi-pjesemarres-ne-ceremoni\/"]}]},{"@type":"BreadcrumbList","@id":"https:\/\/permbledhja.com\/sq\/hapet-nje-stacion-i-ri-policor-ne-veri-kurti-svecla-e-hetemi-pjesemarres-ne-ceremoni\/#breadcrumb","itemListElement":[{"@type":"ListItem","position":1,"name":"Ballina","item":"https:\/\/permbledhja.com\/sq\/"},{"@type":"ListItem","position":2,"name":"Hapet nj\u00eb stacion i ri policor n\u00eb veri &#8211; Kurti, Sve\u00e7la e Hetemi pjes\u00ebmarr\u00ebs n\u00eb ceremoni"}]},{"@type":"WebSite","@id":"https:\/\/permbledhja.com\/#website","url":"https:\/\/permbledhja.com\/","name":"Ve\u00e7 artikuj p\u00ebrmbledh\u00ebs","description":"","publisher":{"@id":"https:\/\/permbledhja.com\/#organization"},"potentialAction":[{"@type":"SearchAction","target":{"@type":"EntryPoint","urlTemplate":"https:\/\/permbledhja.com\/?s={search_term_string}"},"query-input":"required name=search_term_string"}],"inLanguage":"sq"},{"@type":"Organization","@id":"https:\/\/permbledhja.com\/#organization","name":"MK Media & Pr","url":"https:\/\/permbledhja.com\/","logo":{"@type":"ImageObject","inLanguage":"sq","@id":"https:\/\/permbledhja.com\/#\/schema\/logo\/image\/","url":"https:\/\/permbledhja.com\/wp-content\/uploads\/2021\/12\/07-Press-Logo.jpg","contentUrl":"https:\/\/permbledhja.com\/wp-content\/uploads\/2021\/12\/07-Press-Logo.jpg","width":512,"height":512,"caption":"MK Media & Pr"},"image":{"@id":"https:\/\/permbledhja.com\/#\/schema\/logo\/image\/"},"sameAs":["https:\/\/www.facebook.com\/press07\/"]},{"@type":"Person","@id":"https:\/\/permbledhja.com\/#\/schema\/person\/0d064377258d3221e50693947b9eb4fe","name":"P\u00ebrmbledhja","image":{"@type":"ImageObject","inLanguage":"sq","@id":"https:\/\/permbledhja.com\/#\/schema\/person\/image\/","url":"https:\/\/permbledhja.com\/wp-content\/uploads\/2026\/01\/452004717_1040944174702970_8932037511805513407_n-96x96.jpg","contentUrl":"https:\/\/permbledhja.com\/wp-content\/uploads\/2026\/01\/452004717_1040944174702970_8932037511805513407_n-96x96.jpg","caption":"P\u00ebrmbledhja"},"sameAs":["https:\/\/www.facebook.com\/kafexhiu.muharrem\/","https:\/\/www.instagram.com\/muharrem_kafexhiu\/"],"url":"https:\/\/permbledhja.com\/sq\/author\/admin\/"}]}},"_links":{"self":[{"href":"https:\/\/permbledhja.com\/sq\/wp-json\/wp\/v2\/posts\/67885"}],"collection":[{"href":"https:\/\/permbledhja.com\/sq\/wp-json\/wp\/v2\/posts"}],"about":[{"href":"https:\/\/permbledhja.com\/sq\/wp-json\/wp\/v2\/types\/post"}],"author":[{"embeddable":true,"href":"https:\/\/permbledhja.com\/sq\/wp-json\/wp\/v2\/users\/1"}],"replies":[{"embeddable":true,"href":"https:\/\/permbledhja.com\/sq\/wp-json\/wp\/v2\/comments?post=67885"}],"version-history":[{"count":1,"href":"https:\/\/permbledhja.com\/sq\/wp-json\/wp\/v2\/posts\/67885\/revisions"}],"predecessor-version":[{"id":67888,"href":"https:\/\/permbledhja.com\/sq\/wp-json\/wp\/v2\/posts\/67885\/revisions\/67888"}],"wp:featuredmedia":[{"embeddable":true,"href":"https:\/\/permbledhja.com\/sq\/wp-json\/wp\/v2\/media\/67887"}],"wp:attachment":[{"href":"https:\/\/permbledhja.com\/sq\/wp-json\/wp\/v2\/media?parent=67885"}],"wp:term":[{"taxonomy":"category","embeddable":true,"href":"https:\/\/permbledhja.com\/sq\/wp-json\/wp\/v2\/categories?post=67885"},{"taxonomy":"post_tag","embeddable":true,"href":"https:\/\/permbledhja.com\/sq\/wp-json\/wp\/v2\/tags?post=67885"}],"curies":[{"name":"wp","href":"https:\/\/api.w.org\/{rel}","templated":true}]}}