{"id":67788,"date":"2024-07-31T10:56:28","date_gmt":"2024-07-31T10:56:28","guid":{"rendered":"https:\/\/permbledhja.com\/?p=67788"},"modified":"2024-07-31T10:56:28","modified_gmt":"2024-07-31T10:56:28","slug":"fotografia-me-e-mire-e-lojerave-olimpike-ne-paris","status":"publish","type":"post","link":"https:\/\/permbledhja.com\/sq\/fotografia-me-e-mire-e-lojerave-olimpike-ne-paris\/","title":{"rendered":"Fotografia m\u00eb e mir\u00eb e Loj\u00ebrave Olimpike n\u00eb Paris"},"content":{"rendered":"<p><strong>Fotografi francez Jerome Brouillet e dinte se kishte mund\u00ebsin\u00eb t\u00eb shkrepte di\u00e7ka t\u00eb ve\u00e7ant\u00eb kur s\u00ebrfisti brazilian Gabriel Medina kapi nj\u00eb prej dallg\u00ebve m\u00eb t\u00eb m\u00ebdha gjat\u00eb dit\u00ebs, shkruan\u00a0BBC.<\/strong><\/p>\n<p><em>\u201cKushtet ishin t\u00eb p\u00ebrkryera, dallg\u00ebt ishin m\u00eb t\u00eb m\u00ebdha sesa prit\u00ebm\u201d<\/em>, thot\u00eb Brouillet.<\/p>\n<p>Mir\u00ebpo ajo q\u00eb pa n\u00eb aparatin e tij ishte p\u00ebrtej \u00ebndrrave t\u00eb tij m\u00eb t\u00eb \u00e7mendura, transmeton Reporteri.<\/p>\n<p>Duke pritur n\u00eb anije anash dallg\u00ebve n\u00eb Tahiti, Brouillet ishte gati p\u00ebr shfaqjen e Medinas \u2013 sapo ai t\u00eb dilte nga dallg\u00ebt.<\/p>\n<p>Ai doli, duke b\u00ebr\u00eb me gisht n\u00eb aj\u00ebr teksa festonte vler\u00ebsimin prej 9.9 pik\u00ebsh.<\/p>\n<p>N\u00eb momentin e p\u00ebrkryer, Brouillet kapi brazilianin n\u00eb aj\u00ebr sikur po q\u00ebndronte n\u00eb tok\u00eb.<\/p>\n<p><em>\u201cAi \u00ebsht\u00eb prapa dallg\u00ebve dhe un\u00eb nuk mund ta shoh dhe krejt papritur ai del dhe shkrepa kat\u00ebr fotografi. Nj\u00eb prej tyre \u00ebsht\u00eb kjo\u201d<\/em>, thot\u00eb Brouillet.<\/p>\n<p><em>\u201cNuk ishte e v\u00ebshtir\u00eb t\u00eb shkrepja k\u00ebt\u00eb fotografi. Ishte nj\u00eb prej momenteve t\u00eb pritura dhe kur Gabrieli do t\u00eb dilte nga dallg\u00ebt\u201d<\/em>, shton ai.<\/p>\n<p>Fotografia me shpejt\u00ebsi u publikua dhe rrjetet sociale shp\u00ebrthyen.<\/p>\n<p>Edhe Medina e publikoi t\u00eb nj\u00ebjt\u00ebn fotografi n\u00eb Instagram dhe mori 3.8 milion\u00eb p\u00eblqime.<\/p>\n<p><img loading=\"lazy\" decoding=\"async\" class=\"alignnone wp-image-67790 size-full\" src=\"https:\/\/permbledhja.com\/wp-content\/uploads\/2024\/07\/Momenti-1-1.jpg\" alt=\"\" width=\"795\" height=\"447\" srcset=\"https:\/\/permbledhja.com\/wp-content\/uploads\/2024\/07\/Momenti-1-1.jpg 795w, https:\/\/permbledhja.com\/wp-content\/uploads\/2024\/07\/Momenti-1-1-300x169.jpg 300w, https:\/\/permbledhja.com\/wp-content\/uploads\/2024\/07\/Momenti-1-1-768x432.jpg 768w, https:\/\/permbledhja.com\/wp-content\/uploads\/2024\/07\/Momenti-1-1-18x10.jpg 18w\" sizes=\"(max-width: 795px) 100vw, 795px\" \/><\/p>\n","protected":false},"excerpt":{"rendered":"<p>Fotografi francez Jerome Brouillet e dinte se kishte mund\u00ebsin\u00eb t\u00eb shkrepte di\u00e7ka t\u00eb ve\u00e7ant\u00eb kur s\u00ebrfisti brazilian Gabriel Medina kapi nj\u00eb prej dallg\u00ebve m\u00eb t\u00eb m\u00ebdha gjat\u00eb dit\u00ebs, shkruan\u00a0BBC. \u201cKushtet ishin t\u00eb p\u00ebrkryera, dallg\u00ebt ishin m\u00eb t\u00eb m\u00ebdha sesa prit\u00ebm\u201d, thot\u00eb Brouillet. Mir\u00ebpo ajo q\u00eb pa n\u00eb aparatin e tij ishte p\u00ebrtej \u00ebndrrave t\u00eb tij [&hellip;]<\/p>\n","protected":false},"author":1,"featured_media":67789,"comment_status":"closed","ping_status":"closed","sticky":false,"template":"","format":"standard","meta":{"_monsterinsights_skip_tracking":false,"_monsterinsights_sitenote_active":false,"_monsterinsights_sitenote_note":"","_monsterinsights_sitenote_category":0,"_uf_show_specific_survey":0,"_uf_disable_surveys":false,"footnotes":""},"categories":[3324],"tags":[3332],"yoast_head":"<!-- This site is optimized with the Yoast SEO plugin v21.5 - https:\/\/yoast.com\/wordpress\/plugins\/seo\/ -->\n<title>Fotografia m\u00eb e mir\u00eb e Loj\u00ebrave Olimpike n\u00eb Paris<\/title>\n<meta name=\"robots\" content=\"index, follow, max-snippet:-1, max-image-preview:large, max-video-preview:-1\" \/>\n<link rel=\"canonical\" href=\"https:\/\/permbledhja.com\/sq\/fotografia-me-e-mire-e-lojerave-olimpike-ne-paris\/\" \/>\n<meta property=\"og:locale\" content=\"sq_AL\" \/>\n<meta property=\"og:type\" content=\"article\" \/>\n<meta property=\"og:title\" content=\"Fotografia m\u00eb e mir\u00eb e Loj\u00ebrave Olimpike n\u00eb Paris\" \/>\n<meta property=\"og:description\" content=\"Fotografi francez Jerome Brouillet e dinte se kishte mund\u00ebsin\u00eb t\u00eb shkrepte di\u00e7ka t\u00eb ve\u00e7ant\u00eb kur s\u00ebrfisti brazilian Gabriel Medina kapi nj\u00eb prej dallg\u00ebve m\u00eb t\u00eb m\u00ebdha gjat\u00eb dit\u00ebs, shkruan\u00a0BBC. \u201cKushtet ishin t\u00eb p\u00ebrkryera, dallg\u00ebt ishin m\u00eb t\u00eb m\u00ebdha sesa prit\u00ebm\u201d, thot\u00eb Brouillet. Mir\u00ebpo ajo q\u00eb pa n\u00eb aparatin e tij ishte p\u00ebrtej \u00ebndrrave t\u00eb tij [&hellip;]\" \/>\n<meta property=\"og:url\" content=\"https:\/\/permbledhja.com\/sq\/fotografia-me-e-mire-e-lojerave-olimpike-ne-paris\/\" \/>\n<meta property=\"og:site_name\" content=\"Ve\u00e7 artikuj p\u00ebrmbledh\u00ebs\" \/>\n<meta property=\"article:publisher\" content=\"https:\/\/www.facebook.com\/press07\/\" \/>\n<meta property=\"article:author\" content=\"https:\/\/www.facebook.com\/kafexhiu.muharrem\/\" \/>\n<meta property=\"article:published_time\" content=\"2024-07-31T10:56:28+00:00\" \/>\n<meta property=\"og:image\" content=\"https:\/\/permbledhja.com\/wp-content\/uploads\/2024\/07\/Momenti-1.jpg\" \/>\n\t<meta property=\"og:image:width\" content=\"795\" \/>\n\t<meta property=\"og:image:height\" content=\"447\" \/>\n\t<meta property=\"og:image:type\" content=\"image\/jpeg\" \/>\n<meta name=\"author\" content=\"P\u00ebrmbledhja\" \/>\n<meta name=\"twitter:card\" content=\"summary_large_image\" \/>\n<meta name=\"twitter:label1\" content=\"Written by\" \/>\n\t<meta name=\"twitter:data1\" content=\"P\u00ebrmbledhja\" \/>\n\t<meta name=\"twitter:label2\" content=\"Est. reading time\" \/>\n\t<meta name=\"twitter:data2\" content=\"2 minuta\" \/>\n<script type=\"application\/ld+json\" class=\"yoast-schema-graph\">{\"@context\":\"https:\/\/schema.org\",\"@graph\":[{\"@type\":\"Article\",\"@id\":\"https:\/\/permbledhja.com\/fotografia-me-e-mire-e-lojerave-olimpike-ne-paris\/#article\",\"isPartOf\":{\"@id\":\"https:\/\/permbledhja.com\/fotografia-me-e-mire-e-lojerave-olimpike-ne-paris\/\"},\"author\":{\"name\":\"P\u00ebrmbledhja\",\"@id\":\"https:\/\/permbledhja.com\/#\/schema\/person\/0d064377258d3221e50693947b9eb4fe\"},\"headline\":\"Fotografia m\u00eb e mir\u00eb e Loj\u00ebrave Olimpike n\u00eb Paris\",\"datePublished\":\"2024-07-31T10:56:28+00:00\",\"dateModified\":\"2024-07-31T10:56:28+00:00\",\"mainEntityOfPage\":{\"@id\":\"https:\/\/permbledhja.com\/fotografia-me-e-mire-e-lojerave-olimpike-ne-paris\/\"},\"wordCount\":224,\"publisher\":{\"@id\":\"https:\/\/permbledhja.com\/#organization\"},\"keywords\":[\"Loj\u00ebrave Olimpike\"],\"articleSection\":[\"Dyt\u00ebsore\"],\"inLanguage\":\"sq\"},{\"@type\":\"WebPage\",\"@id\":\"https:\/\/permbledhja.com\/fotografia-me-e-mire-e-lojerave-olimpike-ne-paris\/\",\"url\":\"https:\/\/permbledhja.com\/fotografia-me-e-mire-e-lojerave-olimpike-ne-paris\/\",\"name\":\"Fotografia m\u00eb e mir\u00eb e Loj\u00ebrave Olimpike n\u00eb Paris\",\"isPartOf\":{\"@id\":\"https:\/\/permbledhja.com\/#website\"},\"datePublished\":\"2024-07-31T10:56:28+00:00\",\"dateModified\":\"2024-07-31T10:56:28+00:00\",\"breadcrumb\":{\"@id\":\"https:\/\/permbledhja.com\/fotografia-me-e-mire-e-lojerave-olimpike-ne-paris\/#breadcrumb\"},\"inLanguage\":\"sq\",\"potentialAction\":[{\"@type\":\"ReadAction\",\"target\":[\"https:\/\/permbledhja.com\/fotografia-me-e-mire-e-lojerave-olimpike-ne-paris\/\"]}]},{\"@type\":\"BreadcrumbList\",\"@id\":\"https:\/\/permbledhja.com\/fotografia-me-e-mire-e-lojerave-olimpike-ne-paris\/#breadcrumb\",\"itemListElement\":[{\"@type\":\"ListItem\",\"position\":1,\"name\":\"Ballina\",\"item\":\"https:\/\/permbledhja.com\/sq\/\"},{\"@type\":\"ListItem\",\"position\":2,\"name\":\"Fotografia m\u00eb e mir\u00eb e Loj\u00ebrave Olimpike n\u00eb Paris\"}]},{\"@type\":\"WebSite\",\"@id\":\"https:\/\/permbledhja.com\/#website\",\"url\":\"https:\/\/permbledhja.com\/\",\"name\":\"Ve\u00e7 artikuj p\u00ebrmbledh\u00ebs\",\"description\":\"\",\"publisher\":{\"@id\":\"https:\/\/permbledhja.com\/#organization\"},\"potentialAction\":[{\"@type\":\"SearchAction\",\"target\":{\"@type\":\"EntryPoint\",\"urlTemplate\":\"https:\/\/permbledhja.com\/?s={search_term_string}\"},\"query-input\":\"required name=search_term_string\"}],\"inLanguage\":\"sq\"},{\"@type\":\"Organization\",\"@id\":\"https:\/\/permbledhja.com\/#organization\",\"name\":\"MK Media & Pr\",\"url\":\"https:\/\/permbledhja.com\/\",\"logo\":{\"@type\":\"ImageObject\",\"inLanguage\":\"sq\",\"@id\":\"https:\/\/permbledhja.com\/#\/schema\/logo\/image\/\",\"url\":\"https:\/\/permbledhja.com\/wp-content\/uploads\/2021\/12\/07-Press-Logo.jpg\",\"contentUrl\":\"https:\/\/permbledhja.com\/wp-content\/uploads\/2021\/12\/07-Press-Logo.jpg\",\"width\":512,\"height\":512,\"caption\":\"MK Media & Pr\"},\"image\":{\"@id\":\"https:\/\/permbledhja.com\/#\/schema\/logo\/image\/\"},\"sameAs\":[\"https:\/\/www.facebook.com\/press07\/\"]},{\"@type\":\"Person\",\"@id\":\"https:\/\/permbledhja.com\/#\/schema\/person\/0d064377258d3221e50693947b9eb4fe\",\"name\":\"P\u00ebrmbledhja\",\"image\":{\"@type\":\"ImageObject\",\"inLanguage\":\"sq\",\"@id\":\"https:\/\/permbledhja.com\/#\/schema\/person\/image\/\",\"url\":\"https:\/\/permbledhja.com\/wp-content\/uploads\/2026\/01\/452004717_1040944174702970_8932037511805513407_n-96x96.jpg\",\"contentUrl\":\"https:\/\/permbledhja.com\/wp-content\/uploads\/2026\/01\/452004717_1040944174702970_8932037511805513407_n-96x96.jpg\",\"caption\":\"P\u00ebrmbledhja\"},\"sameAs\":[\"https:\/\/www.facebook.com\/kafexhiu.muharrem\/\",\"https:\/\/www.instagram.com\/muharrem_kafexhiu\/\"],\"url\":\"https:\/\/permbledhja.com\/sq\/author\/admin\/\"}]}<\/script>\n<!-- \/ Yoast SEO plugin. -->","yoast_head_json":{"title":"Fotografia m\u00eb e mir\u00eb e Loj\u00ebrave Olimpike n\u00eb Paris","robots":{"index":"index","follow":"follow","max-snippet":"max-snippet:-1","max-image-preview":"max-image-preview:large","max-video-preview":"max-video-preview:-1"},"canonical":"https:\/\/permbledhja.com\/sq\/fotografia-me-e-mire-e-lojerave-olimpike-ne-paris\/","og_locale":"sq_AL","og_type":"article","og_title":"Fotografia m\u00eb e mir\u00eb e Loj\u00ebrave Olimpike n\u00eb Paris","og_description":"Fotografi francez Jerome Brouillet e dinte se kishte mund\u00ebsin\u00eb t\u00eb shkrepte di\u00e7ka t\u00eb ve\u00e7ant\u00eb kur s\u00ebrfisti brazilian Gabriel Medina kapi nj\u00eb prej dallg\u00ebve m\u00eb t\u00eb m\u00ebdha gjat\u00eb dit\u00ebs, shkruan\u00a0BBC. \u201cKushtet ishin t\u00eb p\u00ebrkryera, dallg\u00ebt ishin m\u00eb t\u00eb m\u00ebdha sesa prit\u00ebm\u201d, thot\u00eb Brouillet. Mir\u00ebpo ajo q\u00eb pa n\u00eb aparatin e tij ishte p\u00ebrtej \u00ebndrrave t\u00eb tij [&hellip;]","og_url":"https:\/\/permbledhja.com\/sq\/fotografia-me-e-mire-e-lojerave-olimpike-ne-paris\/","og_site_name":"Ve\u00e7 artikuj p\u00ebrmbledh\u00ebs","article_publisher":"https:\/\/www.facebook.com\/press07\/","article_author":"https:\/\/www.facebook.com\/kafexhiu.muharrem\/","article_published_time":"2024-07-31T10:56:28+00:00","og_image":[{"width":795,"height":447,"url":"https:\/\/permbledhja.com\/wp-content\/uploads\/2024\/07\/Momenti-1.jpg","type":"image\/jpeg"}],"author":"P\u00ebrmbledhja","twitter_card":"summary_large_image","twitter_misc":{"Written by":"P\u00ebrmbledhja","Est. reading time":"2 minuta"},"schema":{"@context":"https:\/\/schema.org","@graph":[{"@type":"Article","@id":"https:\/\/permbledhja.com\/fotografia-me-e-mire-e-lojerave-olimpike-ne-paris\/#article","isPartOf":{"@id":"https:\/\/permbledhja.com\/fotografia-me-e-mire-e-lojerave-olimpike-ne-paris\/"},"author":{"name":"P\u00ebrmbledhja","@id":"https:\/\/permbledhja.com\/#\/schema\/person\/0d064377258d3221e50693947b9eb4fe"},"headline":"Fotografia m\u00eb e mir\u00eb e Loj\u00ebrave Olimpike n\u00eb Paris","datePublished":"2024-07-31T10:56:28+00:00","dateModified":"2024-07-31T10:56:28+00:00","mainEntityOfPage":{"@id":"https:\/\/permbledhja.com\/fotografia-me-e-mire-e-lojerave-olimpike-ne-paris\/"},"wordCount":224,"publisher":{"@id":"https:\/\/permbledhja.com\/#organization"},"keywords":["Loj\u00ebrave Olimpike"],"articleSection":["Dyt\u00ebsore"],"inLanguage":"sq"},{"@type":"WebPage","@id":"https:\/\/permbledhja.com\/fotografia-me-e-mire-e-lojerave-olimpike-ne-paris\/","url":"https:\/\/permbledhja.com\/fotografia-me-e-mire-e-lojerave-olimpike-ne-paris\/","name":"Fotografia m\u00eb e mir\u00eb e Loj\u00ebrave Olimpike n\u00eb Paris","isPartOf":{"@id":"https:\/\/permbledhja.com\/#website"},"datePublished":"2024-07-31T10:56:28+00:00","dateModified":"2024-07-31T10:56:28+00:00","breadcrumb":{"@id":"https:\/\/permbledhja.com\/fotografia-me-e-mire-e-lojerave-olimpike-ne-paris\/#breadcrumb"},"inLanguage":"sq","potentialAction":[{"@type":"ReadAction","target":["https:\/\/permbledhja.com\/fotografia-me-e-mire-e-lojerave-olimpike-ne-paris\/"]}]},{"@type":"BreadcrumbList","@id":"https:\/\/permbledhja.com\/fotografia-me-e-mire-e-lojerave-olimpike-ne-paris\/#breadcrumb","itemListElement":[{"@type":"ListItem","position":1,"name":"Ballina","item":"https:\/\/permbledhja.com\/sq\/"},{"@type":"ListItem","position":2,"name":"Fotografia m\u00eb e mir\u00eb e Loj\u00ebrave Olimpike n\u00eb Paris"}]},{"@type":"WebSite","@id":"https:\/\/permbledhja.com\/#website","url":"https:\/\/permbledhja.com\/","name":"Ve\u00e7 artikuj p\u00ebrmbledh\u00ebs","description":"","publisher":{"@id":"https:\/\/permbledhja.com\/#organization"},"potentialAction":[{"@type":"SearchAction","target":{"@type":"EntryPoint","urlTemplate":"https:\/\/permbledhja.com\/?s={search_term_string}"},"query-input":"required name=search_term_string"}],"inLanguage":"sq"},{"@type":"Organization","@id":"https:\/\/permbledhja.com\/#organization","name":"MK Media & Pr","url":"https:\/\/permbledhja.com\/","logo":{"@type":"ImageObject","inLanguage":"sq","@id":"https:\/\/permbledhja.com\/#\/schema\/logo\/image\/","url":"https:\/\/permbledhja.com\/wp-content\/uploads\/2021\/12\/07-Press-Logo.jpg","contentUrl":"https:\/\/permbledhja.com\/wp-content\/uploads\/2021\/12\/07-Press-Logo.jpg","width":512,"height":512,"caption":"MK Media & Pr"},"image":{"@id":"https:\/\/permbledhja.com\/#\/schema\/logo\/image\/"},"sameAs":["https:\/\/www.facebook.com\/press07\/"]},{"@type":"Person","@id":"https:\/\/permbledhja.com\/#\/schema\/person\/0d064377258d3221e50693947b9eb4fe","name":"P\u00ebrmbledhja","image":{"@type":"ImageObject","inLanguage":"sq","@id":"https:\/\/permbledhja.com\/#\/schema\/person\/image\/","url":"https:\/\/permbledhja.com\/wp-content\/uploads\/2026\/01\/452004717_1040944174702970_8932037511805513407_n-96x96.jpg","contentUrl":"https:\/\/permbledhja.com\/wp-content\/uploads\/2026\/01\/452004717_1040944174702970_8932037511805513407_n-96x96.jpg","caption":"P\u00ebrmbledhja"},"sameAs":["https:\/\/www.facebook.com\/kafexhiu.muharrem\/","https:\/\/www.instagram.com\/muharrem_kafexhiu\/"],"url":"https:\/\/permbledhja.com\/sq\/author\/admin\/"}]}},"_links":{"self":[{"href":"https:\/\/permbledhja.com\/sq\/wp-json\/wp\/v2\/posts\/67788"}],"collection":[{"href":"https:\/\/permbledhja.com\/sq\/wp-json\/wp\/v2\/posts"}],"about":[{"href":"https:\/\/permbledhja.com\/sq\/wp-json\/wp\/v2\/types\/post"}],"author":[{"embeddable":true,"href":"https:\/\/permbledhja.com\/sq\/wp-json\/wp\/v2\/users\/1"}],"replies":[{"embeddable":true,"href":"https:\/\/permbledhja.com\/sq\/wp-json\/wp\/v2\/comments?post=67788"}],"version-history":[{"count":1,"href":"https:\/\/permbledhja.com\/sq\/wp-json\/wp\/v2\/posts\/67788\/revisions"}],"predecessor-version":[{"id":67791,"href":"https:\/\/permbledhja.com\/sq\/wp-json\/wp\/v2\/posts\/67788\/revisions\/67791"}],"wp:featuredmedia":[{"embeddable":true,"href":"https:\/\/permbledhja.com\/sq\/wp-json\/wp\/v2\/media\/67789"}],"wp:attachment":[{"href":"https:\/\/permbledhja.com\/sq\/wp-json\/wp\/v2\/media?parent=67788"}],"wp:term":[{"taxonomy":"category","embeddable":true,"href":"https:\/\/permbledhja.com\/sq\/wp-json\/wp\/v2\/categories?post=67788"},{"taxonomy":"post_tag","embeddable":true,"href":"https:\/\/permbledhja.com\/sq\/wp-json\/wp\/v2\/tags?post=67788"}],"curies":[{"name":"wp","href":"https:\/\/api.w.org\/{rel}","templated":true}]}}