{"id":67781,"date":"2024-07-31T08:39:00","date_gmt":"2024-07-31T08:39:00","guid":{"rendered":"https:\/\/permbledhja.com\/?p=67781"},"modified":"2024-07-31T08:39:00","modified_gmt":"2024-07-31T08:39:00","slug":"vrane-lulzim-fejzullahun-edhe-ne-rigjykim-19-vjet-burg-se-bashku-per-dy-te-akuzuarit","status":"publish","type":"post","link":"https:\/\/permbledhja.com\/sq\/vrane-lulzim-fejzullahun-edhe-ne-rigjykim-19-vjet-burg-se-bashku-per-dy-te-akuzuarit\/","title":{"rendered":"Vran\u00eb Lulzim Fejzullahun, edhe n\u00eb rigjykim 19 vjet burg s\u00eb bashku p\u00ebr dy t\u00eb akuzuarit"},"content":{"rendered":"<p><strong>Gjykata Themelore n\u00eb Prishtin\u00eb, edhe n\u00eb rigjykim t\u00eb rastit t\u00eb vrasjes s\u00eb Lulzim Fejzullahu, i ka d\u00ebnuar dy t\u00eb miturit me 19 vjet burgim. <\/strong><\/p>\n<p>Ndaj t\u00eb miturit t\u00eb par\u00eb \u00ebsht\u00eb shqiptuar d\u00ebnimi me 10 vjet burgim kurse ndaj t\u00eb miturit t\u00eb dyt\u00eb 9 vjet burgim.<\/p>\n<p>Dy t\u00eb dyshuarit u d\u00ebnuan fillimisht n\u00eb muajin maj me 19 vjet burgim, por q\u00eb m\u00eb pas Gjykata e Apelit m\u00eb\u00a0\u00a0e kishte kthyer rastin n\u00eb rigjykim.<\/p>\n<p>Ndryshe, rasti tragjik ka ndodhur n\u00eb muajin janar n\u00eb Podujev\u00eb, ku viktima ishte goditur me shkop druri nga dy t\u00eb dyshuarit dhe p\u00ebr pasoj\u00eb mori l\u00ebndime t\u00eb r\u00ebnda trupore \u2013 q\u00eb nuk arriti t\u2019i p\u00ebrballoj\u00eb pas disa dit\u00ebsh trajtim n\u00eb QKUK.<\/p>\n","protected":false},"excerpt":{"rendered":"<p>Gjykata Themelore n\u00eb Prishtin\u00eb, edhe n\u00eb rigjykim t\u00eb rastit t\u00eb vrasjes s\u00eb Lulzim Fejzullahu, i ka d\u00ebnuar dy t\u00eb miturit me 19 vjet burgim. Ndaj t\u00eb miturit t\u00eb par\u00eb \u00ebsht\u00eb shqiptuar d\u00ebnimi me 10 vjet burgim kurse ndaj t\u00eb miturit t\u00eb dyt\u00eb 9 vjet burgim. Dy t\u00eb dyshuarit u d\u00ebnuan fillimisht n\u00eb muajin maj me [&hellip;]<\/p>\n","protected":false},"author":1,"featured_media":67782,"comment_status":"closed","ping_status":"closed","sticky":false,"template":"","format":"standard","meta":{"_monsterinsights_skip_tracking":false,"_monsterinsights_sitenote_active":false,"_monsterinsights_sitenote_note":"","_monsterinsights_sitenote_category":0,"_uf_show_specific_survey":0,"_uf_disable_surveys":false,"footnotes":""},"categories":[1146],"tags":[2958],"yoast_head":"<!-- This site is optimized with the Yoast SEO plugin v21.5 - https:\/\/yoast.com\/wordpress\/plugins\/seo\/ -->\n<title>Vran\u00eb Lulzim Fejzullahun, edhe n\u00eb rigjykim 19 vjet burg s\u00eb bashku p\u00ebr dy t\u00eb akuzuarit<\/title>\n<meta name=\"robots\" content=\"index, follow, max-snippet:-1, max-image-preview:large, max-video-preview:-1\" \/>\n<link rel=\"canonical\" href=\"https:\/\/permbledhja.com\/sq\/vrane-lulzim-fejzullahun-edhe-ne-rigjykim-19-vjet-burg-se-bashku-per-dy-te-akuzuarit\/\" \/>\n<meta property=\"og:locale\" content=\"sq_AL\" \/>\n<meta property=\"og:type\" content=\"article\" \/>\n<meta property=\"og:title\" content=\"Vran\u00eb Lulzim Fejzullahun, edhe n\u00eb rigjykim 19 vjet burg s\u00eb bashku p\u00ebr dy t\u00eb akuzuarit\" \/>\n<meta property=\"og:description\" content=\"Gjykata Themelore n\u00eb Prishtin\u00eb, edhe n\u00eb rigjykim t\u00eb rastit t\u00eb vrasjes s\u00eb Lulzim Fejzullahu, i ka d\u00ebnuar dy t\u00eb miturit me 19 vjet burgim. Ndaj t\u00eb miturit t\u00eb par\u00eb \u00ebsht\u00eb shqiptuar d\u00ebnimi me 10 vjet burgim kurse ndaj t\u00eb miturit t\u00eb dyt\u00eb 9 vjet burgim. Dy t\u00eb dyshuarit u d\u00ebnuan fillimisht n\u00eb muajin maj me [&hellip;]\" \/>\n<meta property=\"og:url\" content=\"https:\/\/permbledhja.com\/sq\/vrane-lulzim-fejzullahun-edhe-ne-rigjykim-19-vjet-burg-se-bashku-per-dy-te-akuzuarit\/\" \/>\n<meta property=\"og:site_name\" content=\"Ve\u00e7 artikuj p\u00ebrmbledh\u00ebs\" \/>\n<meta property=\"article:publisher\" content=\"https:\/\/www.facebook.com\/press07\/\" \/>\n<meta property=\"article:author\" content=\"https:\/\/www.facebook.com\/kafexhiu.muharrem\/\" \/>\n<meta property=\"article:published_time\" content=\"2024-07-31T08:39:00+00:00\" \/>\n<meta property=\"og:image\" content=\"https:\/\/permbledhja.com\/wp-content\/uploads\/2024\/07\/8A301355-D019-46A8-82B4-0E712A81FB14.jpeg\" \/>\n\t<meta property=\"og:image:width\" content=\"850\" \/>\n\t<meta property=\"og:image:height\" content=\"507\" \/>\n\t<meta property=\"og:image:type\" content=\"image\/jpeg\" \/>\n<meta name=\"author\" content=\"P\u00ebrmbledhja\" \/>\n<meta name=\"twitter:card\" content=\"summary_large_image\" \/>\n<meta name=\"twitter:label1\" content=\"Written by\" \/>\n\t<meta name=\"twitter:data1\" content=\"P\u00ebrmbledhja\" \/>\n\t<meta name=\"twitter:label2\" content=\"Est. reading time\" \/>\n\t<meta name=\"twitter:data2\" content=\"1 minut\u00eb\" \/>\n<script type=\"application\/ld+json\" class=\"yoast-schema-graph\">{\"@context\":\"https:\/\/schema.org\",\"@graph\":[{\"@type\":\"Article\",\"@id\":\"https:\/\/permbledhja.com\/vrane-lulzim-fejzullahun-edhe-ne-rigjykim-19-vjet-burg-se-bashku-per-dy-te-akuzuarit\/#article\",\"isPartOf\":{\"@id\":\"https:\/\/permbledhja.com\/vrane-lulzim-fejzullahun-edhe-ne-rigjykim-19-vjet-burg-se-bashku-per-dy-te-akuzuarit\/\"},\"author\":{\"name\":\"P\u00ebrmbledhja\",\"@id\":\"https:\/\/permbledhja.com\/#\/schema\/person\/0d064377258d3221e50693947b9eb4fe\"},\"headline\":\"Vran\u00eb Lulzim Fejzullahun, edhe n\u00eb rigjykim 19 vjet burg s\u00eb bashku p\u00ebr dy t\u00eb akuzuarit\",\"datePublished\":\"2024-07-31T08:39:00+00:00\",\"dateModified\":\"2024-07-31T08:39:00+00:00\",\"mainEntityOfPage\":{\"@id\":\"https:\/\/permbledhja.com\/vrane-lulzim-fejzullahun-edhe-ne-rigjykim-19-vjet-burg-se-bashku-per-dy-te-akuzuarit\/\"},\"wordCount\":132,\"publisher\":{\"@id\":\"https:\/\/permbledhja.com\/#organization\"},\"keywords\":[\"Lulzim Fejzullahu\"],\"articleSection\":[\"Kryesoret\"],\"inLanguage\":\"sq\"},{\"@type\":\"WebPage\",\"@id\":\"https:\/\/permbledhja.com\/vrane-lulzim-fejzullahun-edhe-ne-rigjykim-19-vjet-burg-se-bashku-per-dy-te-akuzuarit\/\",\"url\":\"https:\/\/permbledhja.com\/vrane-lulzim-fejzullahun-edhe-ne-rigjykim-19-vjet-burg-se-bashku-per-dy-te-akuzuarit\/\",\"name\":\"Vran\u00eb Lulzim Fejzullahun, edhe n\u00eb rigjykim 19 vjet burg s\u00eb bashku p\u00ebr dy t\u00eb akuzuarit\",\"isPartOf\":{\"@id\":\"https:\/\/permbledhja.com\/#website\"},\"datePublished\":\"2024-07-31T08:39:00+00:00\",\"dateModified\":\"2024-07-31T08:39:00+00:00\",\"breadcrumb\":{\"@id\":\"https:\/\/permbledhja.com\/vrane-lulzim-fejzullahun-edhe-ne-rigjykim-19-vjet-burg-se-bashku-per-dy-te-akuzuarit\/#breadcrumb\"},\"inLanguage\":\"sq\",\"potentialAction\":[{\"@type\":\"ReadAction\",\"target\":[\"https:\/\/permbledhja.com\/vrane-lulzim-fejzullahun-edhe-ne-rigjykim-19-vjet-burg-se-bashku-per-dy-te-akuzuarit\/\"]}]},{\"@type\":\"BreadcrumbList\",\"@id\":\"https:\/\/permbledhja.com\/vrane-lulzim-fejzullahun-edhe-ne-rigjykim-19-vjet-burg-se-bashku-per-dy-te-akuzuarit\/#breadcrumb\",\"itemListElement\":[{\"@type\":\"ListItem\",\"position\":1,\"name\":\"Ballina\",\"item\":\"https:\/\/permbledhja.com\/sq\/\"},{\"@type\":\"ListItem\",\"position\":2,\"name\":\"Vran\u00eb Lulzim Fejzullahun, edhe n\u00eb rigjykim 19 vjet burg s\u00eb bashku p\u00ebr dy t\u00eb akuzuarit\"}]},{\"@type\":\"WebSite\",\"@id\":\"https:\/\/permbledhja.com\/#website\",\"url\":\"https:\/\/permbledhja.com\/\",\"name\":\"Ve\u00e7 artikuj p\u00ebrmbledh\u00ebs\",\"description\":\"\",\"publisher\":{\"@id\":\"https:\/\/permbledhja.com\/#organization\"},\"potentialAction\":[{\"@type\":\"SearchAction\",\"target\":{\"@type\":\"EntryPoint\",\"urlTemplate\":\"https:\/\/permbledhja.com\/?s={search_term_string}\"},\"query-input\":\"required name=search_term_string\"}],\"inLanguage\":\"sq\"},{\"@type\":\"Organization\",\"@id\":\"https:\/\/permbledhja.com\/#organization\",\"name\":\"MK Media & Pr\",\"url\":\"https:\/\/permbledhja.com\/\",\"logo\":{\"@type\":\"ImageObject\",\"inLanguage\":\"sq\",\"@id\":\"https:\/\/permbledhja.com\/#\/schema\/logo\/image\/\",\"url\":\"https:\/\/permbledhja.com\/wp-content\/uploads\/2021\/12\/07-Press-Logo.jpg\",\"contentUrl\":\"https:\/\/permbledhja.com\/wp-content\/uploads\/2021\/12\/07-Press-Logo.jpg\",\"width\":512,\"height\":512,\"caption\":\"MK Media & Pr\"},\"image\":{\"@id\":\"https:\/\/permbledhja.com\/#\/schema\/logo\/image\/\"},\"sameAs\":[\"https:\/\/www.facebook.com\/press07\/\"]},{\"@type\":\"Person\",\"@id\":\"https:\/\/permbledhja.com\/#\/schema\/person\/0d064377258d3221e50693947b9eb4fe\",\"name\":\"P\u00ebrmbledhja\",\"image\":{\"@type\":\"ImageObject\",\"inLanguage\":\"sq\",\"@id\":\"https:\/\/permbledhja.com\/#\/schema\/person\/image\/\",\"url\":\"https:\/\/permbledhja.com\/wp-content\/uploads\/2026\/01\/452004717_1040944174702970_8932037511805513407_n-96x96.jpg\",\"contentUrl\":\"https:\/\/permbledhja.com\/wp-content\/uploads\/2026\/01\/452004717_1040944174702970_8932037511805513407_n-96x96.jpg\",\"caption\":\"P\u00ebrmbledhja\"},\"sameAs\":[\"https:\/\/www.facebook.com\/kafexhiu.muharrem\/\",\"https:\/\/www.instagram.com\/muharrem_kafexhiu\/\"],\"url\":\"https:\/\/permbledhja.com\/sq\/author\/admin\/\"}]}<\/script>\n<!-- \/ Yoast SEO plugin. -->","yoast_head_json":{"title":"Vran\u00eb Lulzim Fejzullahun, edhe n\u00eb rigjykim 19 vjet burg s\u00eb bashku p\u00ebr dy t\u00eb akuzuarit","robots":{"index":"index","follow":"follow","max-snippet":"max-snippet:-1","max-image-preview":"max-image-preview:large","max-video-preview":"max-video-preview:-1"},"canonical":"https:\/\/permbledhja.com\/sq\/vrane-lulzim-fejzullahun-edhe-ne-rigjykim-19-vjet-burg-se-bashku-per-dy-te-akuzuarit\/","og_locale":"sq_AL","og_type":"article","og_title":"Vran\u00eb Lulzim Fejzullahun, edhe n\u00eb rigjykim 19 vjet burg s\u00eb bashku p\u00ebr dy t\u00eb akuzuarit","og_description":"Gjykata Themelore n\u00eb Prishtin\u00eb, edhe n\u00eb rigjykim t\u00eb rastit t\u00eb vrasjes s\u00eb Lulzim Fejzullahu, i ka d\u00ebnuar dy t\u00eb miturit me 19 vjet burgim. Ndaj t\u00eb miturit t\u00eb par\u00eb \u00ebsht\u00eb shqiptuar d\u00ebnimi me 10 vjet burgim kurse ndaj t\u00eb miturit t\u00eb dyt\u00eb 9 vjet burgim. Dy t\u00eb dyshuarit u d\u00ebnuan fillimisht n\u00eb muajin maj me [&hellip;]","og_url":"https:\/\/permbledhja.com\/sq\/vrane-lulzim-fejzullahun-edhe-ne-rigjykim-19-vjet-burg-se-bashku-per-dy-te-akuzuarit\/","og_site_name":"Ve\u00e7 artikuj p\u00ebrmbledh\u00ebs","article_publisher":"https:\/\/www.facebook.com\/press07\/","article_author":"https:\/\/www.facebook.com\/kafexhiu.muharrem\/","article_published_time":"2024-07-31T08:39:00+00:00","og_image":[{"width":850,"height":507,"url":"https:\/\/permbledhja.com\/wp-content\/uploads\/2024\/07\/8A301355-D019-46A8-82B4-0E712A81FB14.jpeg","type":"image\/jpeg"}],"author":"P\u00ebrmbledhja","twitter_card":"summary_large_image","twitter_misc":{"Written by":"P\u00ebrmbledhja","Est. reading time":"1 minut\u00eb"},"schema":{"@context":"https:\/\/schema.org","@graph":[{"@type":"Article","@id":"https:\/\/permbledhja.com\/vrane-lulzim-fejzullahun-edhe-ne-rigjykim-19-vjet-burg-se-bashku-per-dy-te-akuzuarit\/#article","isPartOf":{"@id":"https:\/\/permbledhja.com\/vrane-lulzim-fejzullahun-edhe-ne-rigjykim-19-vjet-burg-se-bashku-per-dy-te-akuzuarit\/"},"author":{"name":"P\u00ebrmbledhja","@id":"https:\/\/permbledhja.com\/#\/schema\/person\/0d064377258d3221e50693947b9eb4fe"},"headline":"Vran\u00eb Lulzim Fejzullahun, edhe n\u00eb rigjykim 19 vjet burg s\u00eb bashku p\u00ebr dy t\u00eb akuzuarit","datePublished":"2024-07-31T08:39:00+00:00","dateModified":"2024-07-31T08:39:00+00:00","mainEntityOfPage":{"@id":"https:\/\/permbledhja.com\/vrane-lulzim-fejzullahun-edhe-ne-rigjykim-19-vjet-burg-se-bashku-per-dy-te-akuzuarit\/"},"wordCount":132,"publisher":{"@id":"https:\/\/permbledhja.com\/#organization"},"keywords":["Lulzim Fejzullahu"],"articleSection":["Kryesoret"],"inLanguage":"sq"},{"@type":"WebPage","@id":"https:\/\/permbledhja.com\/vrane-lulzim-fejzullahun-edhe-ne-rigjykim-19-vjet-burg-se-bashku-per-dy-te-akuzuarit\/","url":"https:\/\/permbledhja.com\/vrane-lulzim-fejzullahun-edhe-ne-rigjykim-19-vjet-burg-se-bashku-per-dy-te-akuzuarit\/","name":"Vran\u00eb Lulzim Fejzullahun, edhe n\u00eb rigjykim 19 vjet burg s\u00eb bashku p\u00ebr dy t\u00eb akuzuarit","isPartOf":{"@id":"https:\/\/permbledhja.com\/#website"},"datePublished":"2024-07-31T08:39:00+00:00","dateModified":"2024-07-31T08:39:00+00:00","breadcrumb":{"@id":"https:\/\/permbledhja.com\/vrane-lulzim-fejzullahun-edhe-ne-rigjykim-19-vjet-burg-se-bashku-per-dy-te-akuzuarit\/#breadcrumb"},"inLanguage":"sq","potentialAction":[{"@type":"ReadAction","target":["https:\/\/permbledhja.com\/vrane-lulzim-fejzullahun-edhe-ne-rigjykim-19-vjet-burg-se-bashku-per-dy-te-akuzuarit\/"]}]},{"@type":"BreadcrumbList","@id":"https:\/\/permbledhja.com\/vrane-lulzim-fejzullahun-edhe-ne-rigjykim-19-vjet-burg-se-bashku-per-dy-te-akuzuarit\/#breadcrumb","itemListElement":[{"@type":"ListItem","position":1,"name":"Ballina","item":"https:\/\/permbledhja.com\/sq\/"},{"@type":"ListItem","position":2,"name":"Vran\u00eb Lulzim Fejzullahun, edhe n\u00eb rigjykim 19 vjet burg s\u00eb bashku p\u00ebr dy t\u00eb akuzuarit"}]},{"@type":"WebSite","@id":"https:\/\/permbledhja.com\/#website","url":"https:\/\/permbledhja.com\/","name":"Ve\u00e7 artikuj p\u00ebrmbledh\u00ebs","description":"","publisher":{"@id":"https:\/\/permbledhja.com\/#organization"},"potentialAction":[{"@type":"SearchAction","target":{"@type":"EntryPoint","urlTemplate":"https:\/\/permbledhja.com\/?s={search_term_string}"},"query-input":"required name=search_term_string"}],"inLanguage":"sq"},{"@type":"Organization","@id":"https:\/\/permbledhja.com\/#organization","name":"MK Media & Pr","url":"https:\/\/permbledhja.com\/","logo":{"@type":"ImageObject","inLanguage":"sq","@id":"https:\/\/permbledhja.com\/#\/schema\/logo\/image\/","url":"https:\/\/permbledhja.com\/wp-content\/uploads\/2021\/12\/07-Press-Logo.jpg","contentUrl":"https:\/\/permbledhja.com\/wp-content\/uploads\/2021\/12\/07-Press-Logo.jpg","width":512,"height":512,"caption":"MK Media & Pr"},"image":{"@id":"https:\/\/permbledhja.com\/#\/schema\/logo\/image\/"},"sameAs":["https:\/\/www.facebook.com\/press07\/"]},{"@type":"Person","@id":"https:\/\/permbledhja.com\/#\/schema\/person\/0d064377258d3221e50693947b9eb4fe","name":"P\u00ebrmbledhja","image":{"@type":"ImageObject","inLanguage":"sq","@id":"https:\/\/permbledhja.com\/#\/schema\/person\/image\/","url":"https:\/\/permbledhja.com\/wp-content\/uploads\/2026\/01\/452004717_1040944174702970_8932037511805513407_n-96x96.jpg","contentUrl":"https:\/\/permbledhja.com\/wp-content\/uploads\/2026\/01\/452004717_1040944174702970_8932037511805513407_n-96x96.jpg","caption":"P\u00ebrmbledhja"},"sameAs":["https:\/\/www.facebook.com\/kafexhiu.muharrem\/","https:\/\/www.instagram.com\/muharrem_kafexhiu\/"],"url":"https:\/\/permbledhja.com\/sq\/author\/admin\/"}]}},"_links":{"self":[{"href":"https:\/\/permbledhja.com\/sq\/wp-json\/wp\/v2\/posts\/67781"}],"collection":[{"href":"https:\/\/permbledhja.com\/sq\/wp-json\/wp\/v2\/posts"}],"about":[{"href":"https:\/\/permbledhja.com\/sq\/wp-json\/wp\/v2\/types\/post"}],"author":[{"embeddable":true,"href":"https:\/\/permbledhja.com\/sq\/wp-json\/wp\/v2\/users\/1"}],"replies":[{"embeddable":true,"href":"https:\/\/permbledhja.com\/sq\/wp-json\/wp\/v2\/comments?post=67781"}],"version-history":[{"count":1,"href":"https:\/\/permbledhja.com\/sq\/wp-json\/wp\/v2\/posts\/67781\/revisions"}],"predecessor-version":[{"id":67783,"href":"https:\/\/permbledhja.com\/sq\/wp-json\/wp\/v2\/posts\/67781\/revisions\/67783"}],"wp:featuredmedia":[{"embeddable":true,"href":"https:\/\/permbledhja.com\/sq\/wp-json\/wp\/v2\/media\/67782"}],"wp:attachment":[{"href":"https:\/\/permbledhja.com\/sq\/wp-json\/wp\/v2\/media?parent=67781"}],"wp:term":[{"taxonomy":"category","embeddable":true,"href":"https:\/\/permbledhja.com\/sq\/wp-json\/wp\/v2\/categories?post=67781"},{"taxonomy":"post_tag","embeddable":true,"href":"https:\/\/permbledhja.com\/sq\/wp-json\/wp\/v2\/tags?post=67781"}],"curies":[{"name":"wp","href":"https:\/\/api.w.org\/{rel}","templated":true}]}}