{"id":67455,"date":"2024-07-10T17:25:43","date_gmt":"2024-07-10T17:25:43","guid":{"rendered":"https:\/\/permbledhja.com\/?p=67455"},"modified":"2024-07-10T17:25:43","modified_gmt":"2024-07-10T17:25:43","slug":"mijera-euro-deme-prokuroria-kerkon-paraburgim-per-nje-te-dyshuar-per-fajde-ne-peje","status":"publish","type":"post","link":"https:\/\/permbledhja.com\/sq\/mijera-euro-deme-prokuroria-kerkon-paraburgim-per-nje-te-dyshuar-per-fajde-ne-peje\/","title":{"rendered":"Mij\u00ebra euro d\u00ebme, Prokuroria k\u00ebrkon paraburgim p\u00ebr nj\u00eb t\u00eb dyshuar p\u00ebr fajde n\u00eb Pej\u00eb"},"content":{"rendered":"<h3>Prokuroria Themelore n\u00eb Pej\u00eb ka njoftuar se tashm\u00eb \u00ebsht\u00eb paraqitur k\u00ebrkesa p\u00ebr caktimin e mas\u00ebs s\u00eb paraburgimit ndaj personit t\u00eb dyshuar p\u00ebr fajde, i cili u arrestua t\u00eb mart\u00ebn n\u00eb Pej\u00eb.<\/h3>\n<p>Ky rast, sipas z\u00ebdh\u00ebn\u00ebsit t\u00eb prokuroris\u00eb n\u00eb Pej\u00eb, Shkodran Nik\u00e7i ka ardhur pas apelit t\u00eb b\u00ebr\u00eb n\u00eb emisionin televiziv FIVE, ku \u00ebsht\u00eb theksuar r\u00ebnd\u00ebsia e raportimit t\u00eb rasteve t\u00eb fajdes tek prokuroria e shtetit.<\/p>\n<p>\u201cViktima ka ardhur te prokurori i shtetit e ka lajm\u00ebruar rastin dhe ka k\u00ebrkuar ndihm\u00eb nga prokuroria e shtetit , dhe e gjith\u00eb kjo ka ardhur nga apeli q\u00eb e kemi b\u00ebr\u00eb posa\u00e7\u00ebrisht n\u00eb emisionin FIVE, ku kemi b\u00ebr\u00eb apel viktimave t\u00eb fajdes q\u00eb dera e prokurorit t\u00eb shtetit \u00ebsht\u00eb e hapur dhe nj\u00ebkoh\u00ebsisht gjat\u00eb 24 or\u00ebve \u00ebsht\u00eb n\u00eb gjendje t\u2019i d\u00ebgjoj viktimat dhe nj\u00ebkoh\u00ebsisht t\u00eb inicioj raste n\u00eb drejtim t\u00eb vepr\u00ebs penale fajde, nj\u00eb dukuri mjaft\u00eb shqet\u00ebsuese\u201d, ka th\u00ebn\u00eb Nik\u00e7i n\u00eb emisionin FIVE.<\/p>\n<p>Nik\u00e7i ka b\u00ebr\u00eb t\u00eb ditur se rasti p\u00ebrfshin d\u00ebmtime t\u00eb mij\u00ebra eurove dhe shpreson q\u00eb seanca d\u00ebgjimore p\u00ebr vendosjen e mas\u00ebs s\u00eb paraburgimit t\u00eb mbahet nes\u00ebr.<\/p>\n<p>Prokuroria e shtetit, pra do t\u00eb vendos\u00eb p\u00ebr mas\u00ebn e paraburgimit n\u00eb k\u00ebt\u00eb seanc\u00eb.<\/p>\n<p>Ai ka shtuar se prokuroria \u00ebsht\u00eb n\u00eb dispozicion 24 or\u00eb p\u00ebr t\u00eb d\u00ebgjuar viktimat dhe p\u00ebr t\u00eb inicuar raste n\u00eb drejtim t\u00eb vepr\u00ebs penale t\u00eb fajdes, nj\u00eb dukuri mjaft shqet\u00ebsuese.<\/p>\n<p>Sipas Nik\u00e7it, i dyshuari \u00ebsht\u00eb arrestuar pas hetimeve intensive t\u00eb kryera nga Drejtoria e Krimit t\u00eb Organizuar dhe sektori i hetimeve n\u00eb Pej\u00eb.<\/p>\n<p>\u201cPersoni \u00ebsht\u00eb hetuar p\u00ebrmes teknikave t\u00eb ve\u00e7anta hetimore dhe \u00ebsht\u00eb arrestuar nga policia e FIT-it. Pas intervistimit, \u00ebsht\u00eb ndaluar p\u00ebr 48 or\u00eb dhe para pak minutave \u00ebsht\u00eb dor\u00ebzuar k\u00ebrkesa p\u00ebr paraburgim nga prokuroria\u201d, ka theksuar ai.<\/p>\n","protected":false},"excerpt":{"rendered":"<p>Prokuroria Themelore n\u00eb Pej\u00eb ka njoftuar se tashm\u00eb \u00ebsht\u00eb paraqitur k\u00ebrkesa p\u00ebr caktimin e mas\u00ebs s\u00eb paraburgimit ndaj personit t\u00eb dyshuar p\u00ebr fajde, i cili u arrestua t\u00eb mart\u00ebn n\u00eb Pej\u00eb. Ky rast, sipas z\u00ebdh\u00ebn\u00ebsit t\u00eb prokuroris\u00eb n\u00eb Pej\u00eb, Shkodran Nik\u00e7i ka ardhur pas apelit t\u00eb b\u00ebr\u00eb n\u00eb emisionin televiziv FIVE, ku \u00ebsht\u00eb theksuar r\u00ebnd\u00ebsia [&hellip;]<\/p>\n","protected":false},"author":5,"featured_media":67456,"comment_status":"closed","ping_status":"closed","sticky":false,"template":"","format":"standard","meta":{"_monsterinsights_skip_tracking":false,"_monsterinsights_sitenote_active":false,"_monsterinsights_sitenote_note":"","_monsterinsights_sitenote_category":0,"_uf_show_specific_survey":0,"_uf_disable_surveys":false,"footnotes":""},"categories":[1146],"tags":[],"yoast_head":"<!-- This site is optimized with the Yoast SEO plugin v21.5 - https:\/\/yoast.com\/wordpress\/plugins\/seo\/ -->\n<title>Mij\u00ebra euro d\u00ebme, Prokuroria k\u00ebrkon paraburgim p\u00ebr nj\u00eb t\u00eb dyshuar p\u00ebr fajde n\u00eb Pej\u00eb<\/title>\n<meta name=\"robots\" content=\"index, follow, max-snippet:-1, max-image-preview:large, max-video-preview:-1\" \/>\n<link rel=\"canonical\" href=\"https:\/\/permbledhja.com\/sq\/mijera-euro-deme-prokuroria-kerkon-paraburgim-per-nje-te-dyshuar-per-fajde-ne-peje\/\" \/>\n<meta property=\"og:locale\" content=\"sq_AL\" \/>\n<meta property=\"og:type\" content=\"article\" \/>\n<meta property=\"og:title\" content=\"Mij\u00ebra euro d\u00ebme, Prokuroria k\u00ebrkon paraburgim p\u00ebr nj\u00eb t\u00eb dyshuar p\u00ebr fajde n\u00eb Pej\u00eb\" \/>\n<meta property=\"og:description\" content=\"Prokuroria Themelore n\u00eb Pej\u00eb ka njoftuar se tashm\u00eb \u00ebsht\u00eb paraqitur k\u00ebrkesa p\u00ebr caktimin e mas\u00ebs s\u00eb paraburgimit ndaj personit t\u00eb dyshuar p\u00ebr fajde, i cili u arrestua t\u00eb mart\u00ebn n\u00eb Pej\u00eb. Ky rast, sipas z\u00ebdh\u00ebn\u00ebsit t\u00eb prokuroris\u00eb n\u00eb Pej\u00eb, Shkodran Nik\u00e7i ka ardhur pas apelit t\u00eb b\u00ebr\u00eb n\u00eb emisionin televiziv FIVE, ku \u00ebsht\u00eb theksuar r\u00ebnd\u00ebsia [&hellip;]\" \/>\n<meta property=\"og:url\" content=\"https:\/\/permbledhja.com\/sq\/mijera-euro-deme-prokuroria-kerkon-paraburgim-per-nje-te-dyshuar-per-fajde-ne-peje\/\" \/>\n<meta property=\"og:site_name\" content=\"Ve\u00e7 artikuj p\u00ebrmbledh\u00ebs\" \/>\n<meta property=\"article:publisher\" content=\"https:\/\/www.facebook.com\/press07\/\" \/>\n<meta property=\"article:published_time\" content=\"2024-07-10T17:25:43+00:00\" \/>\n<meta property=\"og:image\" content=\"https:\/\/permbledhja.com\/wp-content\/uploads\/2024\/07\/Prokuroria-peje.jpg\" \/>\n\t<meta property=\"og:image:width\" content=\"500\" \/>\n\t<meta property=\"og:image:height\" content=\"261\" \/>\n\t<meta property=\"og:image:type\" content=\"image\/jpeg\" \/>\n<meta name=\"author\" content=\"DL\" \/>\n<meta name=\"twitter:card\" content=\"summary_large_image\" \/>\n<meta name=\"twitter:label1\" content=\"Written by\" \/>\n\t<meta name=\"twitter:data1\" content=\"DL\" \/>\n\t<meta name=\"twitter:label2\" content=\"Est. reading time\" \/>\n\t<meta name=\"twitter:data2\" content=\"2 minuta\" \/>\n<script type=\"application\/ld+json\" class=\"yoast-schema-graph\">{\"@context\":\"https:\/\/schema.org\",\"@graph\":[{\"@type\":\"Article\",\"@id\":\"https:\/\/permbledhja.com\/sq\/mijera-euro-deme-prokuroria-kerkon-paraburgim-per-nje-te-dyshuar-per-fajde-ne-peje\/#article\",\"isPartOf\":{\"@id\":\"https:\/\/permbledhja.com\/sq\/mijera-euro-deme-prokuroria-kerkon-paraburgim-per-nje-te-dyshuar-per-fajde-ne-peje\/\"},\"author\":{\"name\":\"DL\",\"@id\":\"https:\/\/permbledhja.com\/#\/schema\/person\/9c54260cbc4c6f792cb100550491638c\"},\"headline\":\"Mij\u00ebra euro d\u00ebme, Prokuroria k\u00ebrkon paraburgim p\u00ebr nj\u00eb t\u00eb dyshuar p\u00ebr fajde n\u00eb Pej\u00eb\",\"datePublished\":\"2024-07-10T17:25:43+00:00\",\"dateModified\":\"2024-07-10T17:25:43+00:00\",\"mainEntityOfPage\":{\"@id\":\"https:\/\/permbledhja.com\/sq\/mijera-euro-deme-prokuroria-kerkon-paraburgim-per-nje-te-dyshuar-per-fajde-ne-peje\/\"},\"wordCount\":345,\"publisher\":{\"@id\":\"https:\/\/permbledhja.com\/#organization\"},\"articleSection\":[\"Kryesoret\"],\"inLanguage\":\"sq\"},{\"@type\":\"WebPage\",\"@id\":\"https:\/\/permbledhja.com\/sq\/mijera-euro-deme-prokuroria-kerkon-paraburgim-per-nje-te-dyshuar-per-fajde-ne-peje\/\",\"url\":\"https:\/\/permbledhja.com\/sq\/mijera-euro-deme-prokuroria-kerkon-paraburgim-per-nje-te-dyshuar-per-fajde-ne-peje\/\",\"name\":\"Mij\u00ebra euro d\u00ebme, Prokuroria k\u00ebrkon paraburgim p\u00ebr nj\u00eb t\u00eb dyshuar p\u00ebr fajde n\u00eb Pej\u00eb\",\"isPartOf\":{\"@id\":\"https:\/\/permbledhja.com\/#website\"},\"datePublished\":\"2024-07-10T17:25:43+00:00\",\"dateModified\":\"2024-07-10T17:25:43+00:00\",\"breadcrumb\":{\"@id\":\"https:\/\/permbledhja.com\/sq\/mijera-euro-deme-prokuroria-kerkon-paraburgim-per-nje-te-dyshuar-per-fajde-ne-peje\/#breadcrumb\"},\"inLanguage\":\"sq\",\"potentialAction\":[{\"@type\":\"ReadAction\",\"target\":[\"https:\/\/permbledhja.com\/sq\/mijera-euro-deme-prokuroria-kerkon-paraburgim-per-nje-te-dyshuar-per-fajde-ne-peje\/\"]}]},{\"@type\":\"BreadcrumbList\",\"@id\":\"https:\/\/permbledhja.com\/sq\/mijera-euro-deme-prokuroria-kerkon-paraburgim-per-nje-te-dyshuar-per-fajde-ne-peje\/#breadcrumb\",\"itemListElement\":[{\"@type\":\"ListItem\",\"position\":1,\"name\":\"Ballina\",\"item\":\"https:\/\/permbledhja.com\/sq\/\"},{\"@type\":\"ListItem\",\"position\":2,\"name\":\"Mij\u00ebra euro d\u00ebme, Prokuroria k\u00ebrkon paraburgim p\u00ebr nj\u00eb t\u00eb dyshuar p\u00ebr fajde n\u00eb Pej\u00eb\"}]},{\"@type\":\"WebSite\",\"@id\":\"https:\/\/permbledhja.com\/#website\",\"url\":\"https:\/\/permbledhja.com\/\",\"name\":\"Ve\u00e7 artikuj p\u00ebrmbledh\u00ebs\",\"description\":\"\",\"publisher\":{\"@id\":\"https:\/\/permbledhja.com\/#organization\"},\"potentialAction\":[{\"@type\":\"SearchAction\",\"target\":{\"@type\":\"EntryPoint\",\"urlTemplate\":\"https:\/\/permbledhja.com\/?s={search_term_string}\"},\"query-input\":\"required name=search_term_string\"}],\"inLanguage\":\"sq\"},{\"@type\":\"Organization\",\"@id\":\"https:\/\/permbledhja.com\/#organization\",\"name\":\"MK Media & Pr\",\"url\":\"https:\/\/permbledhja.com\/\",\"logo\":{\"@type\":\"ImageObject\",\"inLanguage\":\"sq\",\"@id\":\"https:\/\/permbledhja.com\/#\/schema\/logo\/image\/\",\"url\":\"https:\/\/permbledhja.com\/wp-content\/uploads\/2021\/12\/07-Press-Logo.jpg\",\"contentUrl\":\"https:\/\/permbledhja.com\/wp-content\/uploads\/2021\/12\/07-Press-Logo.jpg\",\"width\":512,\"height\":512,\"caption\":\"MK Media & Pr\"},\"image\":{\"@id\":\"https:\/\/permbledhja.com\/#\/schema\/logo\/image\/\"},\"sameAs\":[\"https:\/\/www.facebook.com\/press07\/\"]},{\"@type\":\"Person\",\"@id\":\"https:\/\/permbledhja.com\/#\/schema\/person\/9c54260cbc4c6f792cb100550491638c\",\"name\":\"DL\",\"image\":{\"@type\":\"ImageObject\",\"inLanguage\":\"sq\",\"@id\":\"https:\/\/permbledhja.com\/#\/schema\/person\/image\/\",\"url\":\"https:\/\/secure.gravatar.com\/avatar\/94503eb28d4c4b2005a5c8753e35fc80?s=96&d=mm&r=g\",\"contentUrl\":\"https:\/\/secure.gravatar.com\/avatar\/94503eb28d4c4b2005a5c8753e35fc80?s=96&d=mm&r=g\",\"caption\":\"DL\"},\"url\":\"https:\/\/permbledhja.com\/sq\/author\/dl\/\"}]}<\/script>\n<!-- \/ Yoast SEO plugin. -->","yoast_head_json":{"title":"Mij\u00ebra euro d\u00ebme, Prokuroria k\u00ebrkon paraburgim p\u00ebr nj\u00eb t\u00eb dyshuar p\u00ebr fajde n\u00eb Pej\u00eb","robots":{"index":"index","follow":"follow","max-snippet":"max-snippet:-1","max-image-preview":"max-image-preview:large","max-video-preview":"max-video-preview:-1"},"canonical":"https:\/\/permbledhja.com\/sq\/mijera-euro-deme-prokuroria-kerkon-paraburgim-per-nje-te-dyshuar-per-fajde-ne-peje\/","og_locale":"sq_AL","og_type":"article","og_title":"Mij\u00ebra euro d\u00ebme, Prokuroria k\u00ebrkon paraburgim p\u00ebr nj\u00eb t\u00eb dyshuar p\u00ebr fajde n\u00eb Pej\u00eb","og_description":"Prokuroria Themelore n\u00eb Pej\u00eb ka njoftuar se tashm\u00eb \u00ebsht\u00eb paraqitur k\u00ebrkesa p\u00ebr caktimin e mas\u00ebs s\u00eb paraburgimit ndaj personit t\u00eb dyshuar p\u00ebr fajde, i cili u arrestua t\u00eb mart\u00ebn n\u00eb Pej\u00eb. Ky rast, sipas z\u00ebdh\u00ebn\u00ebsit t\u00eb prokuroris\u00eb n\u00eb Pej\u00eb, Shkodran Nik\u00e7i ka ardhur pas apelit t\u00eb b\u00ebr\u00eb n\u00eb emisionin televiziv FIVE, ku \u00ebsht\u00eb theksuar r\u00ebnd\u00ebsia [&hellip;]","og_url":"https:\/\/permbledhja.com\/sq\/mijera-euro-deme-prokuroria-kerkon-paraburgim-per-nje-te-dyshuar-per-fajde-ne-peje\/","og_site_name":"Ve\u00e7 artikuj p\u00ebrmbledh\u00ebs","article_publisher":"https:\/\/www.facebook.com\/press07\/","article_published_time":"2024-07-10T17:25:43+00:00","og_image":[{"width":500,"height":261,"url":"https:\/\/permbledhja.com\/wp-content\/uploads\/2024\/07\/Prokuroria-peje.jpg","type":"image\/jpeg"}],"author":"DL","twitter_card":"summary_large_image","twitter_misc":{"Written by":"DL","Est. reading time":"2 minuta"},"schema":{"@context":"https:\/\/schema.org","@graph":[{"@type":"Article","@id":"https:\/\/permbledhja.com\/sq\/mijera-euro-deme-prokuroria-kerkon-paraburgim-per-nje-te-dyshuar-per-fajde-ne-peje\/#article","isPartOf":{"@id":"https:\/\/permbledhja.com\/sq\/mijera-euro-deme-prokuroria-kerkon-paraburgim-per-nje-te-dyshuar-per-fajde-ne-peje\/"},"author":{"name":"DL","@id":"https:\/\/permbledhja.com\/#\/schema\/person\/9c54260cbc4c6f792cb100550491638c"},"headline":"Mij\u00ebra euro d\u00ebme, Prokuroria k\u00ebrkon paraburgim p\u00ebr nj\u00eb t\u00eb dyshuar p\u00ebr fajde n\u00eb Pej\u00eb","datePublished":"2024-07-10T17:25:43+00:00","dateModified":"2024-07-10T17:25:43+00:00","mainEntityOfPage":{"@id":"https:\/\/permbledhja.com\/sq\/mijera-euro-deme-prokuroria-kerkon-paraburgim-per-nje-te-dyshuar-per-fajde-ne-peje\/"},"wordCount":345,"publisher":{"@id":"https:\/\/permbledhja.com\/#organization"},"articleSection":["Kryesoret"],"inLanguage":"sq"},{"@type":"WebPage","@id":"https:\/\/permbledhja.com\/sq\/mijera-euro-deme-prokuroria-kerkon-paraburgim-per-nje-te-dyshuar-per-fajde-ne-peje\/","url":"https:\/\/permbledhja.com\/sq\/mijera-euro-deme-prokuroria-kerkon-paraburgim-per-nje-te-dyshuar-per-fajde-ne-peje\/","name":"Mij\u00ebra euro d\u00ebme, Prokuroria k\u00ebrkon paraburgim p\u00ebr nj\u00eb t\u00eb dyshuar p\u00ebr fajde n\u00eb Pej\u00eb","isPartOf":{"@id":"https:\/\/permbledhja.com\/#website"},"datePublished":"2024-07-10T17:25:43+00:00","dateModified":"2024-07-10T17:25:43+00:00","breadcrumb":{"@id":"https:\/\/permbledhja.com\/sq\/mijera-euro-deme-prokuroria-kerkon-paraburgim-per-nje-te-dyshuar-per-fajde-ne-peje\/#breadcrumb"},"inLanguage":"sq","potentialAction":[{"@type":"ReadAction","target":["https:\/\/permbledhja.com\/sq\/mijera-euro-deme-prokuroria-kerkon-paraburgim-per-nje-te-dyshuar-per-fajde-ne-peje\/"]}]},{"@type":"BreadcrumbList","@id":"https:\/\/permbledhja.com\/sq\/mijera-euro-deme-prokuroria-kerkon-paraburgim-per-nje-te-dyshuar-per-fajde-ne-peje\/#breadcrumb","itemListElement":[{"@type":"ListItem","position":1,"name":"Ballina","item":"https:\/\/permbledhja.com\/sq\/"},{"@type":"ListItem","position":2,"name":"Mij\u00ebra euro d\u00ebme, Prokuroria k\u00ebrkon paraburgim p\u00ebr nj\u00eb t\u00eb dyshuar p\u00ebr fajde n\u00eb Pej\u00eb"}]},{"@type":"WebSite","@id":"https:\/\/permbledhja.com\/#website","url":"https:\/\/permbledhja.com\/","name":"Ve\u00e7 artikuj p\u00ebrmbledh\u00ebs","description":"","publisher":{"@id":"https:\/\/permbledhja.com\/#organization"},"potentialAction":[{"@type":"SearchAction","target":{"@type":"EntryPoint","urlTemplate":"https:\/\/permbledhja.com\/?s={search_term_string}"},"query-input":"required name=search_term_string"}],"inLanguage":"sq"},{"@type":"Organization","@id":"https:\/\/permbledhja.com\/#organization","name":"MK Media & Pr","url":"https:\/\/permbledhja.com\/","logo":{"@type":"ImageObject","inLanguage":"sq","@id":"https:\/\/permbledhja.com\/#\/schema\/logo\/image\/","url":"https:\/\/permbledhja.com\/wp-content\/uploads\/2021\/12\/07-Press-Logo.jpg","contentUrl":"https:\/\/permbledhja.com\/wp-content\/uploads\/2021\/12\/07-Press-Logo.jpg","width":512,"height":512,"caption":"MK Media & Pr"},"image":{"@id":"https:\/\/permbledhja.com\/#\/schema\/logo\/image\/"},"sameAs":["https:\/\/www.facebook.com\/press07\/"]},{"@type":"Person","@id":"https:\/\/permbledhja.com\/#\/schema\/person\/9c54260cbc4c6f792cb100550491638c","name":"DL","image":{"@type":"ImageObject","inLanguage":"sq","@id":"https:\/\/permbledhja.com\/#\/schema\/person\/image\/","url":"https:\/\/secure.gravatar.com\/avatar\/94503eb28d4c4b2005a5c8753e35fc80?s=96&d=mm&r=g","contentUrl":"https:\/\/secure.gravatar.com\/avatar\/94503eb28d4c4b2005a5c8753e35fc80?s=96&d=mm&r=g","caption":"DL"},"url":"https:\/\/permbledhja.com\/sq\/author\/dl\/"}]}},"_links":{"self":[{"href":"https:\/\/permbledhja.com\/sq\/wp-json\/wp\/v2\/posts\/67455"}],"collection":[{"href":"https:\/\/permbledhja.com\/sq\/wp-json\/wp\/v2\/posts"}],"about":[{"href":"https:\/\/permbledhja.com\/sq\/wp-json\/wp\/v2\/types\/post"}],"author":[{"embeddable":true,"href":"https:\/\/permbledhja.com\/sq\/wp-json\/wp\/v2\/users\/5"}],"replies":[{"embeddable":true,"href":"https:\/\/permbledhja.com\/sq\/wp-json\/wp\/v2\/comments?post=67455"}],"version-history":[{"count":1,"href":"https:\/\/permbledhja.com\/sq\/wp-json\/wp\/v2\/posts\/67455\/revisions"}],"predecessor-version":[{"id":67457,"href":"https:\/\/permbledhja.com\/sq\/wp-json\/wp\/v2\/posts\/67455\/revisions\/67457"}],"wp:featuredmedia":[{"embeddable":true,"href":"https:\/\/permbledhja.com\/sq\/wp-json\/wp\/v2\/media\/67456"}],"wp:attachment":[{"href":"https:\/\/permbledhja.com\/sq\/wp-json\/wp\/v2\/media?parent=67455"}],"wp:term":[{"taxonomy":"category","embeddable":true,"href":"https:\/\/permbledhja.com\/sq\/wp-json\/wp\/v2\/categories?post=67455"},{"taxonomy":"post_tag","embeddable":true,"href":"https:\/\/permbledhja.com\/sq\/wp-json\/wp\/v2\/tags?post=67455"}],"curies":[{"name":"wp","href":"https:\/\/api.w.org\/{rel}","templated":true}]}}