{"id":67385,"date":"2024-07-09T12:38:49","date_gmt":"2024-07-09T12:38:49","guid":{"rendered":"https:\/\/permbledhja.com\/?p=67385"},"modified":"2024-07-09T12:38:49","modified_gmt":"2024-07-09T12:38:49","slug":"vdekja-tragjike-e-26-vjecarit-ne-prizren-gjykata-merr-vendim-per-dy-te-dyshuarit","status":"publish","type":"post","link":"https:\/\/permbledhja.com\/sq\/vdekja-tragjike-e-26-vjecarit-ne-prizren-gjykata-merr-vendim-per-dy-te-dyshuarit\/","title":{"rendered":"Vdekja tragjike e 26-vje\u00e7arit n\u00eb Prizren: Gjykata merr vendim p\u00ebr dy t\u00eb dyshuarit"},"content":{"rendered":"<h3><strong>Gjykata Themelore n\u00eb Prizren, Departamenti p\u00ebr Krime t\u00eb R\u00ebnda, ka caktuar mas\u00ebn e paraburgimit, ndaj dy t\u00eb dyshuarve, Enes Ay dhe Hajrullah Brcanin, t\u00eb ndaluar p\u00ebr rastin tragjik t\u00eb vdekjes s\u00eb 26-vje\u00e7arit, Auron Thaqi, raporton Gazeta Sinjali.<\/strong><\/h3>\n<p>Enes Ay \u00ebsht\u00eb d\u00ebrguar n\u00eb paraburgim\u00a0p\u00ebr shkak t\u00eb dyshimi t\u00eb bazuar se ka kryer vepr\u00ebn penale l\u00ebndim i r\u00ebnd\u00eb trupor (vepra penale ka rezultuar me vdekjen e nj\u00eb personi), nd\u00ebrsa i dyshuari tjet\u00ebr p\u00ebr veprat penale, mosdh\u00ebnia e ndihm\u00ebs (vepra penale ka rezultuar me vdekjen e nj\u00eb personi t\u00eb rrezikuar) dhe vepr\u00ebn penale moslajm\u00ebrim i veprave penale apo kryer\u00ebsve t\u00eb tyre.<\/p>\n<p>Nga Gjykata kan\u00eb b\u00ebr\u00eb t\u00eb ditur p\u00ebr Sinjalin se ekzistojn\u00eb arsyet ligjore p\u00ebr caktimin e k\u00ebsaj mase, dhe nga provat e mbledhura deri n\u00eb k\u00ebt\u00eb faz\u00eb, rrjedh dyshimi i bazuar se:<\/p>\n<p>\u201cI pandehuri:\u00a0<strong>E.A., m<\/strong>e dat\u00eb 06 korrik 2024, rreth or\u00ebs 23:50, n\u00eb Prizren, me an\u00eb t\u00eb mjetit t\u00eb rreziksh\u00ebm, i shkakton l\u00ebndim trupor personit tjet\u00ebr dhe p\u00ebr pasoj\u00eb shkakton vdekjen e tij, n\u00eb at\u00eb m\u00ebnyr\u00eb q\u00eb paraprakisht takohen me viktim\u00ebn\u00a0<strong>A.Th.,\u00a0<\/strong>nga Prizreni me \u00e7\u2019rast viktima ia k\u00ebrkon telefonin t\u00eb pandehurit me q\u00ebllim q\u00eb ta njoftoj\u00eb shokun e tij \u2013 t\u00eb pandehurin\u00a0<strong>H.B.,\u00a0<\/strong>dhe pasi q\u00eb ky i fundit vjen me vetur\u00ebn e tij n\u00eb lokacionin n\u00eb fjal\u00eb, i pandehuri ulet n\u00eb ul\u00ebsen e pasme t\u00eb automjetit, derisa viktima n\u00eb ul\u00ebsen e p\u00ebrparme dhe pas nj\u00eb konfrontimi verbal me nj\u00ebri \u2013 tjetrin, dalin nga vetura, me \u00e7\u2019rast\u00a0 i pandehuri me p\u00ebrdorimin e nj\u00eb mjeti t\u00eb mpreht\u00eb, e godet viktim\u00ebn n\u00eb pjes\u00ebn e p\u00ebrparme t\u00eb k\u00ebmb\u00ebs (femurit) s\u00eb djatht\u00eb t\u00eb tij dhe largohet nga vendi i ngjarjes, ku p\u00ebr pasoj\u00eb, viktima nga plag\u00ebt e marra pasi fillimisht pranon ndihm\u00ebn mjek\u00ebsore pran\u00eb Qendr\u00ebs Emergjente n\u00eb Prizren, d\u00ebrgohet m\u00eb pas pran\u00eb QKUK-s\u00eb n\u00eb Prishtin\u00eb, ku edhe nd\u00ebrron jet\u00eb si pasoj\u00eb e plag\u00ebve dhe l\u00ebndimeve t\u00eb p\u00ebsuara.\u201d<\/p>\n<p>Kurse \u201cI\u00a0pandehuri:\u00a0<strong>H.B.,\u00a0<\/strong>me dat\u00eb 06 korrik 2024, rreth or\u00ebs 23:55, n\u00eb Prizren, nuk i ofron ndihm\u00eb personit jeta e t\u00eb cilit ndodhej n\u00eb rrezik t\u00eb drejtp\u00ebrdrejt\u00eb, edhe pse k\u00ebt\u00eb ka mundur ta b\u00ebj\u00eb pa rrezik t\u00eb madh p\u00ebr veten, n\u00eb at\u00eb m\u00ebnyr\u00eb q\u00eb pasi ishte duke e bartur viktim\u00ebn A.Th., n\u00eb vetur\u00ebn e tij t\u00eb mark\u00ebs \u2018\u2026\u2026\u2026.. me targa t\u00eb regjistrit: \u2026\u2026\u2026.., duke e ditur se ky i fundit ishte plagosur r\u00ebnd\u00eb me an\u00eb t\u00eb mjetit t\u00eb rreziksh\u00ebm nga i pandehuri E.A:, nuk e d\u00ebrgon t\u00eb nj\u00ebjtin pran\u00eb ndonj\u00eb institucioni t\u00eb kujdesit sh\u00ebndet\u00ebsor, por e nxjerr\u00eb nga vetura dhe e l\u00eb n\u00eb rrug\u00eb \u2013 n\u00eb af\u00ebrsi t\u00eb rrethit t\u00eb lagjes \u2018\u2019Bazhd\u00ebrhane\u2019\u2019 n\u00eb Prizren dhe vazhdon rrug\u00ebn me vetur\u00ebn e tij n\u00eb drejtim t\u00eb lagjes \u2018\u2019Ortakoll\u2019\u2019, ku si pasoj\u00eb e plag\u00ebve dhe l\u00ebndimeve t\u00eb p\u00ebsuara viktima A.Th., nd\u00ebrron jet\u00eb pran\u00eb QKUK-s\u00eb n\u00eb Prishtin\u00eb.<\/p>\n<p>Me dat\u00eb, koh\u00eb dhe vend t\u00eb p\u00ebrshkruar si m\u00eb lart\u00eb, duke qen\u00eb n\u00eb dijeni p\u00ebr identitetin e kryesit t\u00eb vepr\u00ebs penale t\u00eb l\u00ebndimit t\u00eb r\u00ebnd\u00eb trupor dhe nuk e njofton organin kompetent p\u00ebr nj\u00eb fakt t\u00eb till\u00eb, n\u00eb at\u00eb m\u00ebnyr\u00eb q\u00eb pasi ka qen\u00eb n\u00eb dijeni si d\u00ebshmitar okular n\u00eb kryerjen e vepr\u00ebs penale t\u00eb p\u00ebrshkruar si m\u00eb lart\u00eb,\u00a0 si dhe p\u00ebr emrin e kryesit t\u00eb vepr\u00ebs penale, megjithat\u00eb refuzon q\u00eb ta njoftoj\u00eb policin\u00eb apo organin tjet\u00ebr kompetent lidhur kryerjen e vepr\u00ebs penale dhe identitetin e kryesit t\u00eb vepr\u00ebs penale.\u201c<\/p>\n","protected":false},"excerpt":{"rendered":"<p>Gjykata Themelore n\u00eb Prizren, Departamenti p\u00ebr Krime t\u00eb R\u00ebnda, ka caktuar mas\u00ebn e paraburgimit, ndaj dy t\u00eb dyshuarve, Enes Ay dhe Hajrullah Brcanin, t\u00eb ndaluar p\u00ebr rastin tragjik t\u00eb vdekjes s\u00eb 26-vje\u00e7arit, Auron Thaqi, raporton Gazeta Sinjali. Enes Ay \u00ebsht\u00eb d\u00ebrguar n\u00eb paraburgim\u00a0p\u00ebr shkak t\u00eb dyshimi t\u00eb bazuar se ka kryer vepr\u00ebn penale l\u00ebndim i [&hellip;]<\/p>\n","protected":false},"author":5,"featured_media":67386,"comment_status":"closed","ping_status":"closed","sticky":false,"template":"","format":"standard","meta":{"_monsterinsights_skip_tracking":false,"_monsterinsights_sitenote_active":false,"_monsterinsights_sitenote_note":"","_monsterinsights_sitenote_category":0,"_uf_show_specific_survey":0,"_uf_disable_surveys":false,"footnotes":""},"categories":[2645],"tags":[],"yoast_head":"<!-- This site is optimized with the Yoast SEO plugin v21.5 - https:\/\/yoast.com\/wordpress\/plugins\/seo\/ -->\n<title>Vdekja tragjike e 26-vje\u00e7arit n\u00eb Prizren: Gjykata merr vendim p\u00ebr dy t\u00eb dyshuarit<\/title>\n<meta name=\"robots\" content=\"index, follow, max-snippet:-1, max-image-preview:large, max-video-preview:-1\" \/>\n<link rel=\"canonical\" href=\"https:\/\/permbledhja.com\/sq\/vdekja-tragjike-e-26-vjecarit-ne-prizren-gjykata-merr-vendim-per-dy-te-dyshuarit\/\" \/>\n<meta property=\"og:locale\" content=\"sq_AL\" \/>\n<meta property=\"og:type\" content=\"article\" \/>\n<meta property=\"og:title\" content=\"Vdekja tragjike e 26-vje\u00e7arit n\u00eb Prizren: Gjykata merr vendim p\u00ebr dy t\u00eb dyshuarit\" \/>\n<meta property=\"og:description\" content=\"Gjykata Themelore n\u00eb Prizren, Departamenti p\u00ebr Krime t\u00eb R\u00ebnda, ka caktuar mas\u00ebn e paraburgimit, ndaj dy t\u00eb dyshuarve, Enes Ay dhe Hajrullah Brcanin, t\u00eb ndaluar p\u00ebr rastin tragjik t\u00eb vdekjes s\u00eb 26-vje\u00e7arit, Auron Thaqi, raporton Gazeta Sinjali. Enes Ay \u00ebsht\u00eb d\u00ebrguar n\u00eb paraburgim\u00a0p\u00ebr shkak t\u00eb dyshimi t\u00eb bazuar se ka kryer vepr\u00ebn penale l\u00ebndim i [&hellip;]\" \/>\n<meta property=\"og:url\" content=\"https:\/\/permbledhja.com\/sq\/vdekja-tragjike-e-26-vjecarit-ne-prizren-gjykata-merr-vendim-per-dy-te-dyshuarit\/\" \/>\n<meta property=\"og:site_name\" content=\"Ve\u00e7 artikuj p\u00ebrmbledh\u00ebs\" \/>\n<meta property=\"article:publisher\" content=\"https:\/\/www.facebook.com\/press07\/\" \/>\n<meta property=\"article:published_time\" content=\"2024-07-09T12:38:49+00:00\" \/>\n<meta property=\"og:image\" content=\"https:\/\/permbledhja.com\/wp-content\/uploads\/2024\/07\/gjykata.jpg\" \/>\n\t<meta property=\"og:image:width\" content=\"900\" \/>\n\t<meta property=\"og:image:height\" content=\"399\" \/>\n\t<meta property=\"og:image:type\" content=\"image\/jpeg\" \/>\n<meta name=\"author\" content=\"DL\" \/>\n<meta name=\"twitter:card\" content=\"summary_large_image\" \/>\n<meta name=\"twitter:label1\" content=\"Written by\" \/>\n\t<meta name=\"twitter:data1\" content=\"DL\" \/>\n\t<meta name=\"twitter:label2\" content=\"Est. reading time\" \/>\n\t<meta name=\"twitter:data2\" content=\"3 minuta\" \/>\n<script type=\"application\/ld+json\" class=\"yoast-schema-graph\">{\"@context\":\"https:\/\/schema.org\",\"@graph\":[{\"@type\":\"Article\",\"@id\":\"https:\/\/permbledhja.com\/sq\/vdekja-tragjike-e-26-vjecarit-ne-prizren-gjykata-merr-vendim-per-dy-te-dyshuarit\/#article\",\"isPartOf\":{\"@id\":\"https:\/\/permbledhja.com\/sq\/vdekja-tragjike-e-26-vjecarit-ne-prizren-gjykata-merr-vendim-per-dy-te-dyshuarit\/\"},\"author\":{\"name\":\"DL\",\"@id\":\"https:\/\/permbledhja.com\/#\/schema\/person\/9c54260cbc4c6f792cb100550491638c\"},\"headline\":\"Vdekja tragjike e 26-vje\u00e7arit n\u00eb Prizren: Gjykata merr vendim p\u00ebr dy t\u00eb dyshuarit\",\"datePublished\":\"2024-07-09T12:38:49+00:00\",\"dateModified\":\"2024-07-09T12:38:49+00:00\",\"mainEntityOfPage\":{\"@id\":\"https:\/\/permbledhja.com\/sq\/vdekja-tragjike-e-26-vjecarit-ne-prizren-gjykata-merr-vendim-per-dy-te-dyshuarit\/\"},\"wordCount\":639,\"publisher\":{\"@id\":\"https:\/\/permbledhja.com\/#organization\"},\"articleSection\":[\"T\u00eb r\u00ebnd\u00ebsishme\"],\"inLanguage\":\"sq\"},{\"@type\":\"WebPage\",\"@id\":\"https:\/\/permbledhja.com\/sq\/vdekja-tragjike-e-26-vjecarit-ne-prizren-gjykata-merr-vendim-per-dy-te-dyshuarit\/\",\"url\":\"https:\/\/permbledhja.com\/sq\/vdekja-tragjike-e-26-vjecarit-ne-prizren-gjykata-merr-vendim-per-dy-te-dyshuarit\/\",\"name\":\"Vdekja tragjike e 26-vje\u00e7arit n\u00eb Prizren: Gjykata merr vendim p\u00ebr dy t\u00eb dyshuarit\",\"isPartOf\":{\"@id\":\"https:\/\/permbledhja.com\/#website\"},\"datePublished\":\"2024-07-09T12:38:49+00:00\",\"dateModified\":\"2024-07-09T12:38:49+00:00\",\"breadcrumb\":{\"@id\":\"https:\/\/permbledhja.com\/sq\/vdekja-tragjike-e-26-vjecarit-ne-prizren-gjykata-merr-vendim-per-dy-te-dyshuarit\/#breadcrumb\"},\"inLanguage\":\"sq\",\"potentialAction\":[{\"@type\":\"ReadAction\",\"target\":[\"https:\/\/permbledhja.com\/sq\/vdekja-tragjike-e-26-vjecarit-ne-prizren-gjykata-merr-vendim-per-dy-te-dyshuarit\/\"]}]},{\"@type\":\"BreadcrumbList\",\"@id\":\"https:\/\/permbledhja.com\/sq\/vdekja-tragjike-e-26-vjecarit-ne-prizren-gjykata-merr-vendim-per-dy-te-dyshuarit\/#breadcrumb\",\"itemListElement\":[{\"@type\":\"ListItem\",\"position\":1,\"name\":\"Ballina\",\"item\":\"https:\/\/permbledhja.com\/sq\/\"},{\"@type\":\"ListItem\",\"position\":2,\"name\":\"Vdekja tragjike e 26-vje\u00e7arit n\u00eb Prizren: Gjykata merr vendim p\u00ebr dy t\u00eb dyshuarit\"}]},{\"@type\":\"WebSite\",\"@id\":\"https:\/\/permbledhja.com\/#website\",\"url\":\"https:\/\/permbledhja.com\/\",\"name\":\"Ve\u00e7 artikuj p\u00ebrmbledh\u00ebs\",\"description\":\"\",\"publisher\":{\"@id\":\"https:\/\/permbledhja.com\/#organization\"},\"potentialAction\":[{\"@type\":\"SearchAction\",\"target\":{\"@type\":\"EntryPoint\",\"urlTemplate\":\"https:\/\/permbledhja.com\/?s={search_term_string}\"},\"query-input\":\"required name=search_term_string\"}],\"inLanguage\":\"sq\"},{\"@type\":\"Organization\",\"@id\":\"https:\/\/permbledhja.com\/#organization\",\"name\":\"MK Media & Pr\",\"url\":\"https:\/\/permbledhja.com\/\",\"logo\":{\"@type\":\"ImageObject\",\"inLanguage\":\"sq\",\"@id\":\"https:\/\/permbledhja.com\/#\/schema\/logo\/image\/\",\"url\":\"https:\/\/permbledhja.com\/wp-content\/uploads\/2021\/12\/07-Press-Logo.jpg\",\"contentUrl\":\"https:\/\/permbledhja.com\/wp-content\/uploads\/2021\/12\/07-Press-Logo.jpg\",\"width\":512,\"height\":512,\"caption\":\"MK Media & Pr\"},\"image\":{\"@id\":\"https:\/\/permbledhja.com\/#\/schema\/logo\/image\/\"},\"sameAs\":[\"https:\/\/www.facebook.com\/press07\/\"]},{\"@type\":\"Person\",\"@id\":\"https:\/\/permbledhja.com\/#\/schema\/person\/9c54260cbc4c6f792cb100550491638c\",\"name\":\"DL\",\"image\":{\"@type\":\"ImageObject\",\"inLanguage\":\"sq\",\"@id\":\"https:\/\/permbledhja.com\/#\/schema\/person\/image\/\",\"url\":\"https:\/\/secure.gravatar.com\/avatar\/94503eb28d4c4b2005a5c8753e35fc80?s=96&d=mm&r=g\",\"contentUrl\":\"https:\/\/secure.gravatar.com\/avatar\/94503eb28d4c4b2005a5c8753e35fc80?s=96&d=mm&r=g\",\"caption\":\"DL\"},\"url\":\"https:\/\/permbledhja.com\/sq\/author\/dl\/\"}]}<\/script>\n<!-- \/ Yoast SEO plugin. -->","yoast_head_json":{"title":"Vdekja tragjike e 26-vje\u00e7arit n\u00eb Prizren: Gjykata merr vendim p\u00ebr dy t\u00eb dyshuarit","robots":{"index":"index","follow":"follow","max-snippet":"max-snippet:-1","max-image-preview":"max-image-preview:large","max-video-preview":"max-video-preview:-1"},"canonical":"https:\/\/permbledhja.com\/sq\/vdekja-tragjike-e-26-vjecarit-ne-prizren-gjykata-merr-vendim-per-dy-te-dyshuarit\/","og_locale":"sq_AL","og_type":"article","og_title":"Vdekja tragjike e 26-vje\u00e7arit n\u00eb Prizren: Gjykata merr vendim p\u00ebr dy t\u00eb dyshuarit","og_description":"Gjykata Themelore n\u00eb Prizren, Departamenti p\u00ebr Krime t\u00eb R\u00ebnda, ka caktuar mas\u00ebn e paraburgimit, ndaj dy t\u00eb dyshuarve, Enes Ay dhe Hajrullah Brcanin, t\u00eb ndaluar p\u00ebr rastin tragjik t\u00eb vdekjes s\u00eb 26-vje\u00e7arit, Auron Thaqi, raporton Gazeta Sinjali. Enes Ay \u00ebsht\u00eb d\u00ebrguar n\u00eb paraburgim\u00a0p\u00ebr shkak t\u00eb dyshimi t\u00eb bazuar se ka kryer vepr\u00ebn penale l\u00ebndim i [&hellip;]","og_url":"https:\/\/permbledhja.com\/sq\/vdekja-tragjike-e-26-vjecarit-ne-prizren-gjykata-merr-vendim-per-dy-te-dyshuarit\/","og_site_name":"Ve\u00e7 artikuj p\u00ebrmbledh\u00ebs","article_publisher":"https:\/\/www.facebook.com\/press07\/","article_published_time":"2024-07-09T12:38:49+00:00","og_image":[{"width":900,"height":399,"url":"https:\/\/permbledhja.com\/wp-content\/uploads\/2024\/07\/gjykata.jpg","type":"image\/jpeg"}],"author":"DL","twitter_card":"summary_large_image","twitter_misc":{"Written by":"DL","Est. reading time":"3 minuta"},"schema":{"@context":"https:\/\/schema.org","@graph":[{"@type":"Article","@id":"https:\/\/permbledhja.com\/sq\/vdekja-tragjike-e-26-vjecarit-ne-prizren-gjykata-merr-vendim-per-dy-te-dyshuarit\/#article","isPartOf":{"@id":"https:\/\/permbledhja.com\/sq\/vdekja-tragjike-e-26-vjecarit-ne-prizren-gjykata-merr-vendim-per-dy-te-dyshuarit\/"},"author":{"name":"DL","@id":"https:\/\/permbledhja.com\/#\/schema\/person\/9c54260cbc4c6f792cb100550491638c"},"headline":"Vdekja tragjike e 26-vje\u00e7arit n\u00eb Prizren: Gjykata merr vendim p\u00ebr dy t\u00eb dyshuarit","datePublished":"2024-07-09T12:38:49+00:00","dateModified":"2024-07-09T12:38:49+00:00","mainEntityOfPage":{"@id":"https:\/\/permbledhja.com\/sq\/vdekja-tragjike-e-26-vjecarit-ne-prizren-gjykata-merr-vendim-per-dy-te-dyshuarit\/"},"wordCount":639,"publisher":{"@id":"https:\/\/permbledhja.com\/#organization"},"articleSection":["T\u00eb r\u00ebnd\u00ebsishme"],"inLanguage":"sq"},{"@type":"WebPage","@id":"https:\/\/permbledhja.com\/sq\/vdekja-tragjike-e-26-vjecarit-ne-prizren-gjykata-merr-vendim-per-dy-te-dyshuarit\/","url":"https:\/\/permbledhja.com\/sq\/vdekja-tragjike-e-26-vjecarit-ne-prizren-gjykata-merr-vendim-per-dy-te-dyshuarit\/","name":"Vdekja tragjike e 26-vje\u00e7arit n\u00eb Prizren: Gjykata merr vendim p\u00ebr dy t\u00eb dyshuarit","isPartOf":{"@id":"https:\/\/permbledhja.com\/#website"},"datePublished":"2024-07-09T12:38:49+00:00","dateModified":"2024-07-09T12:38:49+00:00","breadcrumb":{"@id":"https:\/\/permbledhja.com\/sq\/vdekja-tragjike-e-26-vjecarit-ne-prizren-gjykata-merr-vendim-per-dy-te-dyshuarit\/#breadcrumb"},"inLanguage":"sq","potentialAction":[{"@type":"ReadAction","target":["https:\/\/permbledhja.com\/sq\/vdekja-tragjike-e-26-vjecarit-ne-prizren-gjykata-merr-vendim-per-dy-te-dyshuarit\/"]}]},{"@type":"BreadcrumbList","@id":"https:\/\/permbledhja.com\/sq\/vdekja-tragjike-e-26-vjecarit-ne-prizren-gjykata-merr-vendim-per-dy-te-dyshuarit\/#breadcrumb","itemListElement":[{"@type":"ListItem","position":1,"name":"Ballina","item":"https:\/\/permbledhja.com\/sq\/"},{"@type":"ListItem","position":2,"name":"Vdekja tragjike e 26-vje\u00e7arit n\u00eb Prizren: Gjykata merr vendim p\u00ebr dy t\u00eb dyshuarit"}]},{"@type":"WebSite","@id":"https:\/\/permbledhja.com\/#website","url":"https:\/\/permbledhja.com\/","name":"Ve\u00e7 artikuj p\u00ebrmbledh\u00ebs","description":"","publisher":{"@id":"https:\/\/permbledhja.com\/#organization"},"potentialAction":[{"@type":"SearchAction","target":{"@type":"EntryPoint","urlTemplate":"https:\/\/permbledhja.com\/?s={search_term_string}"},"query-input":"required name=search_term_string"}],"inLanguage":"sq"},{"@type":"Organization","@id":"https:\/\/permbledhja.com\/#organization","name":"MK Media & Pr","url":"https:\/\/permbledhja.com\/","logo":{"@type":"ImageObject","inLanguage":"sq","@id":"https:\/\/permbledhja.com\/#\/schema\/logo\/image\/","url":"https:\/\/permbledhja.com\/wp-content\/uploads\/2021\/12\/07-Press-Logo.jpg","contentUrl":"https:\/\/permbledhja.com\/wp-content\/uploads\/2021\/12\/07-Press-Logo.jpg","width":512,"height":512,"caption":"MK Media & Pr"},"image":{"@id":"https:\/\/permbledhja.com\/#\/schema\/logo\/image\/"},"sameAs":["https:\/\/www.facebook.com\/press07\/"]},{"@type":"Person","@id":"https:\/\/permbledhja.com\/#\/schema\/person\/9c54260cbc4c6f792cb100550491638c","name":"DL","image":{"@type":"ImageObject","inLanguage":"sq","@id":"https:\/\/permbledhja.com\/#\/schema\/person\/image\/","url":"https:\/\/secure.gravatar.com\/avatar\/94503eb28d4c4b2005a5c8753e35fc80?s=96&d=mm&r=g","contentUrl":"https:\/\/secure.gravatar.com\/avatar\/94503eb28d4c4b2005a5c8753e35fc80?s=96&d=mm&r=g","caption":"DL"},"url":"https:\/\/permbledhja.com\/sq\/author\/dl\/"}]}},"_links":{"self":[{"href":"https:\/\/permbledhja.com\/sq\/wp-json\/wp\/v2\/posts\/67385"}],"collection":[{"href":"https:\/\/permbledhja.com\/sq\/wp-json\/wp\/v2\/posts"}],"about":[{"href":"https:\/\/permbledhja.com\/sq\/wp-json\/wp\/v2\/types\/post"}],"author":[{"embeddable":true,"href":"https:\/\/permbledhja.com\/sq\/wp-json\/wp\/v2\/users\/5"}],"replies":[{"embeddable":true,"href":"https:\/\/permbledhja.com\/sq\/wp-json\/wp\/v2\/comments?post=67385"}],"version-history":[{"count":1,"href":"https:\/\/permbledhja.com\/sq\/wp-json\/wp\/v2\/posts\/67385\/revisions"}],"predecessor-version":[{"id":67387,"href":"https:\/\/permbledhja.com\/sq\/wp-json\/wp\/v2\/posts\/67385\/revisions\/67387"}],"wp:featuredmedia":[{"embeddable":true,"href":"https:\/\/permbledhja.com\/sq\/wp-json\/wp\/v2\/media\/67386"}],"wp:attachment":[{"href":"https:\/\/permbledhja.com\/sq\/wp-json\/wp\/v2\/media?parent=67385"}],"wp:term":[{"taxonomy":"category","embeddable":true,"href":"https:\/\/permbledhja.com\/sq\/wp-json\/wp\/v2\/categories?post=67385"},{"taxonomy":"post_tag","embeddable":true,"href":"https:\/\/permbledhja.com\/sq\/wp-json\/wp\/v2\/tags?post=67385"}],"curies":[{"name":"wp","href":"https:\/\/api.w.org\/{rel}","templated":true}]}}