{"id":67322,"date":"2024-07-07T15:39:23","date_gmt":"2024-07-07T15:39:23","guid":{"rendered":"https:\/\/permbledhja.com\/?p=67322"},"modified":"2024-07-07T15:39:23","modified_gmt":"2024-07-07T15:39:23","slug":"premtimin-se-trete-as-dheu-kthehet-nga-zelanda-e-re-per-shokun-me-sindromen-down","status":"publish","type":"post","link":"https:\/\/permbledhja.com\/sq\/premtimin-se-trete-as-dheu-kthehet-nga-zelanda-e-re-per-shokun-me-sindromen-down\/","title":{"rendered":"\u201cPremtimin s\u2019e tret\u00eb as dheu\u201d, kthehet nga Zelanda e re p\u00ebr shokun me sindrom\u00ebn down"},"content":{"rendered":"<p><strong>Tapeti i kuq u shtrua p\u00ebr maturant\u00ebt e Ersek\u00ebs n\u00eb qend\u00ebr t\u00eb qytetit, e m\u00eb i ve\u00e7anti nd\u00ebr ta ishte Aldo Nurollari, i cili \u00ebsht\u00eb me sindrom\u00ebn down.<\/strong><\/p>\n<p>E prekur, vajza q\u00eb udh\u00ebtoi nga Zelanda e Re drejt Ersek\u00ebs vet\u00ebm p\u00ebr t\u00eb b\u00ebr\u00eb t\u00eb lumtur Aldon ka nj\u00eb mesazh p\u00ebr t\u00eb rinjt\u00eb e tjer\u00eb.<\/p>\n<p><em>\u201cMesazhi im \u00ebsht\u00eb q\u00eb mos shikoni dik\u00eb nga \u00e7far\u00eb vuan apo \u00e7far\u00eb e b\u00ebn ndryshe, sepse nuk \u00ebsht\u00eb s\u00ebmundje. \u00cbsht\u00eb unike. Nuk dua t\u00eb qaj. Kjo e b\u00ebn Aldon unik. Tani q\u00eb jetoj ne Zelande Aldo me shkruan \u00e7do dit\u00eb. Me thot\u00eb motra ime si je? Po nuk d\u00ebgjoi fjal\u00ebn;\u201d Jam mir\u00eb t\u00eb keqen motra\u201d<\/em>, Aldo nuk do pushoj\u00eb s\u00eb shkruari.<\/p>\n<p><em>&#8220;Aldo \u00ebsht\u00eb njeriu me zemr\u00ebn me t\u00eb bardh\u00eb n\u00eb k\u00ebt\u00eb shesh\u201d<\/em>, apelon ajo.\/Euronews<\/p>\n<p><img loading=\"lazy\" decoding=\"async\" class=\"alignnone wp-image-67324 size-full\" src=\"https:\/\/permbledhja.com\/wp-content\/uploads\/2024\/07\/1000157167-1024x568-1.jpg\" alt=\"\" width=\"1024\" height=\"568\" srcset=\"https:\/\/permbledhja.com\/wp-content\/uploads\/2024\/07\/1000157167-1024x568-1.jpg 1024w, https:\/\/permbledhja.com\/wp-content\/uploads\/2024\/07\/1000157167-1024x568-1-300x166.jpg 300w, https:\/\/permbledhja.com\/wp-content\/uploads\/2024\/07\/1000157167-1024x568-1-768x426.jpg 768w, https:\/\/permbledhja.com\/wp-content\/uploads\/2024\/07\/1000157167-1024x568-1-18x10.jpg 18w\" sizes=\"(max-width: 1024px) 100vw, 1024px\" \/><\/p>\n<p><img loading=\"lazy\" decoding=\"async\" class=\"alignnone wp-image-67325 size-full\" src=\"https:\/\/permbledhja.com\/wp-content\/uploads\/2024\/07\/1000157169-1024x574-1.jpg\" alt=\"\" width=\"1024\" height=\"574\" srcset=\"https:\/\/permbledhja.com\/wp-content\/uploads\/2024\/07\/1000157169-1024x574-1.jpg 1024w, https:\/\/permbledhja.com\/wp-content\/uploads\/2024\/07\/1000157169-1024x574-1-300x168.jpg 300w, https:\/\/permbledhja.com\/wp-content\/uploads\/2024\/07\/1000157169-1024x574-1-768x431.jpg 768w, https:\/\/permbledhja.com\/wp-content\/uploads\/2024\/07\/1000157169-1024x574-1-18x10.jpg 18w\" sizes=\"(max-width: 1024px) 100vw, 1024px\" \/><\/p>\n","protected":false},"excerpt":{"rendered":"<p>Tapeti i kuq u shtrua p\u00ebr maturant\u00ebt e Ersek\u00ebs n\u00eb qend\u00ebr t\u00eb qytetit, e m\u00eb i ve\u00e7anti nd\u00ebr ta ishte Aldo Nurollari, i cili \u00ebsht\u00eb me sindrom\u00ebn down. E prekur, vajza q\u00eb udh\u00ebtoi nga Zelanda e Re drejt Ersek\u00ebs vet\u00ebm p\u00ebr t\u00eb b\u00ebr\u00eb t\u00eb lumtur Aldon ka nj\u00eb mesazh p\u00ebr t\u00eb rinjt\u00eb e tjer\u00eb. \u201cMesazhi [&hellip;]<\/p>\n","protected":false},"author":1,"featured_media":67323,"comment_status":"closed","ping_status":"closed","sticky":false,"template":"","format":"standard","meta":{"_monsterinsights_skip_tracking":false,"_monsterinsights_sitenote_active":false,"_monsterinsights_sitenote_note":"","_monsterinsights_sitenote_category":0,"_uf_show_specific_survey":0,"_uf_disable_surveys":false,"footnotes":""},"categories":[2660,19],"tags":[3311],"yoast_head":"<!-- This site is optimized with the Yoast SEO plugin v21.5 - https:\/\/yoast.com\/wordpress\/plugins\/seo\/ -->\n<title>\u201cPremtimin s\u2019e tret\u00eb as dheu\u201d, kthehet nga Zelanda e re p\u00ebr shokun me sindrom\u00ebn down<\/title>\n<meta name=\"robots\" content=\"index, follow, max-snippet:-1, max-image-preview:large, max-video-preview:-1\" \/>\n<link rel=\"canonical\" href=\"https:\/\/permbledhja.com\/sq\/premtimin-se-trete-as-dheu-kthehet-nga-zelanda-e-re-per-shokun-me-sindromen-down\/\" \/>\n<meta property=\"og:locale\" content=\"sq_AL\" \/>\n<meta property=\"og:type\" content=\"article\" \/>\n<meta property=\"og:title\" content=\"\u201cPremtimin s\u2019e tret\u00eb as dheu\u201d, kthehet nga Zelanda e re p\u00ebr shokun me sindrom\u00ebn down\" \/>\n<meta property=\"og:description\" content=\"Tapeti i kuq u shtrua p\u00ebr maturant\u00ebt e Ersek\u00ebs n\u00eb qend\u00ebr t\u00eb qytetit, e m\u00eb i ve\u00e7anti nd\u00ebr ta ishte Aldo Nurollari, i cili \u00ebsht\u00eb me sindrom\u00ebn down. E prekur, vajza q\u00eb udh\u00ebtoi nga Zelanda e Re drejt Ersek\u00ebs vet\u00ebm p\u00ebr t\u00eb b\u00ebr\u00eb t\u00eb lumtur Aldon ka nj\u00eb mesazh p\u00ebr t\u00eb rinjt\u00eb e tjer\u00eb. \u201cMesazhi [&hellip;]\" \/>\n<meta property=\"og:url\" content=\"https:\/\/permbledhja.com\/sq\/premtimin-se-trete-as-dheu-kthehet-nga-zelanda-e-re-per-shokun-me-sindromen-down\/\" \/>\n<meta property=\"og:site_name\" content=\"Ve\u00e7 artikuj p\u00ebrmbledh\u00ebs\" \/>\n<meta property=\"article:publisher\" content=\"https:\/\/www.facebook.com\/press07\/\" \/>\n<meta property=\"article:author\" content=\"https:\/\/www.facebook.com\/kafexhiu.muharrem\/\" \/>\n<meta property=\"article:published_time\" content=\"2024-07-07T15:39:23+00:00\" \/>\n<meta property=\"og:image\" content=\"https:\/\/permbledhja.com\/wp-content\/uploads\/2024\/07\/Screenshot_20240706_144921_YouTube-780x470-1.jpg\" \/>\n\t<meta property=\"og:image:width\" content=\"780\" \/>\n\t<meta property=\"og:image:height\" content=\"470\" \/>\n\t<meta property=\"og:image:type\" content=\"image\/jpeg\" \/>\n<meta name=\"author\" content=\"P\u00ebrmbledhja\" \/>\n<meta name=\"twitter:card\" content=\"summary_large_image\" \/>\n<meta name=\"twitter:label1\" content=\"Written by\" \/>\n\t<meta name=\"twitter:data1\" content=\"P\u00ebrmbledhja\" \/>\n\t<meta name=\"twitter:label2\" content=\"Est. reading time\" \/>\n\t<meta name=\"twitter:data2\" content=\"2 minuta\" \/>\n<script type=\"application\/ld+json\" class=\"yoast-schema-graph\">{\"@context\":\"https:\/\/schema.org\",\"@graph\":[{\"@type\":\"Article\",\"@id\":\"https:\/\/permbledhja.com\/sq\/premtimin-se-trete-as-dheu-kthehet-nga-zelanda-e-re-per-shokun-me-sindromen-down\/#article\",\"isPartOf\":{\"@id\":\"https:\/\/permbledhja.com\/sq\/premtimin-se-trete-as-dheu-kthehet-nga-zelanda-e-re-per-shokun-me-sindromen-down\/\"},\"author\":{\"name\":\"P\u00ebrmbledhja\",\"@id\":\"https:\/\/permbledhja.com\/#\/schema\/person\/0d064377258d3221e50693947b9eb4fe\"},\"headline\":\"\u201cPremtimin s\u2019e tret\u00eb as dheu\u201d, kthehet nga Zelanda e re p\u00ebr shokun me sindrom\u00ebn down\",\"datePublished\":\"2024-07-07T15:39:23+00:00\",\"dateModified\":\"2024-07-07T15:39:23+00:00\",\"mainEntityOfPage\":{\"@id\":\"https:\/\/permbledhja.com\/sq\/premtimin-se-trete-as-dheu-kthehet-nga-zelanda-e-re-per-shokun-me-sindromen-down\/\"},\"wordCount\":167,\"publisher\":{\"@id\":\"https:\/\/permbledhja.com\/#organization\"},\"keywords\":[\"Zelanda e Re\"],\"articleSection\":[\"Entertainment\",\"Showbiz\"],\"inLanguage\":\"sq\"},{\"@type\":\"WebPage\",\"@id\":\"https:\/\/permbledhja.com\/sq\/premtimin-se-trete-as-dheu-kthehet-nga-zelanda-e-re-per-shokun-me-sindromen-down\/\",\"url\":\"https:\/\/permbledhja.com\/sq\/premtimin-se-trete-as-dheu-kthehet-nga-zelanda-e-re-per-shokun-me-sindromen-down\/\",\"name\":\"\u201cPremtimin s\u2019e tret\u00eb as dheu\u201d, kthehet nga Zelanda e re p\u00ebr shokun me sindrom\u00ebn down\",\"isPartOf\":{\"@id\":\"https:\/\/permbledhja.com\/#website\"},\"datePublished\":\"2024-07-07T15:39:23+00:00\",\"dateModified\":\"2024-07-07T15:39:23+00:00\",\"breadcrumb\":{\"@id\":\"https:\/\/permbledhja.com\/sq\/premtimin-se-trete-as-dheu-kthehet-nga-zelanda-e-re-per-shokun-me-sindromen-down\/#breadcrumb\"},\"inLanguage\":\"sq\",\"potentialAction\":[{\"@type\":\"ReadAction\",\"target\":[\"https:\/\/permbledhja.com\/sq\/premtimin-se-trete-as-dheu-kthehet-nga-zelanda-e-re-per-shokun-me-sindromen-down\/\"]}]},{\"@type\":\"BreadcrumbList\",\"@id\":\"https:\/\/permbledhja.com\/sq\/premtimin-se-trete-as-dheu-kthehet-nga-zelanda-e-re-per-shokun-me-sindromen-down\/#breadcrumb\",\"itemListElement\":[{\"@type\":\"ListItem\",\"position\":1,\"name\":\"Ballina\",\"item\":\"https:\/\/permbledhja.com\/sq\/\"},{\"@type\":\"ListItem\",\"position\":2,\"name\":\"\u201cPremtimin s\u2019e tret\u00eb as dheu\u201d, kthehet nga Zelanda e re p\u00ebr shokun me sindrom\u00ebn down\"}]},{\"@type\":\"WebSite\",\"@id\":\"https:\/\/permbledhja.com\/#website\",\"url\":\"https:\/\/permbledhja.com\/\",\"name\":\"Ve\u00e7 artikuj p\u00ebrmbledh\u00ebs\",\"description\":\"\",\"publisher\":{\"@id\":\"https:\/\/permbledhja.com\/#organization\"},\"potentialAction\":[{\"@type\":\"SearchAction\",\"target\":{\"@type\":\"EntryPoint\",\"urlTemplate\":\"https:\/\/permbledhja.com\/?s={search_term_string}\"},\"query-input\":\"required name=search_term_string\"}],\"inLanguage\":\"sq\"},{\"@type\":\"Organization\",\"@id\":\"https:\/\/permbledhja.com\/#organization\",\"name\":\"MK Media & Pr\",\"url\":\"https:\/\/permbledhja.com\/\",\"logo\":{\"@type\":\"ImageObject\",\"inLanguage\":\"sq\",\"@id\":\"https:\/\/permbledhja.com\/#\/schema\/logo\/image\/\",\"url\":\"https:\/\/permbledhja.com\/wp-content\/uploads\/2021\/12\/07-Press-Logo.jpg\",\"contentUrl\":\"https:\/\/permbledhja.com\/wp-content\/uploads\/2021\/12\/07-Press-Logo.jpg\",\"width\":512,\"height\":512,\"caption\":\"MK Media & Pr\"},\"image\":{\"@id\":\"https:\/\/permbledhja.com\/#\/schema\/logo\/image\/\"},\"sameAs\":[\"https:\/\/www.facebook.com\/press07\/\"]},{\"@type\":\"Person\",\"@id\":\"https:\/\/permbledhja.com\/#\/schema\/person\/0d064377258d3221e50693947b9eb4fe\",\"name\":\"P\u00ebrmbledhja\",\"image\":{\"@type\":\"ImageObject\",\"inLanguage\":\"sq\",\"@id\":\"https:\/\/permbledhja.com\/#\/schema\/person\/image\/\",\"url\":\"https:\/\/permbledhja.com\/wp-content\/uploads\/2026\/01\/452004717_1040944174702970_8932037511805513407_n-96x96.jpg\",\"contentUrl\":\"https:\/\/permbledhja.com\/wp-content\/uploads\/2026\/01\/452004717_1040944174702970_8932037511805513407_n-96x96.jpg\",\"caption\":\"P\u00ebrmbledhja\"},\"sameAs\":[\"https:\/\/www.facebook.com\/kafexhiu.muharrem\/\",\"https:\/\/www.instagram.com\/muharrem_kafexhiu\/\"],\"url\":\"https:\/\/permbledhja.com\/sq\/author\/admin\/\"}]}<\/script>\n<!-- \/ Yoast SEO plugin. -->","yoast_head_json":{"title":"\u201cPremtimin s\u2019e tret\u00eb as dheu\u201d, kthehet nga Zelanda e re p\u00ebr shokun me sindrom\u00ebn down","robots":{"index":"index","follow":"follow","max-snippet":"max-snippet:-1","max-image-preview":"max-image-preview:large","max-video-preview":"max-video-preview:-1"},"canonical":"https:\/\/permbledhja.com\/sq\/premtimin-se-trete-as-dheu-kthehet-nga-zelanda-e-re-per-shokun-me-sindromen-down\/","og_locale":"sq_AL","og_type":"article","og_title":"\u201cPremtimin s\u2019e tret\u00eb as dheu\u201d, kthehet nga Zelanda e re p\u00ebr shokun me sindrom\u00ebn down","og_description":"Tapeti i kuq u shtrua p\u00ebr maturant\u00ebt e Ersek\u00ebs n\u00eb qend\u00ebr t\u00eb qytetit, e m\u00eb i ve\u00e7anti nd\u00ebr ta ishte Aldo Nurollari, i cili \u00ebsht\u00eb me sindrom\u00ebn down. E prekur, vajza q\u00eb udh\u00ebtoi nga Zelanda e Re drejt Ersek\u00ebs vet\u00ebm p\u00ebr t\u00eb b\u00ebr\u00eb t\u00eb lumtur Aldon ka nj\u00eb mesazh p\u00ebr t\u00eb rinjt\u00eb e tjer\u00eb. \u201cMesazhi [&hellip;]","og_url":"https:\/\/permbledhja.com\/sq\/premtimin-se-trete-as-dheu-kthehet-nga-zelanda-e-re-per-shokun-me-sindromen-down\/","og_site_name":"Ve\u00e7 artikuj p\u00ebrmbledh\u00ebs","article_publisher":"https:\/\/www.facebook.com\/press07\/","article_author":"https:\/\/www.facebook.com\/kafexhiu.muharrem\/","article_published_time":"2024-07-07T15:39:23+00:00","og_image":[{"width":780,"height":470,"url":"https:\/\/permbledhja.com\/wp-content\/uploads\/2024\/07\/Screenshot_20240706_144921_YouTube-780x470-1.jpg","type":"image\/jpeg"}],"author":"P\u00ebrmbledhja","twitter_card":"summary_large_image","twitter_misc":{"Written by":"P\u00ebrmbledhja","Est. reading time":"2 minuta"},"schema":{"@context":"https:\/\/schema.org","@graph":[{"@type":"Article","@id":"https:\/\/permbledhja.com\/sq\/premtimin-se-trete-as-dheu-kthehet-nga-zelanda-e-re-per-shokun-me-sindromen-down\/#article","isPartOf":{"@id":"https:\/\/permbledhja.com\/sq\/premtimin-se-trete-as-dheu-kthehet-nga-zelanda-e-re-per-shokun-me-sindromen-down\/"},"author":{"name":"P\u00ebrmbledhja","@id":"https:\/\/permbledhja.com\/#\/schema\/person\/0d064377258d3221e50693947b9eb4fe"},"headline":"\u201cPremtimin s\u2019e tret\u00eb as dheu\u201d, kthehet nga Zelanda e re p\u00ebr shokun me sindrom\u00ebn down","datePublished":"2024-07-07T15:39:23+00:00","dateModified":"2024-07-07T15:39:23+00:00","mainEntityOfPage":{"@id":"https:\/\/permbledhja.com\/sq\/premtimin-se-trete-as-dheu-kthehet-nga-zelanda-e-re-per-shokun-me-sindromen-down\/"},"wordCount":167,"publisher":{"@id":"https:\/\/permbledhja.com\/#organization"},"keywords":["Zelanda e Re"],"articleSection":["Entertainment","Showbiz"],"inLanguage":"sq"},{"@type":"WebPage","@id":"https:\/\/permbledhja.com\/sq\/premtimin-se-trete-as-dheu-kthehet-nga-zelanda-e-re-per-shokun-me-sindromen-down\/","url":"https:\/\/permbledhja.com\/sq\/premtimin-se-trete-as-dheu-kthehet-nga-zelanda-e-re-per-shokun-me-sindromen-down\/","name":"\u201cPremtimin s\u2019e tret\u00eb as dheu\u201d, kthehet nga Zelanda e re p\u00ebr shokun me sindrom\u00ebn down","isPartOf":{"@id":"https:\/\/permbledhja.com\/#website"},"datePublished":"2024-07-07T15:39:23+00:00","dateModified":"2024-07-07T15:39:23+00:00","breadcrumb":{"@id":"https:\/\/permbledhja.com\/sq\/premtimin-se-trete-as-dheu-kthehet-nga-zelanda-e-re-per-shokun-me-sindromen-down\/#breadcrumb"},"inLanguage":"sq","potentialAction":[{"@type":"ReadAction","target":["https:\/\/permbledhja.com\/sq\/premtimin-se-trete-as-dheu-kthehet-nga-zelanda-e-re-per-shokun-me-sindromen-down\/"]}]},{"@type":"BreadcrumbList","@id":"https:\/\/permbledhja.com\/sq\/premtimin-se-trete-as-dheu-kthehet-nga-zelanda-e-re-per-shokun-me-sindromen-down\/#breadcrumb","itemListElement":[{"@type":"ListItem","position":1,"name":"Ballina","item":"https:\/\/permbledhja.com\/sq\/"},{"@type":"ListItem","position":2,"name":"\u201cPremtimin s\u2019e tret\u00eb as dheu\u201d, kthehet nga Zelanda e re p\u00ebr shokun me sindrom\u00ebn down"}]},{"@type":"WebSite","@id":"https:\/\/permbledhja.com\/#website","url":"https:\/\/permbledhja.com\/","name":"Ve\u00e7 artikuj p\u00ebrmbledh\u00ebs","description":"","publisher":{"@id":"https:\/\/permbledhja.com\/#organization"},"potentialAction":[{"@type":"SearchAction","target":{"@type":"EntryPoint","urlTemplate":"https:\/\/permbledhja.com\/?s={search_term_string}"},"query-input":"required name=search_term_string"}],"inLanguage":"sq"},{"@type":"Organization","@id":"https:\/\/permbledhja.com\/#organization","name":"MK Media & Pr","url":"https:\/\/permbledhja.com\/","logo":{"@type":"ImageObject","inLanguage":"sq","@id":"https:\/\/permbledhja.com\/#\/schema\/logo\/image\/","url":"https:\/\/permbledhja.com\/wp-content\/uploads\/2021\/12\/07-Press-Logo.jpg","contentUrl":"https:\/\/permbledhja.com\/wp-content\/uploads\/2021\/12\/07-Press-Logo.jpg","width":512,"height":512,"caption":"MK Media & Pr"},"image":{"@id":"https:\/\/permbledhja.com\/#\/schema\/logo\/image\/"},"sameAs":["https:\/\/www.facebook.com\/press07\/"]},{"@type":"Person","@id":"https:\/\/permbledhja.com\/#\/schema\/person\/0d064377258d3221e50693947b9eb4fe","name":"P\u00ebrmbledhja","image":{"@type":"ImageObject","inLanguage":"sq","@id":"https:\/\/permbledhja.com\/#\/schema\/person\/image\/","url":"https:\/\/permbledhja.com\/wp-content\/uploads\/2026\/01\/452004717_1040944174702970_8932037511805513407_n-96x96.jpg","contentUrl":"https:\/\/permbledhja.com\/wp-content\/uploads\/2026\/01\/452004717_1040944174702970_8932037511805513407_n-96x96.jpg","caption":"P\u00ebrmbledhja"},"sameAs":["https:\/\/www.facebook.com\/kafexhiu.muharrem\/","https:\/\/www.instagram.com\/muharrem_kafexhiu\/"],"url":"https:\/\/permbledhja.com\/sq\/author\/admin\/"}]}},"_links":{"self":[{"href":"https:\/\/permbledhja.com\/sq\/wp-json\/wp\/v2\/posts\/67322"}],"collection":[{"href":"https:\/\/permbledhja.com\/sq\/wp-json\/wp\/v2\/posts"}],"about":[{"href":"https:\/\/permbledhja.com\/sq\/wp-json\/wp\/v2\/types\/post"}],"author":[{"embeddable":true,"href":"https:\/\/permbledhja.com\/sq\/wp-json\/wp\/v2\/users\/1"}],"replies":[{"embeddable":true,"href":"https:\/\/permbledhja.com\/sq\/wp-json\/wp\/v2\/comments?post=67322"}],"version-history":[{"count":1,"href":"https:\/\/permbledhja.com\/sq\/wp-json\/wp\/v2\/posts\/67322\/revisions"}],"predecessor-version":[{"id":67326,"href":"https:\/\/permbledhja.com\/sq\/wp-json\/wp\/v2\/posts\/67322\/revisions\/67326"}],"wp:featuredmedia":[{"embeddable":true,"href":"https:\/\/permbledhja.com\/sq\/wp-json\/wp\/v2\/media\/67323"}],"wp:attachment":[{"href":"https:\/\/permbledhja.com\/sq\/wp-json\/wp\/v2\/media?parent=67322"}],"wp:term":[{"taxonomy":"category","embeddable":true,"href":"https:\/\/permbledhja.com\/sq\/wp-json\/wp\/v2\/categories?post=67322"},{"taxonomy":"post_tag","embeddable":true,"href":"https:\/\/permbledhja.com\/sq\/wp-json\/wp\/v2\/tags?post=67322"}],"curies":[{"name":"wp","href":"https:\/\/api.w.org\/{rel}","templated":true}]}}