{"id":67091,"date":"2024-07-03T09:31:39","date_gmt":"2024-07-03T09:31:39","guid":{"rendered":"https:\/\/permbledhja.com\/?p=67091"},"modified":"2024-07-03T09:31:39","modified_gmt":"2024-07-03T09:31:39","slug":"shkoi-me-biciklete-ne-meke-qamuran-hirda-do-te-kthehem-me-aeroplan-ne-vendlindje","status":"publish","type":"post","link":"https:\/\/permbledhja.com\/sq\/shkoi-me-biciklete-ne-meke-qamuran-hirda-do-te-kthehem-me-aeroplan-ne-vendlindje\/","title":{"rendered":"Shkoi me bi\u00e7iklet\u00eb n\u00eb Mek\u00eb, Qamuran Hirda: Do t\u00eb kthehem me aeroplan n\u00eb vendlindje"},"content":{"rendered":"<p><strong>Qamuran Hirda nga Shkupi i Maqedonis\u00eb s\u00eb Veriut, i cili shkoi n\u00eb Mek\u00eb me bi\u00e7iklet\u00eb ka njoftuar se kthimin p\u00ebr n\u00eb vend do ta b\u00ebj\u00eb me aeroplan.<\/strong><\/p>\n<p>N\u00eb njoftimin e tij, Hirda ka folur edhe p\u00ebr v\u00ebshtir\u00ebsit\u00eb e udh\u00ebtimit t\u00eb tij me bi\u00e7iklet\u00eb, nd\u00ebrsa thot\u00eb se m\u00eb r\u00ebnd\u00eb e ka pasur n\u00eb Jordani.<\/p>\n<p>\u201cDuhet ta pranoj, kisha sfida t\u00eb ndryshme duke filluar nga malet e larta n\u00eb Ballkan dhe Turqi. Djers\u00ebt shkonin si shiu, nd\u00ebrkaq er\u00ebra t\u00eb forta m\u00eb binin n\u00eb gjoks. Sa her\u00eb q\u00eb doja t\u00eb ndaloj, q\u00ebndroja n\u00eb vend, por s\u00ebrish vazhdoja. M\u00eb e v\u00ebshtira na gjeti n\u00eb Detin e Vdekur, n\u00eb Jordani dhe Arabin\u00eb Saudite. That\u00ebsir\u00eb, asnj\u00eb hotel. Ushqimi dhe fjetja u b\u00ebn\u00eb problem\u201d.<\/p>\n<p>\u201cPor q\u00ebllimi ishte \u2013 t\u00eb arrij n\u00eb Mek\u00eb. \u00cbndrra ime u realizua. Me sukses arrita nga Shkupi p\u00ebr n\u00eb Mek\u00eb dhe arrita t\u2019i mbaroj t\u00eb gjitha detyrat e haxhit. Tani vendosa t\u00eb kthehem me aeroplan. Si\u00e7 thon\u00eb: Shko ku t\u00eb shkosh, p\u00ebr vendlindja m\u00eb e mir\u00eb\u201d, shkroi mes tjerash Hirda.<\/p>\n","protected":false},"excerpt":{"rendered":"<p>Qamuran Hirda nga Shkupi i Maqedonis\u00eb s\u00eb Veriut, i cili shkoi n\u00eb Mek\u00eb me bi\u00e7iklet\u00eb ka njoftuar se kthimin p\u00ebr n\u00eb vend do ta b\u00ebj\u00eb me aeroplan. N\u00eb njoftimin e tij, Hirda ka folur edhe p\u00ebr v\u00ebshtir\u00ebsit\u00eb e udh\u00ebtimit t\u00eb tij me bi\u00e7iklet\u00eb, nd\u00ebrsa thot\u00eb se m\u00eb r\u00ebnd\u00eb e ka pasur n\u00eb Jordani. \u201cDuhet ta [&hellip;]<\/p>\n","protected":false},"author":5,"featured_media":67093,"comment_status":"closed","ping_status":"closed","sticky":false,"template":"","format":"standard","meta":{"_monsterinsights_skip_tracking":false,"_monsterinsights_sitenote_active":false,"_monsterinsights_sitenote_note":"","_monsterinsights_sitenote_category":0,"_uf_show_specific_survey":0,"_uf_disable_surveys":false,"footnotes":""},"categories":[15],"tags":[],"yoast_head":"<!-- This site is optimized with the Yoast SEO plugin v21.5 - https:\/\/yoast.com\/wordpress\/plugins\/seo\/ -->\n<title>Shkoi me bi\u00e7iklet\u00eb n\u00eb Mek\u00eb, Qamuran Hirda: Do t\u00eb kthehem me aeroplan n\u00eb vendlindje<\/title>\n<meta name=\"robots\" content=\"index, follow, max-snippet:-1, max-image-preview:large, max-video-preview:-1\" \/>\n<link rel=\"canonical\" href=\"https:\/\/permbledhja.com\/sq\/shkoi-me-biciklete-ne-meke-qamuran-hirda-do-te-kthehem-me-aeroplan-ne-vendlindje\/\" \/>\n<meta property=\"og:locale\" content=\"sq_AL\" \/>\n<meta property=\"og:type\" content=\"article\" \/>\n<meta property=\"og:title\" content=\"Shkoi me bi\u00e7iklet\u00eb n\u00eb Mek\u00eb, Qamuran Hirda: Do t\u00eb kthehem me aeroplan n\u00eb vendlindje\" \/>\n<meta property=\"og:description\" content=\"Qamuran Hirda nga Shkupi i Maqedonis\u00eb s\u00eb Veriut, i cili shkoi n\u00eb Mek\u00eb me bi\u00e7iklet\u00eb ka njoftuar se kthimin p\u00ebr n\u00eb vend do ta b\u00ebj\u00eb me aeroplan. N\u00eb njoftimin e tij, Hirda ka folur edhe p\u00ebr v\u00ebshtir\u00ebsit\u00eb e udh\u00ebtimit t\u00eb tij me bi\u00e7iklet\u00eb, nd\u00ebrsa thot\u00eb se m\u00eb r\u00ebnd\u00eb e ka pasur n\u00eb Jordani. \u201cDuhet ta [&hellip;]\" \/>\n<meta property=\"og:url\" content=\"https:\/\/permbledhja.com\/sq\/shkoi-me-biciklete-ne-meke-qamuran-hirda-do-te-kthehem-me-aeroplan-ne-vendlindje\/\" \/>\n<meta property=\"og:site_name\" content=\"Ve\u00e7 artikuj p\u00ebrmbledh\u00ebs\" \/>\n<meta property=\"article:publisher\" content=\"https:\/\/www.facebook.com\/press07\/\" \/>\n<meta property=\"article:published_time\" content=\"2024-07-03T09:31:39+00:00\" \/>\n<meta property=\"og:image\" content=\"https:\/\/permbledhja.com\/wp-content\/uploads\/2024\/07\/b.jpeg\" \/>\n\t<meta property=\"og:image:width\" content=\"600\" \/>\n\t<meta property=\"og:image:height\" content=\"360\" \/>\n\t<meta property=\"og:image:type\" content=\"image\/jpeg\" \/>\n<meta name=\"author\" content=\"DL\" \/>\n<meta name=\"twitter:card\" content=\"summary_large_image\" \/>\n<meta name=\"twitter:label1\" content=\"Written by\" \/>\n\t<meta name=\"twitter:data1\" content=\"DL\" \/>\n\t<meta name=\"twitter:label2\" content=\"Est. reading time\" \/>\n\t<meta name=\"twitter:data2\" content=\"1 minut\u00eb\" \/>\n<script type=\"application\/ld+json\" class=\"yoast-schema-graph\">{\"@context\":\"https:\/\/schema.org\",\"@graph\":[{\"@type\":\"Article\",\"@id\":\"https:\/\/permbledhja.com\/sq\/shkoi-me-biciklete-ne-meke-qamuran-hirda-do-te-kthehem-me-aeroplan-ne-vendlindje\/#article\",\"isPartOf\":{\"@id\":\"https:\/\/permbledhja.com\/sq\/shkoi-me-biciklete-ne-meke-qamuran-hirda-do-te-kthehem-me-aeroplan-ne-vendlindje\/\"},\"author\":{\"name\":\"DL\",\"@id\":\"https:\/\/permbledhja.com\/#\/schema\/person\/9c54260cbc4c6f792cb100550491638c\"},\"headline\":\"Shkoi me bi\u00e7iklet\u00eb n\u00eb Mek\u00eb, Qamuran Hirda: Do t\u00eb kthehem me aeroplan n\u00eb vendlindje\",\"datePublished\":\"2024-07-03T09:31:39+00:00\",\"dateModified\":\"2024-07-03T09:31:39+00:00\",\"mainEntityOfPage\":{\"@id\":\"https:\/\/permbledhja.com\/sq\/shkoi-me-biciklete-ne-meke-qamuran-hirda-do-te-kthehem-me-aeroplan-ne-vendlindje\/\"},\"wordCount\":203,\"publisher\":{\"@id\":\"https:\/\/permbledhja.com\/#organization\"},\"articleSection\":[\"Lajme\"],\"inLanguage\":\"sq\"},{\"@type\":\"WebPage\",\"@id\":\"https:\/\/permbledhja.com\/sq\/shkoi-me-biciklete-ne-meke-qamuran-hirda-do-te-kthehem-me-aeroplan-ne-vendlindje\/\",\"url\":\"https:\/\/permbledhja.com\/sq\/shkoi-me-biciklete-ne-meke-qamuran-hirda-do-te-kthehem-me-aeroplan-ne-vendlindje\/\",\"name\":\"Shkoi me bi\u00e7iklet\u00eb n\u00eb Mek\u00eb, Qamuran Hirda: Do t\u00eb kthehem me aeroplan n\u00eb vendlindje\",\"isPartOf\":{\"@id\":\"https:\/\/permbledhja.com\/#website\"},\"datePublished\":\"2024-07-03T09:31:39+00:00\",\"dateModified\":\"2024-07-03T09:31:39+00:00\",\"breadcrumb\":{\"@id\":\"https:\/\/permbledhja.com\/sq\/shkoi-me-biciklete-ne-meke-qamuran-hirda-do-te-kthehem-me-aeroplan-ne-vendlindje\/#breadcrumb\"},\"inLanguage\":\"sq\",\"potentialAction\":[{\"@type\":\"ReadAction\",\"target\":[\"https:\/\/permbledhja.com\/sq\/shkoi-me-biciklete-ne-meke-qamuran-hirda-do-te-kthehem-me-aeroplan-ne-vendlindje\/\"]}]},{\"@type\":\"BreadcrumbList\",\"@id\":\"https:\/\/permbledhja.com\/sq\/shkoi-me-biciklete-ne-meke-qamuran-hirda-do-te-kthehem-me-aeroplan-ne-vendlindje\/#breadcrumb\",\"itemListElement\":[{\"@type\":\"ListItem\",\"position\":1,\"name\":\"Ballina\",\"item\":\"https:\/\/permbledhja.com\/sq\/\"},{\"@type\":\"ListItem\",\"position\":2,\"name\":\"Shkoi me bi\u00e7iklet\u00eb n\u00eb Mek\u00eb, Qamuran Hirda: Do t\u00eb kthehem me aeroplan n\u00eb vendlindje\"}]},{\"@type\":\"WebSite\",\"@id\":\"https:\/\/permbledhja.com\/#website\",\"url\":\"https:\/\/permbledhja.com\/\",\"name\":\"Ve\u00e7 artikuj p\u00ebrmbledh\u00ebs\",\"description\":\"\",\"publisher\":{\"@id\":\"https:\/\/permbledhja.com\/#organization\"},\"potentialAction\":[{\"@type\":\"SearchAction\",\"target\":{\"@type\":\"EntryPoint\",\"urlTemplate\":\"https:\/\/permbledhja.com\/?s={search_term_string}\"},\"query-input\":\"required name=search_term_string\"}],\"inLanguage\":\"sq\"},{\"@type\":\"Organization\",\"@id\":\"https:\/\/permbledhja.com\/#organization\",\"name\":\"MK Media & Pr\",\"url\":\"https:\/\/permbledhja.com\/\",\"logo\":{\"@type\":\"ImageObject\",\"inLanguage\":\"sq\",\"@id\":\"https:\/\/permbledhja.com\/#\/schema\/logo\/image\/\",\"url\":\"https:\/\/permbledhja.com\/wp-content\/uploads\/2021\/12\/07-Press-Logo.jpg\",\"contentUrl\":\"https:\/\/permbledhja.com\/wp-content\/uploads\/2021\/12\/07-Press-Logo.jpg\",\"width\":512,\"height\":512,\"caption\":\"MK Media & Pr\"},\"image\":{\"@id\":\"https:\/\/permbledhja.com\/#\/schema\/logo\/image\/\"},\"sameAs\":[\"https:\/\/www.facebook.com\/press07\/\"]},{\"@type\":\"Person\",\"@id\":\"https:\/\/permbledhja.com\/#\/schema\/person\/9c54260cbc4c6f792cb100550491638c\",\"name\":\"DL\",\"image\":{\"@type\":\"ImageObject\",\"inLanguage\":\"sq\",\"@id\":\"https:\/\/permbledhja.com\/#\/schema\/person\/image\/\",\"url\":\"https:\/\/secure.gravatar.com\/avatar\/94503eb28d4c4b2005a5c8753e35fc80?s=96&d=mm&r=g\",\"contentUrl\":\"https:\/\/secure.gravatar.com\/avatar\/94503eb28d4c4b2005a5c8753e35fc80?s=96&d=mm&r=g\",\"caption\":\"DL\"},\"url\":\"https:\/\/permbledhja.com\/sq\/author\/dl\/\"}]}<\/script>\n<!-- \/ Yoast SEO plugin. -->","yoast_head_json":{"title":"Shkoi me bi\u00e7iklet\u00eb n\u00eb Mek\u00eb, Qamuran Hirda: Do t\u00eb kthehem me aeroplan n\u00eb vendlindje","robots":{"index":"index","follow":"follow","max-snippet":"max-snippet:-1","max-image-preview":"max-image-preview:large","max-video-preview":"max-video-preview:-1"},"canonical":"https:\/\/permbledhja.com\/sq\/shkoi-me-biciklete-ne-meke-qamuran-hirda-do-te-kthehem-me-aeroplan-ne-vendlindje\/","og_locale":"sq_AL","og_type":"article","og_title":"Shkoi me bi\u00e7iklet\u00eb n\u00eb Mek\u00eb, Qamuran Hirda: Do t\u00eb kthehem me aeroplan n\u00eb vendlindje","og_description":"Qamuran Hirda nga Shkupi i Maqedonis\u00eb s\u00eb Veriut, i cili shkoi n\u00eb Mek\u00eb me bi\u00e7iklet\u00eb ka njoftuar se kthimin p\u00ebr n\u00eb vend do ta b\u00ebj\u00eb me aeroplan. N\u00eb njoftimin e tij, Hirda ka folur edhe p\u00ebr v\u00ebshtir\u00ebsit\u00eb e udh\u00ebtimit t\u00eb tij me bi\u00e7iklet\u00eb, nd\u00ebrsa thot\u00eb se m\u00eb r\u00ebnd\u00eb e ka pasur n\u00eb Jordani. \u201cDuhet ta [&hellip;]","og_url":"https:\/\/permbledhja.com\/sq\/shkoi-me-biciklete-ne-meke-qamuran-hirda-do-te-kthehem-me-aeroplan-ne-vendlindje\/","og_site_name":"Ve\u00e7 artikuj p\u00ebrmbledh\u00ebs","article_publisher":"https:\/\/www.facebook.com\/press07\/","article_published_time":"2024-07-03T09:31:39+00:00","og_image":[{"width":600,"height":360,"url":"https:\/\/permbledhja.com\/wp-content\/uploads\/2024\/07\/b.jpeg","type":"image\/jpeg"}],"author":"DL","twitter_card":"summary_large_image","twitter_misc":{"Written by":"DL","Est. reading time":"1 minut\u00eb"},"schema":{"@context":"https:\/\/schema.org","@graph":[{"@type":"Article","@id":"https:\/\/permbledhja.com\/sq\/shkoi-me-biciklete-ne-meke-qamuran-hirda-do-te-kthehem-me-aeroplan-ne-vendlindje\/#article","isPartOf":{"@id":"https:\/\/permbledhja.com\/sq\/shkoi-me-biciklete-ne-meke-qamuran-hirda-do-te-kthehem-me-aeroplan-ne-vendlindje\/"},"author":{"name":"DL","@id":"https:\/\/permbledhja.com\/#\/schema\/person\/9c54260cbc4c6f792cb100550491638c"},"headline":"Shkoi me bi\u00e7iklet\u00eb n\u00eb Mek\u00eb, Qamuran Hirda: Do t\u00eb kthehem me aeroplan n\u00eb vendlindje","datePublished":"2024-07-03T09:31:39+00:00","dateModified":"2024-07-03T09:31:39+00:00","mainEntityOfPage":{"@id":"https:\/\/permbledhja.com\/sq\/shkoi-me-biciklete-ne-meke-qamuran-hirda-do-te-kthehem-me-aeroplan-ne-vendlindje\/"},"wordCount":203,"publisher":{"@id":"https:\/\/permbledhja.com\/#organization"},"articleSection":["Lajme"],"inLanguage":"sq"},{"@type":"WebPage","@id":"https:\/\/permbledhja.com\/sq\/shkoi-me-biciklete-ne-meke-qamuran-hirda-do-te-kthehem-me-aeroplan-ne-vendlindje\/","url":"https:\/\/permbledhja.com\/sq\/shkoi-me-biciklete-ne-meke-qamuran-hirda-do-te-kthehem-me-aeroplan-ne-vendlindje\/","name":"Shkoi me bi\u00e7iklet\u00eb n\u00eb Mek\u00eb, Qamuran Hirda: Do t\u00eb kthehem me aeroplan n\u00eb vendlindje","isPartOf":{"@id":"https:\/\/permbledhja.com\/#website"},"datePublished":"2024-07-03T09:31:39+00:00","dateModified":"2024-07-03T09:31:39+00:00","breadcrumb":{"@id":"https:\/\/permbledhja.com\/sq\/shkoi-me-biciklete-ne-meke-qamuran-hirda-do-te-kthehem-me-aeroplan-ne-vendlindje\/#breadcrumb"},"inLanguage":"sq","potentialAction":[{"@type":"ReadAction","target":["https:\/\/permbledhja.com\/sq\/shkoi-me-biciklete-ne-meke-qamuran-hirda-do-te-kthehem-me-aeroplan-ne-vendlindje\/"]}]},{"@type":"BreadcrumbList","@id":"https:\/\/permbledhja.com\/sq\/shkoi-me-biciklete-ne-meke-qamuran-hirda-do-te-kthehem-me-aeroplan-ne-vendlindje\/#breadcrumb","itemListElement":[{"@type":"ListItem","position":1,"name":"Ballina","item":"https:\/\/permbledhja.com\/sq\/"},{"@type":"ListItem","position":2,"name":"Shkoi me bi\u00e7iklet\u00eb n\u00eb Mek\u00eb, Qamuran Hirda: Do t\u00eb kthehem me aeroplan n\u00eb vendlindje"}]},{"@type":"WebSite","@id":"https:\/\/permbledhja.com\/#website","url":"https:\/\/permbledhja.com\/","name":"Ve\u00e7 artikuj p\u00ebrmbledh\u00ebs","description":"","publisher":{"@id":"https:\/\/permbledhja.com\/#organization"},"potentialAction":[{"@type":"SearchAction","target":{"@type":"EntryPoint","urlTemplate":"https:\/\/permbledhja.com\/?s={search_term_string}"},"query-input":"required name=search_term_string"}],"inLanguage":"sq"},{"@type":"Organization","@id":"https:\/\/permbledhja.com\/#organization","name":"MK Media & Pr","url":"https:\/\/permbledhja.com\/","logo":{"@type":"ImageObject","inLanguage":"sq","@id":"https:\/\/permbledhja.com\/#\/schema\/logo\/image\/","url":"https:\/\/permbledhja.com\/wp-content\/uploads\/2021\/12\/07-Press-Logo.jpg","contentUrl":"https:\/\/permbledhja.com\/wp-content\/uploads\/2021\/12\/07-Press-Logo.jpg","width":512,"height":512,"caption":"MK Media & Pr"},"image":{"@id":"https:\/\/permbledhja.com\/#\/schema\/logo\/image\/"},"sameAs":["https:\/\/www.facebook.com\/press07\/"]},{"@type":"Person","@id":"https:\/\/permbledhja.com\/#\/schema\/person\/9c54260cbc4c6f792cb100550491638c","name":"DL","image":{"@type":"ImageObject","inLanguage":"sq","@id":"https:\/\/permbledhja.com\/#\/schema\/person\/image\/","url":"https:\/\/secure.gravatar.com\/avatar\/94503eb28d4c4b2005a5c8753e35fc80?s=96&d=mm&r=g","contentUrl":"https:\/\/secure.gravatar.com\/avatar\/94503eb28d4c4b2005a5c8753e35fc80?s=96&d=mm&r=g","caption":"DL"},"url":"https:\/\/permbledhja.com\/sq\/author\/dl\/"}]}},"_links":{"self":[{"href":"https:\/\/permbledhja.com\/sq\/wp-json\/wp\/v2\/posts\/67091"}],"collection":[{"href":"https:\/\/permbledhja.com\/sq\/wp-json\/wp\/v2\/posts"}],"about":[{"href":"https:\/\/permbledhja.com\/sq\/wp-json\/wp\/v2\/types\/post"}],"author":[{"embeddable":true,"href":"https:\/\/permbledhja.com\/sq\/wp-json\/wp\/v2\/users\/5"}],"replies":[{"embeddable":true,"href":"https:\/\/permbledhja.com\/sq\/wp-json\/wp\/v2\/comments?post=67091"}],"version-history":[{"count":2,"href":"https:\/\/permbledhja.com\/sq\/wp-json\/wp\/v2\/posts\/67091\/revisions"}],"predecessor-version":[{"id":67095,"href":"https:\/\/permbledhja.com\/sq\/wp-json\/wp\/v2\/posts\/67091\/revisions\/67095"}],"wp:featuredmedia":[{"embeddable":true,"href":"https:\/\/permbledhja.com\/sq\/wp-json\/wp\/v2\/media\/67093"}],"wp:attachment":[{"href":"https:\/\/permbledhja.com\/sq\/wp-json\/wp\/v2\/media?parent=67091"}],"wp:term":[{"taxonomy":"category","embeddable":true,"href":"https:\/\/permbledhja.com\/sq\/wp-json\/wp\/v2\/categories?post=67091"},{"taxonomy":"post_tag","embeddable":true,"href":"https:\/\/permbledhja.com\/sq\/wp-json\/wp\/v2\/tags?post=67091"}],"curies":[{"name":"wp","href":"https:\/\/api.w.org\/{rel}","templated":true}]}}