{"id":67072,"date":"2024-07-03T07:05:07","date_gmt":"2024-07-03T07:05:07","guid":{"rendered":"https:\/\/permbledhja.com\/?p=67072"},"modified":"2024-07-03T07:05:07","modified_gmt":"2024-07-03T07:05:07","slug":"bislimi-pas-takimit-ne-bruksel-serbia-ishte-e-interesuar-vetem-per-asociacionin","status":"publish","type":"post","link":"https:\/\/permbledhja.com\/sq\/bislimi-pas-takimit-ne-bruksel-serbia-ishte-e-interesuar-vetem-per-asociacionin\/","title":{"rendered":"Bislimi pas takimit n\u00eb Bruksel: Serbia ishte e interesuar vet\u00ebm p\u00ebr Asociacionin"},"content":{"rendered":"<h3>Nj\u00eb takim trepal\u00ebsh mes kryenegociator\u00ebve t\u00eb Kosov\u00ebs dhe Serbis\u00eb, Besnik Bislimi dhe Petar Petkoviq, me t\u00eb d\u00ebrguarin e BE-s\u00eb p\u00ebr dialogun, Mirosllav Laj\u00e7ak, \u00ebsht\u00eb mbajtur n\u00eb Bruksel.<\/h3>\n<p>Pas k\u00ebtij takimi, Bislimi ka akuzuar Serbin\u00eb se d\u00ebshiron zbatimin e pjessh\u00ebm t\u00eb Marr\u00ebveshjes Baz\u00eb, k\u00ebshtu duke theksuar se pala serbe ishe e interesuar vet\u00ebm p\u00ebr themelimin e Asociacionin t\u00eb Komunave me shumic\u00eb serbe.<\/p>\n<p>\u201cPika e vetme e agjend\u00ebs n\u00eb t\u00eb cil\u00ebn ne duhej t\u00eb sh\u00ebnonin p\u00ebrparim ishte diskutimi i finalizimit t\u00eb planit t\u00eb sekuencimi. Por, Petkoviq ishte i interesuar vet\u00ebm p\u00ebr nj\u00eb pik\u00eb q\u00eb n\u00ebnkuptim aprovimi i draftstatutit evropian. Kan\u00eb th\u00ebn\u00eb se mund t\u00eb diskutojm\u00eb p\u00ebr pika t\u00eb tjera, pasi t\u00eb ecet p\u00ebrpara me zbatim t\u00eb asociacionit. Nd\u00ebrsa, pala kosovare ka pasur propozime p\u00ebr secil\u00ebn pik\u00eb dhe \u00ebsht\u00eb e r\u00ebnd\u00ebsishme q\u00eb marr\u00ebveshja bazike t\u00eb pranohet n\u00eb plotni.<\/p>\n<p>Plani i sekuencimit t\u00eb jet\u00eb gjith\u00ebp\u00ebrfshir\u00ebs pasi s\u2019mund t\u00eb dizajnojm\u00eb 10 plane t\u00eb sekuencimit. K\u00ebrkesa e Laj\u00e7akut deri m\u00eb 18 korrik t\u00eb d\u00ebrgojm\u00eb komentet tona me shkrim p\u00ebr k\u00ebt\u00eb marr\u00ebveshje, propozime do t\u00eb b\u00ebhen t\u00eb njohura edhe p\u00ebr pal\u00ebt dhe kjo do t\u00eb tregoj\u00eb se Serbia nuk do ta respektoj\u00eb marr\u00ebveshjen\u201d, ka th\u00ebn\u00eb Bislimi.<\/p>\n<div class=\"td-a-ad id_inline_ad0 id_ad_content-horiz-center\">\n<div id=\"futureads_15e6e1cae56a478aa4eaf4a2c95371d6_zone_96922_sect_41841_site_35924\" data-sender=\"futureads\">\n<div class=\"resize-sensor\" dir=\"ltr\">\n<div class=\"resize-sensor-expand\">\n<div><\/div>\n<\/div>\n<div class=\"resize-sensor-shrink\">\n<div><\/div>\n<\/div>\n<\/div>\n<\/div>\n<\/div>\n<p>Nd\u00ebrkaq, Petkoviq i cil\u00ebsoi takimet si \u201ct\u00eb v\u00ebshtira dhe shtoi se ai nguli k\u00ebmb\u00eb n\u00eb themelimin e Asociacionit t\u00eb komunave me shumic\u00eb serbe.<\/p>\n<p>P\u00ebr takimet me pal\u00eb ka shkruar Laj\u00e7ak, i cili ka th\u00ebn\u00eb se kan\u00eb r\u00ebn\u00eb dakord p\u00ebr nj\u00eb ser\u00eb hapash q\u00eb do t\u2019i marrin n\u00eb vazhdim.<\/p>\n<p>\u201cSapo p\u00ebrfunduan m\u00eb shum\u00eb se shtat\u00eb or\u00eb takime n\u00eb nivelin e kryenegociator\u00ebve\u2026 Ne diskutuam nj\u00eb gam\u00eb t\u00eb gjer\u00eb \u00e7\u00ebshtjesh dhe ram\u00eb dakord p\u00ebr nj\u00eb s\u00ebr\u00eb hapash vijues\u201d, ka shkruar Laj\u00e7ak n\u00eb X.<\/p>\n","protected":false},"excerpt":{"rendered":"<p>Nj\u00eb takim trepal\u00ebsh mes kryenegociator\u00ebve t\u00eb Kosov\u00ebs dhe Serbis\u00eb, Besnik Bislimi dhe Petar Petkoviq, me t\u00eb d\u00ebrguarin e BE-s\u00eb p\u00ebr dialogun, Mirosllav Laj\u00e7ak, \u00ebsht\u00eb mbajtur n\u00eb Bruksel. Pas k\u00ebtij takimi, Bislimi ka akuzuar Serbin\u00eb se d\u00ebshiron zbatimin e pjessh\u00ebm t\u00eb Marr\u00ebveshjes Baz\u00eb, k\u00ebshtu duke theksuar se pala serbe ishe e interesuar vet\u00ebm p\u00ebr themelimin e [&hellip;]<\/p>\n","protected":false},"author":5,"featured_media":53957,"comment_status":"closed","ping_status":"closed","sticky":false,"template":"","format":"standard","meta":{"_monsterinsights_skip_tracking":false,"_monsterinsights_sitenote_active":false,"_monsterinsights_sitenote_note":"","_monsterinsights_sitenote_category":0,"_uf_show_specific_survey":0,"_uf_disable_surveys":false,"footnotes":""},"categories":[2645],"tags":[],"yoast_head":"<!-- This site is optimized with the Yoast SEO plugin v21.5 - https:\/\/yoast.com\/wordpress\/plugins\/seo\/ -->\n<title>Bislimi pas takimit n\u00eb Bruksel: Serbia ishte e interesuar vet\u00ebm p\u00ebr Asociacionin<\/title>\n<meta name=\"robots\" content=\"index, follow, max-snippet:-1, max-image-preview:large, max-video-preview:-1\" \/>\n<link rel=\"canonical\" href=\"https:\/\/permbledhja.com\/sq\/bislimi-pas-takimit-ne-bruksel-serbia-ishte-e-interesuar-vetem-per-asociacionin\/\" \/>\n<meta property=\"og:locale\" content=\"sq_AL\" \/>\n<meta property=\"og:type\" content=\"article\" \/>\n<meta property=\"og:title\" content=\"Bislimi pas takimit n\u00eb Bruksel: Serbia ishte e interesuar vet\u00ebm p\u00ebr Asociacionin\" \/>\n<meta property=\"og:description\" content=\"Nj\u00eb takim trepal\u00ebsh mes kryenegociator\u00ebve t\u00eb Kosov\u00ebs dhe Serbis\u00eb, Besnik Bislimi dhe Petar Petkoviq, me t\u00eb d\u00ebrguarin e BE-s\u00eb p\u00ebr dialogun, Mirosllav Laj\u00e7ak, \u00ebsht\u00eb mbajtur n\u00eb Bruksel. Pas k\u00ebtij takimi, Bislimi ka akuzuar Serbin\u00eb se d\u00ebshiron zbatimin e pjessh\u00ebm t\u00eb Marr\u00ebveshjes Baz\u00eb, k\u00ebshtu duke theksuar se pala serbe ishe e interesuar vet\u00ebm p\u00ebr themelimin e [&hellip;]\" \/>\n<meta property=\"og:url\" content=\"https:\/\/permbledhja.com\/sq\/bislimi-pas-takimit-ne-bruksel-serbia-ishte-e-interesuar-vetem-per-asociacionin\/\" \/>\n<meta property=\"og:site_name\" content=\"Ve\u00e7 artikuj p\u00ebrmbledh\u00ebs\" \/>\n<meta property=\"article:publisher\" content=\"https:\/\/www.facebook.com\/press07\/\" \/>\n<meta property=\"article:published_time\" content=\"2024-07-03T07:05:07+00:00\" \/>\n<meta property=\"og:image\" content=\"https:\/\/permbledhja.com\/wp-content\/uploads\/2024\/03\/besnik-bislimi-1.jpg\" \/>\n\t<meta property=\"og:image:width\" content=\"900\" \/>\n\t<meta property=\"og:image:height\" content=\"600\" \/>\n\t<meta property=\"og:image:type\" content=\"image\/jpeg\" \/>\n<meta name=\"author\" content=\"DL\" \/>\n<meta name=\"twitter:card\" content=\"summary_large_image\" \/>\n<meta name=\"twitter:label1\" content=\"Written by\" \/>\n\t<meta name=\"twitter:data1\" content=\"DL\" \/>\n\t<meta name=\"twitter:label2\" content=\"Est. reading time\" \/>\n\t<meta name=\"twitter:data2\" content=\"2 minuta\" \/>\n<script type=\"application\/ld+json\" class=\"yoast-schema-graph\">{\"@context\":\"https:\/\/schema.org\",\"@graph\":[{\"@type\":\"Article\",\"@id\":\"https:\/\/permbledhja.com\/sq\/bislimi-pas-takimit-ne-bruksel-serbia-ishte-e-interesuar-vetem-per-asociacionin\/#article\",\"isPartOf\":{\"@id\":\"https:\/\/permbledhja.com\/sq\/bislimi-pas-takimit-ne-bruksel-serbia-ishte-e-interesuar-vetem-per-asociacionin\/\"},\"author\":{\"name\":\"DL\",\"@id\":\"https:\/\/permbledhja.com\/#\/schema\/person\/9c54260cbc4c6f792cb100550491638c\"},\"headline\":\"Bislimi pas takimit n\u00eb Bruksel: Serbia ishte e interesuar vet\u00ebm p\u00ebr Asociacionin\",\"datePublished\":\"2024-07-03T07:05:07+00:00\",\"dateModified\":\"2024-07-03T07:05:07+00:00\",\"mainEntityOfPage\":{\"@id\":\"https:\/\/permbledhja.com\/sq\/bislimi-pas-takimit-ne-bruksel-serbia-ishte-e-interesuar-vetem-per-asociacionin\/\"},\"wordCount\":340,\"publisher\":{\"@id\":\"https:\/\/permbledhja.com\/#organization\"},\"articleSection\":[\"T\u00eb r\u00ebnd\u00ebsishme\"],\"inLanguage\":\"sq\"},{\"@type\":\"WebPage\",\"@id\":\"https:\/\/permbledhja.com\/sq\/bislimi-pas-takimit-ne-bruksel-serbia-ishte-e-interesuar-vetem-per-asociacionin\/\",\"url\":\"https:\/\/permbledhja.com\/sq\/bislimi-pas-takimit-ne-bruksel-serbia-ishte-e-interesuar-vetem-per-asociacionin\/\",\"name\":\"Bislimi pas takimit n\u00eb Bruksel: Serbia ishte e interesuar vet\u00ebm p\u00ebr Asociacionin\",\"isPartOf\":{\"@id\":\"https:\/\/permbledhja.com\/#website\"},\"datePublished\":\"2024-07-03T07:05:07+00:00\",\"dateModified\":\"2024-07-03T07:05:07+00:00\",\"breadcrumb\":{\"@id\":\"https:\/\/permbledhja.com\/sq\/bislimi-pas-takimit-ne-bruksel-serbia-ishte-e-interesuar-vetem-per-asociacionin\/#breadcrumb\"},\"inLanguage\":\"sq\",\"potentialAction\":[{\"@type\":\"ReadAction\",\"target\":[\"https:\/\/permbledhja.com\/sq\/bislimi-pas-takimit-ne-bruksel-serbia-ishte-e-interesuar-vetem-per-asociacionin\/\"]}]},{\"@type\":\"BreadcrumbList\",\"@id\":\"https:\/\/permbledhja.com\/sq\/bislimi-pas-takimit-ne-bruksel-serbia-ishte-e-interesuar-vetem-per-asociacionin\/#breadcrumb\",\"itemListElement\":[{\"@type\":\"ListItem\",\"position\":1,\"name\":\"Ballina\",\"item\":\"https:\/\/permbledhja.com\/sq\/\"},{\"@type\":\"ListItem\",\"position\":2,\"name\":\"Bislimi pas takimit n\u00eb Bruksel: Serbia ishte e interesuar vet\u00ebm p\u00ebr Asociacionin\"}]},{\"@type\":\"WebSite\",\"@id\":\"https:\/\/permbledhja.com\/#website\",\"url\":\"https:\/\/permbledhja.com\/\",\"name\":\"Ve\u00e7 artikuj p\u00ebrmbledh\u00ebs\",\"description\":\"\",\"publisher\":{\"@id\":\"https:\/\/permbledhja.com\/#organization\"},\"potentialAction\":[{\"@type\":\"SearchAction\",\"target\":{\"@type\":\"EntryPoint\",\"urlTemplate\":\"https:\/\/permbledhja.com\/?s={search_term_string}\"},\"query-input\":\"required name=search_term_string\"}],\"inLanguage\":\"sq\"},{\"@type\":\"Organization\",\"@id\":\"https:\/\/permbledhja.com\/#organization\",\"name\":\"MK Media & Pr\",\"url\":\"https:\/\/permbledhja.com\/\",\"logo\":{\"@type\":\"ImageObject\",\"inLanguage\":\"sq\",\"@id\":\"https:\/\/permbledhja.com\/#\/schema\/logo\/image\/\",\"url\":\"https:\/\/permbledhja.com\/wp-content\/uploads\/2021\/12\/07-Press-Logo.jpg\",\"contentUrl\":\"https:\/\/permbledhja.com\/wp-content\/uploads\/2021\/12\/07-Press-Logo.jpg\",\"width\":512,\"height\":512,\"caption\":\"MK Media & Pr\"},\"image\":{\"@id\":\"https:\/\/permbledhja.com\/#\/schema\/logo\/image\/\"},\"sameAs\":[\"https:\/\/www.facebook.com\/press07\/\"]},{\"@type\":\"Person\",\"@id\":\"https:\/\/permbledhja.com\/#\/schema\/person\/9c54260cbc4c6f792cb100550491638c\",\"name\":\"DL\",\"image\":{\"@type\":\"ImageObject\",\"inLanguage\":\"sq\",\"@id\":\"https:\/\/permbledhja.com\/#\/schema\/person\/image\/\",\"url\":\"https:\/\/secure.gravatar.com\/avatar\/94503eb28d4c4b2005a5c8753e35fc80?s=96&d=mm&r=g\",\"contentUrl\":\"https:\/\/secure.gravatar.com\/avatar\/94503eb28d4c4b2005a5c8753e35fc80?s=96&d=mm&r=g\",\"caption\":\"DL\"},\"url\":\"https:\/\/permbledhja.com\/sq\/author\/dl\/\"}]}<\/script>\n<!-- \/ Yoast SEO plugin. -->","yoast_head_json":{"title":"Bislimi pas takimit n\u00eb Bruksel: Serbia ishte e interesuar vet\u00ebm p\u00ebr Asociacionin","robots":{"index":"index","follow":"follow","max-snippet":"max-snippet:-1","max-image-preview":"max-image-preview:large","max-video-preview":"max-video-preview:-1"},"canonical":"https:\/\/permbledhja.com\/sq\/bislimi-pas-takimit-ne-bruksel-serbia-ishte-e-interesuar-vetem-per-asociacionin\/","og_locale":"sq_AL","og_type":"article","og_title":"Bislimi pas takimit n\u00eb Bruksel: Serbia ishte e interesuar vet\u00ebm p\u00ebr Asociacionin","og_description":"Nj\u00eb takim trepal\u00ebsh mes kryenegociator\u00ebve t\u00eb Kosov\u00ebs dhe Serbis\u00eb, Besnik Bislimi dhe Petar Petkoviq, me t\u00eb d\u00ebrguarin e BE-s\u00eb p\u00ebr dialogun, Mirosllav Laj\u00e7ak, \u00ebsht\u00eb mbajtur n\u00eb Bruksel. Pas k\u00ebtij takimi, Bislimi ka akuzuar Serbin\u00eb se d\u00ebshiron zbatimin e pjessh\u00ebm t\u00eb Marr\u00ebveshjes Baz\u00eb, k\u00ebshtu duke theksuar se pala serbe ishe e interesuar vet\u00ebm p\u00ebr themelimin e [&hellip;]","og_url":"https:\/\/permbledhja.com\/sq\/bislimi-pas-takimit-ne-bruksel-serbia-ishte-e-interesuar-vetem-per-asociacionin\/","og_site_name":"Ve\u00e7 artikuj p\u00ebrmbledh\u00ebs","article_publisher":"https:\/\/www.facebook.com\/press07\/","article_published_time":"2024-07-03T07:05:07+00:00","og_image":[{"width":900,"height":600,"url":"https:\/\/permbledhja.com\/wp-content\/uploads\/2024\/03\/besnik-bislimi-1.jpg","type":"image\/jpeg"}],"author":"DL","twitter_card":"summary_large_image","twitter_misc":{"Written by":"DL","Est. reading time":"2 minuta"},"schema":{"@context":"https:\/\/schema.org","@graph":[{"@type":"Article","@id":"https:\/\/permbledhja.com\/sq\/bislimi-pas-takimit-ne-bruksel-serbia-ishte-e-interesuar-vetem-per-asociacionin\/#article","isPartOf":{"@id":"https:\/\/permbledhja.com\/sq\/bislimi-pas-takimit-ne-bruksel-serbia-ishte-e-interesuar-vetem-per-asociacionin\/"},"author":{"name":"DL","@id":"https:\/\/permbledhja.com\/#\/schema\/person\/9c54260cbc4c6f792cb100550491638c"},"headline":"Bislimi pas takimit n\u00eb Bruksel: Serbia ishte e interesuar vet\u00ebm p\u00ebr Asociacionin","datePublished":"2024-07-03T07:05:07+00:00","dateModified":"2024-07-03T07:05:07+00:00","mainEntityOfPage":{"@id":"https:\/\/permbledhja.com\/sq\/bislimi-pas-takimit-ne-bruksel-serbia-ishte-e-interesuar-vetem-per-asociacionin\/"},"wordCount":340,"publisher":{"@id":"https:\/\/permbledhja.com\/#organization"},"articleSection":["T\u00eb r\u00ebnd\u00ebsishme"],"inLanguage":"sq"},{"@type":"WebPage","@id":"https:\/\/permbledhja.com\/sq\/bislimi-pas-takimit-ne-bruksel-serbia-ishte-e-interesuar-vetem-per-asociacionin\/","url":"https:\/\/permbledhja.com\/sq\/bislimi-pas-takimit-ne-bruksel-serbia-ishte-e-interesuar-vetem-per-asociacionin\/","name":"Bislimi pas takimit n\u00eb Bruksel: Serbia ishte e interesuar vet\u00ebm p\u00ebr Asociacionin","isPartOf":{"@id":"https:\/\/permbledhja.com\/#website"},"datePublished":"2024-07-03T07:05:07+00:00","dateModified":"2024-07-03T07:05:07+00:00","breadcrumb":{"@id":"https:\/\/permbledhja.com\/sq\/bislimi-pas-takimit-ne-bruksel-serbia-ishte-e-interesuar-vetem-per-asociacionin\/#breadcrumb"},"inLanguage":"sq","potentialAction":[{"@type":"ReadAction","target":["https:\/\/permbledhja.com\/sq\/bislimi-pas-takimit-ne-bruksel-serbia-ishte-e-interesuar-vetem-per-asociacionin\/"]}]},{"@type":"BreadcrumbList","@id":"https:\/\/permbledhja.com\/sq\/bislimi-pas-takimit-ne-bruksel-serbia-ishte-e-interesuar-vetem-per-asociacionin\/#breadcrumb","itemListElement":[{"@type":"ListItem","position":1,"name":"Ballina","item":"https:\/\/permbledhja.com\/sq\/"},{"@type":"ListItem","position":2,"name":"Bislimi pas takimit n\u00eb Bruksel: Serbia ishte e interesuar vet\u00ebm p\u00ebr Asociacionin"}]},{"@type":"WebSite","@id":"https:\/\/permbledhja.com\/#website","url":"https:\/\/permbledhja.com\/","name":"Ve\u00e7 artikuj p\u00ebrmbledh\u00ebs","description":"","publisher":{"@id":"https:\/\/permbledhja.com\/#organization"},"potentialAction":[{"@type":"SearchAction","target":{"@type":"EntryPoint","urlTemplate":"https:\/\/permbledhja.com\/?s={search_term_string}"},"query-input":"required name=search_term_string"}],"inLanguage":"sq"},{"@type":"Organization","@id":"https:\/\/permbledhja.com\/#organization","name":"MK Media & Pr","url":"https:\/\/permbledhja.com\/","logo":{"@type":"ImageObject","inLanguage":"sq","@id":"https:\/\/permbledhja.com\/#\/schema\/logo\/image\/","url":"https:\/\/permbledhja.com\/wp-content\/uploads\/2021\/12\/07-Press-Logo.jpg","contentUrl":"https:\/\/permbledhja.com\/wp-content\/uploads\/2021\/12\/07-Press-Logo.jpg","width":512,"height":512,"caption":"MK Media & Pr"},"image":{"@id":"https:\/\/permbledhja.com\/#\/schema\/logo\/image\/"},"sameAs":["https:\/\/www.facebook.com\/press07\/"]},{"@type":"Person","@id":"https:\/\/permbledhja.com\/#\/schema\/person\/9c54260cbc4c6f792cb100550491638c","name":"DL","image":{"@type":"ImageObject","inLanguage":"sq","@id":"https:\/\/permbledhja.com\/#\/schema\/person\/image\/","url":"https:\/\/secure.gravatar.com\/avatar\/94503eb28d4c4b2005a5c8753e35fc80?s=96&d=mm&r=g","contentUrl":"https:\/\/secure.gravatar.com\/avatar\/94503eb28d4c4b2005a5c8753e35fc80?s=96&d=mm&r=g","caption":"DL"},"url":"https:\/\/permbledhja.com\/sq\/author\/dl\/"}]}},"_links":{"self":[{"href":"https:\/\/permbledhja.com\/sq\/wp-json\/wp\/v2\/posts\/67072"}],"collection":[{"href":"https:\/\/permbledhja.com\/sq\/wp-json\/wp\/v2\/posts"}],"about":[{"href":"https:\/\/permbledhja.com\/sq\/wp-json\/wp\/v2\/types\/post"}],"author":[{"embeddable":true,"href":"https:\/\/permbledhja.com\/sq\/wp-json\/wp\/v2\/users\/5"}],"replies":[{"embeddable":true,"href":"https:\/\/permbledhja.com\/sq\/wp-json\/wp\/v2\/comments?post=67072"}],"version-history":[{"count":1,"href":"https:\/\/permbledhja.com\/sq\/wp-json\/wp\/v2\/posts\/67072\/revisions"}],"predecessor-version":[{"id":67073,"href":"https:\/\/permbledhja.com\/sq\/wp-json\/wp\/v2\/posts\/67072\/revisions\/67073"}],"wp:featuredmedia":[{"embeddable":true,"href":"https:\/\/permbledhja.com\/sq\/wp-json\/wp\/v2\/media\/53957"}],"wp:attachment":[{"href":"https:\/\/permbledhja.com\/sq\/wp-json\/wp\/v2\/media?parent=67072"}],"wp:term":[{"taxonomy":"category","embeddable":true,"href":"https:\/\/permbledhja.com\/sq\/wp-json\/wp\/v2\/categories?post=67072"},{"taxonomy":"post_tag","embeddable":true,"href":"https:\/\/permbledhja.com\/sq\/wp-json\/wp\/v2\/tags?post=67072"}],"curies":[{"name":"wp","href":"https:\/\/api.w.org\/{rel}","templated":true}]}}