{"id":67004,"date":"2024-07-02T07:19:02","date_gmt":"2024-07-02T07:19:02","guid":{"rendered":"https:\/\/permbledhja.com\/?p=67004"},"modified":"2024-07-02T07:19:02","modified_gmt":"2024-07-02T07:19:02","slug":"si-u-kap-dje-ne-prishtine-korab-gashi-i-kerkuar-me-muaj-per-grabitjen-ne-argjendarine-ne-suhareke","status":"publish","type":"post","link":"https:\/\/permbledhja.com\/sq\/si-u-kap-dje-ne-prishtine-korab-gashi-i-kerkuar-me-muaj-per-grabitjen-ne-argjendarine-ne-suhareke\/","title":{"rendered":"Si u kap dje n\u00eb Prishtin\u00eb Korab Gashi, i k\u00ebrkuar me muaj p\u00ebr grabitjen n\u00eb argjendarin\u00eb n\u00eb Suharek\u00eb"},"content":{"rendered":"<p><strong>Policia e Kosov\u00ebs ka arrestuar dje n\u00eb Prishtin\u00eb, Korab Gashin nj\u00eb nga t\u00eb dyshuarit p\u00ebr grabitjen n\u00eb argjendarin\u00eb \u201cDiakos\u201d, n\u00eb Suharek\u00eb. Kjo grabitje kishte ndodhur m\u00eb n\u00ebntor t\u00eb vitit t\u00eb kaluar dhe q\u00eb nga at\u00ebher\u00eb i nj\u00ebjti ishte n\u00eb arrati, shkruan Gazeta Express.<\/strong><\/p>\n<p>P\u00ebr kapjen e tij, policia kreu nj\u00eb operacion t\u00eb organizuar n\u00eb t\u00eb cilin u kap ai n\u00eb Prishtin\u00eb.<\/p>\n<p>Policia e Kosov\u00ebs sot m\u00eb 1 korrik 2024 gjat\u00eb nj\u00eb operacioni t\u00eb organizuar nga nj\u00ebsitet relevante t\u00eb saj ka arrestuar n\u00eb Prishtin\u00eb personin e dyshuar me iniciale (K.G.), i cili dyshohet se \u00ebsht\u00eb i p\u00ebrfshir\u00eb n\u00eb rastin e Grabitjes s\u00eb argjendaris\u00eb n\u00eb Suharek\u00eb. I apostrofuari me iniciale (K.G.) ndodhej n\u00eb arrati q\u00eb nga muaji n\u00ebntor i vitit 2023 dhe tani m\u00eb \u00ebsht\u00eb arrestuar nga autoritetet policore\u201d, thuhet n\u00eb njoftimin e Policis\u00eb s\u00eb Kosov\u00ebs.<\/p>\n<p>T\u00eb dyshuarit e tjer\u00eb q\u00eb gjenden prapa grilave jan\u00eb Bujar Basha, Leotrim Cakolli, Besart Istrefi, t\u00eb dyshuar p\u00ebr vepr\u00ebn penale \u201cGrabitje\u201d, kurse Trim Baraku p\u00ebr \u201cArm\u00ebmbajtje pa leje\u201d. Nd\u00ebrkaq, Dukagjin Gashi kishte mbetur i vrar\u00eb gjat\u00eb nj\u00eb aksioni t\u00eb policis\u00eb p\u00ebr t\u2019i arrestuar t\u00eb dyshuarit.<\/p>\n<p>Sipas t\u00eb dh\u00ebnave t\u00eb para vlera e arit q\u00eb u grabit n\u00eb at\u00eb argjendari ishte rreth 250 mij\u00eb euro.<\/p>\n<p>Ndryshe, Policia e Kosov\u00ebs me 13 dhjetor t\u00eb vitit t\u00eb kaluar ka k\u00ebrkuar bashk\u00ebpunimin e qytetar\u00ebve p\u00ebr kapjen e t\u00eb dyshuarit p\u00ebr grabitjen e armatosur n\u00eb nj\u00eb argjendari n\u00eb Suharek\u00eb q\u00eb ndodhi m\u00eb 22 n\u00ebntor i cili ende \u00ebsht\u00eb n\u00eb arrati.<\/p>\n<p>Personi i cili po k\u00ebrkohet nga policia \u00ebsht\u00eb Korab Zeqir Gashi, i lindur m\u00eb 01.03.1982 n\u00eb Prishtin\u00eb.<\/p>\n<p>N\u00eb njoftim thuhet se ndaj t\u00eb dyshuarit n\u00eb fjal\u00eb \u00ebsht\u00eb l\u00ebshuar edhe urdh\u00ebr arrest nga organet e drejt\u00ebsis\u00eb.<\/p>\n","protected":false},"excerpt":{"rendered":"<p>Policia e Kosov\u00ebs ka arrestuar dje n\u00eb Prishtin\u00eb, Korab Gashin nj\u00eb nga t\u00eb dyshuarit p\u00ebr grabitjen n\u00eb argjendarin\u00eb \u201cDiakos\u201d, n\u00eb Suharek\u00eb. Kjo grabitje kishte ndodhur m\u00eb n\u00ebntor t\u00eb vitit t\u00eb kaluar dhe q\u00eb nga at\u00ebher\u00eb i nj\u00ebjti ishte n\u00eb arrati, shkruan Gazeta Express. P\u00ebr kapjen e tij, policia kreu nj\u00eb operacion t\u00eb organizuar n\u00eb t\u00eb [&hellip;]<\/p>\n","protected":false},"author":5,"featured_media":67005,"comment_status":"closed","ping_status":"closed","sticky":false,"template":"","format":"standard","meta":{"_monsterinsights_skip_tracking":false,"_monsterinsights_sitenote_active":false,"_monsterinsights_sitenote_note":"","_monsterinsights_sitenote_category":0,"_uf_show_specific_survey":0,"_uf_disable_surveys":false,"footnotes":""},"categories":[2645],"tags":[],"yoast_head":"<!-- This site is optimized with the Yoast SEO plugin v21.5 - https:\/\/yoast.com\/wordpress\/plugins\/seo\/ -->\n<title>Si u kap dje n\u00eb Prishtin\u00eb Korab Gashi, i k\u00ebrkuar me muaj p\u00ebr grabitjen n\u00eb argjendarin\u00eb n\u00eb Suharek\u00eb<\/title>\n<meta name=\"robots\" content=\"index, follow, max-snippet:-1, max-image-preview:large, max-video-preview:-1\" \/>\n<link rel=\"canonical\" href=\"https:\/\/permbledhja.com\/sq\/si-u-kap-dje-ne-prishtine-korab-gashi-i-kerkuar-me-muaj-per-grabitjen-ne-argjendarine-ne-suhareke\/\" \/>\n<meta property=\"og:locale\" content=\"sq_AL\" \/>\n<meta property=\"og:type\" content=\"article\" \/>\n<meta property=\"og:title\" content=\"Si u kap dje n\u00eb Prishtin\u00eb Korab Gashi, i k\u00ebrkuar me muaj p\u00ebr grabitjen n\u00eb argjendarin\u00eb n\u00eb Suharek\u00eb\" \/>\n<meta property=\"og:description\" content=\"Policia e Kosov\u00ebs ka arrestuar dje n\u00eb Prishtin\u00eb, Korab Gashin nj\u00eb nga t\u00eb dyshuarit p\u00ebr grabitjen n\u00eb argjendarin\u00eb \u201cDiakos\u201d, n\u00eb Suharek\u00eb. Kjo grabitje kishte ndodhur m\u00eb n\u00ebntor t\u00eb vitit t\u00eb kaluar dhe q\u00eb nga at\u00ebher\u00eb i nj\u00ebjti ishte n\u00eb arrati, shkruan Gazeta Express. P\u00ebr kapjen e tij, policia kreu nj\u00eb operacion t\u00eb organizuar n\u00eb t\u00eb [&hellip;]\" \/>\n<meta property=\"og:url\" content=\"https:\/\/permbledhja.com\/sq\/si-u-kap-dje-ne-prishtine-korab-gashi-i-kerkuar-me-muaj-per-grabitjen-ne-argjendarine-ne-suhareke\/\" \/>\n<meta property=\"og:site_name\" content=\"Ve\u00e7 artikuj p\u00ebrmbledh\u00ebs\" \/>\n<meta property=\"article:publisher\" content=\"https:\/\/www.facebook.com\/press07\/\" \/>\n<meta property=\"article:published_time\" content=\"2024-07-02T07:19:02+00:00\" \/>\n<meta property=\"og:image\" content=\"https:\/\/permbledhja.com\/wp-content\/uploads\/2024\/07\/gsh.jpg\" \/>\n\t<meta property=\"og:image:width\" content=\"600\" \/>\n\t<meta property=\"og:image:height\" content=\"360\" \/>\n\t<meta property=\"og:image:type\" content=\"image\/jpeg\" \/>\n<meta name=\"author\" content=\"DL\" \/>\n<meta name=\"twitter:card\" content=\"summary_large_image\" \/>\n<meta name=\"twitter:label1\" content=\"Written by\" \/>\n\t<meta name=\"twitter:data1\" content=\"DL\" \/>\n\t<meta name=\"twitter:label2\" content=\"Est. reading time\" \/>\n\t<meta name=\"twitter:data2\" content=\"2 minuta\" \/>\n<script type=\"application\/ld+json\" class=\"yoast-schema-graph\">{\"@context\":\"https:\/\/schema.org\",\"@graph\":[{\"@type\":\"Article\",\"@id\":\"https:\/\/permbledhja.com\/sq\/si-u-kap-dje-ne-prishtine-korab-gashi-i-kerkuar-me-muaj-per-grabitjen-ne-argjendarine-ne-suhareke\/#article\",\"isPartOf\":{\"@id\":\"https:\/\/permbledhja.com\/sq\/si-u-kap-dje-ne-prishtine-korab-gashi-i-kerkuar-me-muaj-per-grabitjen-ne-argjendarine-ne-suhareke\/\"},\"author\":{\"name\":\"DL\",\"@id\":\"https:\/\/permbledhja.com\/#\/schema\/person\/9c54260cbc4c6f792cb100550491638c\"},\"headline\":\"Si u kap dje n\u00eb Prishtin\u00eb Korab Gashi, i k\u00ebrkuar me muaj p\u00ebr grabitjen n\u00eb argjendarin\u00eb n\u00eb Suharek\u00eb\",\"datePublished\":\"2024-07-02T07:19:02+00:00\",\"dateModified\":\"2024-07-02T07:19:02+00:00\",\"mainEntityOfPage\":{\"@id\":\"https:\/\/permbledhja.com\/sq\/si-u-kap-dje-ne-prishtine-korab-gashi-i-kerkuar-me-muaj-per-grabitjen-ne-argjendarine-ne-suhareke\/\"},\"wordCount\":319,\"publisher\":{\"@id\":\"https:\/\/permbledhja.com\/#organization\"},\"articleSection\":[\"T\u00eb r\u00ebnd\u00ebsishme\"],\"inLanguage\":\"sq\"},{\"@type\":\"WebPage\",\"@id\":\"https:\/\/permbledhja.com\/sq\/si-u-kap-dje-ne-prishtine-korab-gashi-i-kerkuar-me-muaj-per-grabitjen-ne-argjendarine-ne-suhareke\/\",\"url\":\"https:\/\/permbledhja.com\/sq\/si-u-kap-dje-ne-prishtine-korab-gashi-i-kerkuar-me-muaj-per-grabitjen-ne-argjendarine-ne-suhareke\/\",\"name\":\"Si u kap dje n\u00eb Prishtin\u00eb Korab Gashi, i k\u00ebrkuar me muaj p\u00ebr grabitjen n\u00eb argjendarin\u00eb n\u00eb Suharek\u00eb\",\"isPartOf\":{\"@id\":\"https:\/\/permbledhja.com\/#website\"},\"datePublished\":\"2024-07-02T07:19:02+00:00\",\"dateModified\":\"2024-07-02T07:19:02+00:00\",\"breadcrumb\":{\"@id\":\"https:\/\/permbledhja.com\/sq\/si-u-kap-dje-ne-prishtine-korab-gashi-i-kerkuar-me-muaj-per-grabitjen-ne-argjendarine-ne-suhareke\/#breadcrumb\"},\"inLanguage\":\"sq\",\"potentialAction\":[{\"@type\":\"ReadAction\",\"target\":[\"https:\/\/permbledhja.com\/sq\/si-u-kap-dje-ne-prishtine-korab-gashi-i-kerkuar-me-muaj-per-grabitjen-ne-argjendarine-ne-suhareke\/\"]}]},{\"@type\":\"BreadcrumbList\",\"@id\":\"https:\/\/permbledhja.com\/sq\/si-u-kap-dje-ne-prishtine-korab-gashi-i-kerkuar-me-muaj-per-grabitjen-ne-argjendarine-ne-suhareke\/#breadcrumb\",\"itemListElement\":[{\"@type\":\"ListItem\",\"position\":1,\"name\":\"Ballina\",\"item\":\"https:\/\/permbledhja.com\/sq\/\"},{\"@type\":\"ListItem\",\"position\":2,\"name\":\"Si u kap dje n\u00eb Prishtin\u00eb Korab Gashi, i k\u00ebrkuar me muaj p\u00ebr grabitjen n\u00eb argjendarin\u00eb n\u00eb Suharek\u00eb\"}]},{\"@type\":\"WebSite\",\"@id\":\"https:\/\/permbledhja.com\/#website\",\"url\":\"https:\/\/permbledhja.com\/\",\"name\":\"Ve\u00e7 artikuj p\u00ebrmbledh\u00ebs\",\"description\":\"\",\"publisher\":{\"@id\":\"https:\/\/permbledhja.com\/#organization\"},\"potentialAction\":[{\"@type\":\"SearchAction\",\"target\":{\"@type\":\"EntryPoint\",\"urlTemplate\":\"https:\/\/permbledhja.com\/?s={search_term_string}\"},\"query-input\":\"required name=search_term_string\"}],\"inLanguage\":\"sq\"},{\"@type\":\"Organization\",\"@id\":\"https:\/\/permbledhja.com\/#organization\",\"name\":\"MK Media & Pr\",\"url\":\"https:\/\/permbledhja.com\/\",\"logo\":{\"@type\":\"ImageObject\",\"inLanguage\":\"sq\",\"@id\":\"https:\/\/permbledhja.com\/#\/schema\/logo\/image\/\",\"url\":\"https:\/\/permbledhja.com\/wp-content\/uploads\/2021\/12\/07-Press-Logo.jpg\",\"contentUrl\":\"https:\/\/permbledhja.com\/wp-content\/uploads\/2021\/12\/07-Press-Logo.jpg\",\"width\":512,\"height\":512,\"caption\":\"MK Media & Pr\"},\"image\":{\"@id\":\"https:\/\/permbledhja.com\/#\/schema\/logo\/image\/\"},\"sameAs\":[\"https:\/\/www.facebook.com\/press07\/\"]},{\"@type\":\"Person\",\"@id\":\"https:\/\/permbledhja.com\/#\/schema\/person\/9c54260cbc4c6f792cb100550491638c\",\"name\":\"DL\",\"image\":{\"@type\":\"ImageObject\",\"inLanguage\":\"sq\",\"@id\":\"https:\/\/permbledhja.com\/#\/schema\/person\/image\/\",\"url\":\"https:\/\/secure.gravatar.com\/avatar\/94503eb28d4c4b2005a5c8753e35fc80?s=96&d=mm&r=g\",\"contentUrl\":\"https:\/\/secure.gravatar.com\/avatar\/94503eb28d4c4b2005a5c8753e35fc80?s=96&d=mm&r=g\",\"caption\":\"DL\"},\"url\":\"https:\/\/permbledhja.com\/sq\/author\/dl\/\"}]}<\/script>\n<!-- \/ Yoast SEO plugin. -->","yoast_head_json":{"title":"Si u kap dje n\u00eb Prishtin\u00eb Korab Gashi, i k\u00ebrkuar me muaj p\u00ebr grabitjen n\u00eb argjendarin\u00eb n\u00eb Suharek\u00eb","robots":{"index":"index","follow":"follow","max-snippet":"max-snippet:-1","max-image-preview":"max-image-preview:large","max-video-preview":"max-video-preview:-1"},"canonical":"https:\/\/permbledhja.com\/sq\/si-u-kap-dje-ne-prishtine-korab-gashi-i-kerkuar-me-muaj-per-grabitjen-ne-argjendarine-ne-suhareke\/","og_locale":"sq_AL","og_type":"article","og_title":"Si u kap dje n\u00eb Prishtin\u00eb Korab Gashi, i k\u00ebrkuar me muaj p\u00ebr grabitjen n\u00eb argjendarin\u00eb n\u00eb Suharek\u00eb","og_description":"Policia e Kosov\u00ebs ka arrestuar dje n\u00eb Prishtin\u00eb, Korab Gashin nj\u00eb nga t\u00eb dyshuarit p\u00ebr grabitjen n\u00eb argjendarin\u00eb \u201cDiakos\u201d, n\u00eb Suharek\u00eb. Kjo grabitje kishte ndodhur m\u00eb n\u00ebntor t\u00eb vitit t\u00eb kaluar dhe q\u00eb nga at\u00ebher\u00eb i nj\u00ebjti ishte n\u00eb arrati, shkruan Gazeta Express. P\u00ebr kapjen e tij, policia kreu nj\u00eb operacion t\u00eb organizuar n\u00eb t\u00eb [&hellip;]","og_url":"https:\/\/permbledhja.com\/sq\/si-u-kap-dje-ne-prishtine-korab-gashi-i-kerkuar-me-muaj-per-grabitjen-ne-argjendarine-ne-suhareke\/","og_site_name":"Ve\u00e7 artikuj p\u00ebrmbledh\u00ebs","article_publisher":"https:\/\/www.facebook.com\/press07\/","article_published_time":"2024-07-02T07:19:02+00:00","og_image":[{"width":600,"height":360,"url":"https:\/\/permbledhja.com\/wp-content\/uploads\/2024\/07\/gsh.jpg","type":"image\/jpeg"}],"author":"DL","twitter_card":"summary_large_image","twitter_misc":{"Written by":"DL","Est. reading time":"2 minuta"},"schema":{"@context":"https:\/\/schema.org","@graph":[{"@type":"Article","@id":"https:\/\/permbledhja.com\/sq\/si-u-kap-dje-ne-prishtine-korab-gashi-i-kerkuar-me-muaj-per-grabitjen-ne-argjendarine-ne-suhareke\/#article","isPartOf":{"@id":"https:\/\/permbledhja.com\/sq\/si-u-kap-dje-ne-prishtine-korab-gashi-i-kerkuar-me-muaj-per-grabitjen-ne-argjendarine-ne-suhareke\/"},"author":{"name":"DL","@id":"https:\/\/permbledhja.com\/#\/schema\/person\/9c54260cbc4c6f792cb100550491638c"},"headline":"Si u kap dje n\u00eb Prishtin\u00eb Korab Gashi, i k\u00ebrkuar me muaj p\u00ebr grabitjen n\u00eb argjendarin\u00eb n\u00eb Suharek\u00eb","datePublished":"2024-07-02T07:19:02+00:00","dateModified":"2024-07-02T07:19:02+00:00","mainEntityOfPage":{"@id":"https:\/\/permbledhja.com\/sq\/si-u-kap-dje-ne-prishtine-korab-gashi-i-kerkuar-me-muaj-per-grabitjen-ne-argjendarine-ne-suhareke\/"},"wordCount":319,"publisher":{"@id":"https:\/\/permbledhja.com\/#organization"},"articleSection":["T\u00eb r\u00ebnd\u00ebsishme"],"inLanguage":"sq"},{"@type":"WebPage","@id":"https:\/\/permbledhja.com\/sq\/si-u-kap-dje-ne-prishtine-korab-gashi-i-kerkuar-me-muaj-per-grabitjen-ne-argjendarine-ne-suhareke\/","url":"https:\/\/permbledhja.com\/sq\/si-u-kap-dje-ne-prishtine-korab-gashi-i-kerkuar-me-muaj-per-grabitjen-ne-argjendarine-ne-suhareke\/","name":"Si u kap dje n\u00eb Prishtin\u00eb Korab Gashi, i k\u00ebrkuar me muaj p\u00ebr grabitjen n\u00eb argjendarin\u00eb n\u00eb Suharek\u00eb","isPartOf":{"@id":"https:\/\/permbledhja.com\/#website"},"datePublished":"2024-07-02T07:19:02+00:00","dateModified":"2024-07-02T07:19:02+00:00","breadcrumb":{"@id":"https:\/\/permbledhja.com\/sq\/si-u-kap-dje-ne-prishtine-korab-gashi-i-kerkuar-me-muaj-per-grabitjen-ne-argjendarine-ne-suhareke\/#breadcrumb"},"inLanguage":"sq","potentialAction":[{"@type":"ReadAction","target":["https:\/\/permbledhja.com\/sq\/si-u-kap-dje-ne-prishtine-korab-gashi-i-kerkuar-me-muaj-per-grabitjen-ne-argjendarine-ne-suhareke\/"]}]},{"@type":"BreadcrumbList","@id":"https:\/\/permbledhja.com\/sq\/si-u-kap-dje-ne-prishtine-korab-gashi-i-kerkuar-me-muaj-per-grabitjen-ne-argjendarine-ne-suhareke\/#breadcrumb","itemListElement":[{"@type":"ListItem","position":1,"name":"Ballina","item":"https:\/\/permbledhja.com\/sq\/"},{"@type":"ListItem","position":2,"name":"Si u kap dje n\u00eb Prishtin\u00eb Korab Gashi, i k\u00ebrkuar me muaj p\u00ebr grabitjen n\u00eb argjendarin\u00eb n\u00eb Suharek\u00eb"}]},{"@type":"WebSite","@id":"https:\/\/permbledhja.com\/#website","url":"https:\/\/permbledhja.com\/","name":"Ve\u00e7 artikuj p\u00ebrmbledh\u00ebs","description":"","publisher":{"@id":"https:\/\/permbledhja.com\/#organization"},"potentialAction":[{"@type":"SearchAction","target":{"@type":"EntryPoint","urlTemplate":"https:\/\/permbledhja.com\/?s={search_term_string}"},"query-input":"required name=search_term_string"}],"inLanguage":"sq"},{"@type":"Organization","@id":"https:\/\/permbledhja.com\/#organization","name":"MK Media & Pr","url":"https:\/\/permbledhja.com\/","logo":{"@type":"ImageObject","inLanguage":"sq","@id":"https:\/\/permbledhja.com\/#\/schema\/logo\/image\/","url":"https:\/\/permbledhja.com\/wp-content\/uploads\/2021\/12\/07-Press-Logo.jpg","contentUrl":"https:\/\/permbledhja.com\/wp-content\/uploads\/2021\/12\/07-Press-Logo.jpg","width":512,"height":512,"caption":"MK Media & Pr"},"image":{"@id":"https:\/\/permbledhja.com\/#\/schema\/logo\/image\/"},"sameAs":["https:\/\/www.facebook.com\/press07\/"]},{"@type":"Person","@id":"https:\/\/permbledhja.com\/#\/schema\/person\/9c54260cbc4c6f792cb100550491638c","name":"DL","image":{"@type":"ImageObject","inLanguage":"sq","@id":"https:\/\/permbledhja.com\/#\/schema\/person\/image\/","url":"https:\/\/secure.gravatar.com\/avatar\/94503eb28d4c4b2005a5c8753e35fc80?s=96&d=mm&r=g","contentUrl":"https:\/\/secure.gravatar.com\/avatar\/94503eb28d4c4b2005a5c8753e35fc80?s=96&d=mm&r=g","caption":"DL"},"url":"https:\/\/permbledhja.com\/sq\/author\/dl\/"}]}},"_links":{"self":[{"href":"https:\/\/permbledhja.com\/sq\/wp-json\/wp\/v2\/posts\/67004"}],"collection":[{"href":"https:\/\/permbledhja.com\/sq\/wp-json\/wp\/v2\/posts"}],"about":[{"href":"https:\/\/permbledhja.com\/sq\/wp-json\/wp\/v2\/types\/post"}],"author":[{"embeddable":true,"href":"https:\/\/permbledhja.com\/sq\/wp-json\/wp\/v2\/users\/5"}],"replies":[{"embeddable":true,"href":"https:\/\/permbledhja.com\/sq\/wp-json\/wp\/v2\/comments?post=67004"}],"version-history":[{"count":1,"href":"https:\/\/permbledhja.com\/sq\/wp-json\/wp\/v2\/posts\/67004\/revisions"}],"predecessor-version":[{"id":67006,"href":"https:\/\/permbledhja.com\/sq\/wp-json\/wp\/v2\/posts\/67004\/revisions\/67006"}],"wp:featuredmedia":[{"embeddable":true,"href":"https:\/\/permbledhja.com\/sq\/wp-json\/wp\/v2\/media\/67005"}],"wp:attachment":[{"href":"https:\/\/permbledhja.com\/sq\/wp-json\/wp\/v2\/media?parent=67004"}],"wp:term":[{"taxonomy":"category","embeddable":true,"href":"https:\/\/permbledhja.com\/sq\/wp-json\/wp\/v2\/categories?post=67004"},{"taxonomy":"post_tag","embeddable":true,"href":"https:\/\/permbledhja.com\/sq\/wp-json\/wp\/v2\/tags?post=67004"}],"curies":[{"name":"wp","href":"https:\/\/api.w.org\/{rel}","templated":true}]}}