{"id":66996,"date":"2024-07-02T06:27:12","date_gmt":"2024-07-02T06:27:12","guid":{"rendered":"https:\/\/permbledhja.com\/?p=66996"},"modified":"2024-07-02T06:27:12","modified_gmt":"2024-07-02T06:27:12","slug":"bislimi-dhe-petkoviq-sot-ne-bruksel-per-zhbllokim-te-zbatimit-te-marreveshjes","status":"publish","type":"post","link":"https:\/\/permbledhja.com\/sq\/bislimi-dhe-petkoviq-sot-ne-bruksel-per-zhbllokim-te-zbatimit-te-marreveshjes\/","title":{"rendered":"Bislimi dhe Petkoviq sot n\u00eb Bruksel \u201cp\u00ebr zhbllokim t\u00eb zbatimit t\u00eb marr\u00ebveshjes\u201d"},"content":{"rendered":"<p style=\"box-sizing: border-box; margin-bottom: 1rem; color: #000000; font-family: NeueHaas, Arial, sans-serif; font-size: 18px;\"><span style=\"box-sizing: border-box; font-weight: bolder;\">Sot n\u00eb Bruksel do t\u00eb takohen kryenegociator\u00ebt e Kosov\u00ebs dhe Serbis\u00eb, Besnik Bislimi dhe Petar Petkoviq.<\/span><\/p>\n<p style=\"box-sizing: border-box; margin-bottom: 1rem; color: #000000; font-family: NeueHaas, Arial, sans-serif; font-size: 18px;\">P\u00ebrfaq\u00ebsuesi i BE-s\u00eb p\u00ebr dialogun Kosov\u00eb-Serbi, Miroslav Laj\u00e7ak, tha se me Bislimin dhe Petkoviqin do t\u00eb vazhdoj\u00eb p\u00ebr t\u00eb punuar n\u00eb zhbllokimin e marr\u00ebveshjes.<\/p>\n<p style=\"box-sizing: border-box; margin-bottom: 1rem; color: #000000; font-family: NeueHaas, Arial, sans-serif; font-size: 18px;\">Duke iu referuar takimeve t\u00eb ndara me Kurtin dhe Vu\u00e7iqin jav\u00ebn e kaluar, ai tha se diskutimet ishin m\u00eb sfiduese se kurr\u00eb.<\/p>\n","protected":false},"excerpt":{"rendered":"<p>Sot n\u00eb Bruksel do t\u00eb takohen kryenegociator\u00ebt e Kosov\u00ebs dhe Serbis\u00eb, Besnik Bislimi dhe Petar Petkoviq. P\u00ebrfaq\u00ebsuesi i BE-s\u00eb p\u00ebr dialogun Kosov\u00eb-Serbi, Miroslav Laj\u00e7ak, tha se me Bislimin dhe Petkoviqin do t\u00eb vazhdoj\u00eb p\u00ebr t\u00eb punuar n\u00eb zhbllokimin e marr\u00ebveshjes. Duke iu referuar takimeve t\u00eb ndara me Kurtin dhe Vu\u00e7iqin jav\u00ebn e kaluar, ai tha [&hellip;]<\/p>\n","protected":false},"author":5,"featured_media":52468,"comment_status":"closed","ping_status":"closed","sticky":false,"template":"","format":"standard","meta":{"_monsterinsights_skip_tracking":false,"_monsterinsights_sitenote_active":false,"_monsterinsights_sitenote_note":"","_monsterinsights_sitenote_category":0,"_uf_show_specific_survey":0,"_uf_disable_surveys":false,"footnotes":""},"categories":[1146],"tags":[],"yoast_head":"<!-- This site is optimized with the Yoast SEO plugin v21.5 - https:\/\/yoast.com\/wordpress\/plugins\/seo\/ -->\n<title>Bislimi dhe Petkoviq sot n\u00eb Bruksel \u201cp\u00ebr zhbllokim t\u00eb zbatimit t\u00eb marr\u00ebveshjes\u201d<\/title>\n<meta name=\"robots\" content=\"index, follow, max-snippet:-1, max-image-preview:large, max-video-preview:-1\" \/>\n<link rel=\"canonical\" href=\"https:\/\/permbledhja.com\/sq\/bislimi-dhe-petkoviq-sot-ne-bruksel-per-zhbllokim-te-zbatimit-te-marreveshjes\/\" \/>\n<meta property=\"og:locale\" content=\"sq_AL\" \/>\n<meta property=\"og:type\" content=\"article\" \/>\n<meta property=\"og:title\" content=\"Bislimi dhe Petkoviq sot n\u00eb Bruksel \u201cp\u00ebr zhbllokim t\u00eb zbatimit t\u00eb marr\u00ebveshjes\u201d\" \/>\n<meta property=\"og:description\" content=\"Sot n\u00eb Bruksel do t\u00eb takohen kryenegociator\u00ebt e Kosov\u00ebs dhe Serbis\u00eb, Besnik Bislimi dhe Petar Petkoviq. P\u00ebrfaq\u00ebsuesi i BE-s\u00eb p\u00ebr dialogun Kosov\u00eb-Serbi, Miroslav Laj\u00e7ak, tha se me Bislimin dhe Petkoviqin do t\u00eb vazhdoj\u00eb p\u00ebr t\u00eb punuar n\u00eb zhbllokimin e marr\u00ebveshjes. Duke iu referuar takimeve t\u00eb ndara me Kurtin dhe Vu\u00e7iqin jav\u00ebn e kaluar, ai tha [&hellip;]\" \/>\n<meta property=\"og:url\" content=\"https:\/\/permbledhja.com\/sq\/bislimi-dhe-petkoviq-sot-ne-bruksel-per-zhbllokim-te-zbatimit-te-marreveshjes\/\" \/>\n<meta property=\"og:site_name\" content=\"Ve\u00e7 artikuj p\u00ebrmbledh\u00ebs\" \/>\n<meta property=\"article:publisher\" content=\"https:\/\/www.facebook.com\/press07\/\" \/>\n<meta property=\"article:published_time\" content=\"2024-07-02T06:27:12+00:00\" \/>\n<meta property=\"og:image\" content=\"https:\/\/permbledhja.com\/wp-content\/uploads\/2024\/03\/Besnik-Bislimi-Miroslav-Lajcak-dhe-Petar-Petkoviq.jpg\" \/>\n\t<meta property=\"og:image:width\" content=\"852\" \/>\n\t<meta property=\"og:image:height\" content=\"456\" \/>\n\t<meta property=\"og:image:type\" content=\"image\/jpeg\" \/>\n<meta name=\"author\" content=\"DL\" \/>\n<meta name=\"twitter:card\" content=\"summary_large_image\" \/>\n<meta name=\"twitter:label1\" content=\"Written by\" \/>\n\t<meta name=\"twitter:data1\" content=\"DL\" \/>\n\t<meta name=\"twitter:label2\" content=\"Est. reading time\" \/>\n\t<meta name=\"twitter:data2\" content=\"1 minut\u00eb\" \/>\n<script type=\"application\/ld+json\" class=\"yoast-schema-graph\">{\"@context\":\"https:\/\/schema.org\",\"@graph\":[{\"@type\":\"Article\",\"@id\":\"https:\/\/permbledhja.com\/bislimi-dhe-petkoviq-sot-ne-bruksel-per-zhbllokim-te-zbatimit-te-marreveshjes\/#article\",\"isPartOf\":{\"@id\":\"https:\/\/permbledhja.com\/bislimi-dhe-petkoviq-sot-ne-bruksel-per-zhbllokim-te-zbatimit-te-marreveshjes\/\"},\"author\":{\"name\":\"DL\",\"@id\":\"https:\/\/permbledhja.com\/#\/schema\/person\/9c54260cbc4c6f792cb100550491638c\"},\"headline\":\"Bislimi dhe Petkoviq sot n\u00eb Bruksel \u201cp\u00ebr zhbllokim t\u00eb zbatimit t\u00eb marr\u00ebveshjes\u201d\",\"datePublished\":\"2024-07-02T06:27:12+00:00\",\"dateModified\":\"2024-07-02T06:27:12+00:00\",\"mainEntityOfPage\":{\"@id\":\"https:\/\/permbledhja.com\/bislimi-dhe-petkoviq-sot-ne-bruksel-per-zhbllokim-te-zbatimit-te-marreveshjes\/\"},\"wordCount\":87,\"publisher\":{\"@id\":\"https:\/\/permbledhja.com\/#organization\"},\"articleSection\":[\"Kryesoret\"],\"inLanguage\":\"sq\"},{\"@type\":\"WebPage\",\"@id\":\"https:\/\/permbledhja.com\/bislimi-dhe-petkoviq-sot-ne-bruksel-per-zhbllokim-te-zbatimit-te-marreveshjes\/\",\"url\":\"https:\/\/permbledhja.com\/bislimi-dhe-petkoviq-sot-ne-bruksel-per-zhbllokim-te-zbatimit-te-marreveshjes\/\",\"name\":\"Bislimi dhe Petkoviq sot n\u00eb Bruksel \u201cp\u00ebr zhbllokim t\u00eb zbatimit t\u00eb marr\u00ebveshjes\u201d\",\"isPartOf\":{\"@id\":\"https:\/\/permbledhja.com\/#website\"},\"datePublished\":\"2024-07-02T06:27:12+00:00\",\"dateModified\":\"2024-07-02T06:27:12+00:00\",\"breadcrumb\":{\"@id\":\"https:\/\/permbledhja.com\/bislimi-dhe-petkoviq-sot-ne-bruksel-per-zhbllokim-te-zbatimit-te-marreveshjes\/#breadcrumb\"},\"inLanguage\":\"sq\",\"potentialAction\":[{\"@type\":\"ReadAction\",\"target\":[\"https:\/\/permbledhja.com\/bislimi-dhe-petkoviq-sot-ne-bruksel-per-zhbllokim-te-zbatimit-te-marreveshjes\/\"]}]},{\"@type\":\"BreadcrumbList\",\"@id\":\"https:\/\/permbledhja.com\/bislimi-dhe-petkoviq-sot-ne-bruksel-per-zhbllokim-te-zbatimit-te-marreveshjes\/#breadcrumb\",\"itemListElement\":[{\"@type\":\"ListItem\",\"position\":1,\"name\":\"Ballina\",\"item\":\"https:\/\/permbledhja.com\/sq\/\"},{\"@type\":\"ListItem\",\"position\":2,\"name\":\"Bislimi dhe Petkoviq sot n\u00eb Bruksel \u201cp\u00ebr zhbllokim t\u00eb zbatimit t\u00eb marr\u00ebveshjes\u201d\"}]},{\"@type\":\"WebSite\",\"@id\":\"https:\/\/permbledhja.com\/#website\",\"url\":\"https:\/\/permbledhja.com\/\",\"name\":\"Ve\u00e7 artikuj p\u00ebrmbledh\u00ebs\",\"description\":\"\",\"publisher\":{\"@id\":\"https:\/\/permbledhja.com\/#organization\"},\"potentialAction\":[{\"@type\":\"SearchAction\",\"target\":{\"@type\":\"EntryPoint\",\"urlTemplate\":\"https:\/\/permbledhja.com\/?s={search_term_string}\"},\"query-input\":\"required name=search_term_string\"}],\"inLanguage\":\"sq\"},{\"@type\":\"Organization\",\"@id\":\"https:\/\/permbledhja.com\/#organization\",\"name\":\"MK Media & Pr\",\"url\":\"https:\/\/permbledhja.com\/\",\"logo\":{\"@type\":\"ImageObject\",\"inLanguage\":\"sq\",\"@id\":\"https:\/\/permbledhja.com\/#\/schema\/logo\/image\/\",\"url\":\"https:\/\/permbledhja.com\/wp-content\/uploads\/2021\/12\/07-Press-Logo.jpg\",\"contentUrl\":\"https:\/\/permbledhja.com\/wp-content\/uploads\/2021\/12\/07-Press-Logo.jpg\",\"width\":512,\"height\":512,\"caption\":\"MK Media & Pr\"},\"image\":{\"@id\":\"https:\/\/permbledhja.com\/#\/schema\/logo\/image\/\"},\"sameAs\":[\"https:\/\/www.facebook.com\/press07\/\"]},{\"@type\":\"Person\",\"@id\":\"https:\/\/permbledhja.com\/#\/schema\/person\/9c54260cbc4c6f792cb100550491638c\",\"name\":\"DL\",\"image\":{\"@type\":\"ImageObject\",\"inLanguage\":\"sq\",\"@id\":\"https:\/\/permbledhja.com\/#\/schema\/person\/image\/\",\"url\":\"https:\/\/secure.gravatar.com\/avatar\/94503eb28d4c4b2005a5c8753e35fc80?s=96&d=mm&r=g\",\"contentUrl\":\"https:\/\/secure.gravatar.com\/avatar\/94503eb28d4c4b2005a5c8753e35fc80?s=96&d=mm&r=g\",\"caption\":\"DL\"},\"url\":\"https:\/\/permbledhja.com\/sq\/author\/dl\/\"}]}<\/script>\n<!-- \/ Yoast SEO plugin. -->","yoast_head_json":{"title":"Bislimi dhe Petkoviq sot n\u00eb Bruksel \u201cp\u00ebr zhbllokim t\u00eb zbatimit t\u00eb marr\u00ebveshjes\u201d","robots":{"index":"index","follow":"follow","max-snippet":"max-snippet:-1","max-image-preview":"max-image-preview:large","max-video-preview":"max-video-preview:-1"},"canonical":"https:\/\/permbledhja.com\/sq\/bislimi-dhe-petkoviq-sot-ne-bruksel-per-zhbllokim-te-zbatimit-te-marreveshjes\/","og_locale":"sq_AL","og_type":"article","og_title":"Bislimi dhe Petkoviq sot n\u00eb Bruksel \u201cp\u00ebr zhbllokim t\u00eb zbatimit t\u00eb marr\u00ebveshjes\u201d","og_description":"Sot n\u00eb Bruksel do t\u00eb takohen kryenegociator\u00ebt e Kosov\u00ebs dhe Serbis\u00eb, Besnik Bislimi dhe Petar Petkoviq. P\u00ebrfaq\u00ebsuesi i BE-s\u00eb p\u00ebr dialogun Kosov\u00eb-Serbi, Miroslav Laj\u00e7ak, tha se me Bislimin dhe Petkoviqin do t\u00eb vazhdoj\u00eb p\u00ebr t\u00eb punuar n\u00eb zhbllokimin e marr\u00ebveshjes. Duke iu referuar takimeve t\u00eb ndara me Kurtin dhe Vu\u00e7iqin jav\u00ebn e kaluar, ai tha [&hellip;]","og_url":"https:\/\/permbledhja.com\/sq\/bislimi-dhe-petkoviq-sot-ne-bruksel-per-zhbllokim-te-zbatimit-te-marreveshjes\/","og_site_name":"Ve\u00e7 artikuj p\u00ebrmbledh\u00ebs","article_publisher":"https:\/\/www.facebook.com\/press07\/","article_published_time":"2024-07-02T06:27:12+00:00","og_image":[{"width":852,"height":456,"url":"https:\/\/permbledhja.com\/wp-content\/uploads\/2024\/03\/Besnik-Bislimi-Miroslav-Lajcak-dhe-Petar-Petkoviq.jpg","type":"image\/jpeg"}],"author":"DL","twitter_card":"summary_large_image","twitter_misc":{"Written by":"DL","Est. reading time":"1 minut\u00eb"},"schema":{"@context":"https:\/\/schema.org","@graph":[{"@type":"Article","@id":"https:\/\/permbledhja.com\/bislimi-dhe-petkoviq-sot-ne-bruksel-per-zhbllokim-te-zbatimit-te-marreveshjes\/#article","isPartOf":{"@id":"https:\/\/permbledhja.com\/bislimi-dhe-petkoviq-sot-ne-bruksel-per-zhbllokim-te-zbatimit-te-marreveshjes\/"},"author":{"name":"DL","@id":"https:\/\/permbledhja.com\/#\/schema\/person\/9c54260cbc4c6f792cb100550491638c"},"headline":"Bislimi dhe Petkoviq sot n\u00eb Bruksel \u201cp\u00ebr zhbllokim t\u00eb zbatimit t\u00eb marr\u00ebveshjes\u201d","datePublished":"2024-07-02T06:27:12+00:00","dateModified":"2024-07-02T06:27:12+00:00","mainEntityOfPage":{"@id":"https:\/\/permbledhja.com\/bislimi-dhe-petkoviq-sot-ne-bruksel-per-zhbllokim-te-zbatimit-te-marreveshjes\/"},"wordCount":87,"publisher":{"@id":"https:\/\/permbledhja.com\/#organization"},"articleSection":["Kryesoret"],"inLanguage":"sq"},{"@type":"WebPage","@id":"https:\/\/permbledhja.com\/bislimi-dhe-petkoviq-sot-ne-bruksel-per-zhbllokim-te-zbatimit-te-marreveshjes\/","url":"https:\/\/permbledhja.com\/bislimi-dhe-petkoviq-sot-ne-bruksel-per-zhbllokim-te-zbatimit-te-marreveshjes\/","name":"Bislimi dhe Petkoviq sot n\u00eb Bruksel \u201cp\u00ebr zhbllokim t\u00eb zbatimit t\u00eb marr\u00ebveshjes\u201d","isPartOf":{"@id":"https:\/\/permbledhja.com\/#website"},"datePublished":"2024-07-02T06:27:12+00:00","dateModified":"2024-07-02T06:27:12+00:00","breadcrumb":{"@id":"https:\/\/permbledhja.com\/bislimi-dhe-petkoviq-sot-ne-bruksel-per-zhbllokim-te-zbatimit-te-marreveshjes\/#breadcrumb"},"inLanguage":"sq","potentialAction":[{"@type":"ReadAction","target":["https:\/\/permbledhja.com\/bislimi-dhe-petkoviq-sot-ne-bruksel-per-zhbllokim-te-zbatimit-te-marreveshjes\/"]}]},{"@type":"BreadcrumbList","@id":"https:\/\/permbledhja.com\/bislimi-dhe-petkoviq-sot-ne-bruksel-per-zhbllokim-te-zbatimit-te-marreveshjes\/#breadcrumb","itemListElement":[{"@type":"ListItem","position":1,"name":"Ballina","item":"https:\/\/permbledhja.com\/sq\/"},{"@type":"ListItem","position":2,"name":"Bislimi dhe Petkoviq sot n\u00eb Bruksel \u201cp\u00ebr zhbllokim t\u00eb zbatimit t\u00eb marr\u00ebveshjes\u201d"}]},{"@type":"WebSite","@id":"https:\/\/permbledhja.com\/#website","url":"https:\/\/permbledhja.com\/","name":"Ve\u00e7 artikuj p\u00ebrmbledh\u00ebs","description":"","publisher":{"@id":"https:\/\/permbledhja.com\/#organization"},"potentialAction":[{"@type":"SearchAction","target":{"@type":"EntryPoint","urlTemplate":"https:\/\/permbledhja.com\/?s={search_term_string}"},"query-input":"required name=search_term_string"}],"inLanguage":"sq"},{"@type":"Organization","@id":"https:\/\/permbledhja.com\/#organization","name":"MK Media & Pr","url":"https:\/\/permbledhja.com\/","logo":{"@type":"ImageObject","inLanguage":"sq","@id":"https:\/\/permbledhja.com\/#\/schema\/logo\/image\/","url":"https:\/\/permbledhja.com\/wp-content\/uploads\/2021\/12\/07-Press-Logo.jpg","contentUrl":"https:\/\/permbledhja.com\/wp-content\/uploads\/2021\/12\/07-Press-Logo.jpg","width":512,"height":512,"caption":"MK Media & Pr"},"image":{"@id":"https:\/\/permbledhja.com\/#\/schema\/logo\/image\/"},"sameAs":["https:\/\/www.facebook.com\/press07\/"]},{"@type":"Person","@id":"https:\/\/permbledhja.com\/#\/schema\/person\/9c54260cbc4c6f792cb100550491638c","name":"DL","image":{"@type":"ImageObject","inLanguage":"sq","@id":"https:\/\/permbledhja.com\/#\/schema\/person\/image\/","url":"https:\/\/secure.gravatar.com\/avatar\/94503eb28d4c4b2005a5c8753e35fc80?s=96&d=mm&r=g","contentUrl":"https:\/\/secure.gravatar.com\/avatar\/94503eb28d4c4b2005a5c8753e35fc80?s=96&d=mm&r=g","caption":"DL"},"url":"https:\/\/permbledhja.com\/sq\/author\/dl\/"}]}},"_links":{"self":[{"href":"https:\/\/permbledhja.com\/sq\/wp-json\/wp\/v2\/posts\/66996"}],"collection":[{"href":"https:\/\/permbledhja.com\/sq\/wp-json\/wp\/v2\/posts"}],"about":[{"href":"https:\/\/permbledhja.com\/sq\/wp-json\/wp\/v2\/types\/post"}],"author":[{"embeddable":true,"href":"https:\/\/permbledhja.com\/sq\/wp-json\/wp\/v2\/users\/5"}],"replies":[{"embeddable":true,"href":"https:\/\/permbledhja.com\/sq\/wp-json\/wp\/v2\/comments?post=66996"}],"version-history":[{"count":1,"href":"https:\/\/permbledhja.com\/sq\/wp-json\/wp\/v2\/posts\/66996\/revisions"}],"predecessor-version":[{"id":66997,"href":"https:\/\/permbledhja.com\/sq\/wp-json\/wp\/v2\/posts\/66996\/revisions\/66997"}],"wp:featuredmedia":[{"embeddable":true,"href":"https:\/\/permbledhja.com\/sq\/wp-json\/wp\/v2\/media\/52468"}],"wp:attachment":[{"href":"https:\/\/permbledhja.com\/sq\/wp-json\/wp\/v2\/media?parent=66996"}],"wp:term":[{"taxonomy":"category","embeddable":true,"href":"https:\/\/permbledhja.com\/sq\/wp-json\/wp\/v2\/categories?post=66996"},{"taxonomy":"post_tag","embeddable":true,"href":"https:\/\/permbledhja.com\/sq\/wp-json\/wp\/v2\/tags?post=66996"}],"curies":[{"name":"wp","href":"https:\/\/api.w.org\/{rel}","templated":true}]}}