{"id":66957,"date":"2024-07-01T10:43:55","date_gmt":"2024-07-01T10:43:55","guid":{"rendered":"https:\/\/permbledhja.com\/?p=66957"},"modified":"2024-07-01T10:43:55","modified_gmt":"2024-07-01T10:43:55","slug":"kurti-per-kadarene-bota-humbi-shkrimtarin-e-saj-me-te-madh-te-gjalle","status":"publish","type":"post","link":"https:\/\/permbledhja.com\/sq\/kurti-per-kadarene-bota-humbi-shkrimtarin-e-saj-me-te-madh-te-gjalle\/","title":{"rendered":"Kurti p\u00ebr Kadaren\u00eb: Bota humbi shkrimtarin e saj m\u00eb t\u00eb madh t\u00eb gjall\u00eb"},"content":{"rendered":"<p><strong>Kryeministri i Kosov\u00ebs, Albin Kurti, ka reaguar p\u00ebr vdekjen e shkrimtarit t\u00eb madh shqiptar, Ismail Kadare.<\/strong><\/p>\n<p>Kurti ka th\u00ebn\u00eb se shqiptar\u00ebt humb\u00ebn shkrimtarin m\u00eb t\u00eb madh t\u00eb t\u00eb gjitha koh\u00ebrave.<\/p>\n<p>Ne humb\u00ebm shkrimtarin m\u00eb t\u00eb madh t\u00eb t\u00eb gjitha koh\u00ebrave, bota humbi shkrimtarin e saj m\u00eb t\u00eb madh t\u00eb gjall\u00eb. Porsa hym\u00eb n\u00eb gjysm\u00ebn e dyt\u00eb t\u00eb vitit 2024, Kadare mbylli syt\u00eb p\u00ebrgjithmon\u00eb. Por syt\u00eb tan\u00eb kan\u00eb par\u00eb e do t\u00eb shohin shum\u00eb m\u00eb mir\u00eb p\u00ebr shkak t\u00eb imagjinat\u00ebs dhe dijes s\u00eb Ismail Kadares\u00eb. Kur ai mbyllte syt\u00eb n\u00eb t\u00eb gjall\u00eb t\u00eb tij dhe mendohej p\u00ebr malet e Shqip\u00ebris\u00eb dhe greminat e historis\u00eb, teksa q\u00ebndiste mij\u00ebra faqe me shqipe t\u00eb bukur si qiell, ne kolektivisht shikonim m\u00eb qart\u00eb e dukeshim m\u00eb mir\u00eb, mendonim m\u00eb thell\u00eb e m\u00ebsonim m\u00eb shum\u00eb. Arti dhe kultura jon\u00eb i kan\u00eb borxh t\u00eb pamatsh\u00ebm oqeanit t\u00eb mendjes s\u00eb tij. Anija e romaneve t\u00eb Kadares\u00eb do t\u00eb lundroj\u00eb pafund\u00ebsisht, p\u00ebr aq sa bota do t\u00eb ket\u00eb lexues dhe shqipja shqiptar\u00eb.<\/p>\n<p>Ngush\u00ebllime t\u00eb gjith\u00ebve.<\/p>\n","protected":false},"excerpt":{"rendered":"<p>Kryeministri i Kosov\u00ebs, Albin Kurti, ka reaguar p\u00ebr vdekjen e shkrimtarit t\u00eb madh shqiptar, Ismail Kadare. Kurti ka th\u00ebn\u00eb se shqiptar\u00ebt humb\u00ebn shkrimtarin m\u00eb t\u00eb madh t\u00eb t\u00eb gjitha koh\u00ebrave. Ne humb\u00ebm shkrimtarin m\u00eb t\u00eb madh t\u00eb t\u00eb gjitha koh\u00ebrave, bota humbi shkrimtarin e saj m\u00eb t\u00eb madh t\u00eb gjall\u00eb. Porsa hym\u00eb n\u00eb gjysm\u00ebn e [&hellip;]<\/p>\n","protected":false},"author":5,"featured_media":66959,"comment_status":"closed","ping_status":"closed","sticky":false,"template":"","format":"standard","meta":{"_monsterinsights_skip_tracking":false,"_monsterinsights_sitenote_active":false,"_monsterinsights_sitenote_note":"","_monsterinsights_sitenote_category":0,"_uf_show_specific_survey":0,"_uf_disable_surveys":false,"footnotes":""},"categories":[2645],"tags":[],"yoast_head":"<!-- This site is optimized with the Yoast SEO plugin v21.5 - https:\/\/yoast.com\/wordpress\/plugins\/seo\/ -->\n<title>Kurti p\u00ebr Kadaren\u00eb: Bota humbi shkrimtarin e saj m\u00eb t\u00eb madh t\u00eb gjall\u00eb<\/title>\n<meta name=\"robots\" content=\"index, follow, max-snippet:-1, max-image-preview:large, max-video-preview:-1\" \/>\n<link rel=\"canonical\" href=\"https:\/\/permbledhja.com\/sq\/kurti-per-kadarene-bota-humbi-shkrimtarin-e-saj-me-te-madh-te-gjalle\/\" \/>\n<meta property=\"og:locale\" content=\"sq_AL\" \/>\n<meta property=\"og:type\" content=\"article\" \/>\n<meta property=\"og:title\" content=\"Kurti p\u00ebr Kadaren\u00eb: Bota humbi shkrimtarin e saj m\u00eb t\u00eb madh t\u00eb gjall\u00eb\" \/>\n<meta property=\"og:description\" content=\"Kryeministri i Kosov\u00ebs, Albin Kurti, ka reaguar p\u00ebr vdekjen e shkrimtarit t\u00eb madh shqiptar, Ismail Kadare. Kurti ka th\u00ebn\u00eb se shqiptar\u00ebt humb\u00ebn shkrimtarin m\u00eb t\u00eb madh t\u00eb t\u00eb gjitha koh\u00ebrave. Ne humb\u00ebm shkrimtarin m\u00eb t\u00eb madh t\u00eb t\u00eb gjitha koh\u00ebrave, bota humbi shkrimtarin e saj m\u00eb t\u00eb madh t\u00eb gjall\u00eb. Porsa hym\u00eb n\u00eb gjysm\u00ebn e [&hellip;]\" \/>\n<meta property=\"og:url\" content=\"https:\/\/permbledhja.com\/sq\/kurti-per-kadarene-bota-humbi-shkrimtarin-e-saj-me-te-madh-te-gjalle\/\" \/>\n<meta property=\"og:site_name\" content=\"Ve\u00e7 artikuj p\u00ebrmbledh\u00ebs\" \/>\n<meta property=\"article:publisher\" content=\"https:\/\/www.facebook.com\/press07\/\" \/>\n<meta property=\"article:published_time\" content=\"2024-07-01T10:43:55+00:00\" \/>\n<meta property=\"og:image\" content=\"https:\/\/permbledhja.com\/wp-content\/uploads\/2024\/07\/kurti.jpg\" \/>\n\t<meta property=\"og:image:width\" content=\"2048\" \/>\n\t<meta property=\"og:image:height\" content=\"1365\" \/>\n\t<meta property=\"og:image:type\" content=\"image\/jpeg\" \/>\n<meta name=\"author\" content=\"DL\" \/>\n<meta name=\"twitter:card\" content=\"summary_large_image\" \/>\n<meta name=\"twitter:label1\" content=\"Written by\" \/>\n\t<meta name=\"twitter:data1\" content=\"DL\" \/>\n\t<meta name=\"twitter:label2\" content=\"Est. reading time\" \/>\n\t<meta name=\"twitter:data2\" content=\"1 minut\u00eb\" \/>\n<script type=\"application\/ld+json\" class=\"yoast-schema-graph\">{\"@context\":\"https:\/\/schema.org\",\"@graph\":[{\"@type\":\"Article\",\"@id\":\"https:\/\/permbledhja.com\/sq\/kurti-per-kadarene-bota-humbi-shkrimtarin-e-saj-me-te-madh-te-gjalle\/#article\",\"isPartOf\":{\"@id\":\"https:\/\/permbledhja.com\/sq\/kurti-per-kadarene-bota-humbi-shkrimtarin-e-saj-me-te-madh-te-gjalle\/\"},\"author\":{\"name\":\"DL\",\"@id\":\"https:\/\/permbledhja.com\/#\/schema\/person\/9c54260cbc4c6f792cb100550491638c\"},\"headline\":\"Kurti p\u00ebr Kadaren\u00eb: Bota humbi shkrimtarin e saj m\u00eb t\u00eb madh t\u00eb gjall\u00eb\",\"datePublished\":\"2024-07-01T10:43:55+00:00\",\"dateModified\":\"2024-07-01T10:43:55+00:00\",\"mainEntityOfPage\":{\"@id\":\"https:\/\/permbledhja.com\/sq\/kurti-per-kadarene-bota-humbi-shkrimtarin-e-saj-me-te-madh-te-gjalle\/\"},\"wordCount\":201,\"publisher\":{\"@id\":\"https:\/\/permbledhja.com\/#organization\"},\"articleSection\":[\"T\u00eb r\u00ebnd\u00ebsishme\"],\"inLanguage\":\"sq\"},{\"@type\":\"WebPage\",\"@id\":\"https:\/\/permbledhja.com\/sq\/kurti-per-kadarene-bota-humbi-shkrimtarin-e-saj-me-te-madh-te-gjalle\/\",\"url\":\"https:\/\/permbledhja.com\/sq\/kurti-per-kadarene-bota-humbi-shkrimtarin-e-saj-me-te-madh-te-gjalle\/\",\"name\":\"Kurti p\u00ebr Kadaren\u00eb: Bota humbi shkrimtarin e saj m\u00eb t\u00eb madh t\u00eb gjall\u00eb\",\"isPartOf\":{\"@id\":\"https:\/\/permbledhja.com\/#website\"},\"datePublished\":\"2024-07-01T10:43:55+00:00\",\"dateModified\":\"2024-07-01T10:43:55+00:00\",\"breadcrumb\":{\"@id\":\"https:\/\/permbledhja.com\/sq\/kurti-per-kadarene-bota-humbi-shkrimtarin-e-saj-me-te-madh-te-gjalle\/#breadcrumb\"},\"inLanguage\":\"sq\",\"potentialAction\":[{\"@type\":\"ReadAction\",\"target\":[\"https:\/\/permbledhja.com\/sq\/kurti-per-kadarene-bota-humbi-shkrimtarin-e-saj-me-te-madh-te-gjalle\/\"]}]},{\"@type\":\"BreadcrumbList\",\"@id\":\"https:\/\/permbledhja.com\/sq\/kurti-per-kadarene-bota-humbi-shkrimtarin-e-saj-me-te-madh-te-gjalle\/#breadcrumb\",\"itemListElement\":[{\"@type\":\"ListItem\",\"position\":1,\"name\":\"Ballina\",\"item\":\"https:\/\/permbledhja.com\/sq\/\"},{\"@type\":\"ListItem\",\"position\":2,\"name\":\"Kurti p\u00ebr Kadaren\u00eb: Bota humbi shkrimtarin e saj m\u00eb t\u00eb madh t\u00eb gjall\u00eb\"}]},{\"@type\":\"WebSite\",\"@id\":\"https:\/\/permbledhja.com\/#website\",\"url\":\"https:\/\/permbledhja.com\/\",\"name\":\"Ve\u00e7 artikuj p\u00ebrmbledh\u00ebs\",\"description\":\"\",\"publisher\":{\"@id\":\"https:\/\/permbledhja.com\/#organization\"},\"potentialAction\":[{\"@type\":\"SearchAction\",\"target\":{\"@type\":\"EntryPoint\",\"urlTemplate\":\"https:\/\/permbledhja.com\/?s={search_term_string}\"},\"query-input\":\"required name=search_term_string\"}],\"inLanguage\":\"sq\"},{\"@type\":\"Organization\",\"@id\":\"https:\/\/permbledhja.com\/#organization\",\"name\":\"MK Media & Pr\",\"url\":\"https:\/\/permbledhja.com\/\",\"logo\":{\"@type\":\"ImageObject\",\"inLanguage\":\"sq\",\"@id\":\"https:\/\/permbledhja.com\/#\/schema\/logo\/image\/\",\"url\":\"https:\/\/permbledhja.com\/wp-content\/uploads\/2021\/12\/07-Press-Logo.jpg\",\"contentUrl\":\"https:\/\/permbledhja.com\/wp-content\/uploads\/2021\/12\/07-Press-Logo.jpg\",\"width\":512,\"height\":512,\"caption\":\"MK Media & Pr\"},\"image\":{\"@id\":\"https:\/\/permbledhja.com\/#\/schema\/logo\/image\/\"},\"sameAs\":[\"https:\/\/www.facebook.com\/press07\/\"]},{\"@type\":\"Person\",\"@id\":\"https:\/\/permbledhja.com\/#\/schema\/person\/9c54260cbc4c6f792cb100550491638c\",\"name\":\"DL\",\"image\":{\"@type\":\"ImageObject\",\"inLanguage\":\"sq\",\"@id\":\"https:\/\/permbledhja.com\/#\/schema\/person\/image\/\",\"url\":\"https:\/\/secure.gravatar.com\/avatar\/94503eb28d4c4b2005a5c8753e35fc80?s=96&d=mm&r=g\",\"contentUrl\":\"https:\/\/secure.gravatar.com\/avatar\/94503eb28d4c4b2005a5c8753e35fc80?s=96&d=mm&r=g\",\"caption\":\"DL\"},\"url\":\"https:\/\/permbledhja.com\/sq\/author\/dl\/\"}]}<\/script>\n<!-- \/ Yoast SEO plugin. -->","yoast_head_json":{"title":"Kurti p\u00ebr Kadaren\u00eb: Bota humbi shkrimtarin e saj m\u00eb t\u00eb madh t\u00eb gjall\u00eb","robots":{"index":"index","follow":"follow","max-snippet":"max-snippet:-1","max-image-preview":"max-image-preview:large","max-video-preview":"max-video-preview:-1"},"canonical":"https:\/\/permbledhja.com\/sq\/kurti-per-kadarene-bota-humbi-shkrimtarin-e-saj-me-te-madh-te-gjalle\/","og_locale":"sq_AL","og_type":"article","og_title":"Kurti p\u00ebr Kadaren\u00eb: Bota humbi shkrimtarin e saj m\u00eb t\u00eb madh t\u00eb gjall\u00eb","og_description":"Kryeministri i Kosov\u00ebs, Albin Kurti, ka reaguar p\u00ebr vdekjen e shkrimtarit t\u00eb madh shqiptar, Ismail Kadare. Kurti ka th\u00ebn\u00eb se shqiptar\u00ebt humb\u00ebn shkrimtarin m\u00eb t\u00eb madh t\u00eb t\u00eb gjitha koh\u00ebrave. Ne humb\u00ebm shkrimtarin m\u00eb t\u00eb madh t\u00eb t\u00eb gjitha koh\u00ebrave, bota humbi shkrimtarin e saj m\u00eb t\u00eb madh t\u00eb gjall\u00eb. Porsa hym\u00eb n\u00eb gjysm\u00ebn e [&hellip;]","og_url":"https:\/\/permbledhja.com\/sq\/kurti-per-kadarene-bota-humbi-shkrimtarin-e-saj-me-te-madh-te-gjalle\/","og_site_name":"Ve\u00e7 artikuj p\u00ebrmbledh\u00ebs","article_publisher":"https:\/\/www.facebook.com\/press07\/","article_published_time":"2024-07-01T10:43:55+00:00","og_image":[{"width":2048,"height":1365,"url":"https:\/\/permbledhja.com\/wp-content\/uploads\/2024\/07\/kurti.jpg","type":"image\/jpeg"}],"author":"DL","twitter_card":"summary_large_image","twitter_misc":{"Written by":"DL","Est. reading time":"1 minut\u00eb"},"schema":{"@context":"https:\/\/schema.org","@graph":[{"@type":"Article","@id":"https:\/\/permbledhja.com\/sq\/kurti-per-kadarene-bota-humbi-shkrimtarin-e-saj-me-te-madh-te-gjalle\/#article","isPartOf":{"@id":"https:\/\/permbledhja.com\/sq\/kurti-per-kadarene-bota-humbi-shkrimtarin-e-saj-me-te-madh-te-gjalle\/"},"author":{"name":"DL","@id":"https:\/\/permbledhja.com\/#\/schema\/person\/9c54260cbc4c6f792cb100550491638c"},"headline":"Kurti p\u00ebr Kadaren\u00eb: Bota humbi shkrimtarin e saj m\u00eb t\u00eb madh t\u00eb gjall\u00eb","datePublished":"2024-07-01T10:43:55+00:00","dateModified":"2024-07-01T10:43:55+00:00","mainEntityOfPage":{"@id":"https:\/\/permbledhja.com\/sq\/kurti-per-kadarene-bota-humbi-shkrimtarin-e-saj-me-te-madh-te-gjalle\/"},"wordCount":201,"publisher":{"@id":"https:\/\/permbledhja.com\/#organization"},"articleSection":["T\u00eb r\u00ebnd\u00ebsishme"],"inLanguage":"sq"},{"@type":"WebPage","@id":"https:\/\/permbledhja.com\/sq\/kurti-per-kadarene-bota-humbi-shkrimtarin-e-saj-me-te-madh-te-gjalle\/","url":"https:\/\/permbledhja.com\/sq\/kurti-per-kadarene-bota-humbi-shkrimtarin-e-saj-me-te-madh-te-gjalle\/","name":"Kurti p\u00ebr Kadaren\u00eb: Bota humbi shkrimtarin e saj m\u00eb t\u00eb madh t\u00eb gjall\u00eb","isPartOf":{"@id":"https:\/\/permbledhja.com\/#website"},"datePublished":"2024-07-01T10:43:55+00:00","dateModified":"2024-07-01T10:43:55+00:00","breadcrumb":{"@id":"https:\/\/permbledhja.com\/sq\/kurti-per-kadarene-bota-humbi-shkrimtarin-e-saj-me-te-madh-te-gjalle\/#breadcrumb"},"inLanguage":"sq","potentialAction":[{"@type":"ReadAction","target":["https:\/\/permbledhja.com\/sq\/kurti-per-kadarene-bota-humbi-shkrimtarin-e-saj-me-te-madh-te-gjalle\/"]}]},{"@type":"BreadcrumbList","@id":"https:\/\/permbledhja.com\/sq\/kurti-per-kadarene-bota-humbi-shkrimtarin-e-saj-me-te-madh-te-gjalle\/#breadcrumb","itemListElement":[{"@type":"ListItem","position":1,"name":"Ballina","item":"https:\/\/permbledhja.com\/sq\/"},{"@type":"ListItem","position":2,"name":"Kurti p\u00ebr Kadaren\u00eb: Bota humbi shkrimtarin e saj m\u00eb t\u00eb madh t\u00eb gjall\u00eb"}]},{"@type":"WebSite","@id":"https:\/\/permbledhja.com\/#website","url":"https:\/\/permbledhja.com\/","name":"Ve\u00e7 artikuj p\u00ebrmbledh\u00ebs","description":"","publisher":{"@id":"https:\/\/permbledhja.com\/#organization"},"potentialAction":[{"@type":"SearchAction","target":{"@type":"EntryPoint","urlTemplate":"https:\/\/permbledhja.com\/?s={search_term_string}"},"query-input":"required name=search_term_string"}],"inLanguage":"sq"},{"@type":"Organization","@id":"https:\/\/permbledhja.com\/#organization","name":"MK Media & Pr","url":"https:\/\/permbledhja.com\/","logo":{"@type":"ImageObject","inLanguage":"sq","@id":"https:\/\/permbledhja.com\/#\/schema\/logo\/image\/","url":"https:\/\/permbledhja.com\/wp-content\/uploads\/2021\/12\/07-Press-Logo.jpg","contentUrl":"https:\/\/permbledhja.com\/wp-content\/uploads\/2021\/12\/07-Press-Logo.jpg","width":512,"height":512,"caption":"MK Media & Pr"},"image":{"@id":"https:\/\/permbledhja.com\/#\/schema\/logo\/image\/"},"sameAs":["https:\/\/www.facebook.com\/press07\/"]},{"@type":"Person","@id":"https:\/\/permbledhja.com\/#\/schema\/person\/9c54260cbc4c6f792cb100550491638c","name":"DL","image":{"@type":"ImageObject","inLanguage":"sq","@id":"https:\/\/permbledhja.com\/#\/schema\/person\/image\/","url":"https:\/\/secure.gravatar.com\/avatar\/94503eb28d4c4b2005a5c8753e35fc80?s=96&d=mm&r=g","contentUrl":"https:\/\/secure.gravatar.com\/avatar\/94503eb28d4c4b2005a5c8753e35fc80?s=96&d=mm&r=g","caption":"DL"},"url":"https:\/\/permbledhja.com\/sq\/author\/dl\/"}]}},"_links":{"self":[{"href":"https:\/\/permbledhja.com\/sq\/wp-json\/wp\/v2\/posts\/66957"}],"collection":[{"href":"https:\/\/permbledhja.com\/sq\/wp-json\/wp\/v2\/posts"}],"about":[{"href":"https:\/\/permbledhja.com\/sq\/wp-json\/wp\/v2\/types\/post"}],"author":[{"embeddable":true,"href":"https:\/\/permbledhja.com\/sq\/wp-json\/wp\/v2\/users\/5"}],"replies":[{"embeddable":true,"href":"https:\/\/permbledhja.com\/sq\/wp-json\/wp\/v2\/comments?post=66957"}],"version-history":[{"count":1,"href":"https:\/\/permbledhja.com\/sq\/wp-json\/wp\/v2\/posts\/66957\/revisions"}],"predecessor-version":[{"id":66960,"href":"https:\/\/permbledhja.com\/sq\/wp-json\/wp\/v2\/posts\/66957\/revisions\/66960"}],"wp:featuredmedia":[{"embeddable":true,"href":"https:\/\/permbledhja.com\/sq\/wp-json\/wp\/v2\/media\/66959"}],"wp:attachment":[{"href":"https:\/\/permbledhja.com\/sq\/wp-json\/wp\/v2\/media?parent=66957"}],"wp:term":[{"taxonomy":"category","embeddable":true,"href":"https:\/\/permbledhja.com\/sq\/wp-json\/wp\/v2\/categories?post=66957"},{"taxonomy":"post_tag","embeddable":true,"href":"https:\/\/permbledhja.com\/sq\/wp-json\/wp\/v2\/tags?post=66957"}],"curies":[{"name":"wp","href":"https:\/\/api.w.org\/{rel}","templated":true}]}}