{"id":66787,"date":"2024-06-27T12:36:29","date_gmt":"2024-06-27T12:36:29","guid":{"rendered":"https:\/\/permbledhja.com\/?p=66787"},"modified":"2024-06-27T12:36:29","modified_gmt":"2024-06-27T12:36:29","slug":"arrestohet-ne-leposaviq-nje-i-dyshuar-per-krime-lufte-i-bastiset-shtepia","status":"publish","type":"post","link":"https:\/\/permbledhja.com\/sq\/arrestohet-ne-leposaviq-nje-i-dyshuar-per-krime-lufte-i-bastiset-shtepia\/","title":{"rendered":"Arrestohet n\u00eb Leposaviq nj\u00eb i dyshuar p\u00ebr krime lufte, i bastiset sht\u00ebpia"},"content":{"rendered":"<h3><strong>Policia e Kosov\u00ebs ka njoftuar se m\u00eb 20 korrik ka dor\u00ebzuar kall\u00ebzim penal n\u00eb Prokurorin\u00eb Speciale n\u00ebn dyshimin se nj\u00eb person, S.L., ka kryer vepr\u00ebn penale \u201cKrimet e luft\u00ebs kund\u00ebr popullat\u00ebs civile\u201d n\u00eb vitet 1998\/1999 n\u00eb rajonin e Gjakov\u00ebs.<\/strong><\/h3>\n<p>\u201cPolicia e Kosov\u00ebs, konkretisht Drejtoria p\u00ebr Hetimin e Krimeve t\u00eb Luft\u00ebs pas nj\u00eb pune hetimore disa mujore me dat\u00eb 20.06.2024 ndaj nj\u00eb t\u00eb dyshuari t\u00eb identifikuar ka dor\u00ebzuar kall\u00ebzim penal n\u00eb Prokurorin\u00eb Speciale t\u00eb RKS-s\u00eb n\u00ebn dyshimin e arsyesh\u00ebm se personi i dyshuar me iniciale (S.L.) duke vepruar n\u00eb m\u00ebnyr\u00eb individuale dhe n\u00eb bashk\u00ebkryerje ka kryer vepr\u00ebn penale \u2018\u2019Krimet e luft\u00ebs kund\u00ebr popullat\u00ebs civile\u201d gjat\u00eb luft\u00ebs n\u00eb Kosov\u00eb, n\u00eb regjionin e Gjakov\u00ebs (1998\/1999) . Konsultimet e fundit me prokurorin e rastit kan\u00eb rezultuar me vler\u00ebsimin qe veprimet e m\u00ebtejme hetimore t\u00eb orientohen drejt sigurimit t\u00eb prezenc\u00ebs s\u00eb t\u00eb pandehurit n\u00eb k\u00ebt\u00eb q\u00ebshtje penale.\u201d<\/p>\n<p>I nj\u00ebjti sot n\u00eb Leposaviq \u00ebsht\u00eb ndaluar dhe \u00ebsht\u00eb arrestuar.<\/p>\n<p>\u201cAndaj, sot m\u00eb 27.06.2024, Policia e Kosov\u00ebs, konkretisht hetues nga Drejtoria p\u00ebr hetimin e krimeve t\u00eb luft\u00ebs (DHKL), n\u00eb bashk\u00ebpunim me agjent\u00eb nga AKI dhe t\u00eb mb\u00ebshtetur nga nj\u00ebsit policore t\u00eb rendit t\u00eb DRP Mitrovic\u00eb veri kan\u00eb realizuar nj\u00eb plan taktik me \u00e7\u2019rast n\u00eb Leposaviq \u00ebsht\u00eb ndalu dhe arrestuar i dyshuari m\/s me iniciale (S.L.).\u201d<\/p>\n","protected":false},"excerpt":{"rendered":"<p>Policia e Kosov\u00ebs ka njoftuar se m\u00eb 20 korrik ka dor\u00ebzuar kall\u00ebzim penal n\u00eb Prokurorin\u00eb Speciale n\u00ebn dyshimin se nj\u00eb person, S.L., ka kryer vepr\u00ebn penale \u201cKrimet e luft\u00ebs kund\u00ebr popullat\u00ebs civile\u201d n\u00eb vitet 1998\/1999 n\u00eb rajonin e Gjakov\u00ebs. \u201cPolicia e Kosov\u00ebs, konkretisht Drejtoria p\u00ebr Hetimin e Krimeve t\u00eb Luft\u00ebs pas nj\u00eb pune hetimore disa [&hellip;]<\/p>\n","protected":false},"author":5,"featured_media":50898,"comment_status":"closed","ping_status":"closed","sticky":false,"template":"","format":"standard","meta":{"_monsterinsights_skip_tracking":false,"_monsterinsights_sitenote_active":false,"_monsterinsights_sitenote_note":"","_monsterinsights_sitenote_category":0,"_uf_show_specific_survey":0,"_uf_disable_surveys":false,"footnotes":""},"categories":[15],"tags":[],"yoast_head":"<!-- This site is optimized with the Yoast SEO plugin v21.5 - https:\/\/yoast.com\/wordpress\/plugins\/seo\/ -->\n<title>Arrestohet n\u00eb Leposaviq nj\u00eb i dyshuar p\u00ebr krime lufte, i bastiset sht\u00ebpia<\/title>\n<meta name=\"robots\" content=\"index, follow, max-snippet:-1, max-image-preview:large, max-video-preview:-1\" \/>\n<link rel=\"canonical\" href=\"https:\/\/permbledhja.com\/sq\/arrestohet-ne-leposaviq-nje-i-dyshuar-per-krime-lufte-i-bastiset-shtepia\/\" \/>\n<meta property=\"og:locale\" content=\"sq_AL\" \/>\n<meta property=\"og:type\" content=\"article\" \/>\n<meta property=\"og:title\" content=\"Arrestohet n\u00eb Leposaviq nj\u00eb i dyshuar p\u00ebr krime lufte, i bastiset sht\u00ebpia\" \/>\n<meta property=\"og:description\" content=\"Policia e Kosov\u00ebs ka njoftuar se m\u00eb 20 korrik ka dor\u00ebzuar kall\u00ebzim penal n\u00eb Prokurorin\u00eb Speciale n\u00ebn dyshimin se nj\u00eb person, S.L., ka kryer vepr\u00ebn penale \u201cKrimet e luft\u00ebs kund\u00ebr popullat\u00ebs civile\u201d n\u00eb vitet 1998\/1999 n\u00eb rajonin e Gjakov\u00ebs. \u201cPolicia e Kosov\u00ebs, konkretisht Drejtoria p\u00ebr Hetimin e Krimeve t\u00eb Luft\u00ebs pas nj\u00eb pune hetimore disa [&hellip;]\" \/>\n<meta property=\"og:url\" content=\"https:\/\/permbledhja.com\/sq\/arrestohet-ne-leposaviq-nje-i-dyshuar-per-krime-lufte-i-bastiset-shtepia\/\" \/>\n<meta property=\"og:site_name\" content=\"Ve\u00e7 artikuj p\u00ebrmbledh\u00ebs\" \/>\n<meta property=\"article:publisher\" content=\"https:\/\/www.facebook.com\/press07\/\" \/>\n<meta property=\"article:published_time\" content=\"2024-06-27T12:36:29+00:00\" \/>\n<meta property=\"og:image\" content=\"https:\/\/permbledhja.com\/wp-content\/uploads\/2024\/03\/arrestohet-shqiptari-nga-kosova-i-d-euml-nuar-p-euml-r-vrasje-n-euml-prag-euml-hd-1476956503-7368391-1479203599-5866228-1492160790-6240075_1494843528-3673669.jpg\" \/>\n\t<meta property=\"og:image:width\" content=\"640\" \/>\n\t<meta property=\"og:image:height\" content=\"360\" \/>\n\t<meta property=\"og:image:type\" content=\"image\/jpeg\" \/>\n<meta name=\"author\" content=\"DL\" \/>\n<meta name=\"twitter:card\" content=\"summary_large_image\" \/>\n<meta name=\"twitter:label1\" content=\"Written by\" \/>\n\t<meta name=\"twitter:data1\" content=\"DL\" \/>\n\t<meta name=\"twitter:label2\" content=\"Est. reading time\" \/>\n\t<meta name=\"twitter:data2\" content=\"2 minuta\" \/>\n<script type=\"application\/ld+json\" class=\"yoast-schema-graph\">{\"@context\":\"https:\/\/schema.org\",\"@graph\":[{\"@type\":\"Article\",\"@id\":\"https:\/\/permbledhja.com\/sq\/arrestohet-ne-leposaviq-nje-i-dyshuar-per-krime-lufte-i-bastiset-shtepia\/#article\",\"isPartOf\":{\"@id\":\"https:\/\/permbledhja.com\/sq\/arrestohet-ne-leposaviq-nje-i-dyshuar-per-krime-lufte-i-bastiset-shtepia\/\"},\"author\":{\"name\":\"DL\",\"@id\":\"https:\/\/permbledhja.com\/#\/schema\/person\/9c54260cbc4c6f792cb100550491638c\"},\"headline\":\"Arrestohet n\u00eb Leposaviq nj\u00eb i dyshuar p\u00ebr krime lufte, i bastiset sht\u00ebpia\",\"datePublished\":\"2024-06-27T12:36:29+00:00\",\"dateModified\":\"2024-06-27T12:36:29+00:00\",\"mainEntityOfPage\":{\"@id\":\"https:\/\/permbledhja.com\/sq\/arrestohet-ne-leposaviq-nje-i-dyshuar-per-krime-lufte-i-bastiset-shtepia\/\"},\"wordCount\":255,\"publisher\":{\"@id\":\"https:\/\/permbledhja.com\/#organization\"},\"articleSection\":[\"Lajme\"],\"inLanguage\":\"sq\"},{\"@type\":\"WebPage\",\"@id\":\"https:\/\/permbledhja.com\/sq\/arrestohet-ne-leposaviq-nje-i-dyshuar-per-krime-lufte-i-bastiset-shtepia\/\",\"url\":\"https:\/\/permbledhja.com\/sq\/arrestohet-ne-leposaviq-nje-i-dyshuar-per-krime-lufte-i-bastiset-shtepia\/\",\"name\":\"Arrestohet n\u00eb Leposaviq nj\u00eb i dyshuar p\u00ebr krime lufte, i bastiset sht\u00ebpia\",\"isPartOf\":{\"@id\":\"https:\/\/permbledhja.com\/#website\"},\"datePublished\":\"2024-06-27T12:36:29+00:00\",\"dateModified\":\"2024-06-27T12:36:29+00:00\",\"breadcrumb\":{\"@id\":\"https:\/\/permbledhja.com\/sq\/arrestohet-ne-leposaviq-nje-i-dyshuar-per-krime-lufte-i-bastiset-shtepia\/#breadcrumb\"},\"inLanguage\":\"sq\",\"potentialAction\":[{\"@type\":\"ReadAction\",\"target\":[\"https:\/\/permbledhja.com\/sq\/arrestohet-ne-leposaviq-nje-i-dyshuar-per-krime-lufte-i-bastiset-shtepia\/\"]}]},{\"@type\":\"BreadcrumbList\",\"@id\":\"https:\/\/permbledhja.com\/sq\/arrestohet-ne-leposaviq-nje-i-dyshuar-per-krime-lufte-i-bastiset-shtepia\/#breadcrumb\",\"itemListElement\":[{\"@type\":\"ListItem\",\"position\":1,\"name\":\"Ballina\",\"item\":\"https:\/\/permbledhja.com\/sq\/\"},{\"@type\":\"ListItem\",\"position\":2,\"name\":\"Arrestohet n\u00eb Leposaviq nj\u00eb i dyshuar p\u00ebr krime lufte, i bastiset sht\u00ebpia\"}]},{\"@type\":\"WebSite\",\"@id\":\"https:\/\/permbledhja.com\/#website\",\"url\":\"https:\/\/permbledhja.com\/\",\"name\":\"Ve\u00e7 artikuj p\u00ebrmbledh\u00ebs\",\"description\":\"\",\"publisher\":{\"@id\":\"https:\/\/permbledhja.com\/#organization\"},\"potentialAction\":[{\"@type\":\"SearchAction\",\"target\":{\"@type\":\"EntryPoint\",\"urlTemplate\":\"https:\/\/permbledhja.com\/?s={search_term_string}\"},\"query-input\":\"required name=search_term_string\"}],\"inLanguage\":\"sq\"},{\"@type\":\"Organization\",\"@id\":\"https:\/\/permbledhja.com\/#organization\",\"name\":\"MK Media & Pr\",\"url\":\"https:\/\/permbledhja.com\/\",\"logo\":{\"@type\":\"ImageObject\",\"inLanguage\":\"sq\",\"@id\":\"https:\/\/permbledhja.com\/#\/schema\/logo\/image\/\",\"url\":\"https:\/\/permbledhja.com\/wp-content\/uploads\/2021\/12\/07-Press-Logo.jpg\",\"contentUrl\":\"https:\/\/permbledhja.com\/wp-content\/uploads\/2021\/12\/07-Press-Logo.jpg\",\"width\":512,\"height\":512,\"caption\":\"MK Media & Pr\"},\"image\":{\"@id\":\"https:\/\/permbledhja.com\/#\/schema\/logo\/image\/\"},\"sameAs\":[\"https:\/\/www.facebook.com\/press07\/\"]},{\"@type\":\"Person\",\"@id\":\"https:\/\/permbledhja.com\/#\/schema\/person\/9c54260cbc4c6f792cb100550491638c\",\"name\":\"DL\",\"image\":{\"@type\":\"ImageObject\",\"inLanguage\":\"sq\",\"@id\":\"https:\/\/permbledhja.com\/#\/schema\/person\/image\/\",\"url\":\"https:\/\/secure.gravatar.com\/avatar\/94503eb28d4c4b2005a5c8753e35fc80?s=96&d=mm&r=g\",\"contentUrl\":\"https:\/\/secure.gravatar.com\/avatar\/94503eb28d4c4b2005a5c8753e35fc80?s=96&d=mm&r=g\",\"caption\":\"DL\"},\"url\":\"https:\/\/permbledhja.com\/sq\/author\/dl\/\"}]}<\/script>\n<!-- \/ Yoast SEO plugin. -->","yoast_head_json":{"title":"Arrestohet n\u00eb Leposaviq nj\u00eb i dyshuar p\u00ebr krime lufte, i bastiset sht\u00ebpia","robots":{"index":"index","follow":"follow","max-snippet":"max-snippet:-1","max-image-preview":"max-image-preview:large","max-video-preview":"max-video-preview:-1"},"canonical":"https:\/\/permbledhja.com\/sq\/arrestohet-ne-leposaviq-nje-i-dyshuar-per-krime-lufte-i-bastiset-shtepia\/","og_locale":"sq_AL","og_type":"article","og_title":"Arrestohet n\u00eb Leposaviq nj\u00eb i dyshuar p\u00ebr krime lufte, i bastiset sht\u00ebpia","og_description":"Policia e Kosov\u00ebs ka njoftuar se m\u00eb 20 korrik ka dor\u00ebzuar kall\u00ebzim penal n\u00eb Prokurorin\u00eb Speciale n\u00ebn dyshimin se nj\u00eb person, S.L., ka kryer vepr\u00ebn penale \u201cKrimet e luft\u00ebs kund\u00ebr popullat\u00ebs civile\u201d n\u00eb vitet 1998\/1999 n\u00eb rajonin e Gjakov\u00ebs. \u201cPolicia e Kosov\u00ebs, konkretisht Drejtoria p\u00ebr Hetimin e Krimeve t\u00eb Luft\u00ebs pas nj\u00eb pune hetimore disa [&hellip;]","og_url":"https:\/\/permbledhja.com\/sq\/arrestohet-ne-leposaviq-nje-i-dyshuar-per-krime-lufte-i-bastiset-shtepia\/","og_site_name":"Ve\u00e7 artikuj p\u00ebrmbledh\u00ebs","article_publisher":"https:\/\/www.facebook.com\/press07\/","article_published_time":"2024-06-27T12:36:29+00:00","og_image":[{"width":640,"height":360,"url":"https:\/\/permbledhja.com\/wp-content\/uploads\/2024\/03\/arrestohet-shqiptari-nga-kosova-i-d-euml-nuar-p-euml-r-vrasje-n-euml-prag-euml-hd-1476956503-7368391-1479203599-5866228-1492160790-6240075_1494843528-3673669.jpg","type":"image\/jpeg"}],"author":"DL","twitter_card":"summary_large_image","twitter_misc":{"Written by":"DL","Est. reading time":"2 minuta"},"schema":{"@context":"https:\/\/schema.org","@graph":[{"@type":"Article","@id":"https:\/\/permbledhja.com\/sq\/arrestohet-ne-leposaviq-nje-i-dyshuar-per-krime-lufte-i-bastiset-shtepia\/#article","isPartOf":{"@id":"https:\/\/permbledhja.com\/sq\/arrestohet-ne-leposaviq-nje-i-dyshuar-per-krime-lufte-i-bastiset-shtepia\/"},"author":{"name":"DL","@id":"https:\/\/permbledhja.com\/#\/schema\/person\/9c54260cbc4c6f792cb100550491638c"},"headline":"Arrestohet n\u00eb Leposaviq nj\u00eb i dyshuar p\u00ebr krime lufte, i bastiset sht\u00ebpia","datePublished":"2024-06-27T12:36:29+00:00","dateModified":"2024-06-27T12:36:29+00:00","mainEntityOfPage":{"@id":"https:\/\/permbledhja.com\/sq\/arrestohet-ne-leposaviq-nje-i-dyshuar-per-krime-lufte-i-bastiset-shtepia\/"},"wordCount":255,"publisher":{"@id":"https:\/\/permbledhja.com\/#organization"},"articleSection":["Lajme"],"inLanguage":"sq"},{"@type":"WebPage","@id":"https:\/\/permbledhja.com\/sq\/arrestohet-ne-leposaviq-nje-i-dyshuar-per-krime-lufte-i-bastiset-shtepia\/","url":"https:\/\/permbledhja.com\/sq\/arrestohet-ne-leposaviq-nje-i-dyshuar-per-krime-lufte-i-bastiset-shtepia\/","name":"Arrestohet n\u00eb Leposaviq nj\u00eb i dyshuar p\u00ebr krime lufte, i bastiset sht\u00ebpia","isPartOf":{"@id":"https:\/\/permbledhja.com\/#website"},"datePublished":"2024-06-27T12:36:29+00:00","dateModified":"2024-06-27T12:36:29+00:00","breadcrumb":{"@id":"https:\/\/permbledhja.com\/sq\/arrestohet-ne-leposaviq-nje-i-dyshuar-per-krime-lufte-i-bastiset-shtepia\/#breadcrumb"},"inLanguage":"sq","potentialAction":[{"@type":"ReadAction","target":["https:\/\/permbledhja.com\/sq\/arrestohet-ne-leposaviq-nje-i-dyshuar-per-krime-lufte-i-bastiset-shtepia\/"]}]},{"@type":"BreadcrumbList","@id":"https:\/\/permbledhja.com\/sq\/arrestohet-ne-leposaviq-nje-i-dyshuar-per-krime-lufte-i-bastiset-shtepia\/#breadcrumb","itemListElement":[{"@type":"ListItem","position":1,"name":"Ballina","item":"https:\/\/permbledhja.com\/sq\/"},{"@type":"ListItem","position":2,"name":"Arrestohet n\u00eb Leposaviq nj\u00eb i dyshuar p\u00ebr krime lufte, i bastiset sht\u00ebpia"}]},{"@type":"WebSite","@id":"https:\/\/permbledhja.com\/#website","url":"https:\/\/permbledhja.com\/","name":"Ve\u00e7 artikuj p\u00ebrmbledh\u00ebs","description":"","publisher":{"@id":"https:\/\/permbledhja.com\/#organization"},"potentialAction":[{"@type":"SearchAction","target":{"@type":"EntryPoint","urlTemplate":"https:\/\/permbledhja.com\/?s={search_term_string}"},"query-input":"required name=search_term_string"}],"inLanguage":"sq"},{"@type":"Organization","@id":"https:\/\/permbledhja.com\/#organization","name":"MK Media & Pr","url":"https:\/\/permbledhja.com\/","logo":{"@type":"ImageObject","inLanguage":"sq","@id":"https:\/\/permbledhja.com\/#\/schema\/logo\/image\/","url":"https:\/\/permbledhja.com\/wp-content\/uploads\/2021\/12\/07-Press-Logo.jpg","contentUrl":"https:\/\/permbledhja.com\/wp-content\/uploads\/2021\/12\/07-Press-Logo.jpg","width":512,"height":512,"caption":"MK Media & Pr"},"image":{"@id":"https:\/\/permbledhja.com\/#\/schema\/logo\/image\/"},"sameAs":["https:\/\/www.facebook.com\/press07\/"]},{"@type":"Person","@id":"https:\/\/permbledhja.com\/#\/schema\/person\/9c54260cbc4c6f792cb100550491638c","name":"DL","image":{"@type":"ImageObject","inLanguage":"sq","@id":"https:\/\/permbledhja.com\/#\/schema\/person\/image\/","url":"https:\/\/secure.gravatar.com\/avatar\/94503eb28d4c4b2005a5c8753e35fc80?s=96&d=mm&r=g","contentUrl":"https:\/\/secure.gravatar.com\/avatar\/94503eb28d4c4b2005a5c8753e35fc80?s=96&d=mm&r=g","caption":"DL"},"url":"https:\/\/permbledhja.com\/sq\/author\/dl\/"}]}},"_links":{"self":[{"href":"https:\/\/permbledhja.com\/sq\/wp-json\/wp\/v2\/posts\/66787"}],"collection":[{"href":"https:\/\/permbledhja.com\/sq\/wp-json\/wp\/v2\/posts"}],"about":[{"href":"https:\/\/permbledhja.com\/sq\/wp-json\/wp\/v2\/types\/post"}],"author":[{"embeddable":true,"href":"https:\/\/permbledhja.com\/sq\/wp-json\/wp\/v2\/users\/5"}],"replies":[{"embeddable":true,"href":"https:\/\/permbledhja.com\/sq\/wp-json\/wp\/v2\/comments?post=66787"}],"version-history":[{"count":1,"href":"https:\/\/permbledhja.com\/sq\/wp-json\/wp\/v2\/posts\/66787\/revisions"}],"predecessor-version":[{"id":66792,"href":"https:\/\/permbledhja.com\/sq\/wp-json\/wp\/v2\/posts\/66787\/revisions\/66792"}],"wp:featuredmedia":[{"embeddable":true,"href":"https:\/\/permbledhja.com\/sq\/wp-json\/wp\/v2\/media\/50898"}],"wp:attachment":[{"href":"https:\/\/permbledhja.com\/sq\/wp-json\/wp\/v2\/media?parent=66787"}],"wp:term":[{"taxonomy":"category","embeddable":true,"href":"https:\/\/permbledhja.com\/sq\/wp-json\/wp\/v2\/categories?post=66787"},{"taxonomy":"post_tag","embeddable":true,"href":"https:\/\/permbledhja.com\/sq\/wp-json\/wp\/v2\/tags?post=66787"}],"curies":[{"name":"wp","href":"https:\/\/api.w.org\/{rel}","templated":true}]}}