{"id":66489,"date":"2024-06-20T12:51:15","date_gmt":"2024-06-20T12:51:15","guid":{"rendered":"https:\/\/permbledhja.com\/?p=66489"},"modified":"2024-06-20T12:51:15","modified_gmt":"2024-06-20T12:51:15","slug":"federata-e-serbise-con-ankese-zyrtare-kunder-mirlind-dakut-ne-uefa","status":"publish","type":"post","link":"https:\/\/permbledhja.com\/sq\/federata-e-serbise-con-ankese-zyrtare-kunder-mirlind-dakut-ne-uefa\/","title":{"rendered":"Federata e Serbis\u00eb \u00e7on ankes\u00eb zyrtare kund\u00ebr Mirlind Dakut n\u00eb UEFA"},"content":{"rendered":"<h3><strong>Federata e Futbollit t\u00eb Serbis\u00eb i ka d\u00ebrguar nj\u00eb let\u00ebr sekretarit t\u00eb p\u00ebrgjithsh\u00ebm t\u00eb UEFA-s, Teodor Teodoridis, pas skenave n\u00eb ndeshjen nd\u00ebrmjet Kroacis\u00eb dhe Shqip\u00ebris\u00eb (2:2).<\/strong><\/h3>\n<p>Federata e Futbollit t\u00eb Serbis\u00eb ka k\u00ebrkuar t\u00eb sanksionohen dy federatat, ato t\u00eb Shqip\u00ebris\u00eb dhe t\u00eb Kroacis\u00eb.<\/p>\n<p>Po ashtu, Federata e Futbollit serb \u00ebsht\u00eb ankuar zyrtarisht edhe p\u00ebr rastin e Mirlind Dakut, i cili n\u00eb p\u00ebrfundimin e sfid\u00ebs ka marr\u00eb megafonin e tifoz\u00ebve dhe ka brohoritur kund\u00ebr maqedon\u00ebve dhe serb\u00ebve.<\/p>\n<p>\u201cFederata e Futbollit t\u00eb Serbis\u00eb ju drejtohet n\u00eb lidhje me ngjarjet n\u00eb ndeshjen e djeshme t\u00eb turneut final EURO 2024 nd\u00ebrmjet ekipeve komb\u00ebtare t\u00eb Kroacis\u00eb dhe Shqip\u00ebris\u00eb (Faza e grupit, Grupi B, Hamburg, 19.06.2024), kur pati nj\u00eb thirrje t\u00eb p\u00ebrbashk\u00ebt t\u00eb turpshme nga tifoz\u00ebt e t\u00eb dyja komb\u00ebtareve, e cila drejtohej kund\u00ebr kombit serb n\u00eb t\u00ebr\u00ebsi\u201d, thuhet n\u00eb reagim.<\/p>\n<p>\u201cSi\u00e7 me siguri jeni t\u00eb informuar, nga 58 minuta e 28 sekonda n\u00eb 58 minuta e 50 sekonda, tifoz\u00ebt kroat\u00eb dhe shqiptar\u00eb kan\u00eb thirrur s\u00eb bashku \u2018Vrite, vrite Serbin\u2019. N\u00eb fjal\u00eb nuk b\u00ebheshin individ\u00eb nga radh\u00ebt e tifoz\u00ebve, por nj\u00eb num\u00ebr i madh i tifoz\u00ebve t\u00eb k\u00ebtyre komb\u00ebtareve, gj\u00eb q\u00eb n\u00eb at\u00eb moment nuk ishte sanksionuar sipas rregullores s\u00eb UEFA-s, e cila \u00ebsht\u00eb e qart\u00eb, si dhe veprimet e zyrtar\u00ebve n\u00eb ato situata\u201d, tha Federata e Futbollit t\u00eb Serbis\u00eb.<\/p>\n<p>\u201cSipas informacioneve q\u00eb kemi, nj\u00eb lojtar i skuadr\u00ebs shqiptare, pas p\u00ebrfundimit t\u00eb loj\u00ebs, p\u00ebrball\u00eb tribun\u00ebs me tifoz\u00ebt shqiptar\u00eb, ka p\u00ebrdorur megafonin p\u00ebr t\u00eb brohoritur t\u00eb nj\u00ebjtat thirrje dhe n\u00eb k\u00ebt\u00eb m\u00ebnyr\u00eb duke ndezur \u2018flak\u00eb\u2019 turm\u00ebn#, vazhdon reagimi.<\/p>\n<p>Federata e Futbollit t\u00eb Serbis\u00eb ka th\u00ebn\u00eb se se n\u00eb momentin kur ka nisur brohoritja e lartp\u00ebrmendur nga tifoz\u00ebt e t\u00eb dyja komb\u00ebtareve, loja \u00ebsht\u00eb dashur t\u00eb nd\u00ebrpritet.<\/p>\n<p>Federata e Futbollit t\u00eb Serbis\u00eb i ka b\u00ebr\u00eb thirrje UEFA-s q\u00eb t\u2019i nd\u00ebshkoj\u00eb \u201csa m\u00eb par\u00eb p\u00ebrgjegj\u00ebsit e ngjarjeve t\u00eb sip\u00ebrp\u00ebrmendura dhe t\u00eb siguroheni q\u00eb ndeshjet t\u00eb luhen normalisht\u201d.<\/p>\n","protected":false},"excerpt":{"rendered":"<p>Federata e Futbollit t\u00eb Serbis\u00eb i ka d\u00ebrguar nj\u00eb let\u00ebr sekretarit t\u00eb p\u00ebrgjithsh\u00ebm t\u00eb UEFA-s, Teodor Teodoridis, pas skenave n\u00eb ndeshjen nd\u00ebrmjet Kroacis\u00eb dhe Shqip\u00ebris\u00eb (2:2). Federata e Futbollit t\u00eb Serbis\u00eb ka k\u00ebrkuar t\u00eb sanksionohen dy federatat, ato t\u00eb Shqip\u00ebris\u00eb dhe t\u00eb Kroacis\u00eb. Po ashtu, Federata e Futbollit serb \u00ebsht\u00eb ankuar zyrtarisht edhe p\u00ebr rastin [&hellip;]<\/p>\n","protected":false},"author":5,"featured_media":57578,"comment_status":"closed","ping_status":"closed","sticky":false,"template":"","format":"standard","meta":{"_monsterinsights_skip_tracking":false,"_monsterinsights_sitenote_active":false,"_monsterinsights_sitenote_note":"","_monsterinsights_sitenote_category":0,"_uf_show_specific_survey":0,"_uf_disable_surveys":false,"footnotes":""},"categories":[15],"tags":[],"yoast_head":"<!-- This site is optimized with the Yoast SEO plugin v21.5 - https:\/\/yoast.com\/wordpress\/plugins\/seo\/ -->\n<title>Federata e Serbis\u00eb \u00e7on ankes\u00eb zyrtare kund\u00ebr Mirlind Dakut n\u00eb UEFA<\/title>\n<meta name=\"robots\" content=\"index, follow, max-snippet:-1, max-image-preview:large, max-video-preview:-1\" \/>\n<link rel=\"canonical\" href=\"https:\/\/permbledhja.com\/sq\/federata-e-serbise-con-ankese-zyrtare-kunder-mirlind-dakut-ne-uefa\/\" \/>\n<meta property=\"og:locale\" content=\"sq_AL\" \/>\n<meta property=\"og:type\" content=\"article\" \/>\n<meta property=\"og:title\" content=\"Federata e Serbis\u00eb \u00e7on ankes\u00eb zyrtare kund\u00ebr Mirlind Dakut n\u00eb UEFA\" \/>\n<meta property=\"og:description\" content=\"Federata e Futbollit t\u00eb Serbis\u00eb i ka d\u00ebrguar nj\u00eb let\u00ebr sekretarit t\u00eb p\u00ebrgjithsh\u00ebm t\u00eb UEFA-s, Teodor Teodoridis, pas skenave n\u00eb ndeshjen nd\u00ebrmjet Kroacis\u00eb dhe Shqip\u00ebris\u00eb (2:2). Federata e Futbollit t\u00eb Serbis\u00eb ka k\u00ebrkuar t\u00eb sanksionohen dy federatat, ato t\u00eb Shqip\u00ebris\u00eb dhe t\u00eb Kroacis\u00eb. Po ashtu, Federata e Futbollit serb \u00ebsht\u00eb ankuar zyrtarisht edhe p\u00ebr rastin [&hellip;]\" \/>\n<meta property=\"og:url\" content=\"https:\/\/permbledhja.com\/sq\/federata-e-serbise-con-ankese-zyrtare-kunder-mirlind-dakut-ne-uefa\/\" \/>\n<meta property=\"og:site_name\" content=\"Ve\u00e7 artikuj p\u00ebrmbledh\u00ebs\" \/>\n<meta property=\"article:publisher\" content=\"https:\/\/www.facebook.com\/press07\/\" \/>\n<meta property=\"article:published_time\" content=\"2024-06-20T12:51:15+00:00\" \/>\n<meta property=\"og:image\" content=\"https:\/\/permbledhja.com\/wp-content\/uploads\/2024\/04\/Mirlind-Daku.jpg\" \/>\n\t<meta property=\"og:image:width\" content=\"702\" \/>\n\t<meta property=\"og:image:height\" content=\"586\" \/>\n\t<meta property=\"og:image:type\" content=\"image\/jpeg\" \/>\n<meta name=\"author\" content=\"DL\" \/>\n<meta name=\"twitter:card\" content=\"summary_large_image\" \/>\n<meta name=\"twitter:label1\" content=\"Written by\" \/>\n\t<meta name=\"twitter:data1\" content=\"DL\" \/>\n\t<meta name=\"twitter:label2\" content=\"Est. reading time\" \/>\n\t<meta name=\"twitter:data2\" content=\"2 minuta\" \/>\n<script type=\"application\/ld+json\" class=\"yoast-schema-graph\">{\"@context\":\"https:\/\/schema.org\",\"@graph\":[{\"@type\":\"Article\",\"@id\":\"https:\/\/permbledhja.com\/federata-e-serbise-con-ankese-zyrtare-kunder-mirlind-dakut-ne-uefa\/#article\",\"isPartOf\":{\"@id\":\"https:\/\/permbledhja.com\/federata-e-serbise-con-ankese-zyrtare-kunder-mirlind-dakut-ne-uefa\/\"},\"author\":{\"name\":\"DL\",\"@id\":\"https:\/\/permbledhja.com\/#\/schema\/person\/9c54260cbc4c6f792cb100550491638c\"},\"headline\":\"Federata e Serbis\u00eb \u00e7on ankes\u00eb zyrtare kund\u00ebr Mirlind Dakut n\u00eb UEFA\",\"datePublished\":\"2024-06-20T12:51:15+00:00\",\"dateModified\":\"2024-06-20T12:51:15+00:00\",\"mainEntityOfPage\":{\"@id\":\"https:\/\/permbledhja.com\/federata-e-serbise-con-ankese-zyrtare-kunder-mirlind-dakut-ne-uefa\/\"},\"wordCount\":371,\"publisher\":{\"@id\":\"https:\/\/permbledhja.com\/#organization\"},\"articleSection\":[\"Lajme\"],\"inLanguage\":\"sq\"},{\"@type\":\"WebPage\",\"@id\":\"https:\/\/permbledhja.com\/federata-e-serbise-con-ankese-zyrtare-kunder-mirlind-dakut-ne-uefa\/\",\"url\":\"https:\/\/permbledhja.com\/federata-e-serbise-con-ankese-zyrtare-kunder-mirlind-dakut-ne-uefa\/\",\"name\":\"Federata e Serbis\u00eb \u00e7on ankes\u00eb zyrtare kund\u00ebr Mirlind Dakut n\u00eb UEFA\",\"isPartOf\":{\"@id\":\"https:\/\/permbledhja.com\/#website\"},\"datePublished\":\"2024-06-20T12:51:15+00:00\",\"dateModified\":\"2024-06-20T12:51:15+00:00\",\"breadcrumb\":{\"@id\":\"https:\/\/permbledhja.com\/federata-e-serbise-con-ankese-zyrtare-kunder-mirlind-dakut-ne-uefa\/#breadcrumb\"},\"inLanguage\":\"sq\",\"potentialAction\":[{\"@type\":\"ReadAction\",\"target\":[\"https:\/\/permbledhja.com\/federata-e-serbise-con-ankese-zyrtare-kunder-mirlind-dakut-ne-uefa\/\"]}]},{\"@type\":\"BreadcrumbList\",\"@id\":\"https:\/\/permbledhja.com\/federata-e-serbise-con-ankese-zyrtare-kunder-mirlind-dakut-ne-uefa\/#breadcrumb\",\"itemListElement\":[{\"@type\":\"ListItem\",\"position\":1,\"name\":\"Ballina\",\"item\":\"https:\/\/permbledhja.com\/sq\/\"},{\"@type\":\"ListItem\",\"position\":2,\"name\":\"Federata e Serbis\u00eb \u00e7on ankes\u00eb zyrtare kund\u00ebr Mirlind Dakut n\u00eb UEFA\"}]},{\"@type\":\"WebSite\",\"@id\":\"https:\/\/permbledhja.com\/#website\",\"url\":\"https:\/\/permbledhja.com\/\",\"name\":\"Ve\u00e7 artikuj p\u00ebrmbledh\u00ebs\",\"description\":\"\",\"publisher\":{\"@id\":\"https:\/\/permbledhja.com\/#organization\"},\"potentialAction\":[{\"@type\":\"SearchAction\",\"target\":{\"@type\":\"EntryPoint\",\"urlTemplate\":\"https:\/\/permbledhja.com\/?s={search_term_string}\"},\"query-input\":\"required name=search_term_string\"}],\"inLanguage\":\"sq\"},{\"@type\":\"Organization\",\"@id\":\"https:\/\/permbledhja.com\/#organization\",\"name\":\"MK Media & Pr\",\"url\":\"https:\/\/permbledhja.com\/\",\"logo\":{\"@type\":\"ImageObject\",\"inLanguage\":\"sq\",\"@id\":\"https:\/\/permbledhja.com\/#\/schema\/logo\/image\/\",\"url\":\"https:\/\/permbledhja.com\/wp-content\/uploads\/2021\/12\/07-Press-Logo.jpg\",\"contentUrl\":\"https:\/\/permbledhja.com\/wp-content\/uploads\/2021\/12\/07-Press-Logo.jpg\",\"width\":512,\"height\":512,\"caption\":\"MK Media & Pr\"},\"image\":{\"@id\":\"https:\/\/permbledhja.com\/#\/schema\/logo\/image\/\"},\"sameAs\":[\"https:\/\/www.facebook.com\/press07\/\"]},{\"@type\":\"Person\",\"@id\":\"https:\/\/permbledhja.com\/#\/schema\/person\/9c54260cbc4c6f792cb100550491638c\",\"name\":\"DL\",\"image\":{\"@type\":\"ImageObject\",\"inLanguage\":\"sq\",\"@id\":\"https:\/\/permbledhja.com\/#\/schema\/person\/image\/\",\"url\":\"https:\/\/secure.gravatar.com\/avatar\/94503eb28d4c4b2005a5c8753e35fc80?s=96&d=mm&r=g\",\"contentUrl\":\"https:\/\/secure.gravatar.com\/avatar\/94503eb28d4c4b2005a5c8753e35fc80?s=96&d=mm&r=g\",\"caption\":\"DL\"},\"url\":\"https:\/\/permbledhja.com\/sq\/author\/dl\/\"}]}<\/script>\n<!-- \/ Yoast SEO plugin. -->","yoast_head_json":{"title":"Federata e Serbis\u00eb \u00e7on ankes\u00eb zyrtare kund\u00ebr Mirlind Dakut n\u00eb UEFA","robots":{"index":"index","follow":"follow","max-snippet":"max-snippet:-1","max-image-preview":"max-image-preview:large","max-video-preview":"max-video-preview:-1"},"canonical":"https:\/\/permbledhja.com\/sq\/federata-e-serbise-con-ankese-zyrtare-kunder-mirlind-dakut-ne-uefa\/","og_locale":"sq_AL","og_type":"article","og_title":"Federata e Serbis\u00eb \u00e7on ankes\u00eb zyrtare kund\u00ebr Mirlind Dakut n\u00eb UEFA","og_description":"Federata e Futbollit t\u00eb Serbis\u00eb i ka d\u00ebrguar nj\u00eb let\u00ebr sekretarit t\u00eb p\u00ebrgjithsh\u00ebm t\u00eb UEFA-s, Teodor Teodoridis, pas skenave n\u00eb ndeshjen nd\u00ebrmjet Kroacis\u00eb dhe Shqip\u00ebris\u00eb (2:2). Federata e Futbollit t\u00eb Serbis\u00eb ka k\u00ebrkuar t\u00eb sanksionohen dy federatat, ato t\u00eb Shqip\u00ebris\u00eb dhe t\u00eb Kroacis\u00eb. Po ashtu, Federata e Futbollit serb \u00ebsht\u00eb ankuar zyrtarisht edhe p\u00ebr rastin [&hellip;]","og_url":"https:\/\/permbledhja.com\/sq\/federata-e-serbise-con-ankese-zyrtare-kunder-mirlind-dakut-ne-uefa\/","og_site_name":"Ve\u00e7 artikuj p\u00ebrmbledh\u00ebs","article_publisher":"https:\/\/www.facebook.com\/press07\/","article_published_time":"2024-06-20T12:51:15+00:00","og_image":[{"width":702,"height":586,"url":"https:\/\/permbledhja.com\/wp-content\/uploads\/2024\/04\/Mirlind-Daku.jpg","type":"image\/jpeg"}],"author":"DL","twitter_card":"summary_large_image","twitter_misc":{"Written by":"DL","Est. reading time":"2 minuta"},"schema":{"@context":"https:\/\/schema.org","@graph":[{"@type":"Article","@id":"https:\/\/permbledhja.com\/federata-e-serbise-con-ankese-zyrtare-kunder-mirlind-dakut-ne-uefa\/#article","isPartOf":{"@id":"https:\/\/permbledhja.com\/federata-e-serbise-con-ankese-zyrtare-kunder-mirlind-dakut-ne-uefa\/"},"author":{"name":"DL","@id":"https:\/\/permbledhja.com\/#\/schema\/person\/9c54260cbc4c6f792cb100550491638c"},"headline":"Federata e Serbis\u00eb \u00e7on ankes\u00eb zyrtare kund\u00ebr Mirlind Dakut n\u00eb UEFA","datePublished":"2024-06-20T12:51:15+00:00","dateModified":"2024-06-20T12:51:15+00:00","mainEntityOfPage":{"@id":"https:\/\/permbledhja.com\/federata-e-serbise-con-ankese-zyrtare-kunder-mirlind-dakut-ne-uefa\/"},"wordCount":371,"publisher":{"@id":"https:\/\/permbledhja.com\/#organization"},"articleSection":["Lajme"],"inLanguage":"sq"},{"@type":"WebPage","@id":"https:\/\/permbledhja.com\/federata-e-serbise-con-ankese-zyrtare-kunder-mirlind-dakut-ne-uefa\/","url":"https:\/\/permbledhja.com\/federata-e-serbise-con-ankese-zyrtare-kunder-mirlind-dakut-ne-uefa\/","name":"Federata e Serbis\u00eb \u00e7on ankes\u00eb zyrtare kund\u00ebr Mirlind Dakut n\u00eb UEFA","isPartOf":{"@id":"https:\/\/permbledhja.com\/#website"},"datePublished":"2024-06-20T12:51:15+00:00","dateModified":"2024-06-20T12:51:15+00:00","breadcrumb":{"@id":"https:\/\/permbledhja.com\/federata-e-serbise-con-ankese-zyrtare-kunder-mirlind-dakut-ne-uefa\/#breadcrumb"},"inLanguage":"sq","potentialAction":[{"@type":"ReadAction","target":["https:\/\/permbledhja.com\/federata-e-serbise-con-ankese-zyrtare-kunder-mirlind-dakut-ne-uefa\/"]}]},{"@type":"BreadcrumbList","@id":"https:\/\/permbledhja.com\/federata-e-serbise-con-ankese-zyrtare-kunder-mirlind-dakut-ne-uefa\/#breadcrumb","itemListElement":[{"@type":"ListItem","position":1,"name":"Ballina","item":"https:\/\/permbledhja.com\/sq\/"},{"@type":"ListItem","position":2,"name":"Federata e Serbis\u00eb \u00e7on ankes\u00eb zyrtare kund\u00ebr Mirlind Dakut n\u00eb UEFA"}]},{"@type":"WebSite","@id":"https:\/\/permbledhja.com\/#website","url":"https:\/\/permbledhja.com\/","name":"Ve\u00e7 artikuj p\u00ebrmbledh\u00ebs","description":"","publisher":{"@id":"https:\/\/permbledhja.com\/#organization"},"potentialAction":[{"@type":"SearchAction","target":{"@type":"EntryPoint","urlTemplate":"https:\/\/permbledhja.com\/?s={search_term_string}"},"query-input":"required name=search_term_string"}],"inLanguage":"sq"},{"@type":"Organization","@id":"https:\/\/permbledhja.com\/#organization","name":"MK Media & Pr","url":"https:\/\/permbledhja.com\/","logo":{"@type":"ImageObject","inLanguage":"sq","@id":"https:\/\/permbledhja.com\/#\/schema\/logo\/image\/","url":"https:\/\/permbledhja.com\/wp-content\/uploads\/2021\/12\/07-Press-Logo.jpg","contentUrl":"https:\/\/permbledhja.com\/wp-content\/uploads\/2021\/12\/07-Press-Logo.jpg","width":512,"height":512,"caption":"MK Media & Pr"},"image":{"@id":"https:\/\/permbledhja.com\/#\/schema\/logo\/image\/"},"sameAs":["https:\/\/www.facebook.com\/press07\/"]},{"@type":"Person","@id":"https:\/\/permbledhja.com\/#\/schema\/person\/9c54260cbc4c6f792cb100550491638c","name":"DL","image":{"@type":"ImageObject","inLanguage":"sq","@id":"https:\/\/permbledhja.com\/#\/schema\/person\/image\/","url":"https:\/\/secure.gravatar.com\/avatar\/94503eb28d4c4b2005a5c8753e35fc80?s=96&d=mm&r=g","contentUrl":"https:\/\/secure.gravatar.com\/avatar\/94503eb28d4c4b2005a5c8753e35fc80?s=96&d=mm&r=g","caption":"DL"},"url":"https:\/\/permbledhja.com\/sq\/author\/dl\/"}]}},"_links":{"self":[{"href":"https:\/\/permbledhja.com\/sq\/wp-json\/wp\/v2\/posts\/66489"}],"collection":[{"href":"https:\/\/permbledhja.com\/sq\/wp-json\/wp\/v2\/posts"}],"about":[{"href":"https:\/\/permbledhja.com\/sq\/wp-json\/wp\/v2\/types\/post"}],"author":[{"embeddable":true,"href":"https:\/\/permbledhja.com\/sq\/wp-json\/wp\/v2\/users\/5"}],"replies":[{"embeddable":true,"href":"https:\/\/permbledhja.com\/sq\/wp-json\/wp\/v2\/comments?post=66489"}],"version-history":[{"count":1,"href":"https:\/\/permbledhja.com\/sq\/wp-json\/wp\/v2\/posts\/66489\/revisions"}],"predecessor-version":[{"id":66496,"href":"https:\/\/permbledhja.com\/sq\/wp-json\/wp\/v2\/posts\/66489\/revisions\/66496"}],"wp:featuredmedia":[{"embeddable":true,"href":"https:\/\/permbledhja.com\/sq\/wp-json\/wp\/v2\/media\/57578"}],"wp:attachment":[{"href":"https:\/\/permbledhja.com\/sq\/wp-json\/wp\/v2\/media?parent=66489"}],"wp:term":[{"taxonomy":"category","embeddable":true,"href":"https:\/\/permbledhja.com\/sq\/wp-json\/wp\/v2\/categories?post=66489"},{"taxonomy":"post_tag","embeddable":true,"href":"https:\/\/permbledhja.com\/sq\/wp-json\/wp\/v2\/tags?post=66489"}],"curies":[{"name":"wp","href":"https:\/\/api.w.org\/{rel}","templated":true}]}}