{"id":66007,"date":"2024-06-12T10:06:09","date_gmt":"2024-06-12T10:06:09","guid":{"rendered":"https:\/\/permbledhja.com\/?p=66007"},"modified":"2024-06-12T10:06:09","modified_gmt":"2024-06-12T10:06:09","slug":"begaj-per-adem-jasharin-burra-te-tille-rralle-i-linde-historia","status":"publish","type":"post","link":"https:\/\/permbledhja.com\/sq\/begaj-per-adem-jasharin-burra-te-tille-rralle-i-linde-historia\/","title":{"rendered":"Begaj p\u00ebr Adem Jasharin: Burra t\u00eb till\u00eb rrall\u00eb i lind\u00eb historia"},"content":{"rendered":"<h3><strong>Kuvendi i Kosov\u00ebs ka mbajtur seanc\u00eb solemne me rastin e 25 vjetorin e \u00e7lirimit t\u00eb vendit.<\/strong><\/h3>\n<p>Fjalim rasti mbajti edhe presidenti i Shqip\u00ebris\u00eb, Bajram Begaj.<\/p>\n<p>Ai kujtoi kontributin e madh t\u00eb presidentit historik Ibrahim Rugova, e veprimtarin e \u00e7\u00ebshtjes komb\u00ebtare, Adem Dema\u00e7i.<\/p>\n<p>Nuk mbeti pa u p\u00ebrmendur as sakrifica e familjes Jashari, t\u00eb cil\u00ebt i quajti \u201cflakadan\u00eb t\u00eb liris\u00eb\u201d.<\/p>\n<p>\u201cNderojm\u00eb kryetrimin, Adem Jashari, legjend\u00eb e gjall\u00eb e atdhedashuris\u00eb. Burra t\u00eb till\u00eb rrall\u00eb i lind\u00eb historia\u201d, tha Begaj.<\/p>\n<p>I pari i shtetit shqiptar kujtoi edhe trimat e U\u00c7K-s\u00eb nga t\u00eb gjitha trojet shqiptare q\u00eb dhan\u00eb jet\u00ebn p\u00ebr lirin\u00eb e Kosov\u00ebs.<\/p>\n<p>M\u00eb 12 qershor 1999-t\u00eb, trupat e NATO-s hyjn\u00eb n\u00eb Kosov\u00eb duke \u00e7liruar p\u00ebrfundimisht vendin nga okupatori serb.<\/p>\n<p>N\u00eb k\u00ebt\u00eb dit\u00eb u p\u00ebrmbush \u00ebndrra shekullore e popullit t\u00eb Kosov\u00ebs p\u00ebr liri.<\/p>\n","protected":false},"excerpt":{"rendered":"<p>Kuvendi i Kosov\u00ebs ka mbajtur seanc\u00eb solemne me rastin e 25 vjetorin e \u00e7lirimit t\u00eb vendit. Fjalim rasti mbajti edhe presidenti i Shqip\u00ebris\u00eb, Bajram Begaj. Ai kujtoi kontributin e madh t\u00eb presidentit historik Ibrahim Rugova, e veprimtarin e \u00e7\u00ebshtjes komb\u00ebtare, Adem Dema\u00e7i. Nuk mbeti pa u p\u00ebrmendur as sakrifica e familjes Jashari, t\u00eb cil\u00ebt i [&hellip;]<\/p>\n","protected":false},"author":5,"featured_media":56518,"comment_status":"closed","ping_status":"closed","sticky":false,"template":"","format":"standard","meta":{"_monsterinsights_skip_tracking":false,"_monsterinsights_sitenote_active":false,"_monsterinsights_sitenote_note":"","_monsterinsights_sitenote_category":0,"_uf_show_specific_survey":0,"_uf_disable_surveys":false,"footnotes":""},"categories":[15],"tags":[],"yoast_head":"<!-- This site is optimized with the Yoast SEO plugin v21.5 - https:\/\/yoast.com\/wordpress\/plugins\/seo\/ -->\n<title>Begaj p\u00ebr Adem Jasharin: Burra t\u00eb till\u00eb rrall\u00eb i lind\u00eb historia<\/title>\n<meta name=\"robots\" content=\"index, follow, max-snippet:-1, max-image-preview:large, max-video-preview:-1\" \/>\n<link rel=\"canonical\" href=\"https:\/\/permbledhja.com\/sq\/begaj-per-adem-jasharin-burra-te-tille-rralle-i-linde-historia\/\" \/>\n<meta property=\"og:locale\" content=\"sq_AL\" \/>\n<meta property=\"og:type\" content=\"article\" \/>\n<meta property=\"og:title\" content=\"Begaj p\u00ebr Adem Jasharin: Burra t\u00eb till\u00eb rrall\u00eb i lind\u00eb historia\" \/>\n<meta property=\"og:description\" content=\"Kuvendi i Kosov\u00ebs ka mbajtur seanc\u00eb solemne me rastin e 25 vjetorin e \u00e7lirimit t\u00eb vendit. Fjalim rasti mbajti edhe presidenti i Shqip\u00ebris\u00eb, Bajram Begaj. Ai kujtoi kontributin e madh t\u00eb presidentit historik Ibrahim Rugova, e veprimtarin e \u00e7\u00ebshtjes komb\u00ebtare, Adem Dema\u00e7i. Nuk mbeti pa u p\u00ebrmendur as sakrifica e familjes Jashari, t\u00eb cil\u00ebt i [&hellip;]\" \/>\n<meta property=\"og:url\" content=\"https:\/\/permbledhja.com\/sq\/begaj-per-adem-jasharin-burra-te-tille-rralle-i-linde-historia\/\" \/>\n<meta property=\"og:site_name\" content=\"Ve\u00e7 artikuj p\u00ebrmbledh\u00ebs\" \/>\n<meta property=\"article:publisher\" content=\"https:\/\/www.facebook.com\/press07\/\" \/>\n<meta property=\"article:published_time\" content=\"2024-06-12T10:06:09+00:00\" \/>\n<meta property=\"og:image\" content=\"https:\/\/permbledhja.com\/wp-content\/uploads\/2024\/04\/begaj1.png\" \/>\n\t<meta property=\"og:image:width\" content=\"793\" \/>\n\t<meta property=\"og:image:height\" content=\"454\" \/>\n\t<meta property=\"og:image:type\" content=\"image\/png\" \/>\n<meta name=\"author\" content=\"DL\" \/>\n<meta name=\"twitter:card\" content=\"summary_large_image\" \/>\n<meta name=\"twitter:label1\" content=\"Written by\" \/>\n\t<meta name=\"twitter:data1\" content=\"DL\" \/>\n\t<meta name=\"twitter:label2\" content=\"Est. reading time\" \/>\n\t<meta name=\"twitter:data2\" content=\"1 minut\u00eb\" \/>\n<script type=\"application\/ld+json\" class=\"yoast-schema-graph\">{\"@context\":\"https:\/\/schema.org\",\"@graph\":[{\"@type\":\"Article\",\"@id\":\"https:\/\/permbledhja.com\/sq\/begaj-per-adem-jasharin-burra-te-tille-rralle-i-linde-historia\/#article\",\"isPartOf\":{\"@id\":\"https:\/\/permbledhja.com\/sq\/begaj-per-adem-jasharin-burra-te-tille-rralle-i-linde-historia\/\"},\"author\":{\"name\":\"DL\",\"@id\":\"https:\/\/permbledhja.com\/#\/schema\/person\/9c54260cbc4c6f792cb100550491638c\"},\"headline\":\"Begaj p\u00ebr Adem Jasharin: Burra t\u00eb till\u00eb rrall\u00eb i lind\u00eb historia\",\"datePublished\":\"2024-06-12T10:06:09+00:00\",\"dateModified\":\"2024-06-12T10:06:09+00:00\",\"mainEntityOfPage\":{\"@id\":\"https:\/\/permbledhja.com\/sq\/begaj-per-adem-jasharin-burra-te-tille-rralle-i-linde-historia\/\"},\"wordCount\":154,\"publisher\":{\"@id\":\"https:\/\/permbledhja.com\/#organization\"},\"articleSection\":[\"Lajme\"],\"inLanguage\":\"sq\"},{\"@type\":\"WebPage\",\"@id\":\"https:\/\/permbledhja.com\/sq\/begaj-per-adem-jasharin-burra-te-tille-rralle-i-linde-historia\/\",\"url\":\"https:\/\/permbledhja.com\/sq\/begaj-per-adem-jasharin-burra-te-tille-rralle-i-linde-historia\/\",\"name\":\"Begaj p\u00ebr Adem Jasharin: Burra t\u00eb till\u00eb rrall\u00eb i lind\u00eb historia\",\"isPartOf\":{\"@id\":\"https:\/\/permbledhja.com\/#website\"},\"datePublished\":\"2024-06-12T10:06:09+00:00\",\"dateModified\":\"2024-06-12T10:06:09+00:00\",\"breadcrumb\":{\"@id\":\"https:\/\/permbledhja.com\/sq\/begaj-per-adem-jasharin-burra-te-tille-rralle-i-linde-historia\/#breadcrumb\"},\"inLanguage\":\"sq\",\"potentialAction\":[{\"@type\":\"ReadAction\",\"target\":[\"https:\/\/permbledhja.com\/sq\/begaj-per-adem-jasharin-burra-te-tille-rralle-i-linde-historia\/\"]}]},{\"@type\":\"BreadcrumbList\",\"@id\":\"https:\/\/permbledhja.com\/sq\/begaj-per-adem-jasharin-burra-te-tille-rralle-i-linde-historia\/#breadcrumb\",\"itemListElement\":[{\"@type\":\"ListItem\",\"position\":1,\"name\":\"Ballina\",\"item\":\"https:\/\/permbledhja.com\/sq\/\"},{\"@type\":\"ListItem\",\"position\":2,\"name\":\"Begaj p\u00ebr Adem Jasharin: Burra t\u00eb till\u00eb rrall\u00eb i lind\u00eb historia\"}]},{\"@type\":\"WebSite\",\"@id\":\"https:\/\/permbledhja.com\/#website\",\"url\":\"https:\/\/permbledhja.com\/\",\"name\":\"Ve\u00e7 artikuj p\u00ebrmbledh\u00ebs\",\"description\":\"\",\"publisher\":{\"@id\":\"https:\/\/permbledhja.com\/#organization\"},\"potentialAction\":[{\"@type\":\"SearchAction\",\"target\":{\"@type\":\"EntryPoint\",\"urlTemplate\":\"https:\/\/permbledhja.com\/?s={search_term_string}\"},\"query-input\":\"required name=search_term_string\"}],\"inLanguage\":\"sq\"},{\"@type\":\"Organization\",\"@id\":\"https:\/\/permbledhja.com\/#organization\",\"name\":\"MK Media & Pr\",\"url\":\"https:\/\/permbledhja.com\/\",\"logo\":{\"@type\":\"ImageObject\",\"inLanguage\":\"sq\",\"@id\":\"https:\/\/permbledhja.com\/#\/schema\/logo\/image\/\",\"url\":\"https:\/\/permbledhja.com\/wp-content\/uploads\/2021\/12\/07-Press-Logo.jpg\",\"contentUrl\":\"https:\/\/permbledhja.com\/wp-content\/uploads\/2021\/12\/07-Press-Logo.jpg\",\"width\":512,\"height\":512,\"caption\":\"MK Media & Pr\"},\"image\":{\"@id\":\"https:\/\/permbledhja.com\/#\/schema\/logo\/image\/\"},\"sameAs\":[\"https:\/\/www.facebook.com\/press07\/\"]},{\"@type\":\"Person\",\"@id\":\"https:\/\/permbledhja.com\/#\/schema\/person\/9c54260cbc4c6f792cb100550491638c\",\"name\":\"DL\",\"image\":{\"@type\":\"ImageObject\",\"inLanguage\":\"sq\",\"@id\":\"https:\/\/permbledhja.com\/#\/schema\/person\/image\/\",\"url\":\"https:\/\/secure.gravatar.com\/avatar\/94503eb28d4c4b2005a5c8753e35fc80?s=96&d=mm&r=g\",\"contentUrl\":\"https:\/\/secure.gravatar.com\/avatar\/94503eb28d4c4b2005a5c8753e35fc80?s=96&d=mm&r=g\",\"caption\":\"DL\"},\"url\":\"https:\/\/permbledhja.com\/sq\/author\/dl\/\"}]}<\/script>\n<!-- \/ Yoast SEO plugin. -->","yoast_head_json":{"title":"Begaj p\u00ebr Adem Jasharin: Burra t\u00eb till\u00eb rrall\u00eb i lind\u00eb historia","robots":{"index":"index","follow":"follow","max-snippet":"max-snippet:-1","max-image-preview":"max-image-preview:large","max-video-preview":"max-video-preview:-1"},"canonical":"https:\/\/permbledhja.com\/sq\/begaj-per-adem-jasharin-burra-te-tille-rralle-i-linde-historia\/","og_locale":"sq_AL","og_type":"article","og_title":"Begaj p\u00ebr Adem Jasharin: Burra t\u00eb till\u00eb rrall\u00eb i lind\u00eb historia","og_description":"Kuvendi i Kosov\u00ebs ka mbajtur seanc\u00eb solemne me rastin e 25 vjetorin e \u00e7lirimit t\u00eb vendit. Fjalim rasti mbajti edhe presidenti i Shqip\u00ebris\u00eb, Bajram Begaj. Ai kujtoi kontributin e madh t\u00eb presidentit historik Ibrahim Rugova, e veprimtarin e \u00e7\u00ebshtjes komb\u00ebtare, Adem Dema\u00e7i. Nuk mbeti pa u p\u00ebrmendur as sakrifica e familjes Jashari, t\u00eb cil\u00ebt i [&hellip;]","og_url":"https:\/\/permbledhja.com\/sq\/begaj-per-adem-jasharin-burra-te-tille-rralle-i-linde-historia\/","og_site_name":"Ve\u00e7 artikuj p\u00ebrmbledh\u00ebs","article_publisher":"https:\/\/www.facebook.com\/press07\/","article_published_time":"2024-06-12T10:06:09+00:00","og_image":[{"width":793,"height":454,"url":"https:\/\/permbledhja.com\/wp-content\/uploads\/2024\/04\/begaj1.png","type":"image\/png"}],"author":"DL","twitter_card":"summary_large_image","twitter_misc":{"Written by":"DL","Est. reading time":"1 minut\u00eb"},"schema":{"@context":"https:\/\/schema.org","@graph":[{"@type":"Article","@id":"https:\/\/permbledhja.com\/sq\/begaj-per-adem-jasharin-burra-te-tille-rralle-i-linde-historia\/#article","isPartOf":{"@id":"https:\/\/permbledhja.com\/sq\/begaj-per-adem-jasharin-burra-te-tille-rralle-i-linde-historia\/"},"author":{"name":"DL","@id":"https:\/\/permbledhja.com\/#\/schema\/person\/9c54260cbc4c6f792cb100550491638c"},"headline":"Begaj p\u00ebr Adem Jasharin: Burra t\u00eb till\u00eb rrall\u00eb i lind\u00eb historia","datePublished":"2024-06-12T10:06:09+00:00","dateModified":"2024-06-12T10:06:09+00:00","mainEntityOfPage":{"@id":"https:\/\/permbledhja.com\/sq\/begaj-per-adem-jasharin-burra-te-tille-rralle-i-linde-historia\/"},"wordCount":154,"publisher":{"@id":"https:\/\/permbledhja.com\/#organization"},"articleSection":["Lajme"],"inLanguage":"sq"},{"@type":"WebPage","@id":"https:\/\/permbledhja.com\/sq\/begaj-per-adem-jasharin-burra-te-tille-rralle-i-linde-historia\/","url":"https:\/\/permbledhja.com\/sq\/begaj-per-adem-jasharin-burra-te-tille-rralle-i-linde-historia\/","name":"Begaj p\u00ebr Adem Jasharin: Burra t\u00eb till\u00eb rrall\u00eb i lind\u00eb historia","isPartOf":{"@id":"https:\/\/permbledhja.com\/#website"},"datePublished":"2024-06-12T10:06:09+00:00","dateModified":"2024-06-12T10:06:09+00:00","breadcrumb":{"@id":"https:\/\/permbledhja.com\/sq\/begaj-per-adem-jasharin-burra-te-tille-rralle-i-linde-historia\/#breadcrumb"},"inLanguage":"sq","potentialAction":[{"@type":"ReadAction","target":["https:\/\/permbledhja.com\/sq\/begaj-per-adem-jasharin-burra-te-tille-rralle-i-linde-historia\/"]}]},{"@type":"BreadcrumbList","@id":"https:\/\/permbledhja.com\/sq\/begaj-per-adem-jasharin-burra-te-tille-rralle-i-linde-historia\/#breadcrumb","itemListElement":[{"@type":"ListItem","position":1,"name":"Ballina","item":"https:\/\/permbledhja.com\/sq\/"},{"@type":"ListItem","position":2,"name":"Begaj p\u00ebr Adem Jasharin: Burra t\u00eb till\u00eb rrall\u00eb i lind\u00eb historia"}]},{"@type":"WebSite","@id":"https:\/\/permbledhja.com\/#website","url":"https:\/\/permbledhja.com\/","name":"Ve\u00e7 artikuj p\u00ebrmbledh\u00ebs","description":"","publisher":{"@id":"https:\/\/permbledhja.com\/#organization"},"potentialAction":[{"@type":"SearchAction","target":{"@type":"EntryPoint","urlTemplate":"https:\/\/permbledhja.com\/?s={search_term_string}"},"query-input":"required name=search_term_string"}],"inLanguage":"sq"},{"@type":"Organization","@id":"https:\/\/permbledhja.com\/#organization","name":"MK Media & Pr","url":"https:\/\/permbledhja.com\/","logo":{"@type":"ImageObject","inLanguage":"sq","@id":"https:\/\/permbledhja.com\/#\/schema\/logo\/image\/","url":"https:\/\/permbledhja.com\/wp-content\/uploads\/2021\/12\/07-Press-Logo.jpg","contentUrl":"https:\/\/permbledhja.com\/wp-content\/uploads\/2021\/12\/07-Press-Logo.jpg","width":512,"height":512,"caption":"MK Media & Pr"},"image":{"@id":"https:\/\/permbledhja.com\/#\/schema\/logo\/image\/"},"sameAs":["https:\/\/www.facebook.com\/press07\/"]},{"@type":"Person","@id":"https:\/\/permbledhja.com\/#\/schema\/person\/9c54260cbc4c6f792cb100550491638c","name":"DL","image":{"@type":"ImageObject","inLanguage":"sq","@id":"https:\/\/permbledhja.com\/#\/schema\/person\/image\/","url":"https:\/\/secure.gravatar.com\/avatar\/94503eb28d4c4b2005a5c8753e35fc80?s=96&d=mm&r=g","contentUrl":"https:\/\/secure.gravatar.com\/avatar\/94503eb28d4c4b2005a5c8753e35fc80?s=96&d=mm&r=g","caption":"DL"},"url":"https:\/\/permbledhja.com\/sq\/author\/dl\/"}]}},"_links":{"self":[{"href":"https:\/\/permbledhja.com\/sq\/wp-json\/wp\/v2\/posts\/66007"}],"collection":[{"href":"https:\/\/permbledhja.com\/sq\/wp-json\/wp\/v2\/posts"}],"about":[{"href":"https:\/\/permbledhja.com\/sq\/wp-json\/wp\/v2\/types\/post"}],"author":[{"embeddable":true,"href":"https:\/\/permbledhja.com\/sq\/wp-json\/wp\/v2\/users\/5"}],"replies":[{"embeddable":true,"href":"https:\/\/permbledhja.com\/sq\/wp-json\/wp\/v2\/comments?post=66007"}],"version-history":[{"count":1,"href":"https:\/\/permbledhja.com\/sq\/wp-json\/wp\/v2\/posts\/66007\/revisions"}],"predecessor-version":[{"id":66012,"href":"https:\/\/permbledhja.com\/sq\/wp-json\/wp\/v2\/posts\/66007\/revisions\/66012"}],"wp:featuredmedia":[{"embeddable":true,"href":"https:\/\/permbledhja.com\/sq\/wp-json\/wp\/v2\/media\/56518"}],"wp:attachment":[{"href":"https:\/\/permbledhja.com\/sq\/wp-json\/wp\/v2\/media?parent=66007"}],"wp:term":[{"taxonomy":"category","embeddable":true,"href":"https:\/\/permbledhja.com\/sq\/wp-json\/wp\/v2\/categories?post=66007"},{"taxonomy":"post_tag","embeddable":true,"href":"https:\/\/permbledhja.com\/sq\/wp-json\/wp\/v2\/tags?post=66007"}],"curies":[{"name":"wp","href":"https:\/\/api.w.org\/{rel}","templated":true}]}}