{"id":65791,"date":"2024-06-10T13:56:24","date_gmt":"2024-06-10T13:56:24","guid":{"rendered":"https:\/\/permbledhja.com\/?p=65791"},"modified":"2024-06-10T13:56:24","modified_gmt":"2024-06-10T13:56:24","slug":"kurti-nevojiten-botime-akademike-per-gjithcka-qe-ka-ndodhur-ne-lufte","status":"publish","type":"post","link":"https:\/\/permbledhja.com\/sq\/kurti-nevojiten-botime-akademike-per-gjithcka-qe-ka-ndodhur-ne-lufte\/","title":{"rendered":"Kurti: Nevojiten botime akademike p\u00ebr gjith\u00e7ka q\u00eb ka ndodhur n\u00eb luft\u00eb"},"content":{"rendered":"<h3>Kryeministri i Kosov\u00ebs, Albin Kurti, ka th\u00ebn\u00eb se nevojiten botime akademike p\u00ebr gjith\u00e7ka q\u00eb ka ndodhur n\u00eb luft\u00ebn e fundit. K\u00ebt\u00eb deklarat\u00eb ai e ka b\u00ebr\u00eb n\u00eb konferenc\u00ebn shkencore p\u00ebr 25-vjetorin e nd\u00ebrhyrjes s\u00eb NATO-s dhe \u00c7lirimit t\u00eb Kosov\u00ebs me tem\u00ebn: \u201cNj\u00eb \u00e7erek shekulli shtetnd\u00ebrtim, sfida dhe arritje- qasje multidisiplinare\u201d.<\/h3>\n<p>Ai ka th\u00ebn\u00eb se si shoq\u00ebri dhe shtet kemi nevoj\u00eb p\u00ebr narracione t\u00eb v\u00ebrteta botime akademike p\u00ebr gjith\u00e7ka ka ndodhur n\u00eb luft\u00eb, nd\u00ebrsa ka uruar q\u00eb Kosova t\u00eb jet\u00eb gjithmon\u00eb e lir\u00eb.<\/p>\n<p>\u201c35 vjet m\u00eb par\u00eb n\u00eb mes te muajit qershor t\u00eb vitit 1999, populli i Kosov\u00ebs po i p\u00ebrjetonte dit\u00ebt e fundit t\u00eb luft\u00ebs dhe dit\u00ebt para t\u00eb liris\u00eb. Akademit\u00eb p\u00ebrkujtimore deri tani m\u00eb shum\u00eb kan\u00eb qen\u00eb faktografike se shkencore\u201d.<\/p>\n<p>\u201cNe si shoq\u00ebri dhe shtet kemi nevoj\u00eb p\u00ebr narracione t\u00eb v\u00ebrteta botime akademike p\u00ebr gjith\u00e7ka ka ndodhur n\u00eb luft\u00eb. Duke iu uruar mbar\u00ebsi n\u00eb k\u00ebt\u00eb konferenc\u00eb urime 25 vjetori i \u00e7lirimit, e pa\u00e7im Kosov\u00ebn gjithmon\u00eb t\u00eb lir\u00eb\u201d, tha Kurti.<\/p>\n<div>\n<div id=\"div-gpt-ad-1634289484286-0\" data-google-query-id=\"CL76yI3N0IYDFVWv_QcdBigMIw\"><\/div>\n<\/div>\n","protected":false},"excerpt":{"rendered":"<p>Kryeministri i Kosov\u00ebs, Albin Kurti, ka th\u00ebn\u00eb se nevojiten botime akademike p\u00ebr gjith\u00e7ka q\u00eb ka ndodhur n\u00eb luft\u00ebn e fundit. K\u00ebt\u00eb deklarat\u00eb ai e ka b\u00ebr\u00eb n\u00eb konferenc\u00ebn shkencore p\u00ebr 25-vjetorin e nd\u00ebrhyrjes s\u00eb NATO-s dhe \u00c7lirimit t\u00eb Kosov\u00ebs me tem\u00ebn: \u201cNj\u00eb \u00e7erek shekulli shtetnd\u00ebrtim, sfida dhe arritje- qasje multidisiplinare\u201d. Ai ka th\u00ebn\u00eb se si [&hellip;]<\/p>\n","protected":false},"author":5,"featured_media":64695,"comment_status":"closed","ping_status":"closed","sticky":false,"template":"","format":"standard","meta":{"_monsterinsights_skip_tracking":false,"_monsterinsights_sitenote_active":false,"_monsterinsights_sitenote_note":"","_monsterinsights_sitenote_category":0,"_uf_show_specific_survey":0,"_uf_disable_surveys":false,"footnotes":""},"categories":[15],"tags":[],"yoast_head":"<!-- This site is optimized with the Yoast SEO plugin v21.5 - https:\/\/yoast.com\/wordpress\/plugins\/seo\/ -->\n<title>Kurti: Nevojiten botime akademike p\u00ebr gjith\u00e7ka q\u00eb ka ndodhur n\u00eb luft\u00eb<\/title>\n<meta name=\"robots\" content=\"index, follow, max-snippet:-1, max-image-preview:large, max-video-preview:-1\" \/>\n<link rel=\"canonical\" href=\"https:\/\/permbledhja.com\/sq\/kurti-nevojiten-botime-akademike-per-gjithcka-qe-ka-ndodhur-ne-lufte\/\" \/>\n<meta property=\"og:locale\" content=\"sq_AL\" \/>\n<meta property=\"og:type\" content=\"article\" \/>\n<meta property=\"og:title\" content=\"Kurti: Nevojiten botime akademike p\u00ebr gjith\u00e7ka q\u00eb ka ndodhur n\u00eb luft\u00eb\" \/>\n<meta property=\"og:description\" content=\"Kryeministri i Kosov\u00ebs, Albin Kurti, ka th\u00ebn\u00eb se nevojiten botime akademike p\u00ebr gjith\u00e7ka q\u00eb ka ndodhur n\u00eb luft\u00ebn e fundit. K\u00ebt\u00eb deklarat\u00eb ai e ka b\u00ebr\u00eb n\u00eb konferenc\u00ebn shkencore p\u00ebr 25-vjetorin e nd\u00ebrhyrjes s\u00eb NATO-s dhe \u00c7lirimit t\u00eb Kosov\u00ebs me tem\u00ebn: \u201cNj\u00eb \u00e7erek shekulli shtetnd\u00ebrtim, sfida dhe arritje- qasje multidisiplinare\u201d. Ai ka th\u00ebn\u00eb se si [&hellip;]\" \/>\n<meta property=\"og:url\" content=\"https:\/\/permbledhja.com\/sq\/kurti-nevojiten-botime-akademike-per-gjithcka-qe-ka-ndodhur-ne-lufte\/\" \/>\n<meta property=\"og:site_name\" content=\"Ve\u00e7 artikuj p\u00ebrmbledh\u00ebs\" \/>\n<meta property=\"article:publisher\" content=\"https:\/\/www.facebook.com\/press07\/\" \/>\n<meta property=\"article:published_time\" content=\"2024-06-10T13:56:24+00:00\" \/>\n<meta property=\"og:image\" content=\"https:\/\/permbledhja.com\/wp-content\/uploads\/2024\/05\/albin-kurti-km.jpg\" \/>\n\t<meta property=\"og:image:width\" content=\"700\" \/>\n\t<meta property=\"og:image:height\" content=\"394\" \/>\n\t<meta property=\"og:image:type\" content=\"image\/jpeg\" \/>\n<meta name=\"author\" content=\"DL\" \/>\n<meta name=\"twitter:card\" content=\"summary_large_image\" \/>\n<meta name=\"twitter:label1\" content=\"Written by\" \/>\n\t<meta name=\"twitter:data1\" content=\"DL\" \/>\n\t<meta name=\"twitter:label2\" content=\"Est. reading time\" \/>\n\t<meta name=\"twitter:data2\" content=\"1 minut\u00eb\" \/>\n<script type=\"application\/ld+json\" class=\"yoast-schema-graph\">{\"@context\":\"https:\/\/schema.org\",\"@graph\":[{\"@type\":\"Article\",\"@id\":\"https:\/\/permbledhja.com\/kurti-nevojiten-botime-akademike-per-gjithcka-qe-ka-ndodhur-ne-lufte\/#article\",\"isPartOf\":{\"@id\":\"https:\/\/permbledhja.com\/kurti-nevojiten-botime-akademike-per-gjithcka-qe-ka-ndodhur-ne-lufte\/\"},\"author\":{\"name\":\"DL\",\"@id\":\"https:\/\/permbledhja.com\/#\/schema\/person\/9c54260cbc4c6f792cb100550491638c\"},\"headline\":\"Kurti: Nevojiten botime akademike p\u00ebr gjith\u00e7ka q\u00eb ka ndodhur n\u00eb luft\u00eb\",\"datePublished\":\"2024-06-10T13:56:24+00:00\",\"dateModified\":\"2024-06-10T13:56:24+00:00\",\"mainEntityOfPage\":{\"@id\":\"https:\/\/permbledhja.com\/kurti-nevojiten-botime-akademike-per-gjithcka-qe-ka-ndodhur-ne-lufte\/\"},\"wordCount\":205,\"publisher\":{\"@id\":\"https:\/\/permbledhja.com\/#organization\"},\"articleSection\":[\"Lajme\"],\"inLanguage\":\"sq\"},{\"@type\":\"WebPage\",\"@id\":\"https:\/\/permbledhja.com\/kurti-nevojiten-botime-akademike-per-gjithcka-qe-ka-ndodhur-ne-lufte\/\",\"url\":\"https:\/\/permbledhja.com\/kurti-nevojiten-botime-akademike-per-gjithcka-qe-ka-ndodhur-ne-lufte\/\",\"name\":\"Kurti: Nevojiten botime akademike p\u00ebr gjith\u00e7ka q\u00eb ka ndodhur n\u00eb luft\u00eb\",\"isPartOf\":{\"@id\":\"https:\/\/permbledhja.com\/#website\"},\"datePublished\":\"2024-06-10T13:56:24+00:00\",\"dateModified\":\"2024-06-10T13:56:24+00:00\",\"breadcrumb\":{\"@id\":\"https:\/\/permbledhja.com\/kurti-nevojiten-botime-akademike-per-gjithcka-qe-ka-ndodhur-ne-lufte\/#breadcrumb\"},\"inLanguage\":\"sq\",\"potentialAction\":[{\"@type\":\"ReadAction\",\"target\":[\"https:\/\/permbledhja.com\/kurti-nevojiten-botime-akademike-per-gjithcka-qe-ka-ndodhur-ne-lufte\/\"]}]},{\"@type\":\"BreadcrumbList\",\"@id\":\"https:\/\/permbledhja.com\/kurti-nevojiten-botime-akademike-per-gjithcka-qe-ka-ndodhur-ne-lufte\/#breadcrumb\",\"itemListElement\":[{\"@type\":\"ListItem\",\"position\":1,\"name\":\"Ballina\",\"item\":\"https:\/\/permbledhja.com\/sq\/\"},{\"@type\":\"ListItem\",\"position\":2,\"name\":\"Kurti: Nevojiten botime akademike p\u00ebr gjith\u00e7ka q\u00eb ka ndodhur n\u00eb luft\u00eb\"}]},{\"@type\":\"WebSite\",\"@id\":\"https:\/\/permbledhja.com\/#website\",\"url\":\"https:\/\/permbledhja.com\/\",\"name\":\"Ve\u00e7 artikuj p\u00ebrmbledh\u00ebs\",\"description\":\"\",\"publisher\":{\"@id\":\"https:\/\/permbledhja.com\/#organization\"},\"potentialAction\":[{\"@type\":\"SearchAction\",\"target\":{\"@type\":\"EntryPoint\",\"urlTemplate\":\"https:\/\/permbledhja.com\/?s={search_term_string}\"},\"query-input\":\"required name=search_term_string\"}],\"inLanguage\":\"sq\"},{\"@type\":\"Organization\",\"@id\":\"https:\/\/permbledhja.com\/#organization\",\"name\":\"MK Media & Pr\",\"url\":\"https:\/\/permbledhja.com\/\",\"logo\":{\"@type\":\"ImageObject\",\"inLanguage\":\"sq\",\"@id\":\"https:\/\/permbledhja.com\/#\/schema\/logo\/image\/\",\"url\":\"https:\/\/permbledhja.com\/wp-content\/uploads\/2021\/12\/07-Press-Logo.jpg\",\"contentUrl\":\"https:\/\/permbledhja.com\/wp-content\/uploads\/2021\/12\/07-Press-Logo.jpg\",\"width\":512,\"height\":512,\"caption\":\"MK Media & Pr\"},\"image\":{\"@id\":\"https:\/\/permbledhja.com\/#\/schema\/logo\/image\/\"},\"sameAs\":[\"https:\/\/www.facebook.com\/press07\/\"]},{\"@type\":\"Person\",\"@id\":\"https:\/\/permbledhja.com\/#\/schema\/person\/9c54260cbc4c6f792cb100550491638c\",\"name\":\"DL\",\"image\":{\"@type\":\"ImageObject\",\"inLanguage\":\"sq\",\"@id\":\"https:\/\/permbledhja.com\/#\/schema\/person\/image\/\",\"url\":\"https:\/\/secure.gravatar.com\/avatar\/94503eb28d4c4b2005a5c8753e35fc80?s=96&d=mm&r=g\",\"contentUrl\":\"https:\/\/secure.gravatar.com\/avatar\/94503eb28d4c4b2005a5c8753e35fc80?s=96&d=mm&r=g\",\"caption\":\"DL\"},\"url\":\"https:\/\/permbledhja.com\/sq\/author\/dl\/\"}]}<\/script>\n<!-- \/ Yoast SEO plugin. -->","yoast_head_json":{"title":"Kurti: Nevojiten botime akademike p\u00ebr gjith\u00e7ka q\u00eb ka ndodhur n\u00eb luft\u00eb","robots":{"index":"index","follow":"follow","max-snippet":"max-snippet:-1","max-image-preview":"max-image-preview:large","max-video-preview":"max-video-preview:-1"},"canonical":"https:\/\/permbledhja.com\/sq\/kurti-nevojiten-botime-akademike-per-gjithcka-qe-ka-ndodhur-ne-lufte\/","og_locale":"sq_AL","og_type":"article","og_title":"Kurti: Nevojiten botime akademike p\u00ebr gjith\u00e7ka q\u00eb ka ndodhur n\u00eb luft\u00eb","og_description":"Kryeministri i Kosov\u00ebs, Albin Kurti, ka th\u00ebn\u00eb se nevojiten botime akademike p\u00ebr gjith\u00e7ka q\u00eb ka ndodhur n\u00eb luft\u00ebn e fundit. K\u00ebt\u00eb deklarat\u00eb ai e ka b\u00ebr\u00eb n\u00eb konferenc\u00ebn shkencore p\u00ebr 25-vjetorin e nd\u00ebrhyrjes s\u00eb NATO-s dhe \u00c7lirimit t\u00eb Kosov\u00ebs me tem\u00ebn: \u201cNj\u00eb \u00e7erek shekulli shtetnd\u00ebrtim, sfida dhe arritje- qasje multidisiplinare\u201d. Ai ka th\u00ebn\u00eb se si [&hellip;]","og_url":"https:\/\/permbledhja.com\/sq\/kurti-nevojiten-botime-akademike-per-gjithcka-qe-ka-ndodhur-ne-lufte\/","og_site_name":"Ve\u00e7 artikuj p\u00ebrmbledh\u00ebs","article_publisher":"https:\/\/www.facebook.com\/press07\/","article_published_time":"2024-06-10T13:56:24+00:00","og_image":[{"width":700,"height":394,"url":"https:\/\/permbledhja.com\/wp-content\/uploads\/2024\/05\/albin-kurti-km.jpg","type":"image\/jpeg"}],"author":"DL","twitter_card":"summary_large_image","twitter_misc":{"Written by":"DL","Est. reading time":"1 minut\u00eb"},"schema":{"@context":"https:\/\/schema.org","@graph":[{"@type":"Article","@id":"https:\/\/permbledhja.com\/kurti-nevojiten-botime-akademike-per-gjithcka-qe-ka-ndodhur-ne-lufte\/#article","isPartOf":{"@id":"https:\/\/permbledhja.com\/kurti-nevojiten-botime-akademike-per-gjithcka-qe-ka-ndodhur-ne-lufte\/"},"author":{"name":"DL","@id":"https:\/\/permbledhja.com\/#\/schema\/person\/9c54260cbc4c6f792cb100550491638c"},"headline":"Kurti: Nevojiten botime akademike p\u00ebr gjith\u00e7ka q\u00eb ka ndodhur n\u00eb luft\u00eb","datePublished":"2024-06-10T13:56:24+00:00","dateModified":"2024-06-10T13:56:24+00:00","mainEntityOfPage":{"@id":"https:\/\/permbledhja.com\/kurti-nevojiten-botime-akademike-per-gjithcka-qe-ka-ndodhur-ne-lufte\/"},"wordCount":205,"publisher":{"@id":"https:\/\/permbledhja.com\/#organization"},"articleSection":["Lajme"],"inLanguage":"sq"},{"@type":"WebPage","@id":"https:\/\/permbledhja.com\/kurti-nevojiten-botime-akademike-per-gjithcka-qe-ka-ndodhur-ne-lufte\/","url":"https:\/\/permbledhja.com\/kurti-nevojiten-botime-akademike-per-gjithcka-qe-ka-ndodhur-ne-lufte\/","name":"Kurti: Nevojiten botime akademike p\u00ebr gjith\u00e7ka q\u00eb ka ndodhur n\u00eb luft\u00eb","isPartOf":{"@id":"https:\/\/permbledhja.com\/#website"},"datePublished":"2024-06-10T13:56:24+00:00","dateModified":"2024-06-10T13:56:24+00:00","breadcrumb":{"@id":"https:\/\/permbledhja.com\/kurti-nevojiten-botime-akademike-per-gjithcka-qe-ka-ndodhur-ne-lufte\/#breadcrumb"},"inLanguage":"sq","potentialAction":[{"@type":"ReadAction","target":["https:\/\/permbledhja.com\/kurti-nevojiten-botime-akademike-per-gjithcka-qe-ka-ndodhur-ne-lufte\/"]}]},{"@type":"BreadcrumbList","@id":"https:\/\/permbledhja.com\/kurti-nevojiten-botime-akademike-per-gjithcka-qe-ka-ndodhur-ne-lufte\/#breadcrumb","itemListElement":[{"@type":"ListItem","position":1,"name":"Ballina","item":"https:\/\/permbledhja.com\/sq\/"},{"@type":"ListItem","position":2,"name":"Kurti: Nevojiten botime akademike p\u00ebr gjith\u00e7ka q\u00eb ka ndodhur n\u00eb luft\u00eb"}]},{"@type":"WebSite","@id":"https:\/\/permbledhja.com\/#website","url":"https:\/\/permbledhja.com\/","name":"Ve\u00e7 artikuj p\u00ebrmbledh\u00ebs","description":"","publisher":{"@id":"https:\/\/permbledhja.com\/#organization"},"potentialAction":[{"@type":"SearchAction","target":{"@type":"EntryPoint","urlTemplate":"https:\/\/permbledhja.com\/?s={search_term_string}"},"query-input":"required name=search_term_string"}],"inLanguage":"sq"},{"@type":"Organization","@id":"https:\/\/permbledhja.com\/#organization","name":"MK Media & Pr","url":"https:\/\/permbledhja.com\/","logo":{"@type":"ImageObject","inLanguage":"sq","@id":"https:\/\/permbledhja.com\/#\/schema\/logo\/image\/","url":"https:\/\/permbledhja.com\/wp-content\/uploads\/2021\/12\/07-Press-Logo.jpg","contentUrl":"https:\/\/permbledhja.com\/wp-content\/uploads\/2021\/12\/07-Press-Logo.jpg","width":512,"height":512,"caption":"MK Media & Pr"},"image":{"@id":"https:\/\/permbledhja.com\/#\/schema\/logo\/image\/"},"sameAs":["https:\/\/www.facebook.com\/press07\/"]},{"@type":"Person","@id":"https:\/\/permbledhja.com\/#\/schema\/person\/9c54260cbc4c6f792cb100550491638c","name":"DL","image":{"@type":"ImageObject","inLanguage":"sq","@id":"https:\/\/permbledhja.com\/#\/schema\/person\/image\/","url":"https:\/\/secure.gravatar.com\/avatar\/94503eb28d4c4b2005a5c8753e35fc80?s=96&d=mm&r=g","contentUrl":"https:\/\/secure.gravatar.com\/avatar\/94503eb28d4c4b2005a5c8753e35fc80?s=96&d=mm&r=g","caption":"DL"},"url":"https:\/\/permbledhja.com\/sq\/author\/dl\/"}]}},"_links":{"self":[{"href":"https:\/\/permbledhja.com\/sq\/wp-json\/wp\/v2\/posts\/65791"}],"collection":[{"href":"https:\/\/permbledhja.com\/sq\/wp-json\/wp\/v2\/posts"}],"about":[{"href":"https:\/\/permbledhja.com\/sq\/wp-json\/wp\/v2\/types\/post"}],"author":[{"embeddable":true,"href":"https:\/\/permbledhja.com\/sq\/wp-json\/wp\/v2\/users\/5"}],"replies":[{"embeddable":true,"href":"https:\/\/permbledhja.com\/sq\/wp-json\/wp\/v2\/comments?post=65791"}],"version-history":[{"count":1,"href":"https:\/\/permbledhja.com\/sq\/wp-json\/wp\/v2\/posts\/65791\/revisions"}],"predecessor-version":[{"id":65793,"href":"https:\/\/permbledhja.com\/sq\/wp-json\/wp\/v2\/posts\/65791\/revisions\/65793"}],"wp:featuredmedia":[{"embeddable":true,"href":"https:\/\/permbledhja.com\/sq\/wp-json\/wp\/v2\/media\/64695"}],"wp:attachment":[{"href":"https:\/\/permbledhja.com\/sq\/wp-json\/wp\/v2\/media?parent=65791"}],"wp:term":[{"taxonomy":"category","embeddable":true,"href":"https:\/\/permbledhja.com\/sq\/wp-json\/wp\/v2\/categories?post=65791"},{"taxonomy":"post_tag","embeddable":true,"href":"https:\/\/permbledhja.com\/sq\/wp-json\/wp\/v2\/tags?post=65791"}],"curies":[{"name":"wp","href":"https:\/\/api.w.org\/{rel}","templated":true}]}}