{"id":65755,"date":"2024-06-10T09:47:37","date_gmt":"2024-06-10T09:47:37","guid":{"rendered":"https:\/\/permbledhja.com\/?p=65755"},"modified":"2024-06-10T09:47:37","modified_gmt":"2024-06-10T09:47:37","slug":"abdixhiku-per-ne-perendimi-nuk-eshte-deshira-jone-eshte-identiteti-yne-autokton","status":"publish","type":"post","link":"https:\/\/permbledhja.com\/sq\/abdixhiku-per-ne-perendimi-nuk-eshte-deshira-jone-eshte-identiteti-yne-autokton\/","title":{"rendered":"Abdixhiku: P\u00ebr ne, Per\u00ebndimi nuk \u00ebsht\u00eb d\u00ebshira jon\u00eb, \u00ebsht\u00eb identiteti yn\u00eb autokton"},"content":{"rendered":"<h3>Kryetari i Lidhjes Demomratike t\u00eb Kosov\u00ebs, Lumir Abdixhiku, n\u00eb konferenc\u00ebn nd\u00ebrkomb\u00ebtare \u201cRugova dhe Per\u00ebndimi\u201d, tha se reflektimin euroatlantik Kosova po e p\u00ebrjeton edhe tash, 25 vjet pas \u00e7lirimit.<\/h3>\n<p>\u201c25 vite m\u00eb par\u00eb ne gjet\u00ebm lirin\u00eb. Ajo na erdh si triumf prej testamenti i p\u00ebrpjekjes s\u00eb gjeneratave t\u00eb t\u00ebra; erdh si drit\u00eb e fundme e paq\u00ebsor\u00ebve t\u00eb 90-tave, besimi i t\u00eb cil\u00ebve s\u2018reshturi s\u00eb pushuari kurr\u00eb; erdh si altar p\u00ebrjet\u00ebsie ku pushojn\u00eb djemt\u00eb e vajzat \u00e7lirimtare t\u00eb Kosov\u00ebs; erdhi si fitore e angazhimit monumental euroatlantik, q\u00eb n\u00eb qiellin sip\u00ebr nesh na shfaqej n\u00ebp\u00ebrmjet fluturakeve t\u00eb NATO-s\u201d, tha Abdihiku.<\/p>\n<p>I pari i LDK-s\u00eb, n\u00eb prani t\u00eb kryeministrit shqiptar, Edi Rama, dhe personaliteteve tjera nd\u00ebrkomb\u00ebtare, tha se liria erdhi \u201cn\u00ebp\u00ebrmjet z\u00ebrave t\u00eb larg\u00ebt, q\u00eb aso kohe na u b\u00ebn\u00eb t\u00eb af\u00ebrt dhe n\u00eb gjith\u00eb tmerrin e luft\u00ebs e pafuqis\u00eb, ishin mes nesh p\u00ebr t\u00eb na th\u00ebn\u00eb se nuk ishim vet dhe sdo t\u00eb mbeteshim vet\u201d.<\/p>\n<p>\u201cNa vinin n\u00ebp\u00ebrmjet z\u00ebrave t\u00eb Bill Clinton, Tony Blair, Javier Solana, Wesley Clark, Madeline Albright, Jamie Shea, Joshka Fisher, Massimo D\u2019Alema, e p\u00ebrplot lider\u00eb e akter\u00eb tjer\u00eb bot\u00ebror, q\u00eb n\u00eb or\u00ebt m\u00eb t\u00eb r\u00ebnda tona u gjind krah nesh. Prandaj jemi mir\u00ebnjoh\u00ebs p\u00ebrher\u00eb. Prandaj u jemi fal\u00ebnderues gjithher\u00eb! Liria erdh si\u00e7 e kishim besuar t\u00eb gjith\u00eb\u201d, tha Abdixhiku.<\/p>\n<div>\n<div id=\"div-gpt-ad-1634289484286-0\" data-google-query-id=\"CJvmwIrg0IYDFXSS_QcdxVsOhQ\"><\/div>\n<\/div>\n","protected":false},"excerpt":{"rendered":"<p>Kryetari i Lidhjes Demomratike t\u00eb Kosov\u00ebs, Lumir Abdixhiku, n\u00eb konferenc\u00ebn nd\u00ebrkomb\u00ebtare \u201cRugova dhe Per\u00ebndimi\u201d, tha se reflektimin euroatlantik Kosova po e p\u00ebrjeton edhe tash, 25 vjet pas \u00e7lirimit. \u201c25 vite m\u00eb par\u00eb ne gjet\u00ebm lirin\u00eb. Ajo na erdh si triumf prej testamenti i p\u00ebrpjekjes s\u00eb gjeneratave t\u00eb t\u00ebra; erdh si drit\u00eb e fundme e paq\u00ebsor\u00ebve [&hellip;]<\/p>\n","protected":false},"author":5,"featured_media":65756,"comment_status":"closed","ping_status":"closed","sticky":false,"template":"","format":"standard","meta":{"_monsterinsights_skip_tracking":false,"_monsterinsights_sitenote_active":false,"_monsterinsights_sitenote_note":"","_monsterinsights_sitenote_category":0,"_uf_show_specific_survey":0,"_uf_disable_surveys":false,"footnotes":""},"categories":[15],"tags":[],"yoast_head":"<!-- This site is optimized with the Yoast SEO plugin v21.5 - https:\/\/yoast.com\/wordpress\/plugins\/seo\/ -->\n<title>Abdixhiku: P\u00ebr ne, Per\u00ebndimi nuk \u00ebsht\u00eb d\u00ebshira jon\u00eb, \u00ebsht\u00eb identiteti yn\u00eb autokton<\/title>\n<meta name=\"robots\" content=\"index, follow, max-snippet:-1, max-image-preview:large, max-video-preview:-1\" \/>\n<link rel=\"canonical\" href=\"https:\/\/permbledhja.com\/sq\/abdixhiku-per-ne-perendimi-nuk-eshte-deshira-jone-eshte-identiteti-yne-autokton\/\" \/>\n<meta property=\"og:locale\" content=\"sq_AL\" \/>\n<meta property=\"og:type\" content=\"article\" \/>\n<meta property=\"og:title\" content=\"Abdixhiku: P\u00ebr ne, Per\u00ebndimi nuk \u00ebsht\u00eb d\u00ebshira jon\u00eb, \u00ebsht\u00eb identiteti yn\u00eb autokton\" \/>\n<meta property=\"og:description\" content=\"Kryetari i Lidhjes Demomratike t\u00eb Kosov\u00ebs, Lumir Abdixhiku, n\u00eb konferenc\u00ebn nd\u00ebrkomb\u00ebtare \u201cRugova dhe Per\u00ebndimi\u201d, tha se reflektimin euroatlantik Kosova po e p\u00ebrjeton edhe tash, 25 vjet pas \u00e7lirimit. \u201c25 vite m\u00eb par\u00eb ne gjet\u00ebm lirin\u00eb. Ajo na erdh si triumf prej testamenti i p\u00ebrpjekjes s\u00eb gjeneratave t\u00eb t\u00ebra; erdh si drit\u00eb e fundme e paq\u00ebsor\u00ebve [&hellip;]\" \/>\n<meta property=\"og:url\" content=\"https:\/\/permbledhja.com\/sq\/abdixhiku-per-ne-perendimi-nuk-eshte-deshira-jone-eshte-identiteti-yne-autokton\/\" \/>\n<meta property=\"og:site_name\" content=\"Ve\u00e7 artikuj p\u00ebrmbledh\u00ebs\" \/>\n<meta property=\"article:publisher\" content=\"https:\/\/www.facebook.com\/press07\/\" \/>\n<meta property=\"article:published_time\" content=\"2024-06-10T09:47:37+00:00\" \/>\n<meta property=\"og:image\" content=\"https:\/\/permbledhja.com\/wp-content\/uploads\/2024\/06\/ab.jpg\" \/>\n\t<meta property=\"og:image:width\" content=\"1035\" \/>\n\t<meta property=\"og:image:height\" content=\"595\" \/>\n\t<meta property=\"og:image:type\" content=\"image\/jpeg\" \/>\n<meta name=\"author\" content=\"DL\" \/>\n<meta name=\"twitter:card\" content=\"summary_large_image\" \/>\n<meta name=\"twitter:label1\" content=\"Written by\" \/>\n\t<meta name=\"twitter:data1\" content=\"DL\" \/>\n\t<meta name=\"twitter:label2\" content=\"Est. reading time\" \/>\n\t<meta name=\"twitter:data2\" content=\"2 minuta\" \/>\n<script type=\"application\/ld+json\" class=\"yoast-schema-graph\">{\"@context\":\"https:\/\/schema.org\",\"@graph\":[{\"@type\":\"Article\",\"@id\":\"https:\/\/permbledhja.com\/abdixhiku-per-ne-perendimi-nuk-eshte-deshira-jone-eshte-identiteti-yne-autokton\/#article\",\"isPartOf\":{\"@id\":\"https:\/\/permbledhja.com\/abdixhiku-per-ne-perendimi-nuk-eshte-deshira-jone-eshte-identiteti-yne-autokton\/\"},\"author\":{\"name\":\"DL\",\"@id\":\"https:\/\/permbledhja.com\/#\/schema\/person\/9c54260cbc4c6f792cb100550491638c\"},\"headline\":\"Abdixhiku: P\u00ebr ne, Per\u00ebndimi nuk \u00ebsht\u00eb d\u00ebshira jon\u00eb, \u00ebsht\u00eb identiteti yn\u00eb autokton\",\"datePublished\":\"2024-06-10T09:47:37+00:00\",\"dateModified\":\"2024-06-10T09:47:37+00:00\",\"mainEntityOfPage\":{\"@id\":\"https:\/\/permbledhja.com\/abdixhiku-per-ne-perendimi-nuk-eshte-deshira-jone-eshte-identiteti-yne-autokton\/\"},\"wordCount\":265,\"publisher\":{\"@id\":\"https:\/\/permbledhja.com\/#organization\"},\"articleSection\":[\"Lajme\"],\"inLanguage\":\"sq\"},{\"@type\":\"WebPage\",\"@id\":\"https:\/\/permbledhja.com\/abdixhiku-per-ne-perendimi-nuk-eshte-deshira-jone-eshte-identiteti-yne-autokton\/\",\"url\":\"https:\/\/permbledhja.com\/abdixhiku-per-ne-perendimi-nuk-eshte-deshira-jone-eshte-identiteti-yne-autokton\/\",\"name\":\"Abdixhiku: P\u00ebr ne, Per\u00ebndimi nuk \u00ebsht\u00eb d\u00ebshira jon\u00eb, \u00ebsht\u00eb identiteti yn\u00eb autokton\",\"isPartOf\":{\"@id\":\"https:\/\/permbledhja.com\/#website\"},\"datePublished\":\"2024-06-10T09:47:37+00:00\",\"dateModified\":\"2024-06-10T09:47:37+00:00\",\"breadcrumb\":{\"@id\":\"https:\/\/permbledhja.com\/abdixhiku-per-ne-perendimi-nuk-eshte-deshira-jone-eshte-identiteti-yne-autokton\/#breadcrumb\"},\"inLanguage\":\"sq\",\"potentialAction\":[{\"@type\":\"ReadAction\",\"target\":[\"https:\/\/permbledhja.com\/abdixhiku-per-ne-perendimi-nuk-eshte-deshira-jone-eshte-identiteti-yne-autokton\/\"]}]},{\"@type\":\"BreadcrumbList\",\"@id\":\"https:\/\/permbledhja.com\/abdixhiku-per-ne-perendimi-nuk-eshte-deshira-jone-eshte-identiteti-yne-autokton\/#breadcrumb\",\"itemListElement\":[{\"@type\":\"ListItem\",\"position\":1,\"name\":\"Ballina\",\"item\":\"https:\/\/permbledhja.com\/sq\/\"},{\"@type\":\"ListItem\",\"position\":2,\"name\":\"Abdixhiku: P\u00ebr ne, Per\u00ebndimi nuk \u00ebsht\u00eb d\u00ebshira jon\u00eb, \u00ebsht\u00eb identiteti yn\u00eb autokton\"}]},{\"@type\":\"WebSite\",\"@id\":\"https:\/\/permbledhja.com\/#website\",\"url\":\"https:\/\/permbledhja.com\/\",\"name\":\"Ve\u00e7 artikuj p\u00ebrmbledh\u00ebs\",\"description\":\"\",\"publisher\":{\"@id\":\"https:\/\/permbledhja.com\/#organization\"},\"potentialAction\":[{\"@type\":\"SearchAction\",\"target\":{\"@type\":\"EntryPoint\",\"urlTemplate\":\"https:\/\/permbledhja.com\/?s={search_term_string}\"},\"query-input\":\"required name=search_term_string\"}],\"inLanguage\":\"sq\"},{\"@type\":\"Organization\",\"@id\":\"https:\/\/permbledhja.com\/#organization\",\"name\":\"MK Media & Pr\",\"url\":\"https:\/\/permbledhja.com\/\",\"logo\":{\"@type\":\"ImageObject\",\"inLanguage\":\"sq\",\"@id\":\"https:\/\/permbledhja.com\/#\/schema\/logo\/image\/\",\"url\":\"https:\/\/permbledhja.com\/wp-content\/uploads\/2021\/12\/07-Press-Logo.jpg\",\"contentUrl\":\"https:\/\/permbledhja.com\/wp-content\/uploads\/2021\/12\/07-Press-Logo.jpg\",\"width\":512,\"height\":512,\"caption\":\"MK Media & Pr\"},\"image\":{\"@id\":\"https:\/\/permbledhja.com\/#\/schema\/logo\/image\/\"},\"sameAs\":[\"https:\/\/www.facebook.com\/press07\/\"]},{\"@type\":\"Person\",\"@id\":\"https:\/\/permbledhja.com\/#\/schema\/person\/9c54260cbc4c6f792cb100550491638c\",\"name\":\"DL\",\"image\":{\"@type\":\"ImageObject\",\"inLanguage\":\"sq\",\"@id\":\"https:\/\/permbledhja.com\/#\/schema\/person\/image\/\",\"url\":\"https:\/\/secure.gravatar.com\/avatar\/94503eb28d4c4b2005a5c8753e35fc80?s=96&d=mm&r=g\",\"contentUrl\":\"https:\/\/secure.gravatar.com\/avatar\/94503eb28d4c4b2005a5c8753e35fc80?s=96&d=mm&r=g\",\"caption\":\"DL\"},\"url\":\"https:\/\/permbledhja.com\/sq\/author\/dl\/\"}]}<\/script>\n<!-- \/ Yoast SEO plugin. -->","yoast_head_json":{"title":"Abdixhiku: P\u00ebr ne, Per\u00ebndimi nuk \u00ebsht\u00eb d\u00ebshira jon\u00eb, \u00ebsht\u00eb identiteti yn\u00eb autokton","robots":{"index":"index","follow":"follow","max-snippet":"max-snippet:-1","max-image-preview":"max-image-preview:large","max-video-preview":"max-video-preview:-1"},"canonical":"https:\/\/permbledhja.com\/sq\/abdixhiku-per-ne-perendimi-nuk-eshte-deshira-jone-eshte-identiteti-yne-autokton\/","og_locale":"sq_AL","og_type":"article","og_title":"Abdixhiku: P\u00ebr ne, Per\u00ebndimi nuk \u00ebsht\u00eb d\u00ebshira jon\u00eb, \u00ebsht\u00eb identiteti yn\u00eb autokton","og_description":"Kryetari i Lidhjes Demomratike t\u00eb Kosov\u00ebs, Lumir Abdixhiku, n\u00eb konferenc\u00ebn nd\u00ebrkomb\u00ebtare \u201cRugova dhe Per\u00ebndimi\u201d, tha se reflektimin euroatlantik Kosova po e p\u00ebrjeton edhe tash, 25 vjet pas \u00e7lirimit. \u201c25 vite m\u00eb par\u00eb ne gjet\u00ebm lirin\u00eb. Ajo na erdh si triumf prej testamenti i p\u00ebrpjekjes s\u00eb gjeneratave t\u00eb t\u00ebra; erdh si drit\u00eb e fundme e paq\u00ebsor\u00ebve [&hellip;]","og_url":"https:\/\/permbledhja.com\/sq\/abdixhiku-per-ne-perendimi-nuk-eshte-deshira-jone-eshte-identiteti-yne-autokton\/","og_site_name":"Ve\u00e7 artikuj p\u00ebrmbledh\u00ebs","article_publisher":"https:\/\/www.facebook.com\/press07\/","article_published_time":"2024-06-10T09:47:37+00:00","og_image":[{"width":1035,"height":595,"url":"https:\/\/permbledhja.com\/wp-content\/uploads\/2024\/06\/ab.jpg","type":"image\/jpeg"}],"author":"DL","twitter_card":"summary_large_image","twitter_misc":{"Written by":"DL","Est. reading time":"2 minuta"},"schema":{"@context":"https:\/\/schema.org","@graph":[{"@type":"Article","@id":"https:\/\/permbledhja.com\/abdixhiku-per-ne-perendimi-nuk-eshte-deshira-jone-eshte-identiteti-yne-autokton\/#article","isPartOf":{"@id":"https:\/\/permbledhja.com\/abdixhiku-per-ne-perendimi-nuk-eshte-deshira-jone-eshte-identiteti-yne-autokton\/"},"author":{"name":"DL","@id":"https:\/\/permbledhja.com\/#\/schema\/person\/9c54260cbc4c6f792cb100550491638c"},"headline":"Abdixhiku: P\u00ebr ne, Per\u00ebndimi nuk \u00ebsht\u00eb d\u00ebshira jon\u00eb, \u00ebsht\u00eb identiteti yn\u00eb autokton","datePublished":"2024-06-10T09:47:37+00:00","dateModified":"2024-06-10T09:47:37+00:00","mainEntityOfPage":{"@id":"https:\/\/permbledhja.com\/abdixhiku-per-ne-perendimi-nuk-eshte-deshira-jone-eshte-identiteti-yne-autokton\/"},"wordCount":265,"publisher":{"@id":"https:\/\/permbledhja.com\/#organization"},"articleSection":["Lajme"],"inLanguage":"sq"},{"@type":"WebPage","@id":"https:\/\/permbledhja.com\/abdixhiku-per-ne-perendimi-nuk-eshte-deshira-jone-eshte-identiteti-yne-autokton\/","url":"https:\/\/permbledhja.com\/abdixhiku-per-ne-perendimi-nuk-eshte-deshira-jone-eshte-identiteti-yne-autokton\/","name":"Abdixhiku: P\u00ebr ne, Per\u00ebndimi nuk \u00ebsht\u00eb d\u00ebshira jon\u00eb, \u00ebsht\u00eb identiteti yn\u00eb autokton","isPartOf":{"@id":"https:\/\/permbledhja.com\/#website"},"datePublished":"2024-06-10T09:47:37+00:00","dateModified":"2024-06-10T09:47:37+00:00","breadcrumb":{"@id":"https:\/\/permbledhja.com\/abdixhiku-per-ne-perendimi-nuk-eshte-deshira-jone-eshte-identiteti-yne-autokton\/#breadcrumb"},"inLanguage":"sq","potentialAction":[{"@type":"ReadAction","target":["https:\/\/permbledhja.com\/abdixhiku-per-ne-perendimi-nuk-eshte-deshira-jone-eshte-identiteti-yne-autokton\/"]}]},{"@type":"BreadcrumbList","@id":"https:\/\/permbledhja.com\/abdixhiku-per-ne-perendimi-nuk-eshte-deshira-jone-eshte-identiteti-yne-autokton\/#breadcrumb","itemListElement":[{"@type":"ListItem","position":1,"name":"Ballina","item":"https:\/\/permbledhja.com\/sq\/"},{"@type":"ListItem","position":2,"name":"Abdixhiku: P\u00ebr ne, Per\u00ebndimi nuk \u00ebsht\u00eb d\u00ebshira jon\u00eb, \u00ebsht\u00eb identiteti yn\u00eb autokton"}]},{"@type":"WebSite","@id":"https:\/\/permbledhja.com\/#website","url":"https:\/\/permbledhja.com\/","name":"Ve\u00e7 artikuj p\u00ebrmbledh\u00ebs","description":"","publisher":{"@id":"https:\/\/permbledhja.com\/#organization"},"potentialAction":[{"@type":"SearchAction","target":{"@type":"EntryPoint","urlTemplate":"https:\/\/permbledhja.com\/?s={search_term_string}"},"query-input":"required name=search_term_string"}],"inLanguage":"sq"},{"@type":"Organization","@id":"https:\/\/permbledhja.com\/#organization","name":"MK Media & Pr","url":"https:\/\/permbledhja.com\/","logo":{"@type":"ImageObject","inLanguage":"sq","@id":"https:\/\/permbledhja.com\/#\/schema\/logo\/image\/","url":"https:\/\/permbledhja.com\/wp-content\/uploads\/2021\/12\/07-Press-Logo.jpg","contentUrl":"https:\/\/permbledhja.com\/wp-content\/uploads\/2021\/12\/07-Press-Logo.jpg","width":512,"height":512,"caption":"MK Media & Pr"},"image":{"@id":"https:\/\/permbledhja.com\/#\/schema\/logo\/image\/"},"sameAs":["https:\/\/www.facebook.com\/press07\/"]},{"@type":"Person","@id":"https:\/\/permbledhja.com\/#\/schema\/person\/9c54260cbc4c6f792cb100550491638c","name":"DL","image":{"@type":"ImageObject","inLanguage":"sq","@id":"https:\/\/permbledhja.com\/#\/schema\/person\/image\/","url":"https:\/\/secure.gravatar.com\/avatar\/94503eb28d4c4b2005a5c8753e35fc80?s=96&d=mm&r=g","contentUrl":"https:\/\/secure.gravatar.com\/avatar\/94503eb28d4c4b2005a5c8753e35fc80?s=96&d=mm&r=g","caption":"DL"},"url":"https:\/\/permbledhja.com\/sq\/author\/dl\/"}]}},"_links":{"self":[{"href":"https:\/\/permbledhja.com\/sq\/wp-json\/wp\/v2\/posts\/65755"}],"collection":[{"href":"https:\/\/permbledhja.com\/sq\/wp-json\/wp\/v2\/posts"}],"about":[{"href":"https:\/\/permbledhja.com\/sq\/wp-json\/wp\/v2\/types\/post"}],"author":[{"embeddable":true,"href":"https:\/\/permbledhja.com\/sq\/wp-json\/wp\/v2\/users\/5"}],"replies":[{"embeddable":true,"href":"https:\/\/permbledhja.com\/sq\/wp-json\/wp\/v2\/comments?post=65755"}],"version-history":[{"count":1,"href":"https:\/\/permbledhja.com\/sq\/wp-json\/wp\/v2\/posts\/65755\/revisions"}],"predecessor-version":[{"id":65757,"href":"https:\/\/permbledhja.com\/sq\/wp-json\/wp\/v2\/posts\/65755\/revisions\/65757"}],"wp:featuredmedia":[{"embeddable":true,"href":"https:\/\/permbledhja.com\/sq\/wp-json\/wp\/v2\/media\/65756"}],"wp:attachment":[{"href":"https:\/\/permbledhja.com\/sq\/wp-json\/wp\/v2\/media?parent=65755"}],"wp:term":[{"taxonomy":"category","embeddable":true,"href":"https:\/\/permbledhja.com\/sq\/wp-json\/wp\/v2\/categories?post=65755"},{"taxonomy":"post_tag","embeddable":true,"href":"https:\/\/permbledhja.com\/sq\/wp-json\/wp\/v2\/tags?post=65755"}],"curies":[{"name":"wp","href":"https:\/\/api.w.org\/{rel}","templated":true}]}}