{"id":64843,"date":"2024-06-01T12:55:18","date_gmt":"2024-06-01T12:55:18","guid":{"rendered":"https:\/\/permbledhja.com\/?p=64843"},"modified":"2024-06-01T12:55:18","modified_gmt":"2024-06-01T12:55:18","slug":"nga-sot-zgjerohet-rregullorja-e-ballkanit-perendimor-dhe-hyn-ne-fuqi-karta-e-shanseve-per-pune-ne-gjermani","status":"publish","type":"post","link":"https:\/\/permbledhja.com\/sq\/nga-sot-zgjerohet-rregullorja-e-ballkanit-perendimor-dhe-hyn-ne-fuqi-karta-e-shanseve-per-pune-ne-gjermani\/","title":{"rendered":"Nga sot zgjerohet Rregullorja e Ballkanit Per\u00ebndimor dhe hyn n\u00eb fuqi Karta e Shanseve p\u00ebr pun\u00eb n\u00eb Gjermani"},"content":{"rendered":"<p><strong>Qeveria gjermane modernizoi vitin e kaluar ligjin e migracionit duke leht\u00ebsuar rregullat p\u00ebr ardhjen e fuqis\u00eb pun\u00ebtore n\u00eb Gjermani. Nga 1 Qershori dy rregulla t\u00eb r\u00ebnd\u00ebsishme edhe p\u00ebr Ballkanin hyjn\u00eb m\u00eb n\u00eb fund n\u00eb fuqi.<\/strong><\/p>\n<p>Ligjet e reja q\u00eb leht\u00ebsojn\u00eb ardhjen e fuqis\u00eb s\u00eb kualifikuar pun\u00ebtore n\u00eb Gjermani, kancelari gjerman, Olaf Scholz i quajti n\u00eb Bundestag vitin e kaluar <em>\u201chap tjet\u00ebr p\u00ebr modernizimin e Gjermanis\u00eb, hap tjet\u00ebr p\u00ebr t\u00eb siguruar rritjen ekonomike edhe p\u00ebr t\u00eb ardhmen, dhe nj\u00eb hap tjet\u00ebr q\u00eb tejkalon paraliz\u00ebn e disa dekadave.\u201d<\/em><\/p>\n<p>Pas miratimit t\u00eb ligjeve n\u00eb Bundestag m\u00eb n\u00eb fund hyjn\u00eb n\u00eb fuqi m\u00eb 1 Qershor dy ndryshime ligjore q\u00eb u miratuan n\u00eb Gjermani vitin e kaluar.<\/p>\n<p>Kontigjenti nga Ballkani Per\u00ebndimor q\u00eb vjen me rregullore t\u00eb leht\u00ebsuara n\u00eb Gjermani dyfishohet.<\/p>\n<p>Nga 1 Qershori 2024 zgjerohet Rregullorja e Ballkanit Per\u00ebndimor. Kjo rregullore q\u00eb u fut para disa vitesh p\u00ebr t\u00eb leht\u00ebsuar ardhjen e fuqis\u00eb pun\u00ebtore nga vendet e Ballkanit Per\u00ebndimor. Shqip\u00ebria, Kosova, Bosnje-Hercegovina, Maqedonia e Veriut, Mali i Zi, Serbia p\u00ebr n\u00eb Gjermani do t\u00eb zgjerohet tani nga 25.000 n\u00eb 50.000 vet\u00eb n\u00eb vit.<\/p>\n<p>M\u00eb 1 Qershor po ashtu hyn n\u00eb fuqi Karta e Shanseve<\/p>\n<p>Me k\u00ebt\u00eb kart\u00eb t\u00eb huajt nga vendet jo an\u00ebtare t\u00eb BE kan\u00eb mund\u00ebsi t\u00eb udh\u00ebtojn\u00eb n\u00eb Gjermani p\u00ebr t\u00eb k\u00ebrkuar pun\u00eb, edhe pa pasur kontrat\u00eb pune. P\u00ebr marrjen e Kart\u00ebs s\u00eb Shanseve duhen mbledhur pik\u00eb: ka disa kriteret p\u00ebr marrjen e pik\u00ebve, aty llogaritet njohja baz\u00eb e gjuh\u00ebs gjermane apo njohja e mir\u00eb e gjuh\u00ebs angleze, kualifikimet, p\u00ebrvoja profesionale, t\u00eb pakt\u00ebn dy vjet apo nj\u00eb shkollim i lart\u00eb profesional n\u00eb vendin origjin\u00eb. P\u00ebr arritje t\u00eb tjera t\u00eb ve\u00e7anta, kandidat\u00ebt marrin pik\u00eb t\u00eb tjera \u2013 Kush arrin 6 pik\u00eb merr lejen e q\u00ebndrimit n\u00eb Gjermani p\u00ebr 1 vit, n\u00ebse e siguron vet\u00eb jetes\u00ebn.\/DW<\/p>\n","protected":false},"excerpt":{"rendered":"<p>Qeveria gjermane modernizoi vitin e kaluar ligjin e migracionit duke leht\u00ebsuar rregullat p\u00ebr ardhjen e fuqis\u00eb pun\u00ebtore n\u00eb Gjermani. Nga 1 Qershori dy rregulla t\u00eb r\u00ebnd\u00ebsishme edhe p\u00ebr Ballkanin hyjn\u00eb m\u00eb n\u00eb fund n\u00eb fuqi. Ligjet e reja q\u00eb leht\u00ebsojn\u00eb ardhjen e fuqis\u00eb s\u00eb kualifikuar pun\u00ebtore n\u00eb Gjermani, kancelari gjerman, Olaf Scholz i quajti n\u00eb [&hellip;]<\/p>\n","protected":false},"author":1,"featured_media":9657,"comment_status":"closed","ping_status":"closed","sticky":false,"template":"","format":"standard","meta":{"_monsterinsights_skip_tracking":false,"_monsterinsights_sitenote_active":false,"_monsterinsights_sitenote_note":"","_monsterinsights_sitenote_category":0,"_uf_show_specific_survey":0,"_uf_disable_surveys":false,"footnotes":""},"categories":[1146],"tags":[1569],"yoast_head":"<!-- This site is optimized with the Yoast SEO plugin v21.5 - https:\/\/yoast.com\/wordpress\/plugins\/seo\/ -->\n<title>Nga sot zgjerohet Rregullorja e Ballkanit Per\u00ebndimor dhe hyn n\u00eb fuqi Karta e Shanseve p\u00ebr pun\u00eb n\u00eb Gjermani<\/title>\n<meta name=\"robots\" content=\"index, follow, max-snippet:-1, max-image-preview:large, max-video-preview:-1\" \/>\n<link rel=\"canonical\" href=\"https:\/\/permbledhja.com\/sq\/nga-sot-zgjerohet-rregullorja-e-ballkanit-perendimor-dhe-hyn-ne-fuqi-karta-e-shanseve-per-pune-ne-gjermani\/\" \/>\n<meta property=\"og:locale\" content=\"sq_AL\" \/>\n<meta property=\"og:type\" content=\"article\" \/>\n<meta property=\"og:title\" content=\"Nga sot zgjerohet Rregullorja e Ballkanit Per\u00ebndimor dhe hyn n\u00eb fuqi Karta e Shanseve p\u00ebr pun\u00eb n\u00eb Gjermani\" \/>\n<meta property=\"og:description\" content=\"Qeveria gjermane modernizoi vitin e kaluar ligjin e migracionit duke leht\u00ebsuar rregullat p\u00ebr ardhjen e fuqis\u00eb pun\u00ebtore n\u00eb Gjermani. Nga 1 Qershori dy rregulla t\u00eb r\u00ebnd\u00ebsishme edhe p\u00ebr Ballkanin hyjn\u00eb m\u00eb n\u00eb fund n\u00eb fuqi. Ligjet e reja q\u00eb leht\u00ebsojn\u00eb ardhjen e fuqis\u00eb s\u00eb kualifikuar pun\u00ebtore n\u00eb Gjermani, kancelari gjerman, Olaf Scholz i quajti n\u00eb [&hellip;]\" \/>\n<meta property=\"og:url\" content=\"https:\/\/permbledhja.com\/sq\/nga-sot-zgjerohet-rregullorja-e-ballkanit-perendimor-dhe-hyn-ne-fuqi-karta-e-shanseve-per-pune-ne-gjermani\/\" \/>\n<meta property=\"og:site_name\" content=\"Ve\u00e7 artikuj p\u00ebrmbledh\u00ebs\" \/>\n<meta property=\"article:publisher\" content=\"https:\/\/www.facebook.com\/press07\/\" \/>\n<meta property=\"article:author\" content=\"https:\/\/www.facebook.com\/kafexhiu.muharrem\/\" \/>\n<meta property=\"article:published_time\" content=\"2024-06-01T12:55:18+00:00\" \/>\n<meta property=\"og:image\" content=\"https:\/\/permbledhja.com\/wp-content\/uploads\/2022\/11\/gjermaniaa3.jpg\" \/>\n\t<meta property=\"og:image:width\" content=\"520\" \/>\n\t<meta property=\"og:image:height\" content=\"370\" \/>\n\t<meta property=\"og:image:type\" content=\"image\/jpeg\" \/>\n<meta name=\"author\" content=\"P\u00ebrmbledhja\" \/>\n<meta name=\"twitter:card\" content=\"summary_large_image\" \/>\n<meta name=\"twitter:label1\" content=\"Written by\" \/>\n\t<meta name=\"twitter:data1\" content=\"P\u00ebrmbledhja\" \/>\n\t<meta name=\"twitter:label2\" content=\"Est. reading time\" \/>\n\t<meta name=\"twitter:data2\" content=\"2 minuta\" \/>\n<script type=\"application\/ld+json\" class=\"yoast-schema-graph\">{\"@context\":\"https:\/\/schema.org\",\"@graph\":[{\"@type\":\"Article\",\"@id\":\"https:\/\/permbledhja.com\/nga-sot-zgjerohet-rregullorja-e-ballkanit-perendimor-dhe-hyn-ne-fuqi-karta-e-shanseve-per-pune-ne-gjermani\/#article\",\"isPartOf\":{\"@id\":\"https:\/\/permbledhja.com\/nga-sot-zgjerohet-rregullorja-e-ballkanit-perendimor-dhe-hyn-ne-fuqi-karta-e-shanseve-per-pune-ne-gjermani\/\"},\"author\":{\"name\":\"P\u00ebrmbledhja\",\"@id\":\"https:\/\/permbledhja.com\/#\/schema\/person\/0d064377258d3221e50693947b9eb4fe\"},\"headline\":\"Nga sot zgjerohet Rregullorja e Ballkanit Per\u00ebndimor dhe hyn n\u00eb fuqi Karta e Shanseve p\u00ebr pun\u00eb n\u00eb Gjermani\",\"datePublished\":\"2024-06-01T12:55:18+00:00\",\"dateModified\":\"2024-06-01T12:55:18+00:00\",\"mainEntityOfPage\":{\"@id\":\"https:\/\/permbledhja.com\/nga-sot-zgjerohet-rregullorja-e-ballkanit-perendimor-dhe-hyn-ne-fuqi-karta-e-shanseve-per-pune-ne-gjermani\/\"},\"wordCount\":347,\"publisher\":{\"@id\":\"https:\/\/permbledhja.com\/#organization\"},\"keywords\":[\"Ballkani Per\u00ebndimor\"],\"articleSection\":[\"Kryesoret\"],\"inLanguage\":\"sq\"},{\"@type\":\"WebPage\",\"@id\":\"https:\/\/permbledhja.com\/nga-sot-zgjerohet-rregullorja-e-ballkanit-perendimor-dhe-hyn-ne-fuqi-karta-e-shanseve-per-pune-ne-gjermani\/\",\"url\":\"https:\/\/permbledhja.com\/nga-sot-zgjerohet-rregullorja-e-ballkanit-perendimor-dhe-hyn-ne-fuqi-karta-e-shanseve-per-pune-ne-gjermani\/\",\"name\":\"Nga sot zgjerohet Rregullorja e Ballkanit Per\u00ebndimor dhe hyn n\u00eb fuqi Karta e Shanseve p\u00ebr pun\u00eb n\u00eb Gjermani\",\"isPartOf\":{\"@id\":\"https:\/\/permbledhja.com\/#website\"},\"datePublished\":\"2024-06-01T12:55:18+00:00\",\"dateModified\":\"2024-06-01T12:55:18+00:00\",\"breadcrumb\":{\"@id\":\"https:\/\/permbledhja.com\/nga-sot-zgjerohet-rregullorja-e-ballkanit-perendimor-dhe-hyn-ne-fuqi-karta-e-shanseve-per-pune-ne-gjermani\/#breadcrumb\"},\"inLanguage\":\"sq\",\"potentialAction\":[{\"@type\":\"ReadAction\",\"target\":[\"https:\/\/permbledhja.com\/nga-sot-zgjerohet-rregullorja-e-ballkanit-perendimor-dhe-hyn-ne-fuqi-karta-e-shanseve-per-pune-ne-gjermani\/\"]}]},{\"@type\":\"BreadcrumbList\",\"@id\":\"https:\/\/permbledhja.com\/nga-sot-zgjerohet-rregullorja-e-ballkanit-perendimor-dhe-hyn-ne-fuqi-karta-e-shanseve-per-pune-ne-gjermani\/#breadcrumb\",\"itemListElement\":[{\"@type\":\"ListItem\",\"position\":1,\"name\":\"Ballina\",\"item\":\"https:\/\/permbledhja.com\/sq\/\"},{\"@type\":\"ListItem\",\"position\":2,\"name\":\"Nga sot zgjerohet Rregullorja e Ballkanit Per\u00ebndimor dhe hyn n\u00eb fuqi Karta e Shanseve p\u00ebr pun\u00eb n\u00eb Gjermani\"}]},{\"@type\":\"WebSite\",\"@id\":\"https:\/\/permbledhja.com\/#website\",\"url\":\"https:\/\/permbledhja.com\/\",\"name\":\"Ve\u00e7 artikuj p\u00ebrmbledh\u00ebs\",\"description\":\"\",\"publisher\":{\"@id\":\"https:\/\/permbledhja.com\/#organization\"},\"potentialAction\":[{\"@type\":\"SearchAction\",\"target\":{\"@type\":\"EntryPoint\",\"urlTemplate\":\"https:\/\/permbledhja.com\/?s={search_term_string}\"},\"query-input\":\"required name=search_term_string\"}],\"inLanguage\":\"sq\"},{\"@type\":\"Organization\",\"@id\":\"https:\/\/permbledhja.com\/#organization\",\"name\":\"MK Media & Pr\",\"url\":\"https:\/\/permbledhja.com\/\",\"logo\":{\"@type\":\"ImageObject\",\"inLanguage\":\"sq\",\"@id\":\"https:\/\/permbledhja.com\/#\/schema\/logo\/image\/\",\"url\":\"https:\/\/permbledhja.com\/wp-content\/uploads\/2021\/12\/07-Press-Logo.jpg\",\"contentUrl\":\"https:\/\/permbledhja.com\/wp-content\/uploads\/2021\/12\/07-Press-Logo.jpg\",\"width\":512,\"height\":512,\"caption\":\"MK Media & Pr\"},\"image\":{\"@id\":\"https:\/\/permbledhja.com\/#\/schema\/logo\/image\/\"},\"sameAs\":[\"https:\/\/www.facebook.com\/press07\/\"]},{\"@type\":\"Person\",\"@id\":\"https:\/\/permbledhja.com\/#\/schema\/person\/0d064377258d3221e50693947b9eb4fe\",\"name\":\"P\u00ebrmbledhja\",\"image\":{\"@type\":\"ImageObject\",\"inLanguage\":\"sq\",\"@id\":\"https:\/\/permbledhja.com\/#\/schema\/person\/image\/\",\"url\":\"https:\/\/permbledhja.com\/wp-content\/uploads\/2026\/01\/452004717_1040944174702970_8932037511805513407_n-96x96.jpg\",\"contentUrl\":\"https:\/\/permbledhja.com\/wp-content\/uploads\/2026\/01\/452004717_1040944174702970_8932037511805513407_n-96x96.jpg\",\"caption\":\"P\u00ebrmbledhja\"},\"sameAs\":[\"https:\/\/www.facebook.com\/kafexhiu.muharrem\/\",\"https:\/\/www.instagram.com\/muharrem_kafexhiu\/\"],\"url\":\"https:\/\/permbledhja.com\/sq\/author\/admin\/\"}]}<\/script>\n<!-- \/ Yoast SEO plugin. -->","yoast_head_json":{"title":"Nga sot zgjerohet Rregullorja e Ballkanit Per\u00ebndimor dhe hyn n\u00eb fuqi Karta e Shanseve p\u00ebr pun\u00eb n\u00eb Gjermani","robots":{"index":"index","follow":"follow","max-snippet":"max-snippet:-1","max-image-preview":"max-image-preview:large","max-video-preview":"max-video-preview:-1"},"canonical":"https:\/\/permbledhja.com\/sq\/nga-sot-zgjerohet-rregullorja-e-ballkanit-perendimor-dhe-hyn-ne-fuqi-karta-e-shanseve-per-pune-ne-gjermani\/","og_locale":"sq_AL","og_type":"article","og_title":"Nga sot zgjerohet Rregullorja e Ballkanit Per\u00ebndimor dhe hyn n\u00eb fuqi Karta e Shanseve p\u00ebr pun\u00eb n\u00eb Gjermani","og_description":"Qeveria gjermane modernizoi vitin e kaluar ligjin e migracionit duke leht\u00ebsuar rregullat p\u00ebr ardhjen e fuqis\u00eb pun\u00ebtore n\u00eb Gjermani. Nga 1 Qershori dy rregulla t\u00eb r\u00ebnd\u00ebsishme edhe p\u00ebr Ballkanin hyjn\u00eb m\u00eb n\u00eb fund n\u00eb fuqi. Ligjet e reja q\u00eb leht\u00ebsojn\u00eb ardhjen e fuqis\u00eb s\u00eb kualifikuar pun\u00ebtore n\u00eb Gjermani, kancelari gjerman, Olaf Scholz i quajti n\u00eb [&hellip;]","og_url":"https:\/\/permbledhja.com\/sq\/nga-sot-zgjerohet-rregullorja-e-ballkanit-perendimor-dhe-hyn-ne-fuqi-karta-e-shanseve-per-pune-ne-gjermani\/","og_site_name":"Ve\u00e7 artikuj p\u00ebrmbledh\u00ebs","article_publisher":"https:\/\/www.facebook.com\/press07\/","article_author":"https:\/\/www.facebook.com\/kafexhiu.muharrem\/","article_published_time":"2024-06-01T12:55:18+00:00","og_image":[{"width":520,"height":370,"url":"https:\/\/permbledhja.com\/wp-content\/uploads\/2022\/11\/gjermaniaa3.jpg","type":"image\/jpeg"}],"author":"P\u00ebrmbledhja","twitter_card":"summary_large_image","twitter_misc":{"Written by":"P\u00ebrmbledhja","Est. reading time":"2 minuta"},"schema":{"@context":"https:\/\/schema.org","@graph":[{"@type":"Article","@id":"https:\/\/permbledhja.com\/nga-sot-zgjerohet-rregullorja-e-ballkanit-perendimor-dhe-hyn-ne-fuqi-karta-e-shanseve-per-pune-ne-gjermani\/#article","isPartOf":{"@id":"https:\/\/permbledhja.com\/nga-sot-zgjerohet-rregullorja-e-ballkanit-perendimor-dhe-hyn-ne-fuqi-karta-e-shanseve-per-pune-ne-gjermani\/"},"author":{"name":"P\u00ebrmbledhja","@id":"https:\/\/permbledhja.com\/#\/schema\/person\/0d064377258d3221e50693947b9eb4fe"},"headline":"Nga sot zgjerohet Rregullorja e Ballkanit Per\u00ebndimor dhe hyn n\u00eb fuqi Karta e Shanseve p\u00ebr pun\u00eb n\u00eb Gjermani","datePublished":"2024-06-01T12:55:18+00:00","dateModified":"2024-06-01T12:55:18+00:00","mainEntityOfPage":{"@id":"https:\/\/permbledhja.com\/nga-sot-zgjerohet-rregullorja-e-ballkanit-perendimor-dhe-hyn-ne-fuqi-karta-e-shanseve-per-pune-ne-gjermani\/"},"wordCount":347,"publisher":{"@id":"https:\/\/permbledhja.com\/#organization"},"keywords":["Ballkani Per\u00ebndimor"],"articleSection":["Kryesoret"],"inLanguage":"sq"},{"@type":"WebPage","@id":"https:\/\/permbledhja.com\/nga-sot-zgjerohet-rregullorja-e-ballkanit-perendimor-dhe-hyn-ne-fuqi-karta-e-shanseve-per-pune-ne-gjermani\/","url":"https:\/\/permbledhja.com\/nga-sot-zgjerohet-rregullorja-e-ballkanit-perendimor-dhe-hyn-ne-fuqi-karta-e-shanseve-per-pune-ne-gjermani\/","name":"Nga sot zgjerohet Rregullorja e Ballkanit Per\u00ebndimor dhe hyn n\u00eb fuqi Karta e Shanseve p\u00ebr pun\u00eb n\u00eb Gjermani","isPartOf":{"@id":"https:\/\/permbledhja.com\/#website"},"datePublished":"2024-06-01T12:55:18+00:00","dateModified":"2024-06-01T12:55:18+00:00","breadcrumb":{"@id":"https:\/\/permbledhja.com\/nga-sot-zgjerohet-rregullorja-e-ballkanit-perendimor-dhe-hyn-ne-fuqi-karta-e-shanseve-per-pune-ne-gjermani\/#breadcrumb"},"inLanguage":"sq","potentialAction":[{"@type":"ReadAction","target":["https:\/\/permbledhja.com\/nga-sot-zgjerohet-rregullorja-e-ballkanit-perendimor-dhe-hyn-ne-fuqi-karta-e-shanseve-per-pune-ne-gjermani\/"]}]},{"@type":"BreadcrumbList","@id":"https:\/\/permbledhja.com\/nga-sot-zgjerohet-rregullorja-e-ballkanit-perendimor-dhe-hyn-ne-fuqi-karta-e-shanseve-per-pune-ne-gjermani\/#breadcrumb","itemListElement":[{"@type":"ListItem","position":1,"name":"Ballina","item":"https:\/\/permbledhja.com\/sq\/"},{"@type":"ListItem","position":2,"name":"Nga sot zgjerohet Rregullorja e Ballkanit Per\u00ebndimor dhe hyn n\u00eb fuqi Karta e Shanseve p\u00ebr pun\u00eb n\u00eb Gjermani"}]},{"@type":"WebSite","@id":"https:\/\/permbledhja.com\/#website","url":"https:\/\/permbledhja.com\/","name":"Ve\u00e7 artikuj p\u00ebrmbledh\u00ebs","description":"","publisher":{"@id":"https:\/\/permbledhja.com\/#organization"},"potentialAction":[{"@type":"SearchAction","target":{"@type":"EntryPoint","urlTemplate":"https:\/\/permbledhja.com\/?s={search_term_string}"},"query-input":"required name=search_term_string"}],"inLanguage":"sq"},{"@type":"Organization","@id":"https:\/\/permbledhja.com\/#organization","name":"MK Media & Pr","url":"https:\/\/permbledhja.com\/","logo":{"@type":"ImageObject","inLanguage":"sq","@id":"https:\/\/permbledhja.com\/#\/schema\/logo\/image\/","url":"https:\/\/permbledhja.com\/wp-content\/uploads\/2021\/12\/07-Press-Logo.jpg","contentUrl":"https:\/\/permbledhja.com\/wp-content\/uploads\/2021\/12\/07-Press-Logo.jpg","width":512,"height":512,"caption":"MK Media & Pr"},"image":{"@id":"https:\/\/permbledhja.com\/#\/schema\/logo\/image\/"},"sameAs":["https:\/\/www.facebook.com\/press07\/"]},{"@type":"Person","@id":"https:\/\/permbledhja.com\/#\/schema\/person\/0d064377258d3221e50693947b9eb4fe","name":"P\u00ebrmbledhja","image":{"@type":"ImageObject","inLanguage":"sq","@id":"https:\/\/permbledhja.com\/#\/schema\/person\/image\/","url":"https:\/\/permbledhja.com\/wp-content\/uploads\/2026\/01\/452004717_1040944174702970_8932037511805513407_n-96x96.jpg","contentUrl":"https:\/\/permbledhja.com\/wp-content\/uploads\/2026\/01\/452004717_1040944174702970_8932037511805513407_n-96x96.jpg","caption":"P\u00ebrmbledhja"},"sameAs":["https:\/\/www.facebook.com\/kafexhiu.muharrem\/","https:\/\/www.instagram.com\/muharrem_kafexhiu\/"],"url":"https:\/\/permbledhja.com\/sq\/author\/admin\/"}]}},"_links":{"self":[{"href":"https:\/\/permbledhja.com\/sq\/wp-json\/wp\/v2\/posts\/64843"}],"collection":[{"href":"https:\/\/permbledhja.com\/sq\/wp-json\/wp\/v2\/posts"}],"about":[{"href":"https:\/\/permbledhja.com\/sq\/wp-json\/wp\/v2\/types\/post"}],"author":[{"embeddable":true,"href":"https:\/\/permbledhja.com\/sq\/wp-json\/wp\/v2\/users\/1"}],"replies":[{"embeddable":true,"href":"https:\/\/permbledhja.com\/sq\/wp-json\/wp\/v2\/comments?post=64843"}],"version-history":[{"count":2,"href":"https:\/\/permbledhja.com\/sq\/wp-json\/wp\/v2\/posts\/64843\/revisions"}],"predecessor-version":[{"id":64845,"href":"https:\/\/permbledhja.com\/sq\/wp-json\/wp\/v2\/posts\/64843\/revisions\/64845"}],"wp:featuredmedia":[{"embeddable":true,"href":"https:\/\/permbledhja.com\/sq\/wp-json\/wp\/v2\/media\/9657"}],"wp:attachment":[{"href":"https:\/\/permbledhja.com\/sq\/wp-json\/wp\/v2\/media?parent=64843"}],"wp:term":[{"taxonomy":"category","embeddable":true,"href":"https:\/\/permbledhja.com\/sq\/wp-json\/wp\/v2\/categories?post=64843"},{"taxonomy":"post_tag","embeddable":true,"href":"https:\/\/permbledhja.com\/sq\/wp-json\/wp\/v2\/tags?post=64843"}],"curies":[{"name":"wp","href":"https:\/\/api.w.org\/{rel}","templated":true}]}}