{"id":64808,"date":"2024-06-01T06:16:47","date_gmt":"2024-06-01T06:16:47","guid":{"rendered":"https:\/\/permbledhja.com\/?p=64808"},"modified":"2024-06-01T06:16:47","modified_gmt":"2024-06-01T06:16:47","slug":"zgjatja-e-mandatit-te-ushtareve-te-kfor-it-ne-kosove-bundestagu-vendos-javen-e-ardhshme","status":"publish","type":"post","link":"https:\/\/permbledhja.com\/sq\/zgjatja-e-mandatit-te-ushtareve-te-kfor-it-ne-kosove-bundestagu-vendos-javen-e-ardhshme\/","title":{"rendered":"Zgjatja e mandatit t\u00eb ushtar\u00ebve t\u00eb KFOR-it n\u00eb Kosov\u00eb, Bundestagu vendos jav\u00ebn e ardhshme"},"content":{"rendered":"<p><strong>Qeveria\u00a0gjermane\u00a0ka vendosur t\u00eb zgjas\u00eb p\u00ebr nj\u00eb vit tjet\u00ebr q\u00ebndrimin e\u00a0Bundeswehr-it n\u00eb misionin paqeruajt\u00ebs t\u00eb\u00a0KFOR-it p\u00ebr t\u00eb siguruar paqen dhe sigurin\u00eb n\u00eb rajon. Si m\u00eb par\u00eb, deri n\u00eb 400 ushtare\u00a0dhe ushtar\u00eb\u00a0gjerman\u00eb do t\u00eb mund t\u00eb d\u00ebrgohen p\u00ebr k\u00ebt\u00eb mision.<\/strong><\/p>\n<p>Z\u00ebdh\u00ebn\u00ebsi i qeveris\u00eb, Steffen Hebestreit, tha: \u201cPrej tashm\u00eb 25 vjet\u00ebsh, Bundeswehr-i po kontribuon n\u00eb m\u00ebnyr\u00eb aktive n\u00eb stabilizimin dhe sigurimin e paqes n\u00eb Kosov\u00eb.\u201d Ai theksoi se kontributi i KFOR-it \u00ebsht\u00eb i nevojsh\u00ebm p\u00ebr stabilizimin e siguris\u00eb dhe konsiderohet si nj\u00eb shtyll\u00eb kryesore e stabilitetit n\u00eb rajon.\u201d<\/p>\n<p>Z\u00ebdh\u00ebn\u00ebsi i Ministris\u00eb s\u00eb Mbrojtjes, Arne M\u00fcller, tha se mandati mbetet i pandryshuar. \u201cNe veprojm\u00eb sipas mandatit ekzistues. Kompania gjermane n\u00eb NATO \u00ebsht\u00eb n\u00eb gatishm\u00ebri dhe ka marr\u00eb kompetenca shtes\u00eb, si kontrolli i turmave dhe trazirave.\u201d I pyetur p\u00ebr nj\u00eb strategji daljeje nga Kosova, M\u00fcller shtoi: \u201cOperacionet e k\u00ebsaj p\u00ebrmasash diskutohen dhe miratohen gjithmon\u00eb nga parlamenti. Ne zbatojm\u00eb k\u00ebt\u00eb mandat derisa t\u00eb vendoset q\u00eb nuk \u00ebsht\u00eb m\u00eb i nevojsh\u00ebm.\u201d<\/p>\n<p><strong>Vendimi duhet t\u00eb miratohet nga Parlamenti Gjerman<\/strong><\/p>\n<p>Bundestagu\u00a0do ta trajtoj\u00eb k\u00ebt\u00eb vendim t\u00eb qeveris\u00eb\u00a0m\u00eb 6 qershor 2024, me nj\u00eb debat 40-minut\u00ebsh. Pas debatit, k\u00ebrkesa do t\u00eb kaloj\u00eb p\u00ebr shqyrtim t\u00eb m\u00ebtejsh\u00ebm n\u00eb komisionet p\u00ebrkat\u00ebse, t\u00eb kryesuar nga Komisioni i Jasht\u00ebm. Pritet q\u00eb vendimi,\u00a0sikurse edhe vitet e m\u00ebparshme,\u00a0\u00a0t\u00eb miratohet me shumic\u00eb d\u00ebrrmuese t\u00eb votave nga\u00a0tre partit\u00eb\u00a0e\u00a0koalicionit t\u00eb qendr\u00ebs s\u00eb majt\u00eb,\u00a0SPD,\u00a0FDP\u00a0dhe\u00a0T\u00eb gjelbrit, dhe nga grupi\u00a0m\u00eb i\u00a0madh opozitar,\u00a0CDU\/CSU.<\/p>\n<p>Q\u00eb nga viti 1999, Bundeswehr-i \u00ebsht\u00eb pjes\u00eb e KFOR-it, duke e b\u00ebr\u00eb k\u00ebt\u00eb operacionin m\u00eb t\u00eb gjat\u00eb n\u00eb historin\u00eb e Ushtris\u00eb Gjermane.\u00a0Qeveria gjermane e paraqet mandatin \u00e7do vit p\u00ebr rishikim dhe miratim n\u00eb parlament p\u00ebr t\u00eb siguruar nj\u00eb proces demokratik dhe transparent. Kostoja e misionit p\u00ebr nj\u00eb vit p\u00ebrllogaritet t\u00eb jet\u00eb rreth 21,8 milion\u00eb euro.\u00a0N\u00eb prill, qeveria gjermane forcoi p\u00ebrkoh\u00ebsisht kontributin e saj n\u00eb KFOR me nj\u00eb kompani shtes\u00eb p\u00ebr shkak t\u00eb tensioneve n\u00eb veriun e Kosov\u00ebs.<\/p>\n<p><strong>Situtata e siguris\u00eb n\u00eb veri mbetet e brisht\u00eb\u00a0<\/strong><\/p>\n<p>Situata e siguris\u00eb n\u00eb veriun e Kosov\u00ebs \u00ebsht\u00eb p\u00ebrkeq\u00ebsuar q\u00eb nga viti 2022, me p\u00ebrleshje t\u00eb dhunshme n\u00eb Zve\u00e7an dhe nj\u00eb sulm paramilitar n\u00eb Banjsk\u00eb. Tensionet politike vazhduan edhe n\u00eb fillim t\u00eb vitit 2024, p\u00ebrfshir\u00eb zgjedhjet e mundshme n\u00eb komunat veriore dhe rregullimet financiare midis Serbis\u00eb dhe Kosov\u00ebs.<\/p>\n<p>Duke marr\u00eb parasysh tensionet, stabilizimi p\u00ebrmes KFOR-it dhe prania e Bundeswehr-it n\u00eb Kosov\u00eb mbeten thelb\u00ebsore. N\u00eb planin afatgjat\u00eb, Gjermania\u00a0synon kalimin e p\u00ebrgjegj\u00ebsis\u00eb s\u00eb siguris\u00eb tek institucionet kosovare. Deri at\u00ebher\u00eb, prania e KFOR-it mbetet e nevojshme p\u00ebr t\u00eb parandaluar konfliktet dhe p\u00ebrshkall\u00ebzimet afatshkurtra, thuhet n\u00eb k\u00ebrkes\u00ebn e qeveris\u00eb gjermane drejtuar parlamentit.<\/p>\n<p><strong>KFOR-i mbetet garant\u00a0p\u00ebr sigurin\u00eb n\u00eb rajon<\/strong><\/p>\n<p>KFOR \u00ebsht\u00eb krijuar p\u00ebr t\u00eb garantuar sigurin\u00eb n\u00eb Kosov\u00eb dhe mbik\u00ebqyrjen e strukturave profesionale, demokratike dhe multi-etnike. P\u00ebrfshirja e Bundeswehr-it p\u00ebrfshin mb\u00ebshtetjen e zhvillimit t\u00eb Forcave t\u00eb Siguris\u00eb s\u00eb Kosov\u00ebs (KSF) dhe aktor\u00ebve t\u00eb tjer\u00eb n\u00eb kuad\u00ebr t\u00eb reform\u00ebs s\u00eb sektorit t\u00eb siguris\u00eb.<\/p>\n<p>Rezoluta 1244 (1999) e K\u00ebshillit t\u00eb Sigurimit t\u00eb Kombeve t\u00eb Bashkuara mbetet baza p\u00ebr KFOR-in, t\u00eb cil\u00ebn t\u00eb dyja vendet d\u00ebshirojn\u00eb ta vazhdojn\u00eb. Politikat e qeveris\u00eb gjermane synojn\u00eb nj\u00eb normalizim t\u00eb q\u00ebndruesh\u00ebm t\u00eb marr\u00ebdh\u00ebnieve mes Kosov\u00ebs dhe Serbis\u00eb, si dhe mb\u00ebshtetjen e stabilitetit politik, juridik dhe ekonomik t\u00eb Kosov\u00ebs.\/DW<\/p>\n","protected":false},"excerpt":{"rendered":"<p>Qeveria\u00a0gjermane\u00a0ka vendosur t\u00eb zgjas\u00eb p\u00ebr nj\u00eb vit tjet\u00ebr q\u00ebndrimin e\u00a0Bundeswehr-it n\u00eb misionin paqeruajt\u00ebs t\u00eb\u00a0KFOR-it p\u00ebr t\u00eb siguruar paqen dhe sigurin\u00eb n\u00eb rajon. Si m\u00eb par\u00eb, deri n\u00eb 400 ushtare\u00a0dhe ushtar\u00eb\u00a0gjerman\u00eb do t\u00eb mund t\u00eb d\u00ebrgohen p\u00ebr k\u00ebt\u00eb mision. Z\u00ebdh\u00ebn\u00ebsi i qeveris\u00eb, Steffen Hebestreit, tha: \u201cPrej tashm\u00eb 25 vjet\u00ebsh, Bundeswehr-i po kontribuon n\u00eb m\u00ebnyr\u00eb aktive n\u00eb [&hellip;]<\/p>\n","protected":false},"author":1,"featured_media":63461,"comment_status":"closed","ping_status":"closed","sticky":false,"template":"","format":"standard","meta":{"_monsterinsights_skip_tracking":false,"_monsterinsights_sitenote_active":false,"_monsterinsights_sitenote_note":"","_monsterinsights_sitenote_category":0,"_uf_show_specific_survey":0,"_uf_disable_surveys":false,"footnotes":""},"categories":[1146],"tags":[517],"yoast_head":"<!-- This site is optimized with the Yoast SEO plugin v21.5 - https:\/\/yoast.com\/wordpress\/plugins\/seo\/ -->\n<title>Zgjatja e mandatit t\u00eb ushtar\u00ebve t\u00eb KFOR-it n\u00eb Kosov\u00eb, Bundestagu vendos jav\u00ebn e ardhshme<\/title>\n<meta name=\"robots\" content=\"index, follow, max-snippet:-1, max-image-preview:large, max-video-preview:-1\" \/>\n<link rel=\"canonical\" href=\"https:\/\/permbledhja.com\/sq\/zgjatja-e-mandatit-te-ushtareve-te-kfor-it-ne-kosove-bundestagu-vendos-javen-e-ardhshme\/\" \/>\n<meta property=\"og:locale\" content=\"sq_AL\" \/>\n<meta property=\"og:type\" content=\"article\" \/>\n<meta property=\"og:title\" content=\"Zgjatja e mandatit t\u00eb ushtar\u00ebve t\u00eb KFOR-it n\u00eb Kosov\u00eb, Bundestagu vendos jav\u00ebn e ardhshme\" \/>\n<meta property=\"og:description\" content=\"Qeveria\u00a0gjermane\u00a0ka vendosur t\u00eb zgjas\u00eb p\u00ebr nj\u00eb vit tjet\u00ebr q\u00ebndrimin e\u00a0Bundeswehr-it n\u00eb misionin paqeruajt\u00ebs t\u00eb\u00a0KFOR-it p\u00ebr t\u00eb siguruar paqen dhe sigurin\u00eb n\u00eb rajon. Si m\u00eb par\u00eb, deri n\u00eb 400 ushtare\u00a0dhe ushtar\u00eb\u00a0gjerman\u00eb do t\u00eb mund t\u00eb d\u00ebrgohen p\u00ebr k\u00ebt\u00eb mision. Z\u00ebdh\u00ebn\u00ebsi i qeveris\u00eb, Steffen Hebestreit, tha: \u201cPrej tashm\u00eb 25 vjet\u00ebsh, Bundeswehr-i po kontribuon n\u00eb m\u00ebnyr\u00eb aktive n\u00eb [&hellip;]\" \/>\n<meta property=\"og:url\" content=\"https:\/\/permbledhja.com\/sq\/zgjatja-e-mandatit-te-ushtareve-te-kfor-it-ne-kosove-bundestagu-vendos-javen-e-ardhshme\/\" \/>\n<meta property=\"og:site_name\" content=\"Ve\u00e7 artikuj p\u00ebrmbledh\u00ebs\" \/>\n<meta property=\"article:publisher\" content=\"https:\/\/www.facebook.com\/press07\/\" \/>\n<meta property=\"article:author\" content=\"https:\/\/www.facebook.com\/kafexhiu.muharrem\/\" \/>\n<meta property=\"article:published_time\" content=\"2024-06-01T06:16:47+00:00\" \/>\n<meta property=\"og:image\" content=\"https:\/\/permbledhja.com\/wp-content\/uploads\/2024\/05\/kfori-gjerm-600x360-1.jpg\" \/>\n\t<meta property=\"og:image:width\" content=\"600\" \/>\n\t<meta property=\"og:image:height\" content=\"360\" \/>\n\t<meta property=\"og:image:type\" content=\"image\/jpeg\" \/>\n<meta name=\"author\" content=\"P\u00ebrmbledhja\" \/>\n<meta name=\"twitter:card\" content=\"summary_large_image\" \/>\n<meta name=\"twitter:label1\" content=\"Written by\" \/>\n\t<meta name=\"twitter:data1\" content=\"P\u00ebrmbledhja\" \/>\n\t<meta name=\"twitter:label2\" content=\"Est. reading time\" \/>\n\t<meta name=\"twitter:data2\" content=\"3 minuta\" \/>\n<script type=\"application\/ld+json\" class=\"yoast-schema-graph\">{\"@context\":\"https:\/\/schema.org\",\"@graph\":[{\"@type\":\"Article\",\"@id\":\"https:\/\/permbledhja.com\/zgjatja-e-mandatit-te-ushtareve-te-kfor-it-ne-kosove-bundestagu-vendos-javen-e-ardhshme\/#article\",\"isPartOf\":{\"@id\":\"https:\/\/permbledhja.com\/zgjatja-e-mandatit-te-ushtareve-te-kfor-it-ne-kosove-bundestagu-vendos-javen-e-ardhshme\/\"},\"author\":{\"name\":\"P\u00ebrmbledhja\",\"@id\":\"https:\/\/permbledhja.com\/#\/schema\/person\/0d064377258d3221e50693947b9eb4fe\"},\"headline\":\"Zgjatja e mandatit t\u00eb ushtar\u00ebve t\u00eb KFOR-it n\u00eb Kosov\u00eb, Bundestagu vendos jav\u00ebn e ardhshme\",\"datePublished\":\"2024-06-01T06:16:47+00:00\",\"dateModified\":\"2024-06-01T06:16:47+00:00\",\"mainEntityOfPage\":{\"@id\":\"https:\/\/permbledhja.com\/zgjatja-e-mandatit-te-ushtareve-te-kfor-it-ne-kosove-bundestagu-vendos-javen-e-ardhshme\/\"},\"wordCount\":618,\"publisher\":{\"@id\":\"https:\/\/permbledhja.com\/#organization\"},\"keywords\":[\"KFOR\"],\"articleSection\":[\"Kryesoret\"],\"inLanguage\":\"sq\"},{\"@type\":\"WebPage\",\"@id\":\"https:\/\/permbledhja.com\/zgjatja-e-mandatit-te-ushtareve-te-kfor-it-ne-kosove-bundestagu-vendos-javen-e-ardhshme\/\",\"url\":\"https:\/\/permbledhja.com\/zgjatja-e-mandatit-te-ushtareve-te-kfor-it-ne-kosove-bundestagu-vendos-javen-e-ardhshme\/\",\"name\":\"Zgjatja e mandatit t\u00eb ushtar\u00ebve t\u00eb KFOR-it n\u00eb Kosov\u00eb, Bundestagu vendos jav\u00ebn e ardhshme\",\"isPartOf\":{\"@id\":\"https:\/\/permbledhja.com\/#website\"},\"datePublished\":\"2024-06-01T06:16:47+00:00\",\"dateModified\":\"2024-06-01T06:16:47+00:00\",\"breadcrumb\":{\"@id\":\"https:\/\/permbledhja.com\/zgjatja-e-mandatit-te-ushtareve-te-kfor-it-ne-kosove-bundestagu-vendos-javen-e-ardhshme\/#breadcrumb\"},\"inLanguage\":\"sq\",\"potentialAction\":[{\"@type\":\"ReadAction\",\"target\":[\"https:\/\/permbledhja.com\/zgjatja-e-mandatit-te-ushtareve-te-kfor-it-ne-kosove-bundestagu-vendos-javen-e-ardhshme\/\"]}]},{\"@type\":\"BreadcrumbList\",\"@id\":\"https:\/\/permbledhja.com\/zgjatja-e-mandatit-te-ushtareve-te-kfor-it-ne-kosove-bundestagu-vendos-javen-e-ardhshme\/#breadcrumb\",\"itemListElement\":[{\"@type\":\"ListItem\",\"position\":1,\"name\":\"Ballina\",\"item\":\"https:\/\/permbledhja.com\/sq\/\"},{\"@type\":\"ListItem\",\"position\":2,\"name\":\"Zgjatja e mandatit t\u00eb ushtar\u00ebve t\u00eb KFOR-it n\u00eb Kosov\u00eb, Bundestagu vendos jav\u00ebn e ardhshme\"}]},{\"@type\":\"WebSite\",\"@id\":\"https:\/\/permbledhja.com\/#website\",\"url\":\"https:\/\/permbledhja.com\/\",\"name\":\"Ve\u00e7 artikuj p\u00ebrmbledh\u00ebs\",\"description\":\"\",\"publisher\":{\"@id\":\"https:\/\/permbledhja.com\/#organization\"},\"potentialAction\":[{\"@type\":\"SearchAction\",\"target\":{\"@type\":\"EntryPoint\",\"urlTemplate\":\"https:\/\/permbledhja.com\/?s={search_term_string}\"},\"query-input\":\"required name=search_term_string\"}],\"inLanguage\":\"sq\"},{\"@type\":\"Organization\",\"@id\":\"https:\/\/permbledhja.com\/#organization\",\"name\":\"MK Media & Pr\",\"url\":\"https:\/\/permbledhja.com\/\",\"logo\":{\"@type\":\"ImageObject\",\"inLanguage\":\"sq\",\"@id\":\"https:\/\/permbledhja.com\/#\/schema\/logo\/image\/\",\"url\":\"https:\/\/permbledhja.com\/wp-content\/uploads\/2021\/12\/07-Press-Logo.jpg\",\"contentUrl\":\"https:\/\/permbledhja.com\/wp-content\/uploads\/2021\/12\/07-Press-Logo.jpg\",\"width\":512,\"height\":512,\"caption\":\"MK Media & Pr\"},\"image\":{\"@id\":\"https:\/\/permbledhja.com\/#\/schema\/logo\/image\/\"},\"sameAs\":[\"https:\/\/www.facebook.com\/press07\/\"]},{\"@type\":\"Person\",\"@id\":\"https:\/\/permbledhja.com\/#\/schema\/person\/0d064377258d3221e50693947b9eb4fe\",\"name\":\"P\u00ebrmbledhja\",\"image\":{\"@type\":\"ImageObject\",\"inLanguage\":\"sq\",\"@id\":\"https:\/\/permbledhja.com\/#\/schema\/person\/image\/\",\"url\":\"https:\/\/permbledhja.com\/wp-content\/uploads\/2026\/01\/452004717_1040944174702970_8932037511805513407_n-96x96.jpg\",\"contentUrl\":\"https:\/\/permbledhja.com\/wp-content\/uploads\/2026\/01\/452004717_1040944174702970_8932037511805513407_n-96x96.jpg\",\"caption\":\"P\u00ebrmbledhja\"},\"sameAs\":[\"https:\/\/www.facebook.com\/kafexhiu.muharrem\/\",\"https:\/\/www.instagram.com\/muharrem_kafexhiu\/\"],\"url\":\"https:\/\/permbledhja.com\/sq\/author\/admin\/\"}]}<\/script>\n<!-- \/ Yoast SEO plugin. -->","yoast_head_json":{"title":"Zgjatja e mandatit t\u00eb ushtar\u00ebve t\u00eb KFOR-it n\u00eb Kosov\u00eb, Bundestagu vendos jav\u00ebn e ardhshme","robots":{"index":"index","follow":"follow","max-snippet":"max-snippet:-1","max-image-preview":"max-image-preview:large","max-video-preview":"max-video-preview:-1"},"canonical":"https:\/\/permbledhja.com\/sq\/zgjatja-e-mandatit-te-ushtareve-te-kfor-it-ne-kosove-bundestagu-vendos-javen-e-ardhshme\/","og_locale":"sq_AL","og_type":"article","og_title":"Zgjatja e mandatit t\u00eb ushtar\u00ebve t\u00eb KFOR-it n\u00eb Kosov\u00eb, Bundestagu vendos jav\u00ebn e ardhshme","og_description":"Qeveria\u00a0gjermane\u00a0ka vendosur t\u00eb zgjas\u00eb p\u00ebr nj\u00eb vit tjet\u00ebr q\u00ebndrimin e\u00a0Bundeswehr-it n\u00eb misionin paqeruajt\u00ebs t\u00eb\u00a0KFOR-it p\u00ebr t\u00eb siguruar paqen dhe sigurin\u00eb n\u00eb rajon. Si m\u00eb par\u00eb, deri n\u00eb 400 ushtare\u00a0dhe ushtar\u00eb\u00a0gjerman\u00eb do t\u00eb mund t\u00eb d\u00ebrgohen p\u00ebr k\u00ebt\u00eb mision. Z\u00ebdh\u00ebn\u00ebsi i qeveris\u00eb, Steffen Hebestreit, tha: \u201cPrej tashm\u00eb 25 vjet\u00ebsh, Bundeswehr-i po kontribuon n\u00eb m\u00ebnyr\u00eb aktive n\u00eb [&hellip;]","og_url":"https:\/\/permbledhja.com\/sq\/zgjatja-e-mandatit-te-ushtareve-te-kfor-it-ne-kosove-bundestagu-vendos-javen-e-ardhshme\/","og_site_name":"Ve\u00e7 artikuj p\u00ebrmbledh\u00ebs","article_publisher":"https:\/\/www.facebook.com\/press07\/","article_author":"https:\/\/www.facebook.com\/kafexhiu.muharrem\/","article_published_time":"2024-06-01T06:16:47+00:00","og_image":[{"width":600,"height":360,"url":"https:\/\/permbledhja.com\/wp-content\/uploads\/2024\/05\/kfori-gjerm-600x360-1.jpg","type":"image\/jpeg"}],"author":"P\u00ebrmbledhja","twitter_card":"summary_large_image","twitter_misc":{"Written by":"P\u00ebrmbledhja","Est. reading time":"3 minuta"},"schema":{"@context":"https:\/\/schema.org","@graph":[{"@type":"Article","@id":"https:\/\/permbledhja.com\/zgjatja-e-mandatit-te-ushtareve-te-kfor-it-ne-kosove-bundestagu-vendos-javen-e-ardhshme\/#article","isPartOf":{"@id":"https:\/\/permbledhja.com\/zgjatja-e-mandatit-te-ushtareve-te-kfor-it-ne-kosove-bundestagu-vendos-javen-e-ardhshme\/"},"author":{"name":"P\u00ebrmbledhja","@id":"https:\/\/permbledhja.com\/#\/schema\/person\/0d064377258d3221e50693947b9eb4fe"},"headline":"Zgjatja e mandatit t\u00eb ushtar\u00ebve t\u00eb KFOR-it n\u00eb Kosov\u00eb, Bundestagu vendos jav\u00ebn e ardhshme","datePublished":"2024-06-01T06:16:47+00:00","dateModified":"2024-06-01T06:16:47+00:00","mainEntityOfPage":{"@id":"https:\/\/permbledhja.com\/zgjatja-e-mandatit-te-ushtareve-te-kfor-it-ne-kosove-bundestagu-vendos-javen-e-ardhshme\/"},"wordCount":618,"publisher":{"@id":"https:\/\/permbledhja.com\/#organization"},"keywords":["KFOR"],"articleSection":["Kryesoret"],"inLanguage":"sq"},{"@type":"WebPage","@id":"https:\/\/permbledhja.com\/zgjatja-e-mandatit-te-ushtareve-te-kfor-it-ne-kosove-bundestagu-vendos-javen-e-ardhshme\/","url":"https:\/\/permbledhja.com\/zgjatja-e-mandatit-te-ushtareve-te-kfor-it-ne-kosove-bundestagu-vendos-javen-e-ardhshme\/","name":"Zgjatja e mandatit t\u00eb ushtar\u00ebve t\u00eb KFOR-it n\u00eb Kosov\u00eb, Bundestagu vendos jav\u00ebn e ardhshme","isPartOf":{"@id":"https:\/\/permbledhja.com\/#website"},"datePublished":"2024-06-01T06:16:47+00:00","dateModified":"2024-06-01T06:16:47+00:00","breadcrumb":{"@id":"https:\/\/permbledhja.com\/zgjatja-e-mandatit-te-ushtareve-te-kfor-it-ne-kosove-bundestagu-vendos-javen-e-ardhshme\/#breadcrumb"},"inLanguage":"sq","potentialAction":[{"@type":"ReadAction","target":["https:\/\/permbledhja.com\/zgjatja-e-mandatit-te-ushtareve-te-kfor-it-ne-kosove-bundestagu-vendos-javen-e-ardhshme\/"]}]},{"@type":"BreadcrumbList","@id":"https:\/\/permbledhja.com\/zgjatja-e-mandatit-te-ushtareve-te-kfor-it-ne-kosove-bundestagu-vendos-javen-e-ardhshme\/#breadcrumb","itemListElement":[{"@type":"ListItem","position":1,"name":"Ballina","item":"https:\/\/permbledhja.com\/sq\/"},{"@type":"ListItem","position":2,"name":"Zgjatja e mandatit t\u00eb ushtar\u00ebve t\u00eb KFOR-it n\u00eb Kosov\u00eb, Bundestagu vendos jav\u00ebn e ardhshme"}]},{"@type":"WebSite","@id":"https:\/\/permbledhja.com\/#website","url":"https:\/\/permbledhja.com\/","name":"Ve\u00e7 artikuj p\u00ebrmbledh\u00ebs","description":"","publisher":{"@id":"https:\/\/permbledhja.com\/#organization"},"potentialAction":[{"@type":"SearchAction","target":{"@type":"EntryPoint","urlTemplate":"https:\/\/permbledhja.com\/?s={search_term_string}"},"query-input":"required name=search_term_string"}],"inLanguage":"sq"},{"@type":"Organization","@id":"https:\/\/permbledhja.com\/#organization","name":"MK Media & Pr","url":"https:\/\/permbledhja.com\/","logo":{"@type":"ImageObject","inLanguage":"sq","@id":"https:\/\/permbledhja.com\/#\/schema\/logo\/image\/","url":"https:\/\/permbledhja.com\/wp-content\/uploads\/2021\/12\/07-Press-Logo.jpg","contentUrl":"https:\/\/permbledhja.com\/wp-content\/uploads\/2021\/12\/07-Press-Logo.jpg","width":512,"height":512,"caption":"MK Media & Pr"},"image":{"@id":"https:\/\/permbledhja.com\/#\/schema\/logo\/image\/"},"sameAs":["https:\/\/www.facebook.com\/press07\/"]},{"@type":"Person","@id":"https:\/\/permbledhja.com\/#\/schema\/person\/0d064377258d3221e50693947b9eb4fe","name":"P\u00ebrmbledhja","image":{"@type":"ImageObject","inLanguage":"sq","@id":"https:\/\/permbledhja.com\/#\/schema\/person\/image\/","url":"https:\/\/permbledhja.com\/wp-content\/uploads\/2026\/01\/452004717_1040944174702970_8932037511805513407_n-96x96.jpg","contentUrl":"https:\/\/permbledhja.com\/wp-content\/uploads\/2026\/01\/452004717_1040944174702970_8932037511805513407_n-96x96.jpg","caption":"P\u00ebrmbledhja"},"sameAs":["https:\/\/www.facebook.com\/kafexhiu.muharrem\/","https:\/\/www.instagram.com\/muharrem_kafexhiu\/"],"url":"https:\/\/permbledhja.com\/sq\/author\/admin\/"}]}},"_links":{"self":[{"href":"https:\/\/permbledhja.com\/sq\/wp-json\/wp\/v2\/posts\/64808"}],"collection":[{"href":"https:\/\/permbledhja.com\/sq\/wp-json\/wp\/v2\/posts"}],"about":[{"href":"https:\/\/permbledhja.com\/sq\/wp-json\/wp\/v2\/types\/post"}],"author":[{"embeddable":true,"href":"https:\/\/permbledhja.com\/sq\/wp-json\/wp\/v2\/users\/1"}],"replies":[{"embeddable":true,"href":"https:\/\/permbledhja.com\/sq\/wp-json\/wp\/v2\/comments?post=64808"}],"version-history":[{"count":1,"href":"https:\/\/permbledhja.com\/sq\/wp-json\/wp\/v2\/posts\/64808\/revisions"}],"predecessor-version":[{"id":64809,"href":"https:\/\/permbledhja.com\/sq\/wp-json\/wp\/v2\/posts\/64808\/revisions\/64809"}],"wp:featuredmedia":[{"embeddable":true,"href":"https:\/\/permbledhja.com\/sq\/wp-json\/wp\/v2\/media\/63461"}],"wp:attachment":[{"href":"https:\/\/permbledhja.com\/sq\/wp-json\/wp\/v2\/media?parent=64808"}],"wp:term":[{"taxonomy":"category","embeddable":true,"href":"https:\/\/permbledhja.com\/sq\/wp-json\/wp\/v2\/categories?post=64808"},{"taxonomy":"post_tag","embeddable":true,"href":"https:\/\/permbledhja.com\/sq\/wp-json\/wp\/v2\/tags?post=64808"}],"curies":[{"name":"wp","href":"https:\/\/api.w.org\/{rel}","templated":true}]}}