{"id":64276,"date":"2024-05-29T07:00:05","date_gmt":"2024-05-29T07:00:05","guid":{"rendered":"https:\/\/permbledhja.com\/?p=64276"},"modified":"2024-05-29T07:00:05","modified_gmt":"2024-05-29T07:00:05","slug":"maqedonci-kercenimi-nga-serbia-eshte-i-vazhdueshem-kemi-rritur-kapacitetet-e-ushtrise","status":"publish","type":"post","link":"https:\/\/permbledhja.com\/sq\/maqedonci-kercenimi-nga-serbia-eshte-i-vazhdueshem-kemi-rritur-kapacitetet-e-ushtrise\/","title":{"rendered":"Maqedonci: K\u00ebrc\u00ebnimi nga Serbia \u00ebsht\u00eb i vazhduesh\u00ebm, kemi rritur kapacitetet e ushtris\u00eb"},"content":{"rendered":"<h3>Ministri i Mbrojtjes se Kosoves, Ejup Maqedonci tha se edhe pse nuk mendohet se lufta do t\u00eb nis\u00eb nes\u00ebr, s\u00ebrish indikacionet politike t\u00eb b\u00ebjn\u00eb t\u00eb mendosh se gj\u00ebrat do t\u00eb arrijn\u00eb n\u00eb at\u00eb pik\u00eb.<\/h3>\n<p>Ai e cil\u00ebsoi si shqet\u00ebsuese faktin se politikisht Serbia vazhdon t\u00eb ket\u00eb nj\u00eb qasje agresive ndaj Kosov\u00ebs, nd\u00ebrsa ushtarakisht ajo po rrit kapacitetet, gj\u00eb q\u00eb sipas Maqedoncit \u00ebsht\u00eb shqet\u00ebsuese p\u00ebr t\u00eb gjith\u00eb rajonin.<\/p>\n<p>\u201cNuk \u00ebsht\u00eb se lufta do t\u00eb filloj\u00eb nes\u00ebr. Por indikacionet politike nuk japin zgjidhje tjet\u00ebr n\u00ebse vazhdohet me k\u00ebto formate politike. Mandati i KFOR-it \u00ebsht\u00eb ruajtja e kufirit, por krahas k\u00ebsaj ne po zhvillojm\u00eb ushtrin\u00eb e Kosov\u00ebs me t\u00eb gjitha kapacitetet dhe me t\u00eb gjitha trajnimet e nevojshme dhe po p\u00ebrpiqemi p\u00ebr t\u00eb qen\u00eb t\u00eb gatsh\u00ebm gjithmon\u00eb p\u00ebr t\u00eb mbrojtur territorin e vendit ton\u00eb, pa c\u00ebnuar territorin e asnj\u00eb vendi p\u00ebrreth dhe k\u00ebt\u00eb do e b\u00ebjm\u00eb me \u00e7do mjet e \u00e7do kusht n\u00ebse paraqitet nevoja. Synim duhet t\u00eb jet\u00eb paqja, stabiliteti dhe integrimi n\u00eb NATO. Shqet\u00ebsues mbetet fakti q\u00eb Serbia politikisht ka qasje negative n\u00eb raport me republik\u00ebn e Kosov\u00ebs dhe ushtarakisht t\u00eb rris\u00eb kapacitetin e saj. Kjo krijon pasiguri jo vet\u00ebm p\u00ebr Kosov\u00ebn, por p\u00ebr t\u00eb gjith\u00eb rajonin\u201d,-tha Maqedonci p\u00ebr Euronews albania.<\/p>\n<p>Mqedonci, \u00ebsht\u00eb shprehur se Kosova ka k\u00ebrc\u00ebnime t\u00eb vazhdueshme nga ana e Serbis\u00eb.<\/p>\n","protected":false},"excerpt":{"rendered":"<p>Ministri i Mbrojtjes se Kosoves, Ejup Maqedonci tha se edhe pse nuk mendohet se lufta do t\u00eb nis\u00eb nes\u00ebr, s\u00ebrish indikacionet politike t\u00eb b\u00ebjn\u00eb t\u00eb mendosh se gj\u00ebrat do t\u00eb arrijn\u00eb n\u00eb at\u00eb pik\u00eb. Ai e cil\u00ebsoi si shqet\u00ebsuese faktin se politikisht Serbia vazhdon t\u00eb ket\u00eb nj\u00eb qasje agresive ndaj Kosov\u00ebs, nd\u00ebrsa ushtarakisht ajo po [&hellip;]<\/p>\n","protected":false},"author":5,"featured_media":48954,"comment_status":"closed","ping_status":"closed","sticky":false,"template":"","format":"standard","meta":{"_monsterinsights_skip_tracking":false,"_monsterinsights_sitenote_active":false,"_monsterinsights_sitenote_note":"","_monsterinsights_sitenote_category":0,"_uf_show_specific_survey":0,"_uf_disable_surveys":false,"footnotes":""},"categories":[2645],"tags":[],"yoast_head":"<!-- This site is optimized with the Yoast SEO plugin v21.5 - https:\/\/yoast.com\/wordpress\/plugins\/seo\/ -->\n<title>Maqedonci: K\u00ebrc\u00ebnimi nga Serbia \u00ebsht\u00eb i vazhduesh\u00ebm, kemi rritur kapacitetet e ushtris\u00eb<\/title>\n<meta name=\"robots\" content=\"index, follow, max-snippet:-1, max-image-preview:large, max-video-preview:-1\" \/>\n<link rel=\"canonical\" href=\"https:\/\/permbledhja.com\/sq\/maqedonci-kercenimi-nga-serbia-eshte-i-vazhdueshem-kemi-rritur-kapacitetet-e-ushtrise\/\" \/>\n<meta property=\"og:locale\" content=\"sq_AL\" \/>\n<meta property=\"og:type\" content=\"article\" \/>\n<meta property=\"og:title\" content=\"Maqedonci: K\u00ebrc\u00ebnimi nga Serbia \u00ebsht\u00eb i vazhduesh\u00ebm, kemi rritur kapacitetet e ushtris\u00eb\" \/>\n<meta property=\"og:description\" content=\"Ministri i Mbrojtjes se Kosoves, Ejup Maqedonci tha se edhe pse nuk mendohet se lufta do t\u00eb nis\u00eb nes\u00ebr, s\u00ebrish indikacionet politike t\u00eb b\u00ebjn\u00eb t\u00eb mendosh se gj\u00ebrat do t\u00eb arrijn\u00eb n\u00eb at\u00eb pik\u00eb. Ai e cil\u00ebsoi si shqet\u00ebsuese faktin se politikisht Serbia vazhdon t\u00eb ket\u00eb nj\u00eb qasje agresive ndaj Kosov\u00ebs, nd\u00ebrsa ushtarakisht ajo po [&hellip;]\" \/>\n<meta property=\"og:url\" content=\"https:\/\/permbledhja.com\/sq\/maqedonci-kercenimi-nga-serbia-eshte-i-vazhdueshem-kemi-rritur-kapacitetet-e-ushtrise\/\" \/>\n<meta property=\"og:site_name\" content=\"Ve\u00e7 artikuj p\u00ebrmbledh\u00ebs\" \/>\n<meta property=\"article:publisher\" content=\"https:\/\/www.facebook.com\/press07\/\" \/>\n<meta property=\"article:published_time\" content=\"2024-05-29T07:00:05+00:00\" \/>\n<meta property=\"og:image\" content=\"https:\/\/permbledhja.com\/wp-content\/uploads\/2024\/02\/ejup.jpg\" \/>\n\t<meta property=\"og:image:width\" content=\"1195\" \/>\n\t<meta property=\"og:image:height\" content=\"671\" \/>\n\t<meta property=\"og:image:type\" content=\"image\/jpeg\" \/>\n<meta name=\"author\" content=\"DL\" \/>\n<meta name=\"twitter:card\" content=\"summary_large_image\" \/>\n<meta name=\"twitter:label1\" content=\"Written by\" \/>\n\t<meta name=\"twitter:data1\" content=\"DL\" \/>\n\t<meta name=\"twitter:label2\" content=\"Est. reading time\" \/>\n\t<meta name=\"twitter:data2\" content=\"2 minuta\" \/>\n<script type=\"application\/ld+json\" class=\"yoast-schema-graph\">{\"@context\":\"https:\/\/schema.org\",\"@graph\":[{\"@type\":\"Article\",\"@id\":\"https:\/\/permbledhja.com\/sq\/maqedonci-kercenimi-nga-serbia-eshte-i-vazhdueshem-kemi-rritur-kapacitetet-e-ushtrise\/#article\",\"isPartOf\":{\"@id\":\"https:\/\/permbledhja.com\/sq\/maqedonci-kercenimi-nga-serbia-eshte-i-vazhdueshem-kemi-rritur-kapacitetet-e-ushtrise\/\"},\"author\":{\"name\":\"DL\",\"@id\":\"https:\/\/permbledhja.com\/#\/schema\/person\/9c54260cbc4c6f792cb100550491638c\"},\"headline\":\"Maqedonci: K\u00ebrc\u00ebnimi nga Serbia \u00ebsht\u00eb i vazhduesh\u00ebm, kemi rritur kapacitetet e ushtris\u00eb\",\"datePublished\":\"2024-05-29T07:00:05+00:00\",\"dateModified\":\"2024-05-29T07:00:05+00:00\",\"mainEntityOfPage\":{\"@id\":\"https:\/\/permbledhja.com\/sq\/maqedonci-kercenimi-nga-serbia-eshte-i-vazhdueshem-kemi-rritur-kapacitetet-e-ushtrise\/\"},\"wordCount\":264,\"publisher\":{\"@id\":\"https:\/\/permbledhja.com\/#organization\"},\"articleSection\":[\"T\u00eb r\u00ebnd\u00ebsishme\"],\"inLanguage\":\"sq\"},{\"@type\":\"WebPage\",\"@id\":\"https:\/\/permbledhja.com\/sq\/maqedonci-kercenimi-nga-serbia-eshte-i-vazhdueshem-kemi-rritur-kapacitetet-e-ushtrise\/\",\"url\":\"https:\/\/permbledhja.com\/sq\/maqedonci-kercenimi-nga-serbia-eshte-i-vazhdueshem-kemi-rritur-kapacitetet-e-ushtrise\/\",\"name\":\"Maqedonci: K\u00ebrc\u00ebnimi nga Serbia \u00ebsht\u00eb i vazhduesh\u00ebm, kemi rritur kapacitetet e ushtris\u00eb\",\"isPartOf\":{\"@id\":\"https:\/\/permbledhja.com\/#website\"},\"datePublished\":\"2024-05-29T07:00:05+00:00\",\"dateModified\":\"2024-05-29T07:00:05+00:00\",\"breadcrumb\":{\"@id\":\"https:\/\/permbledhja.com\/sq\/maqedonci-kercenimi-nga-serbia-eshte-i-vazhdueshem-kemi-rritur-kapacitetet-e-ushtrise\/#breadcrumb\"},\"inLanguage\":\"sq\",\"potentialAction\":[{\"@type\":\"ReadAction\",\"target\":[\"https:\/\/permbledhja.com\/sq\/maqedonci-kercenimi-nga-serbia-eshte-i-vazhdueshem-kemi-rritur-kapacitetet-e-ushtrise\/\"]}]},{\"@type\":\"BreadcrumbList\",\"@id\":\"https:\/\/permbledhja.com\/sq\/maqedonci-kercenimi-nga-serbia-eshte-i-vazhdueshem-kemi-rritur-kapacitetet-e-ushtrise\/#breadcrumb\",\"itemListElement\":[{\"@type\":\"ListItem\",\"position\":1,\"name\":\"Ballina\",\"item\":\"https:\/\/permbledhja.com\/sq\/\"},{\"@type\":\"ListItem\",\"position\":2,\"name\":\"Maqedonci: K\u00ebrc\u00ebnimi nga Serbia \u00ebsht\u00eb i vazhduesh\u00ebm, kemi rritur kapacitetet e ushtris\u00eb\"}]},{\"@type\":\"WebSite\",\"@id\":\"https:\/\/permbledhja.com\/#website\",\"url\":\"https:\/\/permbledhja.com\/\",\"name\":\"Ve\u00e7 artikuj p\u00ebrmbledh\u00ebs\",\"description\":\"\",\"publisher\":{\"@id\":\"https:\/\/permbledhja.com\/#organization\"},\"potentialAction\":[{\"@type\":\"SearchAction\",\"target\":{\"@type\":\"EntryPoint\",\"urlTemplate\":\"https:\/\/permbledhja.com\/?s={search_term_string}\"},\"query-input\":\"required name=search_term_string\"}],\"inLanguage\":\"sq\"},{\"@type\":\"Organization\",\"@id\":\"https:\/\/permbledhja.com\/#organization\",\"name\":\"MK Media & Pr\",\"url\":\"https:\/\/permbledhja.com\/\",\"logo\":{\"@type\":\"ImageObject\",\"inLanguage\":\"sq\",\"@id\":\"https:\/\/permbledhja.com\/#\/schema\/logo\/image\/\",\"url\":\"https:\/\/permbledhja.com\/wp-content\/uploads\/2021\/12\/07-Press-Logo.jpg\",\"contentUrl\":\"https:\/\/permbledhja.com\/wp-content\/uploads\/2021\/12\/07-Press-Logo.jpg\",\"width\":512,\"height\":512,\"caption\":\"MK Media & Pr\"},\"image\":{\"@id\":\"https:\/\/permbledhja.com\/#\/schema\/logo\/image\/\"},\"sameAs\":[\"https:\/\/www.facebook.com\/press07\/\"]},{\"@type\":\"Person\",\"@id\":\"https:\/\/permbledhja.com\/#\/schema\/person\/9c54260cbc4c6f792cb100550491638c\",\"name\":\"DL\",\"image\":{\"@type\":\"ImageObject\",\"inLanguage\":\"sq\",\"@id\":\"https:\/\/permbledhja.com\/#\/schema\/person\/image\/\",\"url\":\"https:\/\/secure.gravatar.com\/avatar\/94503eb28d4c4b2005a5c8753e35fc80?s=96&d=mm&r=g\",\"contentUrl\":\"https:\/\/secure.gravatar.com\/avatar\/94503eb28d4c4b2005a5c8753e35fc80?s=96&d=mm&r=g\",\"caption\":\"DL\"},\"url\":\"https:\/\/permbledhja.com\/sq\/author\/dl\/\"}]}<\/script>\n<!-- \/ Yoast SEO plugin. -->","yoast_head_json":{"title":"Maqedonci: K\u00ebrc\u00ebnimi nga Serbia \u00ebsht\u00eb i vazhduesh\u00ebm, kemi rritur kapacitetet e ushtris\u00eb","robots":{"index":"index","follow":"follow","max-snippet":"max-snippet:-1","max-image-preview":"max-image-preview:large","max-video-preview":"max-video-preview:-1"},"canonical":"https:\/\/permbledhja.com\/sq\/maqedonci-kercenimi-nga-serbia-eshte-i-vazhdueshem-kemi-rritur-kapacitetet-e-ushtrise\/","og_locale":"sq_AL","og_type":"article","og_title":"Maqedonci: K\u00ebrc\u00ebnimi nga Serbia \u00ebsht\u00eb i vazhduesh\u00ebm, kemi rritur kapacitetet e ushtris\u00eb","og_description":"Ministri i Mbrojtjes se Kosoves, Ejup Maqedonci tha se edhe pse nuk mendohet se lufta do t\u00eb nis\u00eb nes\u00ebr, s\u00ebrish indikacionet politike t\u00eb b\u00ebjn\u00eb t\u00eb mendosh se gj\u00ebrat do t\u00eb arrijn\u00eb n\u00eb at\u00eb pik\u00eb. Ai e cil\u00ebsoi si shqet\u00ebsuese faktin se politikisht Serbia vazhdon t\u00eb ket\u00eb nj\u00eb qasje agresive ndaj Kosov\u00ebs, nd\u00ebrsa ushtarakisht ajo po [&hellip;]","og_url":"https:\/\/permbledhja.com\/sq\/maqedonci-kercenimi-nga-serbia-eshte-i-vazhdueshem-kemi-rritur-kapacitetet-e-ushtrise\/","og_site_name":"Ve\u00e7 artikuj p\u00ebrmbledh\u00ebs","article_publisher":"https:\/\/www.facebook.com\/press07\/","article_published_time":"2024-05-29T07:00:05+00:00","og_image":[{"width":1195,"height":671,"url":"https:\/\/permbledhja.com\/wp-content\/uploads\/2024\/02\/ejup.jpg","type":"image\/jpeg"}],"author":"DL","twitter_card":"summary_large_image","twitter_misc":{"Written by":"DL","Est. reading time":"2 minuta"},"schema":{"@context":"https:\/\/schema.org","@graph":[{"@type":"Article","@id":"https:\/\/permbledhja.com\/sq\/maqedonci-kercenimi-nga-serbia-eshte-i-vazhdueshem-kemi-rritur-kapacitetet-e-ushtrise\/#article","isPartOf":{"@id":"https:\/\/permbledhja.com\/sq\/maqedonci-kercenimi-nga-serbia-eshte-i-vazhdueshem-kemi-rritur-kapacitetet-e-ushtrise\/"},"author":{"name":"DL","@id":"https:\/\/permbledhja.com\/#\/schema\/person\/9c54260cbc4c6f792cb100550491638c"},"headline":"Maqedonci: K\u00ebrc\u00ebnimi nga Serbia \u00ebsht\u00eb i vazhduesh\u00ebm, kemi rritur kapacitetet e ushtris\u00eb","datePublished":"2024-05-29T07:00:05+00:00","dateModified":"2024-05-29T07:00:05+00:00","mainEntityOfPage":{"@id":"https:\/\/permbledhja.com\/sq\/maqedonci-kercenimi-nga-serbia-eshte-i-vazhdueshem-kemi-rritur-kapacitetet-e-ushtrise\/"},"wordCount":264,"publisher":{"@id":"https:\/\/permbledhja.com\/#organization"},"articleSection":["T\u00eb r\u00ebnd\u00ebsishme"],"inLanguage":"sq"},{"@type":"WebPage","@id":"https:\/\/permbledhja.com\/sq\/maqedonci-kercenimi-nga-serbia-eshte-i-vazhdueshem-kemi-rritur-kapacitetet-e-ushtrise\/","url":"https:\/\/permbledhja.com\/sq\/maqedonci-kercenimi-nga-serbia-eshte-i-vazhdueshem-kemi-rritur-kapacitetet-e-ushtrise\/","name":"Maqedonci: K\u00ebrc\u00ebnimi nga Serbia \u00ebsht\u00eb i vazhduesh\u00ebm, kemi rritur kapacitetet e ushtris\u00eb","isPartOf":{"@id":"https:\/\/permbledhja.com\/#website"},"datePublished":"2024-05-29T07:00:05+00:00","dateModified":"2024-05-29T07:00:05+00:00","breadcrumb":{"@id":"https:\/\/permbledhja.com\/sq\/maqedonci-kercenimi-nga-serbia-eshte-i-vazhdueshem-kemi-rritur-kapacitetet-e-ushtrise\/#breadcrumb"},"inLanguage":"sq","potentialAction":[{"@type":"ReadAction","target":["https:\/\/permbledhja.com\/sq\/maqedonci-kercenimi-nga-serbia-eshte-i-vazhdueshem-kemi-rritur-kapacitetet-e-ushtrise\/"]}]},{"@type":"BreadcrumbList","@id":"https:\/\/permbledhja.com\/sq\/maqedonci-kercenimi-nga-serbia-eshte-i-vazhdueshem-kemi-rritur-kapacitetet-e-ushtrise\/#breadcrumb","itemListElement":[{"@type":"ListItem","position":1,"name":"Ballina","item":"https:\/\/permbledhja.com\/sq\/"},{"@type":"ListItem","position":2,"name":"Maqedonci: K\u00ebrc\u00ebnimi nga Serbia \u00ebsht\u00eb i vazhduesh\u00ebm, kemi rritur kapacitetet e ushtris\u00eb"}]},{"@type":"WebSite","@id":"https:\/\/permbledhja.com\/#website","url":"https:\/\/permbledhja.com\/","name":"Ve\u00e7 artikuj p\u00ebrmbledh\u00ebs","description":"","publisher":{"@id":"https:\/\/permbledhja.com\/#organization"},"potentialAction":[{"@type":"SearchAction","target":{"@type":"EntryPoint","urlTemplate":"https:\/\/permbledhja.com\/?s={search_term_string}"},"query-input":"required name=search_term_string"}],"inLanguage":"sq"},{"@type":"Organization","@id":"https:\/\/permbledhja.com\/#organization","name":"MK Media & Pr","url":"https:\/\/permbledhja.com\/","logo":{"@type":"ImageObject","inLanguage":"sq","@id":"https:\/\/permbledhja.com\/#\/schema\/logo\/image\/","url":"https:\/\/permbledhja.com\/wp-content\/uploads\/2021\/12\/07-Press-Logo.jpg","contentUrl":"https:\/\/permbledhja.com\/wp-content\/uploads\/2021\/12\/07-Press-Logo.jpg","width":512,"height":512,"caption":"MK Media & Pr"},"image":{"@id":"https:\/\/permbledhja.com\/#\/schema\/logo\/image\/"},"sameAs":["https:\/\/www.facebook.com\/press07\/"]},{"@type":"Person","@id":"https:\/\/permbledhja.com\/#\/schema\/person\/9c54260cbc4c6f792cb100550491638c","name":"DL","image":{"@type":"ImageObject","inLanguage":"sq","@id":"https:\/\/permbledhja.com\/#\/schema\/person\/image\/","url":"https:\/\/secure.gravatar.com\/avatar\/94503eb28d4c4b2005a5c8753e35fc80?s=96&d=mm&r=g","contentUrl":"https:\/\/secure.gravatar.com\/avatar\/94503eb28d4c4b2005a5c8753e35fc80?s=96&d=mm&r=g","caption":"DL"},"url":"https:\/\/permbledhja.com\/sq\/author\/dl\/"}]}},"_links":{"self":[{"href":"https:\/\/permbledhja.com\/sq\/wp-json\/wp\/v2\/posts\/64276"}],"collection":[{"href":"https:\/\/permbledhja.com\/sq\/wp-json\/wp\/v2\/posts"}],"about":[{"href":"https:\/\/permbledhja.com\/sq\/wp-json\/wp\/v2\/types\/post"}],"author":[{"embeddable":true,"href":"https:\/\/permbledhja.com\/sq\/wp-json\/wp\/v2\/users\/5"}],"replies":[{"embeddable":true,"href":"https:\/\/permbledhja.com\/sq\/wp-json\/wp\/v2\/comments?post=64276"}],"version-history":[{"count":1,"href":"https:\/\/permbledhja.com\/sq\/wp-json\/wp\/v2\/posts\/64276\/revisions"}],"predecessor-version":[{"id":64278,"href":"https:\/\/permbledhja.com\/sq\/wp-json\/wp\/v2\/posts\/64276\/revisions\/64278"}],"wp:featuredmedia":[{"embeddable":true,"href":"https:\/\/permbledhja.com\/sq\/wp-json\/wp\/v2\/media\/48954"}],"wp:attachment":[{"href":"https:\/\/permbledhja.com\/sq\/wp-json\/wp\/v2\/media?parent=64276"}],"wp:term":[{"taxonomy":"category","embeddable":true,"href":"https:\/\/permbledhja.com\/sq\/wp-json\/wp\/v2\/categories?post=64276"},{"taxonomy":"post_tag","embeddable":true,"href":"https:\/\/permbledhja.com\/sq\/wp-json\/wp\/v2\/tags?post=64276"}],"curies":[{"name":"wp","href":"https:\/\/api.w.org\/{rel}","templated":true}]}}