{"id":63378,"date":"2024-05-23T14:11:52","date_gmt":"2024-05-23T14:11:52","guid":{"rendered":"https:\/\/permbledhja.com\/?p=63378"},"modified":"2024-05-23T14:11:52","modified_gmt":"2024-05-23T14:11:52","slug":"vendos-gjykata-19-vite-burg-per-vrasesit-e-lulzim-fejzullahut","status":"publish","type":"post","link":"https:\/\/permbledhja.com\/sq\/vendos-gjykata-19-vite-burg-per-vrasesit-e-lulzim-fejzullahut\/","title":{"rendered":"Vendos gjykata \u2013 19 vite burg p\u00ebr vras\u00ebsit e Lulzim Fejzullahut"},"content":{"rendered":"<h3>Departamenti p\u00ebr t\u00eb Mitur n\u00eb Gjykat\u00ebn Themelore n\u00eb Prishtin\u00eb, ka shpallur aktgjykim d\u00ebnues ndaj dy t\u00eb miturve lidhur me vrasjen e 18-vje\u00e7arit n\u00eb Podujev\u00eb. I mituri i par\u00eb u d\u00ebnua me 10 vjet burgim, kurse i mituri i dyt\u00eb u d\u00ebnua me 9 vjet burgim.<\/h3>\n<p>Shpallja e aktgjykimit sikurse edhe i gjith\u00eb procesi gjyq\u00ebsor ka qen\u00eb i mbyllur p\u00ebr publikun, p\u00ebr shkak se n\u00eb rast jan\u00eb t\u00eb p\u00ebrfshir\u00eb t\u00eb mitur.<\/p>\n<p>Kujtojm\u00eb se Lulzim Fejzullahu u godit me vetur\u00eb e m\u00eb pas u rrah brutalisht, n\u00eb Podujev\u00eb, kurse pas gjasht\u00eb dit\u00ebsh, vdiq n\u00eb QKUK.\/Betimi p\u00ebr Drejt\u00ebsi<\/p>\n","protected":false},"excerpt":{"rendered":"<p>Departamenti p\u00ebr t\u00eb Mitur n\u00eb Gjykat\u00ebn Themelore n\u00eb Prishtin\u00eb, ka shpallur aktgjykim d\u00ebnues ndaj dy t\u00eb miturve lidhur me vrasjen e 18-vje\u00e7arit n\u00eb Podujev\u00eb. I mituri i par\u00eb u d\u00ebnua me 10 vjet burgim, kurse i mituri i dyt\u00eb u d\u00ebnua me 9 vjet burgim. Shpallja e aktgjykimit sikurse edhe i gjith\u00eb procesi gjyq\u00ebsor ka [&hellip;]<\/p>\n","protected":false},"author":2,"featured_media":63379,"comment_status":"closed","ping_status":"closed","sticky":false,"template":"","format":"standard","meta":{"_monsterinsights_skip_tracking":false,"_monsterinsights_sitenote_active":false,"_monsterinsights_sitenote_note":"","_monsterinsights_sitenote_category":0,"_uf_show_specific_survey":0,"_uf_disable_surveys":false,"footnotes":""},"categories":[15],"tags":[],"yoast_head":"<!-- This site is optimized with the Yoast SEO plugin v21.5 - https:\/\/yoast.com\/wordpress\/plugins\/seo\/ -->\n<title>Vendos gjykata \u2013 19 vite burg p\u00ebr vras\u00ebsit e Lulzim Fejzullahut<\/title>\n<meta name=\"robots\" content=\"index, follow, max-snippet:-1, max-image-preview:large, max-video-preview:-1\" \/>\n<link rel=\"canonical\" href=\"https:\/\/permbledhja.com\/sq\/vendos-gjykata-19-vite-burg-per-vrasesit-e-lulzim-fejzullahut\/\" \/>\n<meta property=\"og:locale\" content=\"sq_AL\" \/>\n<meta property=\"og:type\" content=\"article\" \/>\n<meta property=\"og:title\" content=\"Vendos gjykata \u2013 19 vite burg p\u00ebr vras\u00ebsit e Lulzim Fejzullahut\" \/>\n<meta property=\"og:description\" content=\"Departamenti p\u00ebr t\u00eb Mitur n\u00eb Gjykat\u00ebn Themelore n\u00eb Prishtin\u00eb, ka shpallur aktgjykim d\u00ebnues ndaj dy t\u00eb miturve lidhur me vrasjen e 18-vje\u00e7arit n\u00eb Podujev\u00eb. I mituri i par\u00eb u d\u00ebnua me 10 vjet burgim, kurse i mituri i dyt\u00eb u d\u00ebnua me 9 vjet burgim. Shpallja e aktgjykimit sikurse edhe i gjith\u00eb procesi gjyq\u00ebsor ka [&hellip;]\" \/>\n<meta property=\"og:url\" content=\"https:\/\/permbledhja.com\/sq\/vendos-gjykata-19-vite-burg-per-vrasesit-e-lulzim-fejzullahut\/\" \/>\n<meta property=\"og:site_name\" content=\"Ve\u00e7 artikuj p\u00ebrmbledh\u00ebs\" \/>\n<meta property=\"article:publisher\" content=\"https:\/\/www.facebook.com\/press07\/\" \/>\n<meta property=\"article:published_time\" content=\"2024-05-23T14:11:52+00:00\" \/>\n<meta property=\"og:image\" content=\"https:\/\/permbledhja.com\/wp-content\/uploads\/2024\/05\/lulzim-fejzullahu-1.jpg\" \/>\n\t<meta property=\"og:image:width\" content=\"1440\" \/>\n\t<meta property=\"og:image:height\" content=\"962\" \/>\n\t<meta property=\"og:image:type\" content=\"image\/jpeg\" \/>\n<meta name=\"author\" content=\"M M\" \/>\n<meta name=\"twitter:card\" content=\"summary_large_image\" \/>\n<meta name=\"twitter:label1\" content=\"Written by\" \/>\n\t<meta name=\"twitter:data1\" content=\"M M\" \/>\n\t<meta name=\"twitter:label2\" content=\"Est. reading time\" \/>\n\t<meta name=\"twitter:data2\" content=\"1 minut\u00eb\" \/>\n<script type=\"application\/ld+json\" class=\"yoast-schema-graph\">{\"@context\":\"https:\/\/schema.org\",\"@graph\":[{\"@type\":\"Article\",\"@id\":\"https:\/\/permbledhja.com\/sq\/vendos-gjykata-19-vite-burg-per-vrasesit-e-lulzim-fejzullahut\/#article\",\"isPartOf\":{\"@id\":\"https:\/\/permbledhja.com\/sq\/vendos-gjykata-19-vite-burg-per-vrasesit-e-lulzim-fejzullahut\/\"},\"author\":{\"name\":\"M M\",\"@id\":\"https:\/\/permbledhja.com\/#\/schema\/person\/d23f13f59b5722643933d6780783acf3\"},\"headline\":\"Vendos gjykata \u2013 19 vite burg p\u00ebr vras\u00ebsit e Lulzim Fejzullahut\",\"datePublished\":\"2024-05-23T14:11:52+00:00\",\"dateModified\":\"2024-05-23T14:11:52+00:00\",\"mainEntityOfPage\":{\"@id\":\"https:\/\/permbledhja.com\/sq\/vendos-gjykata-19-vite-burg-per-vrasesit-e-lulzim-fejzullahut\/\"},\"wordCount\":118,\"publisher\":{\"@id\":\"https:\/\/permbledhja.com\/#organization\"},\"articleSection\":[\"Lajme\"],\"inLanguage\":\"sq\"},{\"@type\":\"WebPage\",\"@id\":\"https:\/\/permbledhja.com\/sq\/vendos-gjykata-19-vite-burg-per-vrasesit-e-lulzim-fejzullahut\/\",\"url\":\"https:\/\/permbledhja.com\/sq\/vendos-gjykata-19-vite-burg-per-vrasesit-e-lulzim-fejzullahut\/\",\"name\":\"Vendos gjykata \u2013 19 vite burg p\u00ebr vras\u00ebsit e Lulzim Fejzullahut\",\"isPartOf\":{\"@id\":\"https:\/\/permbledhja.com\/#website\"},\"datePublished\":\"2024-05-23T14:11:52+00:00\",\"dateModified\":\"2024-05-23T14:11:52+00:00\",\"breadcrumb\":{\"@id\":\"https:\/\/permbledhja.com\/sq\/vendos-gjykata-19-vite-burg-per-vrasesit-e-lulzim-fejzullahut\/#breadcrumb\"},\"inLanguage\":\"sq\",\"potentialAction\":[{\"@type\":\"ReadAction\",\"target\":[\"https:\/\/permbledhja.com\/sq\/vendos-gjykata-19-vite-burg-per-vrasesit-e-lulzim-fejzullahut\/\"]}]},{\"@type\":\"BreadcrumbList\",\"@id\":\"https:\/\/permbledhja.com\/sq\/vendos-gjykata-19-vite-burg-per-vrasesit-e-lulzim-fejzullahut\/#breadcrumb\",\"itemListElement\":[{\"@type\":\"ListItem\",\"position\":1,\"name\":\"Ballina\",\"item\":\"https:\/\/permbledhja.com\/sq\/\"},{\"@type\":\"ListItem\",\"position\":2,\"name\":\"Vendos gjykata \u2013 19 vite burg p\u00ebr vras\u00ebsit e Lulzim Fejzullahut\"}]},{\"@type\":\"WebSite\",\"@id\":\"https:\/\/permbledhja.com\/#website\",\"url\":\"https:\/\/permbledhja.com\/\",\"name\":\"Ve\u00e7 artikuj p\u00ebrmbledh\u00ebs\",\"description\":\"\",\"publisher\":{\"@id\":\"https:\/\/permbledhja.com\/#organization\"},\"potentialAction\":[{\"@type\":\"SearchAction\",\"target\":{\"@type\":\"EntryPoint\",\"urlTemplate\":\"https:\/\/permbledhja.com\/?s={search_term_string}\"},\"query-input\":\"required name=search_term_string\"}],\"inLanguage\":\"sq\"},{\"@type\":\"Organization\",\"@id\":\"https:\/\/permbledhja.com\/#organization\",\"name\":\"MK Media & Pr\",\"url\":\"https:\/\/permbledhja.com\/\",\"logo\":{\"@type\":\"ImageObject\",\"inLanguage\":\"sq\",\"@id\":\"https:\/\/permbledhja.com\/#\/schema\/logo\/image\/\",\"url\":\"https:\/\/permbledhja.com\/wp-content\/uploads\/2021\/12\/07-Press-Logo.jpg\",\"contentUrl\":\"https:\/\/permbledhja.com\/wp-content\/uploads\/2021\/12\/07-Press-Logo.jpg\",\"width\":512,\"height\":512,\"caption\":\"MK Media & Pr\"},\"image\":{\"@id\":\"https:\/\/permbledhja.com\/#\/schema\/logo\/image\/\"},\"sameAs\":[\"https:\/\/www.facebook.com\/press07\/\"]},{\"@type\":\"Person\",\"@id\":\"https:\/\/permbledhja.com\/#\/schema\/person\/d23f13f59b5722643933d6780783acf3\",\"name\":\"M M\",\"image\":{\"@type\":\"ImageObject\",\"inLanguage\":\"sq\",\"@id\":\"https:\/\/permbledhja.com\/#\/schema\/person\/image\/\",\"url\":\"https:\/\/secure.gravatar.com\/avatar\/e2835a76ca7c31a2416b2d51c4ec9a8f?s=96&d=mm&r=g\",\"contentUrl\":\"https:\/\/secure.gravatar.com\/avatar\/e2835a76ca7c31a2416b2d51c4ec9a8f?s=96&d=mm&r=g\",\"caption\":\"M M\"},\"sameAs\":[\"http:\/\/MM\"],\"url\":\"https:\/\/permbledhja.com\/sq\/author\/muhamet\/\"}]}<\/script>\n<!-- \/ Yoast SEO plugin. -->","yoast_head_json":{"title":"Vendos gjykata \u2013 19 vite burg p\u00ebr vras\u00ebsit e Lulzim Fejzullahut","robots":{"index":"index","follow":"follow","max-snippet":"max-snippet:-1","max-image-preview":"max-image-preview:large","max-video-preview":"max-video-preview:-1"},"canonical":"https:\/\/permbledhja.com\/sq\/vendos-gjykata-19-vite-burg-per-vrasesit-e-lulzim-fejzullahut\/","og_locale":"sq_AL","og_type":"article","og_title":"Vendos gjykata \u2013 19 vite burg p\u00ebr vras\u00ebsit e Lulzim Fejzullahut","og_description":"Departamenti p\u00ebr t\u00eb Mitur n\u00eb Gjykat\u00ebn Themelore n\u00eb Prishtin\u00eb, ka shpallur aktgjykim d\u00ebnues ndaj dy t\u00eb miturve lidhur me vrasjen e 18-vje\u00e7arit n\u00eb Podujev\u00eb. I mituri i par\u00eb u d\u00ebnua me 10 vjet burgim, kurse i mituri i dyt\u00eb u d\u00ebnua me 9 vjet burgim. Shpallja e aktgjykimit sikurse edhe i gjith\u00eb procesi gjyq\u00ebsor ka [&hellip;]","og_url":"https:\/\/permbledhja.com\/sq\/vendos-gjykata-19-vite-burg-per-vrasesit-e-lulzim-fejzullahut\/","og_site_name":"Ve\u00e7 artikuj p\u00ebrmbledh\u00ebs","article_publisher":"https:\/\/www.facebook.com\/press07\/","article_published_time":"2024-05-23T14:11:52+00:00","og_image":[{"width":1440,"height":962,"url":"https:\/\/permbledhja.com\/wp-content\/uploads\/2024\/05\/lulzim-fejzullahu-1.jpg","type":"image\/jpeg"}],"author":"M M","twitter_card":"summary_large_image","twitter_misc":{"Written by":"M M","Est. reading time":"1 minut\u00eb"},"schema":{"@context":"https:\/\/schema.org","@graph":[{"@type":"Article","@id":"https:\/\/permbledhja.com\/sq\/vendos-gjykata-19-vite-burg-per-vrasesit-e-lulzim-fejzullahut\/#article","isPartOf":{"@id":"https:\/\/permbledhja.com\/sq\/vendos-gjykata-19-vite-burg-per-vrasesit-e-lulzim-fejzullahut\/"},"author":{"name":"M M","@id":"https:\/\/permbledhja.com\/#\/schema\/person\/d23f13f59b5722643933d6780783acf3"},"headline":"Vendos gjykata \u2013 19 vite burg p\u00ebr vras\u00ebsit e Lulzim Fejzullahut","datePublished":"2024-05-23T14:11:52+00:00","dateModified":"2024-05-23T14:11:52+00:00","mainEntityOfPage":{"@id":"https:\/\/permbledhja.com\/sq\/vendos-gjykata-19-vite-burg-per-vrasesit-e-lulzim-fejzullahut\/"},"wordCount":118,"publisher":{"@id":"https:\/\/permbledhja.com\/#organization"},"articleSection":["Lajme"],"inLanguage":"sq"},{"@type":"WebPage","@id":"https:\/\/permbledhja.com\/sq\/vendos-gjykata-19-vite-burg-per-vrasesit-e-lulzim-fejzullahut\/","url":"https:\/\/permbledhja.com\/sq\/vendos-gjykata-19-vite-burg-per-vrasesit-e-lulzim-fejzullahut\/","name":"Vendos gjykata \u2013 19 vite burg p\u00ebr vras\u00ebsit e Lulzim Fejzullahut","isPartOf":{"@id":"https:\/\/permbledhja.com\/#website"},"datePublished":"2024-05-23T14:11:52+00:00","dateModified":"2024-05-23T14:11:52+00:00","breadcrumb":{"@id":"https:\/\/permbledhja.com\/sq\/vendos-gjykata-19-vite-burg-per-vrasesit-e-lulzim-fejzullahut\/#breadcrumb"},"inLanguage":"sq","potentialAction":[{"@type":"ReadAction","target":["https:\/\/permbledhja.com\/sq\/vendos-gjykata-19-vite-burg-per-vrasesit-e-lulzim-fejzullahut\/"]}]},{"@type":"BreadcrumbList","@id":"https:\/\/permbledhja.com\/sq\/vendos-gjykata-19-vite-burg-per-vrasesit-e-lulzim-fejzullahut\/#breadcrumb","itemListElement":[{"@type":"ListItem","position":1,"name":"Ballina","item":"https:\/\/permbledhja.com\/sq\/"},{"@type":"ListItem","position":2,"name":"Vendos gjykata \u2013 19 vite burg p\u00ebr vras\u00ebsit e Lulzim Fejzullahut"}]},{"@type":"WebSite","@id":"https:\/\/permbledhja.com\/#website","url":"https:\/\/permbledhja.com\/","name":"Ve\u00e7 artikuj p\u00ebrmbledh\u00ebs","description":"","publisher":{"@id":"https:\/\/permbledhja.com\/#organization"},"potentialAction":[{"@type":"SearchAction","target":{"@type":"EntryPoint","urlTemplate":"https:\/\/permbledhja.com\/?s={search_term_string}"},"query-input":"required name=search_term_string"}],"inLanguage":"sq"},{"@type":"Organization","@id":"https:\/\/permbledhja.com\/#organization","name":"MK Media & Pr","url":"https:\/\/permbledhja.com\/","logo":{"@type":"ImageObject","inLanguage":"sq","@id":"https:\/\/permbledhja.com\/#\/schema\/logo\/image\/","url":"https:\/\/permbledhja.com\/wp-content\/uploads\/2021\/12\/07-Press-Logo.jpg","contentUrl":"https:\/\/permbledhja.com\/wp-content\/uploads\/2021\/12\/07-Press-Logo.jpg","width":512,"height":512,"caption":"MK Media & Pr"},"image":{"@id":"https:\/\/permbledhja.com\/#\/schema\/logo\/image\/"},"sameAs":["https:\/\/www.facebook.com\/press07\/"]},{"@type":"Person","@id":"https:\/\/permbledhja.com\/#\/schema\/person\/d23f13f59b5722643933d6780783acf3","name":"M M","image":{"@type":"ImageObject","inLanguage":"sq","@id":"https:\/\/permbledhja.com\/#\/schema\/person\/image\/","url":"https:\/\/secure.gravatar.com\/avatar\/e2835a76ca7c31a2416b2d51c4ec9a8f?s=96&d=mm&r=g","contentUrl":"https:\/\/secure.gravatar.com\/avatar\/e2835a76ca7c31a2416b2d51c4ec9a8f?s=96&d=mm&r=g","caption":"M M"},"sameAs":["http:\/\/MM"],"url":"https:\/\/permbledhja.com\/sq\/author\/muhamet\/"}]}},"_links":{"self":[{"href":"https:\/\/permbledhja.com\/sq\/wp-json\/wp\/v2\/posts\/63378"}],"collection":[{"href":"https:\/\/permbledhja.com\/sq\/wp-json\/wp\/v2\/posts"}],"about":[{"href":"https:\/\/permbledhja.com\/sq\/wp-json\/wp\/v2\/types\/post"}],"author":[{"embeddable":true,"href":"https:\/\/permbledhja.com\/sq\/wp-json\/wp\/v2\/users\/2"}],"replies":[{"embeddable":true,"href":"https:\/\/permbledhja.com\/sq\/wp-json\/wp\/v2\/comments?post=63378"}],"version-history":[{"count":1,"href":"https:\/\/permbledhja.com\/sq\/wp-json\/wp\/v2\/posts\/63378\/revisions"}],"predecessor-version":[{"id":63380,"href":"https:\/\/permbledhja.com\/sq\/wp-json\/wp\/v2\/posts\/63378\/revisions\/63380"}],"wp:featuredmedia":[{"embeddable":true,"href":"https:\/\/permbledhja.com\/sq\/wp-json\/wp\/v2\/media\/63379"}],"wp:attachment":[{"href":"https:\/\/permbledhja.com\/sq\/wp-json\/wp\/v2\/media?parent=63378"}],"wp:term":[{"taxonomy":"category","embeddable":true,"href":"https:\/\/permbledhja.com\/sq\/wp-json\/wp\/v2\/categories?post=63378"},{"taxonomy":"post_tag","embeddable":true,"href":"https:\/\/permbledhja.com\/sq\/wp-json\/wp\/v2\/tags?post=63378"}],"curies":[{"name":"wp","href":"https:\/\/api.w.org\/{rel}","templated":true}]}}