{"id":62725,"date":"2024-05-19T20:59:14","date_gmt":"2024-05-19T20:59:14","guid":{"rendered":"https:\/\/permbledhja.com\/?p=62725"},"modified":"2024-05-19T20:59:14","modified_gmt":"2024-05-19T20:59:14","slug":"tre-anetare-te-nje-familje-ne-shtime-dergohen-ne-emergjence-dyshohet-se-u-rrahen-mes-vete","status":"publish","type":"post","link":"https:\/\/permbledhja.com\/sq\/tre-anetare-te-nje-familje-ne-shtime-dergohen-ne-emergjence-dyshohet-se-u-rrahen-mes-vete\/","title":{"rendered":"Tre an\u00ebtar\u00eb t\u00eb nj\u00eb familje n\u00eb Shtime d\u00ebrgohen n\u00eb Emergjenc\u00eb, dyshohet se u rrah\u00ebn mes vete"},"content":{"rendered":"<h3><strong>Rreth or\u00ebs 19:33, policia e stacionit n\u00eb Shtime ka pranuar nj\u00eb informat\u00eb p\u00ebr nj\u00eb rrahje n\u00eb rrug\u00ebn ,,12 Qershori\u201d n\u00eb \u00a0Shtime. Sipas policis\u00eb dyshohet p\u00ebr dhun\u00eb n\u00eb familje me \u00e7\u2019rast jan\u00eb l\u00ebnduar tre persona.<\/strong><\/h3>\n<p>T\u00eb l\u00ebnduarit pasi kan\u00eb pranuar ndihm\u00eb mjek\u00ebsore n\u00eb QMF n\u00eb Shtime, jan\u00eb d\u00ebrguar p\u00ebr trajtim n\u00eb Emergjenc\u00ebn e Ferizajt.<\/p>\n<p>\u201cPatrullat e policis\u00eb menj\u00ebher\u00eb kan\u00eb dal\u00eb n\u00eb vendin e ngjarjes dhe aty kan\u00eb m\u00ebsuar se tre persona an\u00ebtar\u00eb t\u00eb familjes, dyshohet p\u00ebr dhun\u00eb n\u00eb familje,\u00a0 kan\u00eb p\u00ebsuar l\u00ebndime trupore dhe pas marrjes s\u00eb ndihm\u00ebs s\u00eb par\u00eb n\u00eb Qendr\u00ebn e Mjek\u00ebsis\u00eb Familjare n\u00eb Shtime, p\u00ebr tretman t\u00eb m\u00ebtutjesh\u00ebm mjek\u00ebsor jan\u00eb d\u00ebrguar n\u00eb Qendr\u00ebn Emergjente n\u00eb Ferizaj\u201d, tha p\u00ebr Gazet\u00ebn Express z\u00ebdh\u00ebn\u00ebsi i policis\u00eb p\u00ebr rajonin e Ferizajt, Kanun Veseli.<\/p>\n<p>\u201cP\u00ebr t\u00eb gjitha veprimet policore \u00ebsht\u00eb njoftuar prokurori i shtetit dhe rasti po hetohet\u201d, tha ai.<\/p>\n","protected":false},"excerpt":{"rendered":"<p>Rreth or\u00ebs 19:33, policia e stacionit n\u00eb Shtime ka pranuar nj\u00eb informat\u00eb p\u00ebr nj\u00eb rrahje n\u00eb rrug\u00ebn ,,12 Qershori\u201d n\u00eb \u00a0Shtime. Sipas policis\u00eb dyshohet p\u00ebr dhun\u00eb n\u00eb familje me \u00e7\u2019rast jan\u00eb l\u00ebnduar tre persona. T\u00eb l\u00ebnduarit pasi kan\u00eb pranuar ndihm\u00eb mjek\u00ebsore n\u00eb QMF n\u00eb Shtime, jan\u00eb d\u00ebrguar p\u00ebr trajtim n\u00eb Emergjenc\u00ebn e Ferizajt. \u201cPatrullat e [&hellip;]<\/p>\n","protected":false},"author":5,"featured_media":62730,"comment_status":"closed","ping_status":"closed","sticky":false,"template":"","format":"standard","meta":{"_monsterinsights_skip_tracking":false,"_monsterinsights_sitenote_active":false,"_monsterinsights_sitenote_note":"","_monsterinsights_sitenote_category":0,"_uf_show_specific_survey":0,"_uf_disable_surveys":false,"footnotes":""},"categories":[15],"tags":[],"yoast_head":"<!-- This site is optimized with the Yoast SEO plugin v21.5 - https:\/\/yoast.com\/wordpress\/plugins\/seo\/ -->\n<title>Tre an\u00ebtar\u00eb t\u00eb nj\u00eb familje n\u00eb Shtime d\u00ebrgohen n\u00eb Emergjenc\u00eb, dyshohet se u rrah\u00ebn mes vete<\/title>\n<meta name=\"robots\" content=\"index, follow, max-snippet:-1, max-image-preview:large, max-video-preview:-1\" \/>\n<link rel=\"canonical\" href=\"https:\/\/permbledhja.com\/sq\/tre-anetare-te-nje-familje-ne-shtime-dergohen-ne-emergjence-dyshohet-se-u-rrahen-mes-vete\/\" \/>\n<meta property=\"og:locale\" content=\"sq_AL\" \/>\n<meta property=\"og:type\" content=\"article\" \/>\n<meta property=\"og:title\" content=\"Tre an\u00ebtar\u00eb t\u00eb nj\u00eb familje n\u00eb Shtime d\u00ebrgohen n\u00eb Emergjenc\u00eb, dyshohet se u rrah\u00ebn mes vete\" \/>\n<meta property=\"og:description\" content=\"Rreth or\u00ebs 19:33, policia e stacionit n\u00eb Shtime ka pranuar nj\u00eb informat\u00eb p\u00ebr nj\u00eb rrahje n\u00eb rrug\u00ebn ,,12 Qershori\u201d n\u00eb \u00a0Shtime. Sipas policis\u00eb dyshohet p\u00ebr dhun\u00eb n\u00eb familje me \u00e7\u2019rast jan\u00eb l\u00ebnduar tre persona. T\u00eb l\u00ebnduarit pasi kan\u00eb pranuar ndihm\u00eb mjek\u00ebsore n\u00eb QMF n\u00eb Shtime, jan\u00eb d\u00ebrguar p\u00ebr trajtim n\u00eb Emergjenc\u00ebn e Ferizajt. \u201cPatrullat e [&hellip;]\" \/>\n<meta property=\"og:url\" content=\"https:\/\/permbledhja.com\/sq\/tre-anetare-te-nje-familje-ne-shtime-dergohen-ne-emergjence-dyshohet-se-u-rrahen-mes-vete\/\" \/>\n<meta property=\"og:site_name\" content=\"Ve\u00e7 artikuj p\u00ebrmbledh\u00ebs\" \/>\n<meta property=\"article:publisher\" content=\"https:\/\/www.facebook.com\/press07\/\" \/>\n<meta property=\"article:published_time\" content=\"2024-05-19T20:59:14+00:00\" \/>\n<meta property=\"og:image\" content=\"https:\/\/permbledhja.com\/wp-content\/uploads\/2024\/05\/emergjenca.jpg\" \/>\n\t<meta property=\"og:image:width\" content=\"750\" \/>\n\t<meta property=\"og:image:height\" content=\"414\" \/>\n\t<meta property=\"og:image:type\" content=\"image\/jpeg\" \/>\n<meta name=\"author\" content=\"DL\" \/>\n<meta name=\"twitter:card\" content=\"summary_large_image\" \/>\n<meta name=\"twitter:label1\" content=\"Written by\" \/>\n\t<meta name=\"twitter:data1\" content=\"DL\" \/>\n\t<meta name=\"twitter:label2\" content=\"Est. reading time\" \/>\n\t<meta name=\"twitter:data2\" content=\"1 minut\u00eb\" \/>\n<script type=\"application\/ld+json\" class=\"yoast-schema-graph\">{\"@context\":\"https:\/\/schema.org\",\"@graph\":[{\"@type\":\"Article\",\"@id\":\"https:\/\/permbledhja.com\/sq\/tre-anetare-te-nje-familje-ne-shtime-dergohen-ne-emergjence-dyshohet-se-u-rrahen-mes-vete\/#article\",\"isPartOf\":{\"@id\":\"https:\/\/permbledhja.com\/sq\/tre-anetare-te-nje-familje-ne-shtime-dergohen-ne-emergjence-dyshohet-se-u-rrahen-mes-vete\/\"},\"author\":{\"name\":\"DL\",\"@id\":\"https:\/\/permbledhja.com\/#\/schema\/person\/9c54260cbc4c6f792cb100550491638c\"},\"headline\":\"Tre an\u00ebtar\u00eb t\u00eb nj\u00eb familje n\u00eb Shtime d\u00ebrgohen n\u00eb Emergjenc\u00eb, dyshohet se u rrah\u00ebn mes vete\",\"datePublished\":\"2024-05-19T20:59:14+00:00\",\"dateModified\":\"2024-05-19T20:59:14+00:00\",\"mainEntityOfPage\":{\"@id\":\"https:\/\/permbledhja.com\/sq\/tre-anetare-te-nje-familje-ne-shtime-dergohen-ne-emergjence-dyshohet-se-u-rrahen-mes-vete\/\"},\"wordCount\":186,\"publisher\":{\"@id\":\"https:\/\/permbledhja.com\/#organization\"},\"articleSection\":[\"Lajme\"],\"inLanguage\":\"sq\"},{\"@type\":\"WebPage\",\"@id\":\"https:\/\/permbledhja.com\/sq\/tre-anetare-te-nje-familje-ne-shtime-dergohen-ne-emergjence-dyshohet-se-u-rrahen-mes-vete\/\",\"url\":\"https:\/\/permbledhja.com\/sq\/tre-anetare-te-nje-familje-ne-shtime-dergohen-ne-emergjence-dyshohet-se-u-rrahen-mes-vete\/\",\"name\":\"Tre an\u00ebtar\u00eb t\u00eb nj\u00eb familje n\u00eb Shtime d\u00ebrgohen n\u00eb Emergjenc\u00eb, dyshohet se u rrah\u00ebn mes vete\",\"isPartOf\":{\"@id\":\"https:\/\/permbledhja.com\/#website\"},\"datePublished\":\"2024-05-19T20:59:14+00:00\",\"dateModified\":\"2024-05-19T20:59:14+00:00\",\"breadcrumb\":{\"@id\":\"https:\/\/permbledhja.com\/sq\/tre-anetare-te-nje-familje-ne-shtime-dergohen-ne-emergjence-dyshohet-se-u-rrahen-mes-vete\/#breadcrumb\"},\"inLanguage\":\"sq\",\"potentialAction\":[{\"@type\":\"ReadAction\",\"target\":[\"https:\/\/permbledhja.com\/sq\/tre-anetare-te-nje-familje-ne-shtime-dergohen-ne-emergjence-dyshohet-se-u-rrahen-mes-vete\/\"]}]},{\"@type\":\"BreadcrumbList\",\"@id\":\"https:\/\/permbledhja.com\/sq\/tre-anetare-te-nje-familje-ne-shtime-dergohen-ne-emergjence-dyshohet-se-u-rrahen-mes-vete\/#breadcrumb\",\"itemListElement\":[{\"@type\":\"ListItem\",\"position\":1,\"name\":\"Ballina\",\"item\":\"https:\/\/permbledhja.com\/sq\/\"},{\"@type\":\"ListItem\",\"position\":2,\"name\":\"Tre an\u00ebtar\u00eb t\u00eb nj\u00eb familje n\u00eb Shtime d\u00ebrgohen n\u00eb Emergjenc\u00eb, dyshohet se u rrah\u00ebn mes vete\"}]},{\"@type\":\"WebSite\",\"@id\":\"https:\/\/permbledhja.com\/#website\",\"url\":\"https:\/\/permbledhja.com\/\",\"name\":\"Ve\u00e7 artikuj p\u00ebrmbledh\u00ebs\",\"description\":\"\",\"publisher\":{\"@id\":\"https:\/\/permbledhja.com\/#organization\"},\"potentialAction\":[{\"@type\":\"SearchAction\",\"target\":{\"@type\":\"EntryPoint\",\"urlTemplate\":\"https:\/\/permbledhja.com\/?s={search_term_string}\"},\"query-input\":\"required name=search_term_string\"}],\"inLanguage\":\"sq\"},{\"@type\":\"Organization\",\"@id\":\"https:\/\/permbledhja.com\/#organization\",\"name\":\"MK Media & Pr\",\"url\":\"https:\/\/permbledhja.com\/\",\"logo\":{\"@type\":\"ImageObject\",\"inLanguage\":\"sq\",\"@id\":\"https:\/\/permbledhja.com\/#\/schema\/logo\/image\/\",\"url\":\"https:\/\/permbledhja.com\/wp-content\/uploads\/2021\/12\/07-Press-Logo.jpg\",\"contentUrl\":\"https:\/\/permbledhja.com\/wp-content\/uploads\/2021\/12\/07-Press-Logo.jpg\",\"width\":512,\"height\":512,\"caption\":\"MK Media & Pr\"},\"image\":{\"@id\":\"https:\/\/permbledhja.com\/#\/schema\/logo\/image\/\"},\"sameAs\":[\"https:\/\/www.facebook.com\/press07\/\"]},{\"@type\":\"Person\",\"@id\":\"https:\/\/permbledhja.com\/#\/schema\/person\/9c54260cbc4c6f792cb100550491638c\",\"name\":\"DL\",\"image\":{\"@type\":\"ImageObject\",\"inLanguage\":\"sq\",\"@id\":\"https:\/\/permbledhja.com\/#\/schema\/person\/image\/\",\"url\":\"https:\/\/secure.gravatar.com\/avatar\/94503eb28d4c4b2005a5c8753e35fc80?s=96&d=mm&r=g\",\"contentUrl\":\"https:\/\/secure.gravatar.com\/avatar\/94503eb28d4c4b2005a5c8753e35fc80?s=96&d=mm&r=g\",\"caption\":\"DL\"},\"url\":\"https:\/\/permbledhja.com\/sq\/author\/dl\/\"}]}<\/script>\n<!-- \/ Yoast SEO plugin. -->","yoast_head_json":{"title":"Tre an\u00ebtar\u00eb t\u00eb nj\u00eb familje n\u00eb Shtime d\u00ebrgohen n\u00eb Emergjenc\u00eb, dyshohet se u rrah\u00ebn mes vete","robots":{"index":"index","follow":"follow","max-snippet":"max-snippet:-1","max-image-preview":"max-image-preview:large","max-video-preview":"max-video-preview:-1"},"canonical":"https:\/\/permbledhja.com\/sq\/tre-anetare-te-nje-familje-ne-shtime-dergohen-ne-emergjence-dyshohet-se-u-rrahen-mes-vete\/","og_locale":"sq_AL","og_type":"article","og_title":"Tre an\u00ebtar\u00eb t\u00eb nj\u00eb familje n\u00eb Shtime d\u00ebrgohen n\u00eb Emergjenc\u00eb, dyshohet se u rrah\u00ebn mes vete","og_description":"Rreth or\u00ebs 19:33, policia e stacionit n\u00eb Shtime ka pranuar nj\u00eb informat\u00eb p\u00ebr nj\u00eb rrahje n\u00eb rrug\u00ebn ,,12 Qershori\u201d n\u00eb \u00a0Shtime. Sipas policis\u00eb dyshohet p\u00ebr dhun\u00eb n\u00eb familje me \u00e7\u2019rast jan\u00eb l\u00ebnduar tre persona. T\u00eb l\u00ebnduarit pasi kan\u00eb pranuar ndihm\u00eb mjek\u00ebsore n\u00eb QMF n\u00eb Shtime, jan\u00eb d\u00ebrguar p\u00ebr trajtim n\u00eb Emergjenc\u00ebn e Ferizajt. \u201cPatrullat e [&hellip;]","og_url":"https:\/\/permbledhja.com\/sq\/tre-anetare-te-nje-familje-ne-shtime-dergohen-ne-emergjence-dyshohet-se-u-rrahen-mes-vete\/","og_site_name":"Ve\u00e7 artikuj p\u00ebrmbledh\u00ebs","article_publisher":"https:\/\/www.facebook.com\/press07\/","article_published_time":"2024-05-19T20:59:14+00:00","og_image":[{"width":750,"height":414,"url":"https:\/\/permbledhja.com\/wp-content\/uploads\/2024\/05\/emergjenca.jpg","type":"image\/jpeg"}],"author":"DL","twitter_card":"summary_large_image","twitter_misc":{"Written by":"DL","Est. reading time":"1 minut\u00eb"},"schema":{"@context":"https:\/\/schema.org","@graph":[{"@type":"Article","@id":"https:\/\/permbledhja.com\/sq\/tre-anetare-te-nje-familje-ne-shtime-dergohen-ne-emergjence-dyshohet-se-u-rrahen-mes-vete\/#article","isPartOf":{"@id":"https:\/\/permbledhja.com\/sq\/tre-anetare-te-nje-familje-ne-shtime-dergohen-ne-emergjence-dyshohet-se-u-rrahen-mes-vete\/"},"author":{"name":"DL","@id":"https:\/\/permbledhja.com\/#\/schema\/person\/9c54260cbc4c6f792cb100550491638c"},"headline":"Tre an\u00ebtar\u00eb t\u00eb nj\u00eb familje n\u00eb Shtime d\u00ebrgohen n\u00eb Emergjenc\u00eb, dyshohet se u rrah\u00ebn mes vete","datePublished":"2024-05-19T20:59:14+00:00","dateModified":"2024-05-19T20:59:14+00:00","mainEntityOfPage":{"@id":"https:\/\/permbledhja.com\/sq\/tre-anetare-te-nje-familje-ne-shtime-dergohen-ne-emergjence-dyshohet-se-u-rrahen-mes-vete\/"},"wordCount":186,"publisher":{"@id":"https:\/\/permbledhja.com\/#organization"},"articleSection":["Lajme"],"inLanguage":"sq"},{"@type":"WebPage","@id":"https:\/\/permbledhja.com\/sq\/tre-anetare-te-nje-familje-ne-shtime-dergohen-ne-emergjence-dyshohet-se-u-rrahen-mes-vete\/","url":"https:\/\/permbledhja.com\/sq\/tre-anetare-te-nje-familje-ne-shtime-dergohen-ne-emergjence-dyshohet-se-u-rrahen-mes-vete\/","name":"Tre an\u00ebtar\u00eb t\u00eb nj\u00eb familje n\u00eb Shtime d\u00ebrgohen n\u00eb Emergjenc\u00eb, dyshohet se u rrah\u00ebn mes vete","isPartOf":{"@id":"https:\/\/permbledhja.com\/#website"},"datePublished":"2024-05-19T20:59:14+00:00","dateModified":"2024-05-19T20:59:14+00:00","breadcrumb":{"@id":"https:\/\/permbledhja.com\/sq\/tre-anetare-te-nje-familje-ne-shtime-dergohen-ne-emergjence-dyshohet-se-u-rrahen-mes-vete\/#breadcrumb"},"inLanguage":"sq","potentialAction":[{"@type":"ReadAction","target":["https:\/\/permbledhja.com\/sq\/tre-anetare-te-nje-familje-ne-shtime-dergohen-ne-emergjence-dyshohet-se-u-rrahen-mes-vete\/"]}]},{"@type":"BreadcrumbList","@id":"https:\/\/permbledhja.com\/sq\/tre-anetare-te-nje-familje-ne-shtime-dergohen-ne-emergjence-dyshohet-se-u-rrahen-mes-vete\/#breadcrumb","itemListElement":[{"@type":"ListItem","position":1,"name":"Ballina","item":"https:\/\/permbledhja.com\/sq\/"},{"@type":"ListItem","position":2,"name":"Tre an\u00ebtar\u00eb t\u00eb nj\u00eb familje n\u00eb Shtime d\u00ebrgohen n\u00eb Emergjenc\u00eb, dyshohet se u rrah\u00ebn mes vete"}]},{"@type":"WebSite","@id":"https:\/\/permbledhja.com\/#website","url":"https:\/\/permbledhja.com\/","name":"Ve\u00e7 artikuj p\u00ebrmbledh\u00ebs","description":"","publisher":{"@id":"https:\/\/permbledhja.com\/#organization"},"potentialAction":[{"@type":"SearchAction","target":{"@type":"EntryPoint","urlTemplate":"https:\/\/permbledhja.com\/?s={search_term_string}"},"query-input":"required name=search_term_string"}],"inLanguage":"sq"},{"@type":"Organization","@id":"https:\/\/permbledhja.com\/#organization","name":"MK Media & Pr","url":"https:\/\/permbledhja.com\/","logo":{"@type":"ImageObject","inLanguage":"sq","@id":"https:\/\/permbledhja.com\/#\/schema\/logo\/image\/","url":"https:\/\/permbledhja.com\/wp-content\/uploads\/2021\/12\/07-Press-Logo.jpg","contentUrl":"https:\/\/permbledhja.com\/wp-content\/uploads\/2021\/12\/07-Press-Logo.jpg","width":512,"height":512,"caption":"MK Media & Pr"},"image":{"@id":"https:\/\/permbledhja.com\/#\/schema\/logo\/image\/"},"sameAs":["https:\/\/www.facebook.com\/press07\/"]},{"@type":"Person","@id":"https:\/\/permbledhja.com\/#\/schema\/person\/9c54260cbc4c6f792cb100550491638c","name":"DL","image":{"@type":"ImageObject","inLanguage":"sq","@id":"https:\/\/permbledhja.com\/#\/schema\/person\/image\/","url":"https:\/\/secure.gravatar.com\/avatar\/94503eb28d4c4b2005a5c8753e35fc80?s=96&d=mm&r=g","contentUrl":"https:\/\/secure.gravatar.com\/avatar\/94503eb28d4c4b2005a5c8753e35fc80?s=96&d=mm&r=g","caption":"DL"},"url":"https:\/\/permbledhja.com\/sq\/author\/dl\/"}]}},"_links":{"self":[{"href":"https:\/\/permbledhja.com\/sq\/wp-json\/wp\/v2\/posts\/62725"}],"collection":[{"href":"https:\/\/permbledhja.com\/sq\/wp-json\/wp\/v2\/posts"}],"about":[{"href":"https:\/\/permbledhja.com\/sq\/wp-json\/wp\/v2\/types\/post"}],"author":[{"embeddable":true,"href":"https:\/\/permbledhja.com\/sq\/wp-json\/wp\/v2\/users\/5"}],"replies":[{"embeddable":true,"href":"https:\/\/permbledhja.com\/sq\/wp-json\/wp\/v2\/comments?post=62725"}],"version-history":[{"count":1,"href":"https:\/\/permbledhja.com\/sq\/wp-json\/wp\/v2\/posts\/62725\/revisions"}],"predecessor-version":[{"id":62731,"href":"https:\/\/permbledhja.com\/sq\/wp-json\/wp\/v2\/posts\/62725\/revisions\/62731"}],"wp:featuredmedia":[{"embeddable":true,"href":"https:\/\/permbledhja.com\/sq\/wp-json\/wp\/v2\/media\/62730"}],"wp:attachment":[{"href":"https:\/\/permbledhja.com\/sq\/wp-json\/wp\/v2\/media?parent=62725"}],"wp:term":[{"taxonomy":"category","embeddable":true,"href":"https:\/\/permbledhja.com\/sq\/wp-json\/wp\/v2\/categories?post=62725"},{"taxonomy":"post_tag","embeddable":true,"href":"https:\/\/permbledhja.com\/sq\/wp-json\/wp\/v2\/tags?post=62725"}],"curies":[{"name":"wp","href":"https:\/\/api.w.org\/{rel}","templated":true}]}}