{"id":62605,"date":"2024-05-19T08:29:58","date_gmt":"2024-05-19T08:29:58","guid":{"rendered":"https:\/\/permbledhja.com\/?p=62605"},"modified":"2024-05-19T08:29:58","modified_gmt":"2024-05-19T08:29:58","slug":"nensekretarja-amerikane-e-falenderoi-per-pritjen-te-dielen-osmani-eshte-dite-pune-per-ne","status":"publish","type":"post","link":"https:\/\/permbledhja.com\/sq\/nensekretarja-amerikane-e-falenderoi-per-pritjen-te-dielen-osmani-eshte-dite-pune-per-ne\/","title":{"rendered":"N\u00ebnsekretarja amerikane e fal\u00ebnderoi p\u00ebr pritjen t\u00eb diel\u00ebn, Osmani: \u00cbsht\u00eb dit\u00eb pune p\u00ebr ne"},"content":{"rendered":"<p><b>Presidentja e Kosov\u00ebs, Vjosa Osmani, t\u00eb diel\u00ebn, ka pritur n\u00eb takim n\u00ebnsekretaren amerikane t\u00eb Shtetit, Elizabeth Allen.<\/b><\/p>\n<p>Gjat\u00eb shtr\u00ebngimit t\u00eb duarave, n\u00ebnsekretarja amerikane e fal\u00ebnd\u00ebroi presidenten p\u00ebr pritjen n\u00eb dit\u00eb t\u00eb diele.<\/p>\n<p>\u201c<i>Faleminderit p\u00ebr pritjen, ve\u00e7an\u00ebrisht t\u00eb diel\u00ebn<\/i>.\u201d \u2013 ka th\u00ebn\u00eb Allen.<\/p>\n<p>Nd\u00ebrsa, Osmani ia ktheu duke th\u00ebn\u00eb se e diela \u201c<i>\u00ebsht\u00eb dit\u00eb pune p\u00ebr ne<\/i>\u201d.<\/p>\n<p>Osmani me Allen do t\u00eb n\u00ebnshkruajn\u00eb nj\u00eb marr\u00ebveshje mir\u00ebkuptimit nd\u00ebrmjet Qeveris\u00eb s\u00eb Shteteve t\u00eb Bashkuara t\u00eb Amerik\u00ebs dhe Republik\u00ebs s\u00eb Kosov\u00ebs, kund\u00ebr manipulimit t\u00eb informacionit nga shtetet e huaja.<\/p>\n<p>Allen do t\u00eb takohet edhe me kryeministrin, Albin Kurti.<\/p>\n","protected":false},"excerpt":{"rendered":"<p>Presidentja e Kosov\u00ebs, Vjosa Osmani, t\u00eb diel\u00ebn, ka pritur n\u00eb takim n\u00ebnsekretaren amerikane t\u00eb Shtetit, Elizabeth Allen. Gjat\u00eb shtr\u00ebngimit t\u00eb duarave, n\u00ebnsekretarja amerikane e fal\u00ebnd\u00ebroi presidenten p\u00ebr pritjen n\u00eb dit\u00eb t\u00eb diele. \u201cFaleminderit p\u00ebr pritjen, ve\u00e7an\u00ebrisht t\u00eb diel\u00ebn.\u201d \u2013 ka th\u00ebn\u00eb Allen. Nd\u00ebrsa, Osmani ia ktheu duke th\u00ebn\u00eb se e diela \u201c\u00ebsht\u00eb dit\u00eb pune p\u00ebr [&hellip;]<\/p>\n","protected":false},"author":1,"featured_media":62606,"comment_status":"closed","ping_status":"closed","sticky":false,"template":"","format":"standard","meta":{"_monsterinsights_skip_tracking":false,"_monsterinsights_sitenote_active":false,"_monsterinsights_sitenote_note":"","_monsterinsights_sitenote_category":0,"_uf_show_specific_survey":0,"_uf_disable_surveys":false,"footnotes":""},"categories":[1146],"tags":[163],"yoast_head":"<!-- This site is optimized with the Yoast SEO plugin v21.5 - https:\/\/yoast.com\/wordpress\/plugins\/seo\/ -->\n<title>N\u00ebnsekretarja amerikane e fal\u00ebnderoi p\u00ebr pritjen t\u00eb diel\u00ebn, Osmani: \u00cbsht\u00eb dit\u00eb pune p\u00ebr ne<\/title>\n<meta name=\"robots\" content=\"index, follow, max-snippet:-1, max-image-preview:large, max-video-preview:-1\" \/>\n<link rel=\"canonical\" href=\"https:\/\/permbledhja.com\/sq\/nensekretarja-amerikane-e-falenderoi-per-pritjen-te-dielen-osmani-eshte-dite-pune-per-ne\/\" \/>\n<meta property=\"og:locale\" content=\"sq_AL\" \/>\n<meta property=\"og:type\" content=\"article\" \/>\n<meta property=\"og:title\" content=\"N\u00ebnsekretarja amerikane e fal\u00ebnderoi p\u00ebr pritjen t\u00eb diel\u00ebn, Osmani: \u00cbsht\u00eb dit\u00eb pune p\u00ebr ne\" \/>\n<meta property=\"og:description\" content=\"Presidentja e Kosov\u00ebs, Vjosa Osmani, t\u00eb diel\u00ebn, ka pritur n\u00eb takim n\u00ebnsekretaren amerikane t\u00eb Shtetit, Elizabeth Allen. Gjat\u00eb shtr\u00ebngimit t\u00eb duarave, n\u00ebnsekretarja amerikane e fal\u00ebnd\u00ebroi presidenten p\u00ebr pritjen n\u00eb dit\u00eb t\u00eb diele. \u201cFaleminderit p\u00ebr pritjen, ve\u00e7an\u00ebrisht t\u00eb diel\u00ebn.\u201d \u2013 ka th\u00ebn\u00eb Allen. Nd\u00ebrsa, Osmani ia ktheu duke th\u00ebn\u00eb se e diela \u201c\u00ebsht\u00eb dit\u00eb pune p\u00ebr [&hellip;]\" \/>\n<meta property=\"og:url\" content=\"https:\/\/permbledhja.com\/sq\/nensekretarja-amerikane-e-falenderoi-per-pritjen-te-dielen-osmani-eshte-dite-pune-per-ne\/\" \/>\n<meta property=\"og:site_name\" content=\"Ve\u00e7 artikuj p\u00ebrmbledh\u00ebs\" \/>\n<meta property=\"article:publisher\" content=\"https:\/\/www.facebook.com\/press07\/\" \/>\n<meta property=\"article:author\" content=\"https:\/\/www.facebook.com\/kafexhiu.muharrem\/\" \/>\n<meta property=\"article:published_time\" content=\"2024-05-19T08:29:58+00:00\" \/>\n<meta property=\"og:image\" content=\"https:\/\/permbledhja.com\/wp-content\/uploads\/2024\/05\/DCF914BF-6638-4BC1-84ED-71B36D0B5511.jpeg\" \/>\n\t<meta property=\"og:image:width\" content=\"1163\" \/>\n\t<meta property=\"og:image:height\" content=\"839\" \/>\n\t<meta property=\"og:image:type\" content=\"image\/jpeg\" \/>\n<meta name=\"author\" content=\"P\u00ebrmbledhja\" \/>\n<meta name=\"twitter:card\" content=\"summary_large_image\" \/>\n<meta name=\"twitter:label1\" content=\"Written by\" \/>\n\t<meta name=\"twitter:data1\" content=\"P\u00ebrmbledhja\" \/>\n\t<meta name=\"twitter:label2\" content=\"Est. reading time\" \/>\n\t<meta name=\"twitter:data2\" content=\"1 minut\u00eb\" \/>\n<script type=\"application\/ld+json\" class=\"yoast-schema-graph\">{\"@context\":\"https:\/\/schema.org\",\"@graph\":[{\"@type\":\"Article\",\"@id\":\"https:\/\/permbledhja.com\/sq\/nensekretarja-amerikane-e-falenderoi-per-pritjen-te-dielen-osmani-eshte-dite-pune-per-ne\/#article\",\"isPartOf\":{\"@id\":\"https:\/\/permbledhja.com\/sq\/nensekretarja-amerikane-e-falenderoi-per-pritjen-te-dielen-osmani-eshte-dite-pune-per-ne\/\"},\"author\":{\"name\":\"P\u00ebrmbledhja\",\"@id\":\"https:\/\/permbledhja.com\/#\/schema\/person\/0d064377258d3221e50693947b9eb4fe\"},\"headline\":\"N\u00ebnsekretarja amerikane e fal\u00ebnderoi p\u00ebr pritjen t\u00eb diel\u00ebn, Osmani: \u00cbsht\u00eb dit\u00eb pune p\u00ebr ne\",\"datePublished\":\"2024-05-19T08:29:58+00:00\",\"dateModified\":\"2024-05-19T08:29:58+00:00\",\"mainEntityOfPage\":{\"@id\":\"https:\/\/permbledhja.com\/sq\/nensekretarja-amerikane-e-falenderoi-per-pritjen-te-dielen-osmani-eshte-dite-pune-per-ne\/\"},\"wordCount\":136,\"publisher\":{\"@id\":\"https:\/\/permbledhja.com\/#organization\"},\"keywords\":[\"Vjosa Osmani\"],\"articleSection\":[\"Kryesoret\"],\"inLanguage\":\"sq\"},{\"@type\":\"WebPage\",\"@id\":\"https:\/\/permbledhja.com\/sq\/nensekretarja-amerikane-e-falenderoi-per-pritjen-te-dielen-osmani-eshte-dite-pune-per-ne\/\",\"url\":\"https:\/\/permbledhja.com\/sq\/nensekretarja-amerikane-e-falenderoi-per-pritjen-te-dielen-osmani-eshte-dite-pune-per-ne\/\",\"name\":\"N\u00ebnsekretarja amerikane e fal\u00ebnderoi p\u00ebr pritjen t\u00eb diel\u00ebn, Osmani: \u00cbsht\u00eb dit\u00eb pune p\u00ebr ne\",\"isPartOf\":{\"@id\":\"https:\/\/permbledhja.com\/#website\"},\"datePublished\":\"2024-05-19T08:29:58+00:00\",\"dateModified\":\"2024-05-19T08:29:58+00:00\",\"breadcrumb\":{\"@id\":\"https:\/\/permbledhja.com\/sq\/nensekretarja-amerikane-e-falenderoi-per-pritjen-te-dielen-osmani-eshte-dite-pune-per-ne\/#breadcrumb\"},\"inLanguage\":\"sq\",\"potentialAction\":[{\"@type\":\"ReadAction\",\"target\":[\"https:\/\/permbledhja.com\/sq\/nensekretarja-amerikane-e-falenderoi-per-pritjen-te-dielen-osmani-eshte-dite-pune-per-ne\/\"]}]},{\"@type\":\"BreadcrumbList\",\"@id\":\"https:\/\/permbledhja.com\/sq\/nensekretarja-amerikane-e-falenderoi-per-pritjen-te-dielen-osmani-eshte-dite-pune-per-ne\/#breadcrumb\",\"itemListElement\":[{\"@type\":\"ListItem\",\"position\":1,\"name\":\"Ballina\",\"item\":\"https:\/\/permbledhja.com\/sq\/\"},{\"@type\":\"ListItem\",\"position\":2,\"name\":\"N\u00ebnsekretarja amerikane e fal\u00ebnderoi p\u00ebr pritjen t\u00eb diel\u00ebn, Osmani: \u00cbsht\u00eb dit\u00eb pune p\u00ebr ne\"}]},{\"@type\":\"WebSite\",\"@id\":\"https:\/\/permbledhja.com\/#website\",\"url\":\"https:\/\/permbledhja.com\/\",\"name\":\"Ve\u00e7 artikuj p\u00ebrmbledh\u00ebs\",\"description\":\"\",\"publisher\":{\"@id\":\"https:\/\/permbledhja.com\/#organization\"},\"potentialAction\":[{\"@type\":\"SearchAction\",\"target\":{\"@type\":\"EntryPoint\",\"urlTemplate\":\"https:\/\/permbledhja.com\/?s={search_term_string}\"},\"query-input\":\"required name=search_term_string\"}],\"inLanguage\":\"sq\"},{\"@type\":\"Organization\",\"@id\":\"https:\/\/permbledhja.com\/#organization\",\"name\":\"MK Media & Pr\",\"url\":\"https:\/\/permbledhja.com\/\",\"logo\":{\"@type\":\"ImageObject\",\"inLanguage\":\"sq\",\"@id\":\"https:\/\/permbledhja.com\/#\/schema\/logo\/image\/\",\"url\":\"https:\/\/permbledhja.com\/wp-content\/uploads\/2021\/12\/07-Press-Logo.jpg\",\"contentUrl\":\"https:\/\/permbledhja.com\/wp-content\/uploads\/2021\/12\/07-Press-Logo.jpg\",\"width\":512,\"height\":512,\"caption\":\"MK Media & Pr\"},\"image\":{\"@id\":\"https:\/\/permbledhja.com\/#\/schema\/logo\/image\/\"},\"sameAs\":[\"https:\/\/www.facebook.com\/press07\/\"]},{\"@type\":\"Person\",\"@id\":\"https:\/\/permbledhja.com\/#\/schema\/person\/0d064377258d3221e50693947b9eb4fe\",\"name\":\"P\u00ebrmbledhja\",\"image\":{\"@type\":\"ImageObject\",\"inLanguage\":\"sq\",\"@id\":\"https:\/\/permbledhja.com\/#\/schema\/person\/image\/\",\"url\":\"https:\/\/permbledhja.com\/wp-content\/uploads\/2026\/01\/452004717_1040944174702970_8932037511805513407_n-96x96.jpg\",\"contentUrl\":\"https:\/\/permbledhja.com\/wp-content\/uploads\/2026\/01\/452004717_1040944174702970_8932037511805513407_n-96x96.jpg\",\"caption\":\"P\u00ebrmbledhja\"},\"sameAs\":[\"https:\/\/www.facebook.com\/kafexhiu.muharrem\/\",\"https:\/\/www.instagram.com\/muharrem_kafexhiu\/\"],\"url\":\"https:\/\/permbledhja.com\/sq\/author\/admin\/\"}]}<\/script>\n<!-- \/ Yoast SEO plugin. -->","yoast_head_json":{"title":"N\u00ebnsekretarja amerikane e fal\u00ebnderoi p\u00ebr pritjen t\u00eb diel\u00ebn, Osmani: \u00cbsht\u00eb dit\u00eb pune p\u00ebr ne","robots":{"index":"index","follow":"follow","max-snippet":"max-snippet:-1","max-image-preview":"max-image-preview:large","max-video-preview":"max-video-preview:-1"},"canonical":"https:\/\/permbledhja.com\/sq\/nensekretarja-amerikane-e-falenderoi-per-pritjen-te-dielen-osmani-eshte-dite-pune-per-ne\/","og_locale":"sq_AL","og_type":"article","og_title":"N\u00ebnsekretarja amerikane e fal\u00ebnderoi p\u00ebr pritjen t\u00eb diel\u00ebn, Osmani: \u00cbsht\u00eb dit\u00eb pune p\u00ebr ne","og_description":"Presidentja e Kosov\u00ebs, Vjosa Osmani, t\u00eb diel\u00ebn, ka pritur n\u00eb takim n\u00ebnsekretaren amerikane t\u00eb Shtetit, Elizabeth Allen. Gjat\u00eb shtr\u00ebngimit t\u00eb duarave, n\u00ebnsekretarja amerikane e fal\u00ebnd\u00ebroi presidenten p\u00ebr pritjen n\u00eb dit\u00eb t\u00eb diele. \u201cFaleminderit p\u00ebr pritjen, ve\u00e7an\u00ebrisht t\u00eb diel\u00ebn.\u201d \u2013 ka th\u00ebn\u00eb Allen. Nd\u00ebrsa, Osmani ia ktheu duke th\u00ebn\u00eb se e diela \u201c\u00ebsht\u00eb dit\u00eb pune p\u00ebr [&hellip;]","og_url":"https:\/\/permbledhja.com\/sq\/nensekretarja-amerikane-e-falenderoi-per-pritjen-te-dielen-osmani-eshte-dite-pune-per-ne\/","og_site_name":"Ve\u00e7 artikuj p\u00ebrmbledh\u00ebs","article_publisher":"https:\/\/www.facebook.com\/press07\/","article_author":"https:\/\/www.facebook.com\/kafexhiu.muharrem\/","article_published_time":"2024-05-19T08:29:58+00:00","og_image":[{"width":1163,"height":839,"url":"https:\/\/permbledhja.com\/wp-content\/uploads\/2024\/05\/DCF914BF-6638-4BC1-84ED-71B36D0B5511.jpeg","type":"image\/jpeg"}],"author":"P\u00ebrmbledhja","twitter_card":"summary_large_image","twitter_misc":{"Written by":"P\u00ebrmbledhja","Est. reading time":"1 minut\u00eb"},"schema":{"@context":"https:\/\/schema.org","@graph":[{"@type":"Article","@id":"https:\/\/permbledhja.com\/sq\/nensekretarja-amerikane-e-falenderoi-per-pritjen-te-dielen-osmani-eshte-dite-pune-per-ne\/#article","isPartOf":{"@id":"https:\/\/permbledhja.com\/sq\/nensekretarja-amerikane-e-falenderoi-per-pritjen-te-dielen-osmani-eshte-dite-pune-per-ne\/"},"author":{"name":"P\u00ebrmbledhja","@id":"https:\/\/permbledhja.com\/#\/schema\/person\/0d064377258d3221e50693947b9eb4fe"},"headline":"N\u00ebnsekretarja amerikane e fal\u00ebnderoi p\u00ebr pritjen t\u00eb diel\u00ebn, Osmani: \u00cbsht\u00eb dit\u00eb pune p\u00ebr ne","datePublished":"2024-05-19T08:29:58+00:00","dateModified":"2024-05-19T08:29:58+00:00","mainEntityOfPage":{"@id":"https:\/\/permbledhja.com\/sq\/nensekretarja-amerikane-e-falenderoi-per-pritjen-te-dielen-osmani-eshte-dite-pune-per-ne\/"},"wordCount":136,"publisher":{"@id":"https:\/\/permbledhja.com\/#organization"},"keywords":["Vjosa Osmani"],"articleSection":["Kryesoret"],"inLanguage":"sq"},{"@type":"WebPage","@id":"https:\/\/permbledhja.com\/sq\/nensekretarja-amerikane-e-falenderoi-per-pritjen-te-dielen-osmani-eshte-dite-pune-per-ne\/","url":"https:\/\/permbledhja.com\/sq\/nensekretarja-amerikane-e-falenderoi-per-pritjen-te-dielen-osmani-eshte-dite-pune-per-ne\/","name":"N\u00ebnsekretarja amerikane e fal\u00ebnderoi p\u00ebr pritjen t\u00eb diel\u00ebn, Osmani: \u00cbsht\u00eb dit\u00eb pune p\u00ebr ne","isPartOf":{"@id":"https:\/\/permbledhja.com\/#website"},"datePublished":"2024-05-19T08:29:58+00:00","dateModified":"2024-05-19T08:29:58+00:00","breadcrumb":{"@id":"https:\/\/permbledhja.com\/sq\/nensekretarja-amerikane-e-falenderoi-per-pritjen-te-dielen-osmani-eshte-dite-pune-per-ne\/#breadcrumb"},"inLanguage":"sq","potentialAction":[{"@type":"ReadAction","target":["https:\/\/permbledhja.com\/sq\/nensekretarja-amerikane-e-falenderoi-per-pritjen-te-dielen-osmani-eshte-dite-pune-per-ne\/"]}]},{"@type":"BreadcrumbList","@id":"https:\/\/permbledhja.com\/sq\/nensekretarja-amerikane-e-falenderoi-per-pritjen-te-dielen-osmani-eshte-dite-pune-per-ne\/#breadcrumb","itemListElement":[{"@type":"ListItem","position":1,"name":"Ballina","item":"https:\/\/permbledhja.com\/sq\/"},{"@type":"ListItem","position":2,"name":"N\u00ebnsekretarja amerikane e fal\u00ebnderoi p\u00ebr pritjen t\u00eb diel\u00ebn, Osmani: \u00cbsht\u00eb dit\u00eb pune p\u00ebr ne"}]},{"@type":"WebSite","@id":"https:\/\/permbledhja.com\/#website","url":"https:\/\/permbledhja.com\/","name":"Ve\u00e7 artikuj p\u00ebrmbledh\u00ebs","description":"","publisher":{"@id":"https:\/\/permbledhja.com\/#organization"},"potentialAction":[{"@type":"SearchAction","target":{"@type":"EntryPoint","urlTemplate":"https:\/\/permbledhja.com\/?s={search_term_string}"},"query-input":"required name=search_term_string"}],"inLanguage":"sq"},{"@type":"Organization","@id":"https:\/\/permbledhja.com\/#organization","name":"MK Media & Pr","url":"https:\/\/permbledhja.com\/","logo":{"@type":"ImageObject","inLanguage":"sq","@id":"https:\/\/permbledhja.com\/#\/schema\/logo\/image\/","url":"https:\/\/permbledhja.com\/wp-content\/uploads\/2021\/12\/07-Press-Logo.jpg","contentUrl":"https:\/\/permbledhja.com\/wp-content\/uploads\/2021\/12\/07-Press-Logo.jpg","width":512,"height":512,"caption":"MK Media & Pr"},"image":{"@id":"https:\/\/permbledhja.com\/#\/schema\/logo\/image\/"},"sameAs":["https:\/\/www.facebook.com\/press07\/"]},{"@type":"Person","@id":"https:\/\/permbledhja.com\/#\/schema\/person\/0d064377258d3221e50693947b9eb4fe","name":"P\u00ebrmbledhja","image":{"@type":"ImageObject","inLanguage":"sq","@id":"https:\/\/permbledhja.com\/#\/schema\/person\/image\/","url":"https:\/\/permbledhja.com\/wp-content\/uploads\/2026\/01\/452004717_1040944174702970_8932037511805513407_n-96x96.jpg","contentUrl":"https:\/\/permbledhja.com\/wp-content\/uploads\/2026\/01\/452004717_1040944174702970_8932037511805513407_n-96x96.jpg","caption":"P\u00ebrmbledhja"},"sameAs":["https:\/\/www.facebook.com\/kafexhiu.muharrem\/","https:\/\/www.instagram.com\/muharrem_kafexhiu\/"],"url":"https:\/\/permbledhja.com\/sq\/author\/admin\/"}]}},"_links":{"self":[{"href":"https:\/\/permbledhja.com\/sq\/wp-json\/wp\/v2\/posts\/62605"}],"collection":[{"href":"https:\/\/permbledhja.com\/sq\/wp-json\/wp\/v2\/posts"}],"about":[{"href":"https:\/\/permbledhja.com\/sq\/wp-json\/wp\/v2\/types\/post"}],"author":[{"embeddable":true,"href":"https:\/\/permbledhja.com\/sq\/wp-json\/wp\/v2\/users\/1"}],"replies":[{"embeddable":true,"href":"https:\/\/permbledhja.com\/sq\/wp-json\/wp\/v2\/comments?post=62605"}],"version-history":[{"count":1,"href":"https:\/\/permbledhja.com\/sq\/wp-json\/wp\/v2\/posts\/62605\/revisions"}],"predecessor-version":[{"id":62607,"href":"https:\/\/permbledhja.com\/sq\/wp-json\/wp\/v2\/posts\/62605\/revisions\/62607"}],"wp:featuredmedia":[{"embeddable":true,"href":"https:\/\/permbledhja.com\/sq\/wp-json\/wp\/v2\/media\/62606"}],"wp:attachment":[{"href":"https:\/\/permbledhja.com\/sq\/wp-json\/wp\/v2\/media?parent=62605"}],"wp:term":[{"taxonomy":"category","embeddable":true,"href":"https:\/\/permbledhja.com\/sq\/wp-json\/wp\/v2\/categories?post=62605"},{"taxonomy":"post_tag","embeddable":true,"href":"https:\/\/permbledhja.com\/sq\/wp-json\/wp\/v2\/tags?post=62605"}],"curies":[{"name":"wp","href":"https:\/\/api.w.org\/{rel}","templated":true}]}}