{"id":62359,"date":"2024-05-16T14:49:02","date_gmt":"2024-05-16T14:49:02","guid":{"rendered":"https:\/\/permbledhja.com\/?p=62359"},"modified":"2024-05-16T14:49:02","modified_gmt":"2024-05-16T14:49:02","slug":"weber-prishtina-po-kerkon-nga-berlini-parisi-dhe-roma-te-votojne-ate-qe-mund-ta-shohin-me-vone","status":"publish","type":"post","link":"https:\/\/permbledhja.com\/sq\/weber-prishtina-po-kerkon-nga-berlini-parisi-dhe-roma-te-votojne-ate-qe-mund-ta-shohin-me-vone\/","title":{"rendered":"Weber: Prishtina po k\u00ebrkon nga Berlini, Parisi dhe Roma t\u00eb votojn\u00eb at\u00eb q\u00eb mund ta shohin m\u00eb von\u00eb"},"content":{"rendered":"<h3>Bodo Weber, bashk\u00ebpun\u00ebtor i lart\u00eb n\u00eb K\u00ebshillin joqeveritar p\u00ebr Politikat e Demokratizimit n\u00eb Berlin, \u00ebsht\u00eb shprehur skeptik se letra q\u00eb d\u00ebrgoi sot kryediplomatja e Kosov\u00ebs, Donika G\u00ebrvalla, ku njoftoi se Kosova po p\u00ebrgatit nj\u00eb draft-statut p\u00ebr Asociacionin dhe se do ta d\u00ebrgoj\u00eb n\u00eb Kushtetuese deri n\u00eb fund t\u00eb muajit, do t\u00eb mjaftoj\u00eb p\u00ebr Per\u00ebndimin q\u00eb t\u00eb votojn\u00eb p\u00ebr an\u00ebtar\u00ebsimin e Kosov\u00ebs n\u00eb K\u00ebshillin e Evrop\u00ebs.<\/h3>\n<p>Weber ka th\u00ebn\u00eb se Prishtina po k\u00ebrkon nga Gjermania, Franca dhe Italia t\u00eb votojn\u00eb k\u00ebt\u00eb jav\u00eb p\u00ebr di\u00e7ka q\u00eb do t\u00eb mund ta shohin m\u00eb von\u00eb.<\/p>\n<p>Komiteti i Ministrave i K\u00ebshillit t\u00eb Evrop\u00ebs do t\u00eb mblidhet m\u00eb 16 dhe m\u00eb 17 maj. Kosova nuk \u00ebsht\u00eb n\u00eb agjend\u00eb, dhe ka pak mund\u00ebsi t\u00eb futet.<\/p>\n<p>\u201cJam skeptik, duke marr\u00eb parasysh se refuzimi i Qeveris\u00eb s\u00eb [kryeministrit t\u00eb Kosov\u00ebs, Albin] Kurti p\u00ebr t\u00eb prezantuar draftin e vet, ka shtyr\u00eb [t\u00eb d\u00ebrguarin evropian p\u00ebr dialog, Mirosllav] Laj\u00e7akun dhe QUINT-in t\u00eb hartojn\u00eb propozimin e tyre, dhe p\u00ebr faktin q\u00eb Prishtina po k\u00ebrkon nga Berlini, Parisi dhe Roma t\u00eb votojn\u00eb k\u00ebt\u00eb jav\u00eb p\u00ebr di\u00e7ka q\u00eb do t\u00eb mund ta shohin m\u00eb von\u00eb\u201d, ka deklaruar Weber p\u00ebr Radio Evropa e Lir\u00eb.<\/p>\n<p>Lidhur me diskutimet n\u00ebse Kosova do t\u00eb mund t\u00eb an\u00ebtar\u00ebsohet ose jo k\u00ebt\u00eb jav\u00eb n\u00eb K\u00ebshillin e Evrop\u00ebs, ai rikujton se ngjash\u00ebm ka ndodhur edhe n\u00eb t\u00eb kaluar\u00ebn, duke p\u00ebrmendur shembullin e mosan\u00ebtar\u00ebsimit t\u00eb Kosov\u00ebs n\u00eb Agjencin\u00eb Nd\u00ebrkomb\u00ebtare t\u00eb Policis\u00eb (INTERPOL).<\/p>\n<p>Sipas analistit gjerman, di\u00e7ka e till\u00eb ka ndodhur dhe mund t\u00eb ndodh\u00eb prap\u00eb n\u00eb t\u00eb ardhmen, jo pse do t\u00eb ket\u00eb kund\u00ebrshtime prej vendeve mosnjoh\u00ebse, por sepse Kosova nuk koordinohet si duhet me aleat\u00ebt e saj.<\/p>\n<p>Weber thot\u00eb se Per\u00ebndimi ka pasur n\u00eb vazhdim\u00ebsi qasje t\u00eb padrejt\u00eb ndaj Kosov\u00ebs n\u00eb vitet e fundit, dhe, sipas tij, kjo qasje baz\u00ebn e ka te \u201cdialogu i d\u00ebshtuar\u201d Kosov\u00eb-Serbi.<\/p>\n<p>Arsyet, sipas tij, jan\u00eb: Distancimi prej korniz\u00ebs fillestare p\u00ebr negocimin e nj\u00eb marr\u00ebveshjeje p\u00ebrfundimtare gjith\u00ebp\u00ebrfshir\u00ebse, p\u00ebr nj\u00eb marr\u00ebveshje t\u00eb nd\u00ebrmjetme, sikurse ajo Baz\u00eb dhe ajo e Ohrit, pa nj\u00eb strategji afatgjate; dhe Qasja e Per\u00ebndimit, q\u00eb nuk i p\u00ebrcakton vet\u00eb rregullat, por e ledhaton dhe e pyet Serbin\u00eb se \u00e7far\u00eb \u00ebsht\u00eb n\u00eb gjendje t\u00eb pranoj\u00eb.<\/p>\n<p>P\u00ebrve\u00e7 kushteve lidhur me an\u00ebtar\u00ebsimin n\u00ebp\u00ebr organizata nd\u00ebrkomb\u00ebtare, Weber e sheh si t\u00eb padrejt\u00eb qasjen e Per\u00ebndimit ndaj Kosov\u00ebs edhe me v\u00ebnien e masave nd\u00ebshkuese ndaj Prishtin\u00ebs p\u00ebr tensionet n\u00eb veri, n\u00eb maj t\u00eb 2023-t\u00ebs, teksa nuk e ka nd\u00ebshkuar Serbin\u00eb p\u00ebr sulmin terrorist n\u00eb Banjsk\u00eb.<\/p>\n<p>Weber i var shpresat te p\u00ebrb\u00ebrja e re diplomatike pas zgjedhjeve n\u00eb Bashkimin Evropian.<\/p>\n<p>\u201cShpresoj q\u00eb do t\u00eb krijohet nj\u00eb mund\u00ebsi e re p\u00ebr t\u00eb shtyr\u00eb Per\u00ebndimin q\u00eb t\u00eb ndryshoj\u00eb qasjen n\u00eb dialog, dhe t\u00eb pranoj\u00eb se qasja aktuale nuk \u00ebsht\u00eb duke funksionuar, dhe se ekziston nevoja p\u00ebr nj\u00eb strategji t\u00eb re\u201d, thot\u00eb Weber.<\/p>\n","protected":false},"excerpt":{"rendered":"<p>Bodo Weber, bashk\u00ebpun\u00ebtor i lart\u00eb n\u00eb K\u00ebshillin joqeveritar p\u00ebr Politikat e Demokratizimit n\u00eb Berlin, \u00ebsht\u00eb shprehur skeptik se letra q\u00eb d\u00ebrgoi sot kryediplomatja e Kosov\u00ebs, Donika G\u00ebrvalla, ku njoftoi se Kosova po p\u00ebrgatit nj\u00eb draft-statut p\u00ebr Asociacionin dhe se do ta d\u00ebrgoj\u00eb n\u00eb Kushtetuese deri n\u00eb fund t\u00eb muajit, do t\u00eb mjaftoj\u00eb p\u00ebr Per\u00ebndimin q\u00eb [&hellip;]<\/p>\n","protected":false},"author":2,"featured_media":62361,"comment_status":"closed","ping_status":"closed","sticky":false,"template":"","format":"standard","meta":{"_monsterinsights_skip_tracking":false,"_monsterinsights_sitenote_active":false,"_monsterinsights_sitenote_note":"","_monsterinsights_sitenote_category":0,"_uf_show_specific_survey":0,"_uf_disable_surveys":false,"footnotes":""},"categories":[15],"tags":[1379],"yoast_head":"<!-- This site is optimized with the Yoast SEO plugin v21.5 - https:\/\/yoast.com\/wordpress\/plugins\/seo\/ -->\n<title>Weber: Prishtina po k\u00ebrkon nga Berlini, Parisi dhe Roma t\u00eb votojn\u00eb at\u00eb q\u00eb mund ta shohin m\u00eb von\u00eb<\/title>\n<meta name=\"robots\" content=\"index, follow, max-snippet:-1, max-image-preview:large, max-video-preview:-1\" \/>\n<link rel=\"canonical\" href=\"https:\/\/permbledhja.com\/sq\/weber-prishtina-po-kerkon-nga-berlini-parisi-dhe-roma-te-votojne-ate-qe-mund-ta-shohin-me-vone\/\" \/>\n<meta property=\"og:locale\" content=\"sq_AL\" \/>\n<meta property=\"og:type\" content=\"article\" \/>\n<meta property=\"og:title\" content=\"Weber: Prishtina po k\u00ebrkon nga Berlini, Parisi dhe Roma t\u00eb votojn\u00eb at\u00eb q\u00eb mund ta shohin m\u00eb von\u00eb\" \/>\n<meta property=\"og:description\" content=\"Bodo Weber, bashk\u00ebpun\u00ebtor i lart\u00eb n\u00eb K\u00ebshillin joqeveritar p\u00ebr Politikat e Demokratizimit n\u00eb Berlin, \u00ebsht\u00eb shprehur skeptik se letra q\u00eb d\u00ebrgoi sot kryediplomatja e Kosov\u00ebs, Donika G\u00ebrvalla, ku njoftoi se Kosova po p\u00ebrgatit nj\u00eb draft-statut p\u00ebr Asociacionin dhe se do ta d\u00ebrgoj\u00eb n\u00eb Kushtetuese deri n\u00eb fund t\u00eb muajit, do t\u00eb mjaftoj\u00eb p\u00ebr Per\u00ebndimin q\u00eb [&hellip;]\" \/>\n<meta property=\"og:url\" content=\"https:\/\/permbledhja.com\/sq\/weber-prishtina-po-kerkon-nga-berlini-parisi-dhe-roma-te-votojne-ate-qe-mund-ta-shohin-me-vone\/\" \/>\n<meta property=\"og:site_name\" content=\"Ve\u00e7 artikuj p\u00ebrmbledh\u00ebs\" \/>\n<meta property=\"article:publisher\" content=\"https:\/\/www.facebook.com\/press07\/\" \/>\n<meta property=\"article:published_time\" content=\"2024-05-16T14:49:02+00:00\" \/>\n<meta property=\"og:image\" content=\"https:\/\/permbledhja.com\/wp-content\/uploads\/2024\/05\/bodo-weber.jpg.jpeg\" \/>\n\t<meta property=\"og:image:width\" content=\"1200\" \/>\n\t<meta property=\"og:image:height\" content=\"630\" \/>\n\t<meta property=\"og:image:type\" content=\"image\/jpeg\" \/>\n<meta name=\"author\" content=\"M M\" \/>\n<meta name=\"twitter:card\" content=\"summary_large_image\" \/>\n<meta name=\"twitter:label1\" content=\"Written by\" \/>\n\t<meta name=\"twitter:data1\" content=\"M M\" \/>\n\t<meta name=\"twitter:label2\" content=\"Est. reading time\" \/>\n\t<meta name=\"twitter:data2\" content=\"3 minuta\" \/>\n<script type=\"application\/ld+json\" class=\"yoast-schema-graph\">{\"@context\":\"https:\/\/schema.org\",\"@graph\":[{\"@type\":\"Article\",\"@id\":\"https:\/\/permbledhja.com\/weber-prishtina-po-kerkon-nga-berlini-parisi-dhe-roma-te-votojne-ate-qe-mund-ta-shohin-me-vone\/#article\",\"isPartOf\":{\"@id\":\"https:\/\/permbledhja.com\/weber-prishtina-po-kerkon-nga-berlini-parisi-dhe-roma-te-votojne-ate-qe-mund-ta-shohin-me-vone\/\"},\"author\":{\"name\":\"M M\",\"@id\":\"https:\/\/permbledhja.com\/#\/schema\/person\/d23f13f59b5722643933d6780783acf3\"},\"headline\":\"Weber: Prishtina po k\u00ebrkon nga Berlini, Parisi dhe Roma t\u00eb votojn\u00eb at\u00eb q\u00eb mund ta shohin m\u00eb von\u00eb\",\"datePublished\":\"2024-05-16T14:49:02+00:00\",\"dateModified\":\"2024-05-16T14:49:02+00:00\",\"mainEntityOfPage\":{\"@id\":\"https:\/\/permbledhja.com\/weber-prishtina-po-kerkon-nga-berlini-parisi-dhe-roma-te-votojne-ate-qe-mund-ta-shohin-me-vone\/\"},\"wordCount\":563,\"publisher\":{\"@id\":\"https:\/\/permbledhja.com\/#organization\"},\"keywords\":[\"Weber\"],\"articleSection\":[\"Lajme\"],\"inLanguage\":\"sq\"},{\"@type\":\"WebPage\",\"@id\":\"https:\/\/permbledhja.com\/weber-prishtina-po-kerkon-nga-berlini-parisi-dhe-roma-te-votojne-ate-qe-mund-ta-shohin-me-vone\/\",\"url\":\"https:\/\/permbledhja.com\/weber-prishtina-po-kerkon-nga-berlini-parisi-dhe-roma-te-votojne-ate-qe-mund-ta-shohin-me-vone\/\",\"name\":\"Weber: Prishtina po k\u00ebrkon nga Berlini, Parisi dhe Roma t\u00eb votojn\u00eb at\u00eb q\u00eb mund ta shohin m\u00eb von\u00eb\",\"isPartOf\":{\"@id\":\"https:\/\/permbledhja.com\/#website\"},\"datePublished\":\"2024-05-16T14:49:02+00:00\",\"dateModified\":\"2024-05-16T14:49:02+00:00\",\"breadcrumb\":{\"@id\":\"https:\/\/permbledhja.com\/weber-prishtina-po-kerkon-nga-berlini-parisi-dhe-roma-te-votojne-ate-qe-mund-ta-shohin-me-vone\/#breadcrumb\"},\"inLanguage\":\"sq\",\"potentialAction\":[{\"@type\":\"ReadAction\",\"target\":[\"https:\/\/permbledhja.com\/weber-prishtina-po-kerkon-nga-berlini-parisi-dhe-roma-te-votojne-ate-qe-mund-ta-shohin-me-vone\/\"]}]},{\"@type\":\"BreadcrumbList\",\"@id\":\"https:\/\/permbledhja.com\/weber-prishtina-po-kerkon-nga-berlini-parisi-dhe-roma-te-votojne-ate-qe-mund-ta-shohin-me-vone\/#breadcrumb\",\"itemListElement\":[{\"@type\":\"ListItem\",\"position\":1,\"name\":\"Ballina\",\"item\":\"https:\/\/permbledhja.com\/sq\/\"},{\"@type\":\"ListItem\",\"position\":2,\"name\":\"Weber: Prishtina po k\u00ebrkon nga Berlini, Parisi dhe Roma t\u00eb votojn\u00eb at\u00eb q\u00eb mund ta shohin m\u00eb von\u00eb\"}]},{\"@type\":\"WebSite\",\"@id\":\"https:\/\/permbledhja.com\/#website\",\"url\":\"https:\/\/permbledhja.com\/\",\"name\":\"Ve\u00e7 artikuj p\u00ebrmbledh\u00ebs\",\"description\":\"\",\"publisher\":{\"@id\":\"https:\/\/permbledhja.com\/#organization\"},\"potentialAction\":[{\"@type\":\"SearchAction\",\"target\":{\"@type\":\"EntryPoint\",\"urlTemplate\":\"https:\/\/permbledhja.com\/?s={search_term_string}\"},\"query-input\":\"required name=search_term_string\"}],\"inLanguage\":\"sq\"},{\"@type\":\"Organization\",\"@id\":\"https:\/\/permbledhja.com\/#organization\",\"name\":\"MK Media & Pr\",\"url\":\"https:\/\/permbledhja.com\/\",\"logo\":{\"@type\":\"ImageObject\",\"inLanguage\":\"sq\",\"@id\":\"https:\/\/permbledhja.com\/#\/schema\/logo\/image\/\",\"url\":\"https:\/\/permbledhja.com\/wp-content\/uploads\/2021\/12\/07-Press-Logo.jpg\",\"contentUrl\":\"https:\/\/permbledhja.com\/wp-content\/uploads\/2021\/12\/07-Press-Logo.jpg\",\"width\":512,\"height\":512,\"caption\":\"MK Media & Pr\"},\"image\":{\"@id\":\"https:\/\/permbledhja.com\/#\/schema\/logo\/image\/\"},\"sameAs\":[\"https:\/\/www.facebook.com\/press07\/\"]},{\"@type\":\"Person\",\"@id\":\"https:\/\/permbledhja.com\/#\/schema\/person\/d23f13f59b5722643933d6780783acf3\",\"name\":\"M M\",\"image\":{\"@type\":\"ImageObject\",\"inLanguage\":\"sq\",\"@id\":\"https:\/\/permbledhja.com\/#\/schema\/person\/image\/\",\"url\":\"https:\/\/secure.gravatar.com\/avatar\/e2835a76ca7c31a2416b2d51c4ec9a8f?s=96&d=mm&r=g\",\"contentUrl\":\"https:\/\/secure.gravatar.com\/avatar\/e2835a76ca7c31a2416b2d51c4ec9a8f?s=96&d=mm&r=g\",\"caption\":\"M M\"},\"sameAs\":[\"http:\/\/MM\"],\"url\":\"https:\/\/permbledhja.com\/sq\/author\/muhamet\/\"}]}<\/script>\n<!-- \/ Yoast SEO plugin. -->","yoast_head_json":{"title":"Weber: Prishtina po k\u00ebrkon nga Berlini, Parisi dhe Roma t\u00eb votojn\u00eb at\u00eb q\u00eb mund ta shohin m\u00eb von\u00eb","robots":{"index":"index","follow":"follow","max-snippet":"max-snippet:-1","max-image-preview":"max-image-preview:large","max-video-preview":"max-video-preview:-1"},"canonical":"https:\/\/permbledhja.com\/sq\/weber-prishtina-po-kerkon-nga-berlini-parisi-dhe-roma-te-votojne-ate-qe-mund-ta-shohin-me-vone\/","og_locale":"sq_AL","og_type":"article","og_title":"Weber: Prishtina po k\u00ebrkon nga Berlini, Parisi dhe Roma t\u00eb votojn\u00eb at\u00eb q\u00eb mund ta shohin m\u00eb von\u00eb","og_description":"Bodo Weber, bashk\u00ebpun\u00ebtor i lart\u00eb n\u00eb K\u00ebshillin joqeveritar p\u00ebr Politikat e Demokratizimit n\u00eb Berlin, \u00ebsht\u00eb shprehur skeptik se letra q\u00eb d\u00ebrgoi sot kryediplomatja e Kosov\u00ebs, Donika G\u00ebrvalla, ku njoftoi se Kosova po p\u00ebrgatit nj\u00eb draft-statut p\u00ebr Asociacionin dhe se do ta d\u00ebrgoj\u00eb n\u00eb Kushtetuese deri n\u00eb fund t\u00eb muajit, do t\u00eb mjaftoj\u00eb p\u00ebr Per\u00ebndimin q\u00eb [&hellip;]","og_url":"https:\/\/permbledhja.com\/sq\/weber-prishtina-po-kerkon-nga-berlini-parisi-dhe-roma-te-votojne-ate-qe-mund-ta-shohin-me-vone\/","og_site_name":"Ve\u00e7 artikuj p\u00ebrmbledh\u00ebs","article_publisher":"https:\/\/www.facebook.com\/press07\/","article_published_time":"2024-05-16T14:49:02+00:00","og_image":[{"width":1200,"height":630,"url":"https:\/\/permbledhja.com\/wp-content\/uploads\/2024\/05\/bodo-weber.jpg.jpeg","type":"image\/jpeg"}],"author":"M M","twitter_card":"summary_large_image","twitter_misc":{"Written by":"M M","Est. reading time":"3 minuta"},"schema":{"@context":"https:\/\/schema.org","@graph":[{"@type":"Article","@id":"https:\/\/permbledhja.com\/weber-prishtina-po-kerkon-nga-berlini-parisi-dhe-roma-te-votojne-ate-qe-mund-ta-shohin-me-vone\/#article","isPartOf":{"@id":"https:\/\/permbledhja.com\/weber-prishtina-po-kerkon-nga-berlini-parisi-dhe-roma-te-votojne-ate-qe-mund-ta-shohin-me-vone\/"},"author":{"name":"M M","@id":"https:\/\/permbledhja.com\/#\/schema\/person\/d23f13f59b5722643933d6780783acf3"},"headline":"Weber: Prishtina po k\u00ebrkon nga Berlini, Parisi dhe Roma t\u00eb votojn\u00eb at\u00eb q\u00eb mund ta shohin m\u00eb von\u00eb","datePublished":"2024-05-16T14:49:02+00:00","dateModified":"2024-05-16T14:49:02+00:00","mainEntityOfPage":{"@id":"https:\/\/permbledhja.com\/weber-prishtina-po-kerkon-nga-berlini-parisi-dhe-roma-te-votojne-ate-qe-mund-ta-shohin-me-vone\/"},"wordCount":563,"publisher":{"@id":"https:\/\/permbledhja.com\/#organization"},"keywords":["Weber"],"articleSection":["Lajme"],"inLanguage":"sq"},{"@type":"WebPage","@id":"https:\/\/permbledhja.com\/weber-prishtina-po-kerkon-nga-berlini-parisi-dhe-roma-te-votojne-ate-qe-mund-ta-shohin-me-vone\/","url":"https:\/\/permbledhja.com\/weber-prishtina-po-kerkon-nga-berlini-parisi-dhe-roma-te-votojne-ate-qe-mund-ta-shohin-me-vone\/","name":"Weber: Prishtina po k\u00ebrkon nga Berlini, Parisi dhe Roma t\u00eb votojn\u00eb at\u00eb q\u00eb mund ta shohin m\u00eb von\u00eb","isPartOf":{"@id":"https:\/\/permbledhja.com\/#website"},"datePublished":"2024-05-16T14:49:02+00:00","dateModified":"2024-05-16T14:49:02+00:00","breadcrumb":{"@id":"https:\/\/permbledhja.com\/weber-prishtina-po-kerkon-nga-berlini-parisi-dhe-roma-te-votojne-ate-qe-mund-ta-shohin-me-vone\/#breadcrumb"},"inLanguage":"sq","potentialAction":[{"@type":"ReadAction","target":["https:\/\/permbledhja.com\/weber-prishtina-po-kerkon-nga-berlini-parisi-dhe-roma-te-votojne-ate-qe-mund-ta-shohin-me-vone\/"]}]},{"@type":"BreadcrumbList","@id":"https:\/\/permbledhja.com\/weber-prishtina-po-kerkon-nga-berlini-parisi-dhe-roma-te-votojne-ate-qe-mund-ta-shohin-me-vone\/#breadcrumb","itemListElement":[{"@type":"ListItem","position":1,"name":"Ballina","item":"https:\/\/permbledhja.com\/sq\/"},{"@type":"ListItem","position":2,"name":"Weber: Prishtina po k\u00ebrkon nga Berlini, Parisi dhe Roma t\u00eb votojn\u00eb at\u00eb q\u00eb mund ta shohin m\u00eb von\u00eb"}]},{"@type":"WebSite","@id":"https:\/\/permbledhja.com\/#website","url":"https:\/\/permbledhja.com\/","name":"Ve\u00e7 artikuj p\u00ebrmbledh\u00ebs","description":"","publisher":{"@id":"https:\/\/permbledhja.com\/#organization"},"potentialAction":[{"@type":"SearchAction","target":{"@type":"EntryPoint","urlTemplate":"https:\/\/permbledhja.com\/?s={search_term_string}"},"query-input":"required name=search_term_string"}],"inLanguage":"sq"},{"@type":"Organization","@id":"https:\/\/permbledhja.com\/#organization","name":"MK Media & Pr","url":"https:\/\/permbledhja.com\/","logo":{"@type":"ImageObject","inLanguage":"sq","@id":"https:\/\/permbledhja.com\/#\/schema\/logo\/image\/","url":"https:\/\/permbledhja.com\/wp-content\/uploads\/2021\/12\/07-Press-Logo.jpg","contentUrl":"https:\/\/permbledhja.com\/wp-content\/uploads\/2021\/12\/07-Press-Logo.jpg","width":512,"height":512,"caption":"MK Media & Pr"},"image":{"@id":"https:\/\/permbledhja.com\/#\/schema\/logo\/image\/"},"sameAs":["https:\/\/www.facebook.com\/press07\/"]},{"@type":"Person","@id":"https:\/\/permbledhja.com\/#\/schema\/person\/d23f13f59b5722643933d6780783acf3","name":"M M","image":{"@type":"ImageObject","inLanguage":"sq","@id":"https:\/\/permbledhja.com\/#\/schema\/person\/image\/","url":"https:\/\/secure.gravatar.com\/avatar\/e2835a76ca7c31a2416b2d51c4ec9a8f?s=96&d=mm&r=g","contentUrl":"https:\/\/secure.gravatar.com\/avatar\/e2835a76ca7c31a2416b2d51c4ec9a8f?s=96&d=mm&r=g","caption":"M M"},"sameAs":["http:\/\/MM"],"url":"https:\/\/permbledhja.com\/sq\/author\/muhamet\/"}]}},"_links":{"self":[{"href":"https:\/\/permbledhja.com\/sq\/wp-json\/wp\/v2\/posts\/62359"}],"collection":[{"href":"https:\/\/permbledhja.com\/sq\/wp-json\/wp\/v2\/posts"}],"about":[{"href":"https:\/\/permbledhja.com\/sq\/wp-json\/wp\/v2\/types\/post"}],"author":[{"embeddable":true,"href":"https:\/\/permbledhja.com\/sq\/wp-json\/wp\/v2\/users\/2"}],"replies":[{"embeddable":true,"href":"https:\/\/permbledhja.com\/sq\/wp-json\/wp\/v2\/comments?post=62359"}],"version-history":[{"count":1,"href":"https:\/\/permbledhja.com\/sq\/wp-json\/wp\/v2\/posts\/62359\/revisions"}],"predecessor-version":[{"id":62362,"href":"https:\/\/permbledhja.com\/sq\/wp-json\/wp\/v2\/posts\/62359\/revisions\/62362"}],"wp:featuredmedia":[{"embeddable":true,"href":"https:\/\/permbledhja.com\/sq\/wp-json\/wp\/v2\/media\/62361"}],"wp:attachment":[{"href":"https:\/\/permbledhja.com\/sq\/wp-json\/wp\/v2\/media?parent=62359"}],"wp:term":[{"taxonomy":"category","embeddable":true,"href":"https:\/\/permbledhja.com\/sq\/wp-json\/wp\/v2\/categories?post=62359"},{"taxonomy":"post_tag","embeddable":true,"href":"https:\/\/permbledhja.com\/sq\/wp-json\/wp\/v2\/tags?post=62359"}],"curies":[{"name":"wp","href":"https:\/\/api.w.org\/{rel}","templated":true}]}}