{"id":622,"date":"2022-07-01T11:29:22","date_gmt":"2022-07-01T11:29:22","guid":{"rendered":"https:\/\/permbledhja.com\/?p=622"},"modified":"2022-07-01T11:29:22","modified_gmt":"2022-07-01T11:29:22","slug":"gelato-dueti-me-i-ri-nga-ledri-e-ardian-bujupi","status":"publish","type":"post","link":"https:\/\/permbledhja.com\/sq\/gelato-dueti-me-i-ri-nga-ledri-e-ardian-bujupi\/","title":{"rendered":"\u201cGelato\u201d dueti m\u00eb i ri nga Ledri e Ardian Bujupi"},"content":{"rendered":"<p><strong>Ledri Vula e Ardian Bujupi kan\u00eb bashkuar forcat e kan\u00eb sjell\u00eb bashk\u00ebpunimin e ri muzikor.<\/strong><\/p>\n<p>\u201cGelato\u201d, titullohet projekti i dyshes, t\u00eb cilit i \u00ebsht\u00eb bashk\u00ebngjitur edhe videoklipi, shkruan lajmi.net<\/p>\n<p>P\u00ebr klipin e k\u00ebng\u00ebs \u00ebsht\u00eb p\u00ebrkujdesur Entermedia, nd\u00ebrsa producent \u00ebsht\u00eb Bled.<\/p>\n<p>Ky projekt muzikor \u00ebsht\u00eb lansuar n\u00eb platformat muzikore. <\/p>\n<p><iframe loading=\"lazy\" width=\"800\" height=\"450\" src=\"https:\/\/www.youtube.com\/embed\/mXrWztJqVwE\" title=\"Ardian Bujupi x Ledri - GELATO (prod. by Bled)\" frameborder=\"0\" allow=\"accelerometer; autoplay; clipboard-write; encrypted-media; gyroscope; picture-in-picture\" allowfullscreen><\/iframe><\/p>\n","protected":false},"excerpt":{"rendered":"<p>Ledri Vula e Ardian Bujupi kan\u00eb bashkuar forcat e kan\u00eb sjell\u00eb bashk\u00ebpunimin e ri muzikor. \u201cGelato\u201d, titullohet projekti i dyshes, t\u00eb cilit i \u00ebsht\u00eb bashk\u00ebngjitur edhe videoklipi, shkruan lajmi.net P\u00ebr klipin e k\u00ebng\u00ebs \u00ebsht\u00eb p\u00ebrkujdesur Entermedia, nd\u00ebrsa producent \u00ebsht\u00eb Bled. Ky projekt muzikor \u00ebsht\u00eb lansuar n\u00eb platformat muzikore.<\/p>\n","protected":false},"author":1,"featured_media":623,"comment_status":"closed","ping_status":"closed","sticky":false,"template":"","format":"standard","meta":{"_monsterinsights_skip_tracking":false,"_monsterinsights_sitenote_active":false,"_monsterinsights_sitenote_note":"","_monsterinsights_sitenote_category":0,"_uf_show_specific_survey":0,"_uf_disable_surveys":false,"footnotes":""},"categories":[19],"tags":[29,28],"yoast_head":"<!-- This site is optimized with the Yoast SEO plugin v21.5 - https:\/\/yoast.com\/wordpress\/plugins\/seo\/ -->\n<title>\u201cGelato\u201d dueti m\u00eb i ri nga Ledri e Ardian Bujupi<\/title>\n<meta name=\"robots\" content=\"index, follow, max-snippet:-1, max-image-preview:large, max-video-preview:-1\" \/>\n<link rel=\"canonical\" href=\"https:\/\/permbledhja.com\/sq\/gelato-dueti-me-i-ri-nga-ledri-e-ardian-bujupi\/\" \/>\n<meta property=\"og:locale\" content=\"sq_AL\" \/>\n<meta property=\"og:type\" content=\"article\" \/>\n<meta property=\"og:title\" content=\"\u201cGelato\u201d dueti m\u00eb i ri nga Ledri e Ardian Bujupi\" \/>\n<meta property=\"og:description\" content=\"Ledri Vula e Ardian Bujupi kan\u00eb bashkuar forcat e kan\u00eb sjell\u00eb bashk\u00ebpunimin e ri muzikor. \u201cGelato\u201d, titullohet projekti i dyshes, t\u00eb cilit i \u00ebsht\u00eb bashk\u00ebngjitur edhe videoklipi, shkruan lajmi.net P\u00ebr klipin e k\u00ebng\u00ebs \u00ebsht\u00eb p\u00ebrkujdesur Entermedia, nd\u00ebrsa producent \u00ebsht\u00eb Bled. Ky projekt muzikor \u00ebsht\u00eb lansuar n\u00eb platformat muzikore.\" \/>\n<meta property=\"og:url\" content=\"https:\/\/permbledhja.com\/sq\/gelato-dueti-me-i-ri-nga-ledri-e-ardian-bujupi\/\" \/>\n<meta property=\"og:site_name\" content=\"Ve\u00e7 artikuj p\u00ebrmbledh\u00ebs\" \/>\n<meta property=\"article:publisher\" content=\"https:\/\/www.facebook.com\/press07\/\" \/>\n<meta property=\"article:author\" content=\"https:\/\/www.facebook.com\/kafexhiu.muharrem\/\" \/>\n<meta property=\"article:published_time\" content=\"2022-07-01T11:29:22+00:00\" \/>\n<meta property=\"og:image\" content=\"https:\/\/permbledhja.com\/wp-content\/uploads\/2022\/07\/ktady.png\" \/>\n\t<meta property=\"og:image:width\" content=\"882\" \/>\n\t<meta property=\"og:image:height\" content=\"757\" \/>\n\t<meta property=\"og:image:type\" content=\"image\/png\" \/>\n<meta name=\"author\" content=\"P\u00ebrmbledhja\" \/>\n<meta name=\"twitter:card\" content=\"summary_large_image\" \/>\n<meta name=\"twitter:label1\" content=\"Written by\" \/>\n\t<meta name=\"twitter:data1\" content=\"P\u00ebrmbledhja\" \/>\n<script type=\"application\/ld+json\" class=\"yoast-schema-graph\">{\"@context\":\"https:\/\/schema.org\",\"@graph\":[{\"@type\":\"Article\",\"@id\":\"https:\/\/permbledhja.com\/gelato-dueti-me-i-ri-nga-ledri-e-ardian-bujupi\/#article\",\"isPartOf\":{\"@id\":\"https:\/\/permbledhja.com\/gelato-dueti-me-i-ri-nga-ledri-e-ardian-bujupi\/\"},\"author\":{\"name\":\"P\u00ebrmbledhja\",\"@id\":\"https:\/\/permbledhja.com\/#\/schema\/person\/0d064377258d3221e50693947b9eb4fe\"},\"headline\":\"\u201cGelato\u201d dueti m\u00eb i ri nga Ledri e Ardian Bujupi\",\"datePublished\":\"2022-07-01T11:29:22+00:00\",\"dateModified\":\"2022-07-01T11:29:22+00:00\",\"mainEntityOfPage\":{\"@id\":\"https:\/\/permbledhja.com\/gelato-dueti-me-i-ri-nga-ledri-e-ardian-bujupi\/\"},\"wordCount\":66,\"publisher\":{\"@id\":\"https:\/\/permbledhja.com\/#organization\"},\"keywords\":[\"Bujupi\",\"Ledri\"],\"articleSection\":[\"Showbiz\"],\"inLanguage\":\"sq\"},{\"@type\":\"WebPage\",\"@id\":\"https:\/\/permbledhja.com\/gelato-dueti-me-i-ri-nga-ledri-e-ardian-bujupi\/\",\"url\":\"https:\/\/permbledhja.com\/gelato-dueti-me-i-ri-nga-ledri-e-ardian-bujupi\/\",\"name\":\"\u201cGelato\u201d dueti m\u00eb i ri nga Ledri e Ardian Bujupi\",\"isPartOf\":{\"@id\":\"https:\/\/permbledhja.com\/#website\"},\"datePublished\":\"2022-07-01T11:29:22+00:00\",\"dateModified\":\"2022-07-01T11:29:22+00:00\",\"breadcrumb\":{\"@id\":\"https:\/\/permbledhja.com\/gelato-dueti-me-i-ri-nga-ledri-e-ardian-bujupi\/#breadcrumb\"},\"inLanguage\":\"sq\",\"potentialAction\":[{\"@type\":\"ReadAction\",\"target\":[\"https:\/\/permbledhja.com\/gelato-dueti-me-i-ri-nga-ledri-e-ardian-bujupi\/\"]}]},{\"@type\":\"BreadcrumbList\",\"@id\":\"https:\/\/permbledhja.com\/gelato-dueti-me-i-ri-nga-ledri-e-ardian-bujupi\/#breadcrumb\",\"itemListElement\":[{\"@type\":\"ListItem\",\"position\":1,\"name\":\"Ballina\",\"item\":\"https:\/\/permbledhja.com\/sq\/\"},{\"@type\":\"ListItem\",\"position\":2,\"name\":\"\u201cGelato\u201d dueti m\u00eb i ri nga Ledri e Ardian Bujupi\"}]},{\"@type\":\"WebSite\",\"@id\":\"https:\/\/permbledhja.com\/#website\",\"url\":\"https:\/\/permbledhja.com\/\",\"name\":\"Ve\u00e7 artikuj p\u00ebrmbledh\u00ebs\",\"description\":\"\",\"publisher\":{\"@id\":\"https:\/\/permbledhja.com\/#organization\"},\"potentialAction\":[{\"@type\":\"SearchAction\",\"target\":{\"@type\":\"EntryPoint\",\"urlTemplate\":\"https:\/\/permbledhja.com\/?s={search_term_string}\"},\"query-input\":\"required name=search_term_string\"}],\"inLanguage\":\"sq\"},{\"@type\":\"Organization\",\"@id\":\"https:\/\/permbledhja.com\/#organization\",\"name\":\"MK Media & Pr\",\"url\":\"https:\/\/permbledhja.com\/\",\"logo\":{\"@type\":\"ImageObject\",\"inLanguage\":\"sq\",\"@id\":\"https:\/\/permbledhja.com\/#\/schema\/logo\/image\/\",\"url\":\"https:\/\/permbledhja.com\/wp-content\/uploads\/2021\/12\/07-Press-Logo.jpg\",\"contentUrl\":\"https:\/\/permbledhja.com\/wp-content\/uploads\/2021\/12\/07-Press-Logo.jpg\",\"width\":512,\"height\":512,\"caption\":\"MK Media & Pr\"},\"image\":{\"@id\":\"https:\/\/permbledhja.com\/#\/schema\/logo\/image\/\"},\"sameAs\":[\"https:\/\/www.facebook.com\/press07\/\"]},{\"@type\":\"Person\",\"@id\":\"https:\/\/permbledhja.com\/#\/schema\/person\/0d064377258d3221e50693947b9eb4fe\",\"name\":\"P\u00ebrmbledhja\",\"image\":{\"@type\":\"ImageObject\",\"inLanguage\":\"sq\",\"@id\":\"https:\/\/permbledhja.com\/#\/schema\/person\/image\/\",\"url\":\"https:\/\/permbledhja.com\/wp-content\/uploads\/2026\/01\/452004717_1040944174702970_8932037511805513407_n-96x96.jpg\",\"contentUrl\":\"https:\/\/permbledhja.com\/wp-content\/uploads\/2026\/01\/452004717_1040944174702970_8932037511805513407_n-96x96.jpg\",\"caption\":\"P\u00ebrmbledhja\"},\"sameAs\":[\"https:\/\/www.facebook.com\/kafexhiu.muharrem\/\",\"https:\/\/www.instagram.com\/muharrem_kafexhiu\/\"],\"url\":\"https:\/\/permbledhja.com\/sq\/author\/admin\/\"}]}<\/script>\n<!-- \/ Yoast SEO plugin. -->","yoast_head_json":{"title":"\u201cGelato\u201d dueti m\u00eb i ri nga Ledri e Ardian Bujupi","robots":{"index":"index","follow":"follow","max-snippet":"max-snippet:-1","max-image-preview":"max-image-preview:large","max-video-preview":"max-video-preview:-1"},"canonical":"https:\/\/permbledhja.com\/sq\/gelato-dueti-me-i-ri-nga-ledri-e-ardian-bujupi\/","og_locale":"sq_AL","og_type":"article","og_title":"\u201cGelato\u201d dueti m\u00eb i ri nga Ledri e Ardian Bujupi","og_description":"Ledri Vula e Ardian Bujupi kan\u00eb bashkuar forcat e kan\u00eb sjell\u00eb bashk\u00ebpunimin e ri muzikor. \u201cGelato\u201d, titullohet projekti i dyshes, t\u00eb cilit i \u00ebsht\u00eb bashk\u00ebngjitur edhe videoklipi, shkruan lajmi.net P\u00ebr klipin e k\u00ebng\u00ebs \u00ebsht\u00eb p\u00ebrkujdesur Entermedia, nd\u00ebrsa producent \u00ebsht\u00eb Bled. Ky projekt muzikor \u00ebsht\u00eb lansuar n\u00eb platformat muzikore.","og_url":"https:\/\/permbledhja.com\/sq\/gelato-dueti-me-i-ri-nga-ledri-e-ardian-bujupi\/","og_site_name":"Ve\u00e7 artikuj p\u00ebrmbledh\u00ebs","article_publisher":"https:\/\/www.facebook.com\/press07\/","article_author":"https:\/\/www.facebook.com\/kafexhiu.muharrem\/","article_published_time":"2022-07-01T11:29:22+00:00","og_image":[{"width":882,"height":757,"url":"https:\/\/permbledhja.com\/wp-content\/uploads\/2022\/07\/ktady.png","type":"image\/png"}],"author":"P\u00ebrmbledhja","twitter_card":"summary_large_image","twitter_misc":{"Written by":"P\u00ebrmbledhja"},"schema":{"@context":"https:\/\/schema.org","@graph":[{"@type":"Article","@id":"https:\/\/permbledhja.com\/gelato-dueti-me-i-ri-nga-ledri-e-ardian-bujupi\/#article","isPartOf":{"@id":"https:\/\/permbledhja.com\/gelato-dueti-me-i-ri-nga-ledri-e-ardian-bujupi\/"},"author":{"name":"P\u00ebrmbledhja","@id":"https:\/\/permbledhja.com\/#\/schema\/person\/0d064377258d3221e50693947b9eb4fe"},"headline":"\u201cGelato\u201d dueti m\u00eb i ri nga Ledri e Ardian Bujupi","datePublished":"2022-07-01T11:29:22+00:00","dateModified":"2022-07-01T11:29:22+00:00","mainEntityOfPage":{"@id":"https:\/\/permbledhja.com\/gelato-dueti-me-i-ri-nga-ledri-e-ardian-bujupi\/"},"wordCount":66,"publisher":{"@id":"https:\/\/permbledhja.com\/#organization"},"keywords":["Bujupi","Ledri"],"articleSection":["Showbiz"],"inLanguage":"sq"},{"@type":"WebPage","@id":"https:\/\/permbledhja.com\/gelato-dueti-me-i-ri-nga-ledri-e-ardian-bujupi\/","url":"https:\/\/permbledhja.com\/gelato-dueti-me-i-ri-nga-ledri-e-ardian-bujupi\/","name":"\u201cGelato\u201d dueti m\u00eb i ri nga Ledri e Ardian Bujupi","isPartOf":{"@id":"https:\/\/permbledhja.com\/#website"},"datePublished":"2022-07-01T11:29:22+00:00","dateModified":"2022-07-01T11:29:22+00:00","breadcrumb":{"@id":"https:\/\/permbledhja.com\/gelato-dueti-me-i-ri-nga-ledri-e-ardian-bujupi\/#breadcrumb"},"inLanguage":"sq","potentialAction":[{"@type":"ReadAction","target":["https:\/\/permbledhja.com\/gelato-dueti-me-i-ri-nga-ledri-e-ardian-bujupi\/"]}]},{"@type":"BreadcrumbList","@id":"https:\/\/permbledhja.com\/gelato-dueti-me-i-ri-nga-ledri-e-ardian-bujupi\/#breadcrumb","itemListElement":[{"@type":"ListItem","position":1,"name":"Ballina","item":"https:\/\/permbledhja.com\/sq\/"},{"@type":"ListItem","position":2,"name":"\u201cGelato\u201d dueti m\u00eb i ri nga Ledri e Ardian Bujupi"}]},{"@type":"WebSite","@id":"https:\/\/permbledhja.com\/#website","url":"https:\/\/permbledhja.com\/","name":"Ve\u00e7 artikuj p\u00ebrmbledh\u00ebs","description":"","publisher":{"@id":"https:\/\/permbledhja.com\/#organization"},"potentialAction":[{"@type":"SearchAction","target":{"@type":"EntryPoint","urlTemplate":"https:\/\/permbledhja.com\/?s={search_term_string}"},"query-input":"required name=search_term_string"}],"inLanguage":"sq"},{"@type":"Organization","@id":"https:\/\/permbledhja.com\/#organization","name":"MK Media & Pr","url":"https:\/\/permbledhja.com\/","logo":{"@type":"ImageObject","inLanguage":"sq","@id":"https:\/\/permbledhja.com\/#\/schema\/logo\/image\/","url":"https:\/\/permbledhja.com\/wp-content\/uploads\/2021\/12\/07-Press-Logo.jpg","contentUrl":"https:\/\/permbledhja.com\/wp-content\/uploads\/2021\/12\/07-Press-Logo.jpg","width":512,"height":512,"caption":"MK Media & Pr"},"image":{"@id":"https:\/\/permbledhja.com\/#\/schema\/logo\/image\/"},"sameAs":["https:\/\/www.facebook.com\/press07\/"]},{"@type":"Person","@id":"https:\/\/permbledhja.com\/#\/schema\/person\/0d064377258d3221e50693947b9eb4fe","name":"P\u00ebrmbledhja","image":{"@type":"ImageObject","inLanguage":"sq","@id":"https:\/\/permbledhja.com\/#\/schema\/person\/image\/","url":"https:\/\/permbledhja.com\/wp-content\/uploads\/2026\/01\/452004717_1040944174702970_8932037511805513407_n-96x96.jpg","contentUrl":"https:\/\/permbledhja.com\/wp-content\/uploads\/2026\/01\/452004717_1040944174702970_8932037511805513407_n-96x96.jpg","caption":"P\u00ebrmbledhja"},"sameAs":["https:\/\/www.facebook.com\/kafexhiu.muharrem\/","https:\/\/www.instagram.com\/muharrem_kafexhiu\/"],"url":"https:\/\/permbledhja.com\/sq\/author\/admin\/"}]}},"_links":{"self":[{"href":"https:\/\/permbledhja.com\/sq\/wp-json\/wp\/v2\/posts\/622"}],"collection":[{"href":"https:\/\/permbledhja.com\/sq\/wp-json\/wp\/v2\/posts"}],"about":[{"href":"https:\/\/permbledhja.com\/sq\/wp-json\/wp\/v2\/types\/post"}],"author":[{"embeddable":true,"href":"https:\/\/permbledhja.com\/sq\/wp-json\/wp\/v2\/users\/1"}],"replies":[{"embeddable":true,"href":"https:\/\/permbledhja.com\/sq\/wp-json\/wp\/v2\/comments?post=622"}],"version-history":[{"count":1,"href":"https:\/\/permbledhja.com\/sq\/wp-json\/wp\/v2\/posts\/622\/revisions"}],"predecessor-version":[{"id":624,"href":"https:\/\/permbledhja.com\/sq\/wp-json\/wp\/v2\/posts\/622\/revisions\/624"}],"wp:featuredmedia":[{"embeddable":true,"href":"https:\/\/permbledhja.com\/sq\/wp-json\/wp\/v2\/media\/623"}],"wp:attachment":[{"href":"https:\/\/permbledhja.com\/sq\/wp-json\/wp\/v2\/media?parent=622"}],"wp:term":[{"taxonomy":"category","embeddable":true,"href":"https:\/\/permbledhja.com\/sq\/wp-json\/wp\/v2\/categories?post=622"},{"taxonomy":"post_tag","embeddable":true,"href":"https:\/\/permbledhja.com\/sq\/wp-json\/wp\/v2\/tags?post=622"}],"curies":[{"name":"wp","href":"https:\/\/api.w.org\/{rel}","templated":true}]}}