{"id":61988,"date":"2024-05-14T14:35:28","date_gmt":"2024-05-14T14:35:28","guid":{"rendered":"https:\/\/permbledhja.com\/?p=61988"},"modified":"2024-05-14T14:35:28","modified_gmt":"2024-05-14T14:35:28","slug":"dinari-neser-takon-serish-bislimin-dhe-petkoviqin-be-ja-optimiste-se-do-te-kete-ujdi","status":"publish","type":"post","link":"https:\/\/permbledhja.com\/sq\/dinari-neser-takon-serish-bislimin-dhe-petkoviqin-be-ja-optimiste-se-do-te-kete-ujdi\/","title":{"rendered":"Dinari nes\u00ebr takon s\u00ebrish Bislimin dhe Petkoviqin, BE-ja optimiste se do t\u00eb ket\u00eb ujdi"},"content":{"rendered":"<h3>\u00c7\u00ebshtja e dinarit do t\u00eb diskutohet nes\u00ebr n\u00eb Bruksel n\u00eb takimin e radh\u00ebs mes kryenegociatorit t\u00eb Kosov\u00ebs, Besnik Bislimi dhe atij t\u00eb Serbis\u00eb, Petar Petkoviq.<\/h3>\n<p>Z\u00ebdh\u00ebn\u00ebsi i Bashkimit Evropian, Peter Stano t\u00eb h\u00ebn\u00ebn deklaroi se n\u00eb takimin e nes\u00ebrm do t\u00eb vazhdojn\u00eb diskutimet p\u00ebr gjetjen e nj\u00eb zgjidhjeje rreth k\u00ebsaj teme.<\/p>\n<p>\u201cDo t\u00eb vazhdojn\u00eb diskutimet p\u00ebr t\u00eb gjetur nj\u00eb zgjidhje t\u00eb q\u00ebndrueshme t\u00eb p\u00ebrkohshme p\u00ebr vendimin e BQK-s\u00eb p\u00ebr operacionet financiare. BE-ja pret nga takimi i t\u00eb m\u00ebrkur\u00ebs q\u00eb t\u00eb dyja pal\u00ebt t\u00eb tregojn\u00eb gatishm\u00ebri p\u00ebr kompromis\u201d, tha Stano.<\/p>\n<p>Ai mes tjerash theksoi se shpreson q\u00eb ky do t\u00eb jet\u00eb takimi i fundit rreth dinarit.<\/p>\n<p>Nga ana tjet\u00ebr, edhe emisari i BE-s\u00eb p\u00ebr dialogun, Miroslav Laj\u00e7ak, \u00ebsht\u00eb shprehur i bindur se do t\u00eb ket\u00eb marr\u00ebveshje mes Kosov\u00ebs dhe Serbis\u00eb p\u00ebr \u00e7\u00ebshtjen e dinarit.<\/p>\n<p>\u201cDo t\u00eb jem nikoqir i kryenegociator\u00ebve t\u00eb Kosov\u00ebs dhe Serbis\u00eb p\u00ebr bisedimet me synim gjetjen e nj\u00eb zgjidhjeje t\u00eb p\u00ebrkohshme t\u00eb q\u00ebndrueshme p\u00ebr t\u00eb gjith\u00eb ata q\u00eb jan\u00eb prekur nga rregullorja e BQK-s\u00eb. Jam i bindur se mund t\u00eb arrihet nj\u00eb marr\u00ebveshje, por kjo k\u00ebrkon fleksibilitet dhe kompromis nga dy pal\u00ebt\u201d, shkroi ai n\u00eb Facebook transmetoi Klankosova.tv<\/p>\n<p>Nga 11 maji, ka p\u00ebrfunduar zyrtarisht periudha tranzitore e Bank\u00ebs Qedrore, me \u00e7\u2019rast zyrtarisht euroja \u00ebsht\u00eb valut\u00eb e vetme q\u00eb mund t\u00eb p\u00ebrdoret p\u00ebr pagesa n\u00eb Kosov\u00eb.<\/p>\n","protected":false},"excerpt":{"rendered":"<p>\u00c7\u00ebshtja e dinarit do t\u00eb diskutohet nes\u00ebr n\u00eb Bruksel n\u00eb takimin e radh\u00ebs mes kryenegociatorit t\u00eb Kosov\u00ebs, Besnik Bislimi dhe atij t\u00eb Serbis\u00eb, Petar Petkoviq. Z\u00ebdh\u00ebn\u00ebsi i Bashkimit Evropian, Peter Stano t\u00eb h\u00ebn\u00ebn deklaroi se n\u00eb takimin e nes\u00ebrm do t\u00eb vazhdojn\u00eb diskutimet p\u00ebr gjetjen e nj\u00eb zgjidhjeje rreth k\u00ebsaj teme. \u201cDo t\u00eb vazhdojn\u00eb diskutimet [&hellip;]<\/p>\n","protected":false},"author":2,"featured_media":61989,"comment_status":"closed","ping_status":"closed","sticky":false,"template":"","format":"standard","meta":{"_monsterinsights_skip_tracking":false,"_monsterinsights_sitenote_active":false,"_monsterinsights_sitenote_note":"","_monsterinsights_sitenote_category":0,"_uf_show_specific_survey":0,"_uf_disable_surveys":false,"footnotes":""},"categories":[1146],"tags":[487],"yoast_head":"<!-- This site is optimized with the Yoast SEO plugin v21.5 - https:\/\/yoast.com\/wordpress\/plugins\/seo\/ -->\n<title>Dinari nes\u00ebr takon s\u00ebrish Bislimin dhe Petkoviqin, BE-ja optimiste se do t\u00eb ket\u00eb ujdi<\/title>\n<meta name=\"robots\" content=\"index, follow, max-snippet:-1, max-image-preview:large, max-video-preview:-1\" \/>\n<link rel=\"canonical\" href=\"https:\/\/permbledhja.com\/sq\/dinari-neser-takon-serish-bislimin-dhe-petkoviqin-be-ja-optimiste-se-do-te-kete-ujdi\/\" \/>\n<meta property=\"og:locale\" content=\"sq_AL\" \/>\n<meta property=\"og:type\" content=\"article\" \/>\n<meta property=\"og:title\" content=\"Dinari nes\u00ebr takon s\u00ebrish Bislimin dhe Petkoviqin, BE-ja optimiste se do t\u00eb ket\u00eb ujdi\" \/>\n<meta property=\"og:description\" content=\"\u00c7\u00ebshtja e dinarit do t\u00eb diskutohet nes\u00ebr n\u00eb Bruksel n\u00eb takimin e radh\u00ebs mes kryenegociatorit t\u00eb Kosov\u00ebs, Besnik Bislimi dhe atij t\u00eb Serbis\u00eb, Petar Petkoviq. Z\u00ebdh\u00ebn\u00ebsi i Bashkimit Evropian, Peter Stano t\u00eb h\u00ebn\u00ebn deklaroi se n\u00eb takimin e nes\u00ebrm do t\u00eb vazhdojn\u00eb diskutimet p\u00ebr gjetjen e nj\u00eb zgjidhjeje rreth k\u00ebsaj teme. \u201cDo t\u00eb vazhdojn\u00eb diskutimet [&hellip;]\" \/>\n<meta property=\"og:url\" content=\"https:\/\/permbledhja.com\/sq\/dinari-neser-takon-serish-bislimin-dhe-petkoviqin-be-ja-optimiste-se-do-te-kete-ujdi\/\" \/>\n<meta property=\"og:site_name\" content=\"Ve\u00e7 artikuj p\u00ebrmbledh\u00ebs\" \/>\n<meta property=\"article:publisher\" content=\"https:\/\/www.facebook.com\/press07\/\" \/>\n<meta property=\"article:published_time\" content=\"2024-05-14T14:35:28+00:00\" \/>\n<meta property=\"og:image\" content=\"https:\/\/permbledhja.com\/wp-content\/uploads\/2024\/05\/Takimi-ne-Bruksel.jpg\" \/>\n\t<meta property=\"og:image:width\" content=\"2048\" \/>\n\t<meta property=\"og:image:height\" content=\"1128\" \/>\n\t<meta property=\"og:image:type\" content=\"image\/jpeg\" \/>\n<meta name=\"author\" content=\"M M\" \/>\n<meta name=\"twitter:card\" content=\"summary_large_image\" \/>\n<meta name=\"twitter:label1\" content=\"Written by\" \/>\n\t<meta name=\"twitter:data1\" content=\"M M\" \/>\n\t<meta name=\"twitter:label2\" content=\"Est. reading time\" \/>\n\t<meta name=\"twitter:data2\" content=\"2 minuta\" \/>\n<script type=\"application\/ld+json\" class=\"yoast-schema-graph\">{\"@context\":\"https:\/\/schema.org\",\"@graph\":[{\"@type\":\"Article\",\"@id\":\"https:\/\/permbledhja.com\/dinari-neser-takon-serish-bislimin-dhe-petkoviqin-be-ja-optimiste-se-do-te-kete-ujdi\/#article\",\"isPartOf\":{\"@id\":\"https:\/\/permbledhja.com\/dinari-neser-takon-serish-bislimin-dhe-petkoviqin-be-ja-optimiste-se-do-te-kete-ujdi\/\"},\"author\":{\"name\":\"M M\",\"@id\":\"https:\/\/permbledhja.com\/#\/schema\/person\/d23f13f59b5722643933d6780783acf3\"},\"headline\":\"Dinari nes\u00ebr takon s\u00ebrish Bislimin dhe Petkoviqin, BE-ja optimiste se do t\u00eb ket\u00eb ujdi\",\"datePublished\":\"2024-05-14T14:35:28+00:00\",\"dateModified\":\"2024-05-14T14:35:28+00:00\",\"mainEntityOfPage\":{\"@id\":\"https:\/\/permbledhja.com\/dinari-neser-takon-serish-bislimin-dhe-petkoviqin-be-ja-optimiste-se-do-te-kete-ujdi\/\"},\"wordCount\":273,\"publisher\":{\"@id\":\"https:\/\/permbledhja.com\/#organization\"},\"keywords\":[\"BE\"],\"articleSection\":[\"Kryesoret\"],\"inLanguage\":\"sq\"},{\"@type\":\"WebPage\",\"@id\":\"https:\/\/permbledhja.com\/dinari-neser-takon-serish-bislimin-dhe-petkoviqin-be-ja-optimiste-se-do-te-kete-ujdi\/\",\"url\":\"https:\/\/permbledhja.com\/dinari-neser-takon-serish-bislimin-dhe-petkoviqin-be-ja-optimiste-se-do-te-kete-ujdi\/\",\"name\":\"Dinari nes\u00ebr takon s\u00ebrish Bislimin dhe Petkoviqin, BE-ja optimiste se do t\u00eb ket\u00eb ujdi\",\"isPartOf\":{\"@id\":\"https:\/\/permbledhja.com\/#website\"},\"datePublished\":\"2024-05-14T14:35:28+00:00\",\"dateModified\":\"2024-05-14T14:35:28+00:00\",\"breadcrumb\":{\"@id\":\"https:\/\/permbledhja.com\/dinari-neser-takon-serish-bislimin-dhe-petkoviqin-be-ja-optimiste-se-do-te-kete-ujdi\/#breadcrumb\"},\"inLanguage\":\"sq\",\"potentialAction\":[{\"@type\":\"ReadAction\",\"target\":[\"https:\/\/permbledhja.com\/dinari-neser-takon-serish-bislimin-dhe-petkoviqin-be-ja-optimiste-se-do-te-kete-ujdi\/\"]}]},{\"@type\":\"BreadcrumbList\",\"@id\":\"https:\/\/permbledhja.com\/dinari-neser-takon-serish-bislimin-dhe-petkoviqin-be-ja-optimiste-se-do-te-kete-ujdi\/#breadcrumb\",\"itemListElement\":[{\"@type\":\"ListItem\",\"position\":1,\"name\":\"Ballina\",\"item\":\"https:\/\/permbledhja.com\/sq\/\"},{\"@type\":\"ListItem\",\"position\":2,\"name\":\"Dinari nes\u00ebr takon s\u00ebrish Bislimin dhe Petkoviqin, BE-ja optimiste se do t\u00eb ket\u00eb ujdi\"}]},{\"@type\":\"WebSite\",\"@id\":\"https:\/\/permbledhja.com\/#website\",\"url\":\"https:\/\/permbledhja.com\/\",\"name\":\"Ve\u00e7 artikuj p\u00ebrmbledh\u00ebs\",\"description\":\"\",\"publisher\":{\"@id\":\"https:\/\/permbledhja.com\/#organization\"},\"potentialAction\":[{\"@type\":\"SearchAction\",\"target\":{\"@type\":\"EntryPoint\",\"urlTemplate\":\"https:\/\/permbledhja.com\/?s={search_term_string}\"},\"query-input\":\"required name=search_term_string\"}],\"inLanguage\":\"sq\"},{\"@type\":\"Organization\",\"@id\":\"https:\/\/permbledhja.com\/#organization\",\"name\":\"MK Media & Pr\",\"url\":\"https:\/\/permbledhja.com\/\",\"logo\":{\"@type\":\"ImageObject\",\"inLanguage\":\"sq\",\"@id\":\"https:\/\/permbledhja.com\/#\/schema\/logo\/image\/\",\"url\":\"https:\/\/permbledhja.com\/wp-content\/uploads\/2021\/12\/07-Press-Logo.jpg\",\"contentUrl\":\"https:\/\/permbledhja.com\/wp-content\/uploads\/2021\/12\/07-Press-Logo.jpg\",\"width\":512,\"height\":512,\"caption\":\"MK Media & Pr\"},\"image\":{\"@id\":\"https:\/\/permbledhja.com\/#\/schema\/logo\/image\/\"},\"sameAs\":[\"https:\/\/www.facebook.com\/press07\/\"]},{\"@type\":\"Person\",\"@id\":\"https:\/\/permbledhja.com\/#\/schema\/person\/d23f13f59b5722643933d6780783acf3\",\"name\":\"M M\",\"image\":{\"@type\":\"ImageObject\",\"inLanguage\":\"sq\",\"@id\":\"https:\/\/permbledhja.com\/#\/schema\/person\/image\/\",\"url\":\"https:\/\/secure.gravatar.com\/avatar\/e2835a76ca7c31a2416b2d51c4ec9a8f?s=96&d=mm&r=g\",\"contentUrl\":\"https:\/\/secure.gravatar.com\/avatar\/e2835a76ca7c31a2416b2d51c4ec9a8f?s=96&d=mm&r=g\",\"caption\":\"M M\"},\"sameAs\":[\"http:\/\/MM\"],\"url\":\"https:\/\/permbledhja.com\/sq\/author\/muhamet\/\"}]}<\/script>\n<!-- \/ Yoast SEO plugin. -->","yoast_head_json":{"title":"Dinari nes\u00ebr takon s\u00ebrish Bislimin dhe Petkoviqin, BE-ja optimiste se do t\u00eb ket\u00eb ujdi","robots":{"index":"index","follow":"follow","max-snippet":"max-snippet:-1","max-image-preview":"max-image-preview:large","max-video-preview":"max-video-preview:-1"},"canonical":"https:\/\/permbledhja.com\/sq\/dinari-neser-takon-serish-bislimin-dhe-petkoviqin-be-ja-optimiste-se-do-te-kete-ujdi\/","og_locale":"sq_AL","og_type":"article","og_title":"Dinari nes\u00ebr takon s\u00ebrish Bislimin dhe Petkoviqin, BE-ja optimiste se do t\u00eb ket\u00eb ujdi","og_description":"\u00c7\u00ebshtja e dinarit do t\u00eb diskutohet nes\u00ebr n\u00eb Bruksel n\u00eb takimin e radh\u00ebs mes kryenegociatorit t\u00eb Kosov\u00ebs, Besnik Bislimi dhe atij t\u00eb Serbis\u00eb, Petar Petkoviq. Z\u00ebdh\u00ebn\u00ebsi i Bashkimit Evropian, Peter Stano t\u00eb h\u00ebn\u00ebn deklaroi se n\u00eb takimin e nes\u00ebrm do t\u00eb vazhdojn\u00eb diskutimet p\u00ebr gjetjen e nj\u00eb zgjidhjeje rreth k\u00ebsaj teme. \u201cDo t\u00eb vazhdojn\u00eb diskutimet [&hellip;]","og_url":"https:\/\/permbledhja.com\/sq\/dinari-neser-takon-serish-bislimin-dhe-petkoviqin-be-ja-optimiste-se-do-te-kete-ujdi\/","og_site_name":"Ve\u00e7 artikuj p\u00ebrmbledh\u00ebs","article_publisher":"https:\/\/www.facebook.com\/press07\/","article_published_time":"2024-05-14T14:35:28+00:00","og_image":[{"width":2048,"height":1128,"url":"https:\/\/permbledhja.com\/wp-content\/uploads\/2024\/05\/Takimi-ne-Bruksel.jpg","type":"image\/jpeg"}],"author":"M M","twitter_card":"summary_large_image","twitter_misc":{"Written by":"M M","Est. reading time":"2 minuta"},"schema":{"@context":"https:\/\/schema.org","@graph":[{"@type":"Article","@id":"https:\/\/permbledhja.com\/dinari-neser-takon-serish-bislimin-dhe-petkoviqin-be-ja-optimiste-se-do-te-kete-ujdi\/#article","isPartOf":{"@id":"https:\/\/permbledhja.com\/dinari-neser-takon-serish-bislimin-dhe-petkoviqin-be-ja-optimiste-se-do-te-kete-ujdi\/"},"author":{"name":"M M","@id":"https:\/\/permbledhja.com\/#\/schema\/person\/d23f13f59b5722643933d6780783acf3"},"headline":"Dinari nes\u00ebr takon s\u00ebrish Bislimin dhe Petkoviqin, BE-ja optimiste se do t\u00eb ket\u00eb ujdi","datePublished":"2024-05-14T14:35:28+00:00","dateModified":"2024-05-14T14:35:28+00:00","mainEntityOfPage":{"@id":"https:\/\/permbledhja.com\/dinari-neser-takon-serish-bislimin-dhe-petkoviqin-be-ja-optimiste-se-do-te-kete-ujdi\/"},"wordCount":273,"publisher":{"@id":"https:\/\/permbledhja.com\/#organization"},"keywords":["BE"],"articleSection":["Kryesoret"],"inLanguage":"sq"},{"@type":"WebPage","@id":"https:\/\/permbledhja.com\/dinari-neser-takon-serish-bislimin-dhe-petkoviqin-be-ja-optimiste-se-do-te-kete-ujdi\/","url":"https:\/\/permbledhja.com\/dinari-neser-takon-serish-bislimin-dhe-petkoviqin-be-ja-optimiste-se-do-te-kete-ujdi\/","name":"Dinari nes\u00ebr takon s\u00ebrish Bislimin dhe Petkoviqin, BE-ja optimiste se do t\u00eb ket\u00eb ujdi","isPartOf":{"@id":"https:\/\/permbledhja.com\/#website"},"datePublished":"2024-05-14T14:35:28+00:00","dateModified":"2024-05-14T14:35:28+00:00","breadcrumb":{"@id":"https:\/\/permbledhja.com\/dinari-neser-takon-serish-bislimin-dhe-petkoviqin-be-ja-optimiste-se-do-te-kete-ujdi\/#breadcrumb"},"inLanguage":"sq","potentialAction":[{"@type":"ReadAction","target":["https:\/\/permbledhja.com\/dinari-neser-takon-serish-bislimin-dhe-petkoviqin-be-ja-optimiste-se-do-te-kete-ujdi\/"]}]},{"@type":"BreadcrumbList","@id":"https:\/\/permbledhja.com\/dinari-neser-takon-serish-bislimin-dhe-petkoviqin-be-ja-optimiste-se-do-te-kete-ujdi\/#breadcrumb","itemListElement":[{"@type":"ListItem","position":1,"name":"Ballina","item":"https:\/\/permbledhja.com\/sq\/"},{"@type":"ListItem","position":2,"name":"Dinari nes\u00ebr takon s\u00ebrish Bislimin dhe Petkoviqin, BE-ja optimiste se do t\u00eb ket\u00eb ujdi"}]},{"@type":"WebSite","@id":"https:\/\/permbledhja.com\/#website","url":"https:\/\/permbledhja.com\/","name":"Ve\u00e7 artikuj p\u00ebrmbledh\u00ebs","description":"","publisher":{"@id":"https:\/\/permbledhja.com\/#organization"},"potentialAction":[{"@type":"SearchAction","target":{"@type":"EntryPoint","urlTemplate":"https:\/\/permbledhja.com\/?s={search_term_string}"},"query-input":"required name=search_term_string"}],"inLanguage":"sq"},{"@type":"Organization","@id":"https:\/\/permbledhja.com\/#organization","name":"MK Media & Pr","url":"https:\/\/permbledhja.com\/","logo":{"@type":"ImageObject","inLanguage":"sq","@id":"https:\/\/permbledhja.com\/#\/schema\/logo\/image\/","url":"https:\/\/permbledhja.com\/wp-content\/uploads\/2021\/12\/07-Press-Logo.jpg","contentUrl":"https:\/\/permbledhja.com\/wp-content\/uploads\/2021\/12\/07-Press-Logo.jpg","width":512,"height":512,"caption":"MK Media & Pr"},"image":{"@id":"https:\/\/permbledhja.com\/#\/schema\/logo\/image\/"},"sameAs":["https:\/\/www.facebook.com\/press07\/"]},{"@type":"Person","@id":"https:\/\/permbledhja.com\/#\/schema\/person\/d23f13f59b5722643933d6780783acf3","name":"M M","image":{"@type":"ImageObject","inLanguage":"sq","@id":"https:\/\/permbledhja.com\/#\/schema\/person\/image\/","url":"https:\/\/secure.gravatar.com\/avatar\/e2835a76ca7c31a2416b2d51c4ec9a8f?s=96&d=mm&r=g","contentUrl":"https:\/\/secure.gravatar.com\/avatar\/e2835a76ca7c31a2416b2d51c4ec9a8f?s=96&d=mm&r=g","caption":"M M"},"sameAs":["http:\/\/MM"],"url":"https:\/\/permbledhja.com\/sq\/author\/muhamet\/"}]}},"_links":{"self":[{"href":"https:\/\/permbledhja.com\/sq\/wp-json\/wp\/v2\/posts\/61988"}],"collection":[{"href":"https:\/\/permbledhja.com\/sq\/wp-json\/wp\/v2\/posts"}],"about":[{"href":"https:\/\/permbledhja.com\/sq\/wp-json\/wp\/v2\/types\/post"}],"author":[{"embeddable":true,"href":"https:\/\/permbledhja.com\/sq\/wp-json\/wp\/v2\/users\/2"}],"replies":[{"embeddable":true,"href":"https:\/\/permbledhja.com\/sq\/wp-json\/wp\/v2\/comments?post=61988"}],"version-history":[{"count":1,"href":"https:\/\/permbledhja.com\/sq\/wp-json\/wp\/v2\/posts\/61988\/revisions"}],"predecessor-version":[{"id":61990,"href":"https:\/\/permbledhja.com\/sq\/wp-json\/wp\/v2\/posts\/61988\/revisions\/61990"}],"wp:featuredmedia":[{"embeddable":true,"href":"https:\/\/permbledhja.com\/sq\/wp-json\/wp\/v2\/media\/61989"}],"wp:attachment":[{"href":"https:\/\/permbledhja.com\/sq\/wp-json\/wp\/v2\/media?parent=61988"}],"wp:term":[{"taxonomy":"category","embeddable":true,"href":"https:\/\/permbledhja.com\/sq\/wp-json\/wp\/v2\/categories?post=61988"},{"taxonomy":"post_tag","embeddable":true,"href":"https:\/\/permbledhja.com\/sq\/wp-json\/wp\/v2\/tags?post=61988"}],"curies":[{"name":"wp","href":"https:\/\/api.w.org\/{rel}","templated":true}]}}