{"id":61967,"date":"2024-05-14T13:58:27","date_gmt":"2024-05-14T13:58:27","guid":{"rendered":"https:\/\/permbledhja.com\/?p=61967"},"modified":"2024-05-14T13:58:27","modified_gmt":"2024-05-14T13:58:27","slug":"zbardhet-deshmia-e-kunates-se-alma-arrazit-po-ta-dija-nuk-do-ta-kisha-lene-kurre","status":"publish","type":"post","link":"https:\/\/permbledhja.com\/sq\/zbardhet-deshmia-e-kunates-se-alma-arrazit-po-ta-dija-nuk-do-ta-kisha-lene-kurre\/","title":{"rendered":"Zbardhet d\u00ebshmia e kunat\u00ebs s\u00eb Alma Arrazit: Po ta dija, nuk do ta kisha l\u00ebn\u00eb kurr\u00eb"},"content":{"rendered":"<p style=\"box-sizing: border-box; margin-bottom: 1rem; color: #000000; font-family: NeueHaas, Arial, sans-serif; font-size: 18px;\"><span style=\"box-sizing: border-box; font-weight: bolder;\">Valentina Arrazi, kunata e t\u00eb ndjer\u00ebs Alma Arrazi, \u00ebsht\u00eb paraqitur n\u00eb prokurorin\u00eb e Shkodr\u00ebs n\u00eb or\u00ebn 09:55 minuta.<\/span><\/p>\n<p style=\"box-sizing: border-box; margin-bottom: 1rem; color: #000000; font-family: NeueHaas, Arial, sans-serif; font-size: 18px;\">Ajo \u00ebsht\u00eb thirrur s\u00ebrish nga prokurori Ledion Tema p\u00ebr t\u00eb d\u00ebshmuar mbi takimin e fundit me Alma Arrazin dhe 3 f\u00ebmij\u00ebt e saj, pasi ishte e fundit q\u00eb i pa gjall\u00eb.<\/p>\n<p style=\"box-sizing: border-box; margin-bottom: 1rem; color: #000000; font-family: NeueHaas, Arial, sans-serif; font-size: 18px;\">Korrespodenti i Top Channel n\u00eb Shkod\u00ebr, Klodian Zhivani ka zbardhur d\u00ebshmin\u00eb e saj.<\/p>\n<p><em style=\"box-sizing: border-box; color: #000000; font-family: NeueHaas, Arial, sans-serif; font-size: 18px;\">Dol\u00ebm p\u00ebr t\u00eb pir\u00eb nj\u00eb kafe s\u00eb bashku me Alm\u00ebn dhe f\u00ebmij\u00ebt tan\u00eb tek nj\u00eb lokal n\u00eb pedonalen e Molos n\u00eb hyrje t\u00eb qytetit t\u00eb Shkodr\u00ebs. Un\u00eb e kam dashur shum\u00eb Alm\u00ebn edhe ajo mua e po ashtu edhe f\u00ebmij\u00ebt kan\u00eb shkuar shum\u00eb mir\u00eb ndaj edhe dol\u00ebm si zakonisht me nj\u00ebra-tjetr\u00ebn. Rrug\u00ebs p\u00ebrpara se t\u00eb mb\u00ebrrinim un\u00eb u ndala n\u00eb nj\u00eb market p\u00ebr t\u00eb bler\u00eb di\u00e7ka dhe Alma m\u00eb priti jasht\u00eb. Kur dola Alma m\u00eb tregoi se Erdgysi, kishte kaluar me makin\u00eb s\u00eb bashku me t\u00eb dashur\u00ebn e tij dhe se i kishte par\u00eb.<\/em><\/p>\n<p style=\"box-sizing: border-box; margin-bottom: 1rem; color: #000000; font-family: NeueHaas, Arial, sans-serif; font-size: 18px;\"><em style=\"box-sizing: border-box;\">Un\u00eb nuk e kam par\u00eb Erdgysin sepse isha n\u00eb market por Alma m\u00eb tha se kishte kaluar. Kemi vijuar rrug\u00ebn dhe u ul\u00ebm n\u00eb kafe. F\u00ebmij\u00ebt po luanin dhe me Alm\u00ebn biseduam pak p\u00ebr marr\u00ebdh\u00ebnien e saj me Erdgysin. M\u00eb pas vijuam edhe me biseda t\u00eb tjera dhe rreth or\u00ebs 20:10 ik\u00ebm nga aty.<\/em><\/p>\n<p style=\"box-sizing: border-box; margin-bottom: 1rem; color: #000000; font-family: NeueHaas, Arial, sans-serif; font-size: 18px;\"><em style=\"box-sizing: border-box;\">Alma m\u00eb tha m\u00eb p\u00ebrpara se do t\u00eb vinte ta merrte i v\u00ebllai me taksi dhe se do shkonte tek familja e saj n\u00eb Durr\u00ebs derisa t\u00eb sqaroheshin me bashk\u00ebshortin e saj. M\u00eb tregoi se Erdgysi ishte n\u00eb dijeni se do ikte dhe u ndam\u00eb\u201d.<\/em><\/p>\n<p><em style=\"box-sizing: border-box; color: #000000; font-family: NeueHaas, Arial, sans-serif; font-size: 18px;\">Para nj\u00eb muaji Alma kishte qen\u00eb tek familja e saj n\u00eb Durr\u00ebs p\u00ebr shkak t\u00eb debateve q\u00eb mund t\u00eb ken\u00eb pasur. Pavar\u00ebsisht situat\u00ebs, Alma i ka k\u00ebrkuar Edgysit q\u00eb t\u00eb shkonte e ta merrte dhe se ia kishte falur faktin q\u00eb ishte njohur me nj\u00eb vajz\u00eb tjet\u00ebr me shpres\u00ebn se ai do ta linte at\u00eb p\u00ebr t\u00eb vijuar me familjen e tij. Erdgysi ka shkuar dhe e ka marr\u00eb duke qen\u00eb se ajo e kishte k\u00ebrkuar. Fakti q\u00eb ishte larguar edhe para nj\u00eb muaji tek familja nuk m\u00eb b\u00ebri t\u00eb dyshoj p\u00ebr at\u00eb gj\u00eb aq t\u00eb r\u00ebnd\u00eb q\u00eb Alma b\u00ebri. Un\u00eb po ta dija se Alma do mbytej bashk\u00eb me f\u00ebmij\u00ebt do kisha b\u00ebrtitur n\u00eb mes t\u00eb lokalit dhe nuk do ta kisha l\u00ebn\u00eb kurr\u00eb por nuk e dija sepse thjesht\u00eb m\u00eb tha se do e merrte i v\u00ebllai\u201d.<\/em><\/p>\n","protected":false},"excerpt":{"rendered":"<p>Valentina Arrazi, kunata e t\u00eb ndjer\u00ebs Alma Arrazi, \u00ebsht\u00eb paraqitur n\u00eb prokurorin\u00eb e Shkodr\u00ebs n\u00eb or\u00ebn 09:55 minuta. Ajo \u00ebsht\u00eb thirrur s\u00ebrish nga prokurori Ledion Tema p\u00ebr t\u00eb d\u00ebshmuar mbi takimin e fundit me Alma Arrazin dhe 3 f\u00ebmij\u00ebt e saj, pasi ishte e fundit q\u00eb i pa gjall\u00eb. Korrespodenti i Top Channel n\u00eb Shkod\u00ebr, [&hellip;]<\/p>\n","protected":false},"author":5,"featured_media":60303,"comment_status":"closed","ping_status":"closed","sticky":false,"template":"","format":"standard","meta":{"_monsterinsights_skip_tracking":false,"_monsterinsights_sitenote_active":false,"_monsterinsights_sitenote_note":"","_monsterinsights_sitenote_category":0,"_uf_show_specific_survey":0,"_uf_disable_surveys":false,"footnotes":""},"categories":[15,2729],"tags":[],"yoast_head":"<!-- This site is optimized with the Yoast SEO plugin v21.5 - https:\/\/yoast.com\/wordpress\/plugins\/seo\/ -->\n<title>Zbardhet d\u00ebshmia e kunat\u00ebs s\u00eb Alma Arrazit: Po ta dija, nuk do ta kisha l\u00ebn\u00eb kurr\u00eb<\/title>\n<meta name=\"robots\" content=\"index, follow, max-snippet:-1, max-image-preview:large, max-video-preview:-1\" \/>\n<link rel=\"canonical\" href=\"https:\/\/permbledhja.com\/sq\/zbardhet-deshmia-e-kunates-se-alma-arrazit-po-ta-dija-nuk-do-ta-kisha-lene-kurre\/\" \/>\n<meta property=\"og:locale\" content=\"sq_AL\" \/>\n<meta property=\"og:type\" content=\"article\" \/>\n<meta property=\"og:title\" content=\"Zbardhet d\u00ebshmia e kunat\u00ebs s\u00eb Alma Arrazit: Po ta dija, nuk do ta kisha l\u00ebn\u00eb kurr\u00eb\" \/>\n<meta property=\"og:description\" content=\"Valentina Arrazi, kunata e t\u00eb ndjer\u00ebs Alma Arrazi, \u00ebsht\u00eb paraqitur n\u00eb prokurorin\u00eb e Shkodr\u00ebs n\u00eb or\u00ebn 09:55 minuta. Ajo \u00ebsht\u00eb thirrur s\u00ebrish nga prokurori Ledion Tema p\u00ebr t\u00eb d\u00ebshmuar mbi takimin e fundit me Alma Arrazin dhe 3 f\u00ebmij\u00ebt e saj, pasi ishte e fundit q\u00eb i pa gjall\u00eb. Korrespodenti i Top Channel n\u00eb Shkod\u00ebr, [&hellip;]\" \/>\n<meta property=\"og:url\" content=\"https:\/\/permbledhja.com\/sq\/zbardhet-deshmia-e-kunates-se-alma-arrazit-po-ta-dija-nuk-do-ta-kisha-lene-kurre\/\" \/>\n<meta property=\"og:site_name\" content=\"Ve\u00e7 artikuj p\u00ebrmbledh\u00ebs\" \/>\n<meta property=\"article:publisher\" content=\"https:\/\/www.facebook.com\/press07\/\" \/>\n<meta property=\"article:published_time\" content=\"2024-05-14T13:58:27+00:00\" \/>\n<meta property=\"og:image\" content=\"https:\/\/permbledhja.com\/wp-content\/uploads\/2024\/05\/Alma-Arrazi-me-tre-femijet.jpg\" \/>\n\t<meta property=\"og:image:width\" content=\"801\" \/>\n\t<meta property=\"og:image:height\" content=\"418\" \/>\n\t<meta property=\"og:image:type\" content=\"image\/jpeg\" \/>\n<meta name=\"author\" content=\"DL\" \/>\n<meta name=\"twitter:card\" content=\"summary_large_image\" \/>\n<meta name=\"twitter:label1\" content=\"Written by\" \/>\n\t<meta name=\"twitter:data1\" content=\"DL\" \/>\n\t<meta name=\"twitter:label2\" content=\"Est. reading time\" \/>\n\t<meta name=\"twitter:data2\" content=\"3 minuta\" \/>\n<script type=\"application\/ld+json\" class=\"yoast-schema-graph\">{\"@context\":\"https:\/\/schema.org\",\"@graph\":[{\"@type\":\"Article\",\"@id\":\"https:\/\/permbledhja.com\/sq\/zbardhet-deshmia-e-kunates-se-alma-arrazit-po-ta-dija-nuk-do-ta-kisha-lene-kurre\/#article\",\"isPartOf\":{\"@id\":\"https:\/\/permbledhja.com\/sq\/zbardhet-deshmia-e-kunates-se-alma-arrazit-po-ta-dija-nuk-do-ta-kisha-lene-kurre\/\"},\"author\":{\"name\":\"DL\",\"@id\":\"https:\/\/permbledhja.com\/#\/schema\/person\/9c54260cbc4c6f792cb100550491638c\"},\"headline\":\"Zbardhet d\u00ebshmia e kunat\u00ebs s\u00eb Alma Arrazit: Po ta dija, nuk do ta kisha l\u00ebn\u00eb kurr\u00eb\",\"datePublished\":\"2024-05-14T13:58:27+00:00\",\"dateModified\":\"2024-05-14T13:58:27+00:00\",\"mainEntityOfPage\":{\"@id\":\"https:\/\/permbledhja.com\/sq\/zbardhet-deshmia-e-kunates-se-alma-arrazit-po-ta-dija-nuk-do-ta-kisha-lene-kurre\/\"},\"wordCount\":470,\"publisher\":{\"@id\":\"https:\/\/permbledhja.com\/#organization\"},\"articleSection\":[\"Lajme\",\"Shqip\u00ebri\"],\"inLanguage\":\"sq\"},{\"@type\":\"WebPage\",\"@id\":\"https:\/\/permbledhja.com\/sq\/zbardhet-deshmia-e-kunates-se-alma-arrazit-po-ta-dija-nuk-do-ta-kisha-lene-kurre\/\",\"url\":\"https:\/\/permbledhja.com\/sq\/zbardhet-deshmia-e-kunates-se-alma-arrazit-po-ta-dija-nuk-do-ta-kisha-lene-kurre\/\",\"name\":\"Zbardhet d\u00ebshmia e kunat\u00ebs s\u00eb Alma Arrazit: Po ta dija, nuk do ta kisha l\u00ebn\u00eb kurr\u00eb\",\"isPartOf\":{\"@id\":\"https:\/\/permbledhja.com\/#website\"},\"datePublished\":\"2024-05-14T13:58:27+00:00\",\"dateModified\":\"2024-05-14T13:58:27+00:00\",\"breadcrumb\":{\"@id\":\"https:\/\/permbledhja.com\/sq\/zbardhet-deshmia-e-kunates-se-alma-arrazit-po-ta-dija-nuk-do-ta-kisha-lene-kurre\/#breadcrumb\"},\"inLanguage\":\"sq\",\"potentialAction\":[{\"@type\":\"ReadAction\",\"target\":[\"https:\/\/permbledhja.com\/sq\/zbardhet-deshmia-e-kunates-se-alma-arrazit-po-ta-dija-nuk-do-ta-kisha-lene-kurre\/\"]}]},{\"@type\":\"BreadcrumbList\",\"@id\":\"https:\/\/permbledhja.com\/sq\/zbardhet-deshmia-e-kunates-se-alma-arrazit-po-ta-dija-nuk-do-ta-kisha-lene-kurre\/#breadcrumb\",\"itemListElement\":[{\"@type\":\"ListItem\",\"position\":1,\"name\":\"Ballina\",\"item\":\"https:\/\/permbledhja.com\/sq\/\"},{\"@type\":\"ListItem\",\"position\":2,\"name\":\"Zbardhet d\u00ebshmia e kunat\u00ebs s\u00eb Alma Arrazit: Po ta dija, nuk do ta kisha l\u00ebn\u00eb kurr\u00eb\"}]},{\"@type\":\"WebSite\",\"@id\":\"https:\/\/permbledhja.com\/#website\",\"url\":\"https:\/\/permbledhja.com\/\",\"name\":\"Ve\u00e7 artikuj p\u00ebrmbledh\u00ebs\",\"description\":\"\",\"publisher\":{\"@id\":\"https:\/\/permbledhja.com\/#organization\"},\"potentialAction\":[{\"@type\":\"SearchAction\",\"target\":{\"@type\":\"EntryPoint\",\"urlTemplate\":\"https:\/\/permbledhja.com\/?s={search_term_string}\"},\"query-input\":\"required name=search_term_string\"}],\"inLanguage\":\"sq\"},{\"@type\":\"Organization\",\"@id\":\"https:\/\/permbledhja.com\/#organization\",\"name\":\"MK Media & Pr\",\"url\":\"https:\/\/permbledhja.com\/\",\"logo\":{\"@type\":\"ImageObject\",\"inLanguage\":\"sq\",\"@id\":\"https:\/\/permbledhja.com\/#\/schema\/logo\/image\/\",\"url\":\"https:\/\/permbledhja.com\/wp-content\/uploads\/2021\/12\/07-Press-Logo.jpg\",\"contentUrl\":\"https:\/\/permbledhja.com\/wp-content\/uploads\/2021\/12\/07-Press-Logo.jpg\",\"width\":512,\"height\":512,\"caption\":\"MK Media & Pr\"},\"image\":{\"@id\":\"https:\/\/permbledhja.com\/#\/schema\/logo\/image\/\"},\"sameAs\":[\"https:\/\/www.facebook.com\/press07\/\"]},{\"@type\":\"Person\",\"@id\":\"https:\/\/permbledhja.com\/#\/schema\/person\/9c54260cbc4c6f792cb100550491638c\",\"name\":\"DL\",\"image\":{\"@type\":\"ImageObject\",\"inLanguage\":\"sq\",\"@id\":\"https:\/\/permbledhja.com\/#\/schema\/person\/image\/\",\"url\":\"https:\/\/secure.gravatar.com\/avatar\/94503eb28d4c4b2005a5c8753e35fc80?s=96&d=mm&r=g\",\"contentUrl\":\"https:\/\/secure.gravatar.com\/avatar\/94503eb28d4c4b2005a5c8753e35fc80?s=96&d=mm&r=g\",\"caption\":\"DL\"},\"url\":\"https:\/\/permbledhja.com\/sq\/author\/dl\/\"}]}<\/script>\n<!-- \/ Yoast SEO plugin. -->","yoast_head_json":{"title":"Zbardhet d\u00ebshmia e kunat\u00ebs s\u00eb Alma Arrazit: Po ta dija, nuk do ta kisha l\u00ebn\u00eb kurr\u00eb","robots":{"index":"index","follow":"follow","max-snippet":"max-snippet:-1","max-image-preview":"max-image-preview:large","max-video-preview":"max-video-preview:-1"},"canonical":"https:\/\/permbledhja.com\/sq\/zbardhet-deshmia-e-kunates-se-alma-arrazit-po-ta-dija-nuk-do-ta-kisha-lene-kurre\/","og_locale":"sq_AL","og_type":"article","og_title":"Zbardhet d\u00ebshmia e kunat\u00ebs s\u00eb Alma Arrazit: Po ta dija, nuk do ta kisha l\u00ebn\u00eb kurr\u00eb","og_description":"Valentina Arrazi, kunata e t\u00eb ndjer\u00ebs Alma Arrazi, \u00ebsht\u00eb paraqitur n\u00eb prokurorin\u00eb e Shkodr\u00ebs n\u00eb or\u00ebn 09:55 minuta. Ajo \u00ebsht\u00eb thirrur s\u00ebrish nga prokurori Ledion Tema p\u00ebr t\u00eb d\u00ebshmuar mbi takimin e fundit me Alma Arrazin dhe 3 f\u00ebmij\u00ebt e saj, pasi ishte e fundit q\u00eb i pa gjall\u00eb. Korrespodenti i Top Channel n\u00eb Shkod\u00ebr, [&hellip;]","og_url":"https:\/\/permbledhja.com\/sq\/zbardhet-deshmia-e-kunates-se-alma-arrazit-po-ta-dija-nuk-do-ta-kisha-lene-kurre\/","og_site_name":"Ve\u00e7 artikuj p\u00ebrmbledh\u00ebs","article_publisher":"https:\/\/www.facebook.com\/press07\/","article_published_time":"2024-05-14T13:58:27+00:00","og_image":[{"width":801,"height":418,"url":"https:\/\/permbledhja.com\/wp-content\/uploads\/2024\/05\/Alma-Arrazi-me-tre-femijet.jpg","type":"image\/jpeg"}],"author":"DL","twitter_card":"summary_large_image","twitter_misc":{"Written by":"DL","Est. reading time":"3 minuta"},"schema":{"@context":"https:\/\/schema.org","@graph":[{"@type":"Article","@id":"https:\/\/permbledhja.com\/sq\/zbardhet-deshmia-e-kunates-se-alma-arrazit-po-ta-dija-nuk-do-ta-kisha-lene-kurre\/#article","isPartOf":{"@id":"https:\/\/permbledhja.com\/sq\/zbardhet-deshmia-e-kunates-se-alma-arrazit-po-ta-dija-nuk-do-ta-kisha-lene-kurre\/"},"author":{"name":"DL","@id":"https:\/\/permbledhja.com\/#\/schema\/person\/9c54260cbc4c6f792cb100550491638c"},"headline":"Zbardhet d\u00ebshmia e kunat\u00ebs s\u00eb Alma Arrazit: Po ta dija, nuk do ta kisha l\u00ebn\u00eb kurr\u00eb","datePublished":"2024-05-14T13:58:27+00:00","dateModified":"2024-05-14T13:58:27+00:00","mainEntityOfPage":{"@id":"https:\/\/permbledhja.com\/sq\/zbardhet-deshmia-e-kunates-se-alma-arrazit-po-ta-dija-nuk-do-ta-kisha-lene-kurre\/"},"wordCount":470,"publisher":{"@id":"https:\/\/permbledhja.com\/#organization"},"articleSection":["Lajme","Shqip\u00ebri"],"inLanguage":"sq"},{"@type":"WebPage","@id":"https:\/\/permbledhja.com\/sq\/zbardhet-deshmia-e-kunates-se-alma-arrazit-po-ta-dija-nuk-do-ta-kisha-lene-kurre\/","url":"https:\/\/permbledhja.com\/sq\/zbardhet-deshmia-e-kunates-se-alma-arrazit-po-ta-dija-nuk-do-ta-kisha-lene-kurre\/","name":"Zbardhet d\u00ebshmia e kunat\u00ebs s\u00eb Alma Arrazit: Po ta dija, nuk do ta kisha l\u00ebn\u00eb kurr\u00eb","isPartOf":{"@id":"https:\/\/permbledhja.com\/#website"},"datePublished":"2024-05-14T13:58:27+00:00","dateModified":"2024-05-14T13:58:27+00:00","breadcrumb":{"@id":"https:\/\/permbledhja.com\/sq\/zbardhet-deshmia-e-kunates-se-alma-arrazit-po-ta-dija-nuk-do-ta-kisha-lene-kurre\/#breadcrumb"},"inLanguage":"sq","potentialAction":[{"@type":"ReadAction","target":["https:\/\/permbledhja.com\/sq\/zbardhet-deshmia-e-kunates-se-alma-arrazit-po-ta-dija-nuk-do-ta-kisha-lene-kurre\/"]}]},{"@type":"BreadcrumbList","@id":"https:\/\/permbledhja.com\/sq\/zbardhet-deshmia-e-kunates-se-alma-arrazit-po-ta-dija-nuk-do-ta-kisha-lene-kurre\/#breadcrumb","itemListElement":[{"@type":"ListItem","position":1,"name":"Ballina","item":"https:\/\/permbledhja.com\/sq\/"},{"@type":"ListItem","position":2,"name":"Zbardhet d\u00ebshmia e kunat\u00ebs s\u00eb Alma Arrazit: Po ta dija, nuk do ta kisha l\u00ebn\u00eb kurr\u00eb"}]},{"@type":"WebSite","@id":"https:\/\/permbledhja.com\/#website","url":"https:\/\/permbledhja.com\/","name":"Ve\u00e7 artikuj p\u00ebrmbledh\u00ebs","description":"","publisher":{"@id":"https:\/\/permbledhja.com\/#organization"},"potentialAction":[{"@type":"SearchAction","target":{"@type":"EntryPoint","urlTemplate":"https:\/\/permbledhja.com\/?s={search_term_string}"},"query-input":"required name=search_term_string"}],"inLanguage":"sq"},{"@type":"Organization","@id":"https:\/\/permbledhja.com\/#organization","name":"MK Media & Pr","url":"https:\/\/permbledhja.com\/","logo":{"@type":"ImageObject","inLanguage":"sq","@id":"https:\/\/permbledhja.com\/#\/schema\/logo\/image\/","url":"https:\/\/permbledhja.com\/wp-content\/uploads\/2021\/12\/07-Press-Logo.jpg","contentUrl":"https:\/\/permbledhja.com\/wp-content\/uploads\/2021\/12\/07-Press-Logo.jpg","width":512,"height":512,"caption":"MK Media & Pr"},"image":{"@id":"https:\/\/permbledhja.com\/#\/schema\/logo\/image\/"},"sameAs":["https:\/\/www.facebook.com\/press07\/"]},{"@type":"Person","@id":"https:\/\/permbledhja.com\/#\/schema\/person\/9c54260cbc4c6f792cb100550491638c","name":"DL","image":{"@type":"ImageObject","inLanguage":"sq","@id":"https:\/\/permbledhja.com\/#\/schema\/person\/image\/","url":"https:\/\/secure.gravatar.com\/avatar\/94503eb28d4c4b2005a5c8753e35fc80?s=96&d=mm&r=g","contentUrl":"https:\/\/secure.gravatar.com\/avatar\/94503eb28d4c4b2005a5c8753e35fc80?s=96&d=mm&r=g","caption":"DL"},"url":"https:\/\/permbledhja.com\/sq\/author\/dl\/"}]}},"_links":{"self":[{"href":"https:\/\/permbledhja.com\/sq\/wp-json\/wp\/v2\/posts\/61967"}],"collection":[{"href":"https:\/\/permbledhja.com\/sq\/wp-json\/wp\/v2\/posts"}],"about":[{"href":"https:\/\/permbledhja.com\/sq\/wp-json\/wp\/v2\/types\/post"}],"author":[{"embeddable":true,"href":"https:\/\/permbledhja.com\/sq\/wp-json\/wp\/v2\/users\/5"}],"replies":[{"embeddable":true,"href":"https:\/\/permbledhja.com\/sq\/wp-json\/wp\/v2\/comments?post=61967"}],"version-history":[{"count":1,"href":"https:\/\/permbledhja.com\/sq\/wp-json\/wp\/v2\/posts\/61967\/revisions"}],"predecessor-version":[{"id":61968,"href":"https:\/\/permbledhja.com\/sq\/wp-json\/wp\/v2\/posts\/61967\/revisions\/61968"}],"wp:featuredmedia":[{"embeddable":true,"href":"https:\/\/permbledhja.com\/sq\/wp-json\/wp\/v2\/media\/60303"}],"wp:attachment":[{"href":"https:\/\/permbledhja.com\/sq\/wp-json\/wp\/v2\/media?parent=61967"}],"wp:term":[{"taxonomy":"category","embeddable":true,"href":"https:\/\/permbledhja.com\/sq\/wp-json\/wp\/v2\/categories?post=61967"},{"taxonomy":"post_tag","embeddable":true,"href":"https:\/\/permbledhja.com\/sq\/wp-json\/wp\/v2\/tags?post=61967"}],"curies":[{"name":"wp","href":"https:\/\/api.w.org\/{rel}","templated":true}]}}