{"id":61964,"date":"2024-05-14T13:29:53","date_gmt":"2024-05-14T13:29:53","guid":{"rendered":"https:\/\/permbledhja.com\/?p=61964"},"modified":"2024-05-14T13:29:53","modified_gmt":"2024-05-14T13:29:53","slug":"stano-gjenocidi-ne-srebrenice-nuk-mund-te-vihet-ne-dyshim-prandaj-te-gjithe-duhet-ta-pranojne","status":"publish","type":"post","link":"https:\/\/permbledhja.com\/sq\/stano-gjenocidi-ne-srebrenice-nuk-mund-te-vihet-ne-dyshim-prandaj-te-gjithe-duhet-ta-pranojne\/","title":{"rendered":"Stano: Gjenocidi n\u00eb Srebrenic\u00eb nuk mund t\u00eb vihet n\u00eb dyshim, prandaj t\u00eb gjith\u00eb duhet ta pranojn\u00eb"},"content":{"rendered":"<h3>Q\u00ebndrimi i Bashkimit Evropian \u00ebsht\u00eb se nuk mund t\u00eb vihet n\u00eb dyshim q\u00eb \u00ebsht\u00eb kryer gjenocidi n\u00eb Srebrenic\u00eb dhe nuk mund t\u00eb ket\u00eb mohim apo relativizim t\u00eb gjenocidit, tha sot n\u00eb Bruksel z\u00ebdh\u00ebn\u00ebsi i Komisionit Evropian Peter Stano.<\/h3>\n<p>Duke iu p\u00ebrgjigjur pyetjeve t\u00eb gazetar\u00ebve, Stano vuri n\u00eb dukje se \u201cBashkimi Evropian nuk \u00ebsht\u00eb nj\u00eb an\u00ebtar me t\u00eb drejt\u00eb vote n\u00eb OKB dhe nuk \u00ebsht\u00eb ai q\u00eb duhet ta komentoj\u00eb at\u00eb\u201d.<\/p>\n<p>\u201cPor kur b\u00ebhet fjal\u00eb p\u00ebr gjenocidin n\u00eb Srebrenic\u00eb, pozicioni i Bashkimit Evropian dhe institucioneve t\u00eb tij \u00ebsht\u00eb shum\u00eb i qart\u00eb dhe \u00ebsht\u00eb b\u00ebr\u00eb i ditur \u00e7do her\u00eb n\u00eb dit\u00ebn e asaj ngjarjeje t\u00eb tmerrshme n\u00eb historin\u00eb evropiane\u201d, tha ai.<\/p>\n<p>Z\u00ebdh\u00ebn\u00ebsi i KE-s\u00eb shtoi se \u201cn\u00ebse \u00ebsht\u00eb kryer gjenocid n\u00eb Srebrenic\u00eb apo jo nuk \u00ebsht\u00eb \u00e7\u00ebshtje opinioni, sepse vendimet e Gjykat\u00ebs Nd\u00ebrkomb\u00ebtare p\u00ebr ish-Jugosllavin\u00eb dhe organeve t\u00eb tjera, Gjykat\u00ebs Nd\u00ebrkomb\u00ebtare t\u00eb Drejt\u00ebsis\u00eb, treguan qart\u00eb n\u00eb 2007 se ishte kryer gjenocid n\u00eb Srebrenic\u00eb\u201d.<\/p>\n","protected":false},"excerpt":{"rendered":"<p>Q\u00ebndrimi i Bashkimit Evropian \u00ebsht\u00eb se nuk mund t\u00eb vihet n\u00eb dyshim q\u00eb \u00ebsht\u00eb kryer gjenocidi n\u00eb Srebrenic\u00eb dhe nuk mund t\u00eb ket\u00eb mohim apo relativizim t\u00eb gjenocidit, tha sot n\u00eb Bruksel z\u00ebdh\u00ebn\u00ebsi i Komisionit Evropian Peter Stano. Duke iu p\u00ebrgjigjur pyetjeve t\u00eb gazetar\u00ebve, Stano vuri n\u00eb dukje se \u201cBashkimi Evropian nuk \u00ebsht\u00eb nj\u00eb an\u00ebtar [&hellip;]<\/p>\n","protected":false},"author":5,"featured_media":33084,"comment_status":"closed","ping_status":"closed","sticky":false,"template":"","format":"standard","meta":{"_monsterinsights_skip_tracking":false,"_monsterinsights_sitenote_active":false,"_monsterinsights_sitenote_note":"","_monsterinsights_sitenote_category":0,"_uf_show_specific_survey":0,"_uf_disable_surveys":false,"footnotes":""},"categories":[2645],"tags":[],"yoast_head":"<!-- This site is optimized with the Yoast SEO plugin v21.5 - https:\/\/yoast.com\/wordpress\/plugins\/seo\/ -->\n<title>Stano: Gjenocidi n\u00eb Srebrenic\u00eb nuk mund t\u00eb vihet n\u00eb dyshim, prandaj t\u00eb gjith\u00eb duhet ta pranojn\u00eb<\/title>\n<meta name=\"robots\" content=\"index, follow, max-snippet:-1, max-image-preview:large, max-video-preview:-1\" \/>\n<link rel=\"canonical\" href=\"https:\/\/permbledhja.com\/sq\/stano-gjenocidi-ne-srebrenice-nuk-mund-te-vihet-ne-dyshim-prandaj-te-gjithe-duhet-ta-pranojne\/\" \/>\n<meta property=\"og:locale\" content=\"sq_AL\" \/>\n<meta property=\"og:type\" content=\"article\" \/>\n<meta property=\"og:title\" content=\"Stano: Gjenocidi n\u00eb Srebrenic\u00eb nuk mund t\u00eb vihet n\u00eb dyshim, prandaj t\u00eb gjith\u00eb duhet ta pranojn\u00eb\" \/>\n<meta property=\"og:description\" content=\"Q\u00ebndrimi i Bashkimit Evropian \u00ebsht\u00eb se nuk mund t\u00eb vihet n\u00eb dyshim q\u00eb \u00ebsht\u00eb kryer gjenocidi n\u00eb Srebrenic\u00eb dhe nuk mund t\u00eb ket\u00eb mohim apo relativizim t\u00eb gjenocidit, tha sot n\u00eb Bruksel z\u00ebdh\u00ebn\u00ebsi i Komisionit Evropian Peter Stano. Duke iu p\u00ebrgjigjur pyetjeve t\u00eb gazetar\u00ebve, Stano vuri n\u00eb dukje se \u201cBashkimi Evropian nuk \u00ebsht\u00eb nj\u00eb an\u00ebtar [&hellip;]\" \/>\n<meta property=\"og:url\" content=\"https:\/\/permbledhja.com\/sq\/stano-gjenocidi-ne-srebrenice-nuk-mund-te-vihet-ne-dyshim-prandaj-te-gjithe-duhet-ta-pranojne\/\" \/>\n<meta property=\"og:site_name\" content=\"Ve\u00e7 artikuj p\u00ebrmbledh\u00ebs\" \/>\n<meta property=\"article:publisher\" content=\"https:\/\/www.facebook.com\/press07\/\" \/>\n<meta property=\"article:published_time\" content=\"2024-05-14T13:29:53+00:00\" \/>\n<meta property=\"og:image\" content=\"https:\/\/permbledhja.com\/wp-content\/uploads\/2023\/10\/Peter-Stano-2.png\" \/>\n\t<meta property=\"og:image:width\" content=\"708\" \/>\n\t<meta property=\"og:image:height\" content=\"401\" \/>\n\t<meta property=\"og:image:type\" content=\"image\/png\" \/>\n<meta name=\"author\" content=\"DL\" \/>\n<meta name=\"twitter:card\" content=\"summary_large_image\" \/>\n<meta name=\"twitter:label1\" content=\"Written by\" \/>\n\t<meta name=\"twitter:data1\" content=\"DL\" \/>\n\t<meta name=\"twitter:label2\" content=\"Est. reading time\" \/>\n\t<meta name=\"twitter:data2\" content=\"1 minut\u00eb\" \/>\n<script type=\"application\/ld+json\" class=\"yoast-schema-graph\">{\"@context\":\"https:\/\/schema.org\",\"@graph\":[{\"@type\":\"Article\",\"@id\":\"https:\/\/permbledhja.com\/sq\/stano-gjenocidi-ne-srebrenice-nuk-mund-te-vihet-ne-dyshim-prandaj-te-gjithe-duhet-ta-pranojne\/#article\",\"isPartOf\":{\"@id\":\"https:\/\/permbledhja.com\/sq\/stano-gjenocidi-ne-srebrenice-nuk-mund-te-vihet-ne-dyshim-prandaj-te-gjithe-duhet-ta-pranojne\/\"},\"author\":{\"name\":\"DL\",\"@id\":\"https:\/\/permbledhja.com\/#\/schema\/person\/9c54260cbc4c6f792cb100550491638c\"},\"headline\":\"Stano: Gjenocidi n\u00eb Srebrenic\u00eb nuk mund t\u00eb vihet n\u00eb dyshim, prandaj t\u00eb gjith\u00eb duhet ta pranojn\u00eb\",\"datePublished\":\"2024-05-14T13:29:53+00:00\",\"dateModified\":\"2024-05-14T13:29:53+00:00\",\"mainEntityOfPage\":{\"@id\":\"https:\/\/permbledhja.com\/sq\/stano-gjenocidi-ne-srebrenice-nuk-mund-te-vihet-ne-dyshim-prandaj-te-gjithe-duhet-ta-pranojne\/\"},\"wordCount\":189,\"publisher\":{\"@id\":\"https:\/\/permbledhja.com\/#organization\"},\"articleSection\":[\"T\u00eb r\u00ebnd\u00ebsishme\"],\"inLanguage\":\"sq\"},{\"@type\":\"WebPage\",\"@id\":\"https:\/\/permbledhja.com\/sq\/stano-gjenocidi-ne-srebrenice-nuk-mund-te-vihet-ne-dyshim-prandaj-te-gjithe-duhet-ta-pranojne\/\",\"url\":\"https:\/\/permbledhja.com\/sq\/stano-gjenocidi-ne-srebrenice-nuk-mund-te-vihet-ne-dyshim-prandaj-te-gjithe-duhet-ta-pranojne\/\",\"name\":\"Stano: Gjenocidi n\u00eb Srebrenic\u00eb nuk mund t\u00eb vihet n\u00eb dyshim, prandaj t\u00eb gjith\u00eb duhet ta pranojn\u00eb\",\"isPartOf\":{\"@id\":\"https:\/\/permbledhja.com\/#website\"},\"datePublished\":\"2024-05-14T13:29:53+00:00\",\"dateModified\":\"2024-05-14T13:29:53+00:00\",\"breadcrumb\":{\"@id\":\"https:\/\/permbledhja.com\/sq\/stano-gjenocidi-ne-srebrenice-nuk-mund-te-vihet-ne-dyshim-prandaj-te-gjithe-duhet-ta-pranojne\/#breadcrumb\"},\"inLanguage\":\"sq\",\"potentialAction\":[{\"@type\":\"ReadAction\",\"target\":[\"https:\/\/permbledhja.com\/sq\/stano-gjenocidi-ne-srebrenice-nuk-mund-te-vihet-ne-dyshim-prandaj-te-gjithe-duhet-ta-pranojne\/\"]}]},{\"@type\":\"BreadcrumbList\",\"@id\":\"https:\/\/permbledhja.com\/sq\/stano-gjenocidi-ne-srebrenice-nuk-mund-te-vihet-ne-dyshim-prandaj-te-gjithe-duhet-ta-pranojne\/#breadcrumb\",\"itemListElement\":[{\"@type\":\"ListItem\",\"position\":1,\"name\":\"Ballina\",\"item\":\"https:\/\/permbledhja.com\/sq\/\"},{\"@type\":\"ListItem\",\"position\":2,\"name\":\"Stano: Gjenocidi n\u00eb Srebrenic\u00eb nuk mund t\u00eb vihet n\u00eb dyshim, prandaj t\u00eb gjith\u00eb duhet ta pranojn\u00eb\"}]},{\"@type\":\"WebSite\",\"@id\":\"https:\/\/permbledhja.com\/#website\",\"url\":\"https:\/\/permbledhja.com\/\",\"name\":\"Ve\u00e7 artikuj p\u00ebrmbledh\u00ebs\",\"description\":\"\",\"publisher\":{\"@id\":\"https:\/\/permbledhja.com\/#organization\"},\"potentialAction\":[{\"@type\":\"SearchAction\",\"target\":{\"@type\":\"EntryPoint\",\"urlTemplate\":\"https:\/\/permbledhja.com\/?s={search_term_string}\"},\"query-input\":\"required name=search_term_string\"}],\"inLanguage\":\"sq\"},{\"@type\":\"Organization\",\"@id\":\"https:\/\/permbledhja.com\/#organization\",\"name\":\"MK Media & Pr\",\"url\":\"https:\/\/permbledhja.com\/\",\"logo\":{\"@type\":\"ImageObject\",\"inLanguage\":\"sq\",\"@id\":\"https:\/\/permbledhja.com\/#\/schema\/logo\/image\/\",\"url\":\"https:\/\/permbledhja.com\/wp-content\/uploads\/2021\/12\/07-Press-Logo.jpg\",\"contentUrl\":\"https:\/\/permbledhja.com\/wp-content\/uploads\/2021\/12\/07-Press-Logo.jpg\",\"width\":512,\"height\":512,\"caption\":\"MK Media & Pr\"},\"image\":{\"@id\":\"https:\/\/permbledhja.com\/#\/schema\/logo\/image\/\"},\"sameAs\":[\"https:\/\/www.facebook.com\/press07\/\"]},{\"@type\":\"Person\",\"@id\":\"https:\/\/permbledhja.com\/#\/schema\/person\/9c54260cbc4c6f792cb100550491638c\",\"name\":\"DL\",\"image\":{\"@type\":\"ImageObject\",\"inLanguage\":\"sq\",\"@id\":\"https:\/\/permbledhja.com\/#\/schema\/person\/image\/\",\"url\":\"https:\/\/secure.gravatar.com\/avatar\/94503eb28d4c4b2005a5c8753e35fc80?s=96&d=mm&r=g\",\"contentUrl\":\"https:\/\/secure.gravatar.com\/avatar\/94503eb28d4c4b2005a5c8753e35fc80?s=96&d=mm&r=g\",\"caption\":\"DL\"},\"url\":\"https:\/\/permbledhja.com\/sq\/author\/dl\/\"}]}<\/script>\n<!-- \/ Yoast SEO plugin. -->","yoast_head_json":{"title":"Stano: Gjenocidi n\u00eb Srebrenic\u00eb nuk mund t\u00eb vihet n\u00eb dyshim, prandaj t\u00eb gjith\u00eb duhet ta pranojn\u00eb","robots":{"index":"index","follow":"follow","max-snippet":"max-snippet:-1","max-image-preview":"max-image-preview:large","max-video-preview":"max-video-preview:-1"},"canonical":"https:\/\/permbledhja.com\/sq\/stano-gjenocidi-ne-srebrenice-nuk-mund-te-vihet-ne-dyshim-prandaj-te-gjithe-duhet-ta-pranojne\/","og_locale":"sq_AL","og_type":"article","og_title":"Stano: Gjenocidi n\u00eb Srebrenic\u00eb nuk mund t\u00eb vihet n\u00eb dyshim, prandaj t\u00eb gjith\u00eb duhet ta pranojn\u00eb","og_description":"Q\u00ebndrimi i Bashkimit Evropian \u00ebsht\u00eb se nuk mund t\u00eb vihet n\u00eb dyshim q\u00eb \u00ebsht\u00eb kryer gjenocidi n\u00eb Srebrenic\u00eb dhe nuk mund t\u00eb ket\u00eb mohim apo relativizim t\u00eb gjenocidit, tha sot n\u00eb Bruksel z\u00ebdh\u00ebn\u00ebsi i Komisionit Evropian Peter Stano. Duke iu p\u00ebrgjigjur pyetjeve t\u00eb gazetar\u00ebve, Stano vuri n\u00eb dukje se \u201cBashkimi Evropian nuk \u00ebsht\u00eb nj\u00eb an\u00ebtar [&hellip;]","og_url":"https:\/\/permbledhja.com\/sq\/stano-gjenocidi-ne-srebrenice-nuk-mund-te-vihet-ne-dyshim-prandaj-te-gjithe-duhet-ta-pranojne\/","og_site_name":"Ve\u00e7 artikuj p\u00ebrmbledh\u00ebs","article_publisher":"https:\/\/www.facebook.com\/press07\/","article_published_time":"2024-05-14T13:29:53+00:00","og_image":[{"width":708,"height":401,"url":"https:\/\/permbledhja.com\/wp-content\/uploads\/2023\/10\/Peter-Stano-2.png","type":"image\/png"}],"author":"DL","twitter_card":"summary_large_image","twitter_misc":{"Written by":"DL","Est. reading time":"1 minut\u00eb"},"schema":{"@context":"https:\/\/schema.org","@graph":[{"@type":"Article","@id":"https:\/\/permbledhja.com\/sq\/stano-gjenocidi-ne-srebrenice-nuk-mund-te-vihet-ne-dyshim-prandaj-te-gjithe-duhet-ta-pranojne\/#article","isPartOf":{"@id":"https:\/\/permbledhja.com\/sq\/stano-gjenocidi-ne-srebrenice-nuk-mund-te-vihet-ne-dyshim-prandaj-te-gjithe-duhet-ta-pranojne\/"},"author":{"name":"DL","@id":"https:\/\/permbledhja.com\/#\/schema\/person\/9c54260cbc4c6f792cb100550491638c"},"headline":"Stano: Gjenocidi n\u00eb Srebrenic\u00eb nuk mund t\u00eb vihet n\u00eb dyshim, prandaj t\u00eb gjith\u00eb duhet ta pranojn\u00eb","datePublished":"2024-05-14T13:29:53+00:00","dateModified":"2024-05-14T13:29:53+00:00","mainEntityOfPage":{"@id":"https:\/\/permbledhja.com\/sq\/stano-gjenocidi-ne-srebrenice-nuk-mund-te-vihet-ne-dyshim-prandaj-te-gjithe-duhet-ta-pranojne\/"},"wordCount":189,"publisher":{"@id":"https:\/\/permbledhja.com\/#organization"},"articleSection":["T\u00eb r\u00ebnd\u00ebsishme"],"inLanguage":"sq"},{"@type":"WebPage","@id":"https:\/\/permbledhja.com\/sq\/stano-gjenocidi-ne-srebrenice-nuk-mund-te-vihet-ne-dyshim-prandaj-te-gjithe-duhet-ta-pranojne\/","url":"https:\/\/permbledhja.com\/sq\/stano-gjenocidi-ne-srebrenice-nuk-mund-te-vihet-ne-dyshim-prandaj-te-gjithe-duhet-ta-pranojne\/","name":"Stano: Gjenocidi n\u00eb Srebrenic\u00eb nuk mund t\u00eb vihet n\u00eb dyshim, prandaj t\u00eb gjith\u00eb duhet ta pranojn\u00eb","isPartOf":{"@id":"https:\/\/permbledhja.com\/#website"},"datePublished":"2024-05-14T13:29:53+00:00","dateModified":"2024-05-14T13:29:53+00:00","breadcrumb":{"@id":"https:\/\/permbledhja.com\/sq\/stano-gjenocidi-ne-srebrenice-nuk-mund-te-vihet-ne-dyshim-prandaj-te-gjithe-duhet-ta-pranojne\/#breadcrumb"},"inLanguage":"sq","potentialAction":[{"@type":"ReadAction","target":["https:\/\/permbledhja.com\/sq\/stano-gjenocidi-ne-srebrenice-nuk-mund-te-vihet-ne-dyshim-prandaj-te-gjithe-duhet-ta-pranojne\/"]}]},{"@type":"BreadcrumbList","@id":"https:\/\/permbledhja.com\/sq\/stano-gjenocidi-ne-srebrenice-nuk-mund-te-vihet-ne-dyshim-prandaj-te-gjithe-duhet-ta-pranojne\/#breadcrumb","itemListElement":[{"@type":"ListItem","position":1,"name":"Ballina","item":"https:\/\/permbledhja.com\/sq\/"},{"@type":"ListItem","position":2,"name":"Stano: Gjenocidi n\u00eb Srebrenic\u00eb nuk mund t\u00eb vihet n\u00eb dyshim, prandaj t\u00eb gjith\u00eb duhet ta pranojn\u00eb"}]},{"@type":"WebSite","@id":"https:\/\/permbledhja.com\/#website","url":"https:\/\/permbledhja.com\/","name":"Ve\u00e7 artikuj p\u00ebrmbledh\u00ebs","description":"","publisher":{"@id":"https:\/\/permbledhja.com\/#organization"},"potentialAction":[{"@type":"SearchAction","target":{"@type":"EntryPoint","urlTemplate":"https:\/\/permbledhja.com\/?s={search_term_string}"},"query-input":"required name=search_term_string"}],"inLanguage":"sq"},{"@type":"Organization","@id":"https:\/\/permbledhja.com\/#organization","name":"MK Media & Pr","url":"https:\/\/permbledhja.com\/","logo":{"@type":"ImageObject","inLanguage":"sq","@id":"https:\/\/permbledhja.com\/#\/schema\/logo\/image\/","url":"https:\/\/permbledhja.com\/wp-content\/uploads\/2021\/12\/07-Press-Logo.jpg","contentUrl":"https:\/\/permbledhja.com\/wp-content\/uploads\/2021\/12\/07-Press-Logo.jpg","width":512,"height":512,"caption":"MK Media & Pr"},"image":{"@id":"https:\/\/permbledhja.com\/#\/schema\/logo\/image\/"},"sameAs":["https:\/\/www.facebook.com\/press07\/"]},{"@type":"Person","@id":"https:\/\/permbledhja.com\/#\/schema\/person\/9c54260cbc4c6f792cb100550491638c","name":"DL","image":{"@type":"ImageObject","inLanguage":"sq","@id":"https:\/\/permbledhja.com\/#\/schema\/person\/image\/","url":"https:\/\/secure.gravatar.com\/avatar\/94503eb28d4c4b2005a5c8753e35fc80?s=96&d=mm&r=g","contentUrl":"https:\/\/secure.gravatar.com\/avatar\/94503eb28d4c4b2005a5c8753e35fc80?s=96&d=mm&r=g","caption":"DL"},"url":"https:\/\/permbledhja.com\/sq\/author\/dl\/"}]}},"_links":{"self":[{"href":"https:\/\/permbledhja.com\/sq\/wp-json\/wp\/v2\/posts\/61964"}],"collection":[{"href":"https:\/\/permbledhja.com\/sq\/wp-json\/wp\/v2\/posts"}],"about":[{"href":"https:\/\/permbledhja.com\/sq\/wp-json\/wp\/v2\/types\/post"}],"author":[{"embeddable":true,"href":"https:\/\/permbledhja.com\/sq\/wp-json\/wp\/v2\/users\/5"}],"replies":[{"embeddable":true,"href":"https:\/\/permbledhja.com\/sq\/wp-json\/wp\/v2\/comments?post=61964"}],"version-history":[{"count":1,"href":"https:\/\/permbledhja.com\/sq\/wp-json\/wp\/v2\/posts\/61964\/revisions"}],"predecessor-version":[{"id":61965,"href":"https:\/\/permbledhja.com\/sq\/wp-json\/wp\/v2\/posts\/61964\/revisions\/61965"}],"wp:featuredmedia":[{"embeddable":true,"href":"https:\/\/permbledhja.com\/sq\/wp-json\/wp\/v2\/media\/33084"}],"wp:attachment":[{"href":"https:\/\/permbledhja.com\/sq\/wp-json\/wp\/v2\/media?parent=61964"}],"wp:term":[{"taxonomy":"category","embeddable":true,"href":"https:\/\/permbledhja.com\/sq\/wp-json\/wp\/v2\/categories?post=61964"},{"taxonomy":"post_tag","embeddable":true,"href":"https:\/\/permbledhja.com\/sq\/wp-json\/wp\/v2\/tags?post=61964"}],"curies":[{"name":"wp","href":"https:\/\/api.w.org\/{rel}","templated":true}]}}