{"id":61841,"date":"2024-05-13T17:41:19","date_gmt":"2024-05-13T17:41:19","guid":{"rendered":"https:\/\/permbledhja.com\/?p=61841"},"modified":"2024-05-13T17:41:19","modified_gmt":"2024-05-13T17:41:19","slug":"humolli-kjo-qeveri-mori-besimin-per-tiu-qasur-ndryshe-serbise","status":"publish","type":"post","link":"https:\/\/permbledhja.com\/sq\/humolli-kjo-qeveri-mori-besimin-per-tiu-qasur-ndryshe-serbise\/","title":{"rendered":"Humolli: Kjo qeveri mori besimin p\u00ebr t\u2019iu qasur ndryshe Serbis\u00eb"},"content":{"rendered":"<h3><strong>Deputeti i pavarur n\u00eb Kuvendin e Kosov\u00ebs, Fatmir Humolli ka th\u00ebn\u00eb se rruga e gabuar ka filluar qysh nga viti 1999, pasi nuk \u00ebsht\u00eb vler\u00ebsuar drejt politika e bashk\u00ebsis\u00eb nd\u00ebrkomb\u00ebtare dhe nuk \u00ebsht\u00eb kuptuar drejt q\u00eb Serbia \u00ebsht\u00eb armiq\u00ebsore n\u00eb raport me \u00e7\u00ebshtjen shqiptare.<\/strong><\/h3>\n<p>\u201cNe e kemi nj\u00eb klas\u00eb politike q\u00eb nuk ka besuar se kemi mund\u00ebsi t\u00eb \u00e7lirohemi prej Serbis\u00eb dhe \u00ebsht\u00eb ballafaquar me nj\u00eb klas\u00eb politike q\u00eb i ka prir\u00eb procesit t\u00eb luft\u00ebs\u00a0 \u00e7lirimtare dhe e kemi detyruar bashk\u00ebsin\u00eb nd\u00ebrkomb\u00ebtare t\u00eb reflektoj\u00eb n\u00eb raport me interesat tona komb\u00ebtare. Por, k\u00ebt\u00eb reflektim t\u00eb bashk\u00ebsis\u00eb nd\u00ebrkomb\u00ebtare e kemi marr\u00eb sikur di\u00e7ka t\u00eb kryer dhe nuk e kemi vler\u00ebsuar se \u00ebsht\u00eb nj\u00eb proces q\u00eb duhet t\u00eb zhvillohet\u201d, ka th\u00ebn\u00eb Humolli n\u00eb \u201cInfo Plus\u201d n\u00eb RTK.<\/p>\n<p>Ai ka th\u00ebn\u00eb se qeveria aktuale e ka nd\u00ebrruar kursin e saj dhe p\u00ebr k\u00ebt\u00eb \u00ebsht\u00eb dashur t\u00eb shkoj\u00eb s\u00ebrish te qytetari dhe ta k\u00ebrkoj\u00eb besimin.<\/p>\n<p>\u201cKjo qeveri e ka marr\u00eb besimin e qytetar\u00ebve p\u00ebr t\u2019iu qasur ndryshe Serbis\u00eb, jo t\u00eb bisedoj\u00eb p\u00ebr dinarin, ose jo t\u00eb bisedoj\u00eb me Serbin\u00eb p\u00ebr Kosov\u00ebn. E ka marr\u00eb besimin p\u00ebr t\u00eb biseduar me serb\u00ebt e Kosov\u00ebs p\u00ebr Kosov\u00ebn. N\u00eb vend q\u00eb t\u00eb bisedojm\u00eb me serb\u00ebt e Kosov\u00ebs, sot institucionet tona dhe partit\u00eb politike n\u00eb t\u00ebr\u00ebsi kan\u00eb pranuar t\u00eb bisedojn\u00eb me Vu\u00e7iqin p\u00ebr jet\u00ebn e serb\u00ebve n\u00eb Kosov\u00eb\u201d, ka theksuar tutje Humolli.<\/p>\n","protected":false},"excerpt":{"rendered":"<p>Deputeti i pavarur n\u00eb Kuvendin e Kosov\u00ebs, Fatmir Humolli ka th\u00ebn\u00eb se rruga e gabuar ka filluar qysh nga viti 1999, pasi nuk \u00ebsht\u00eb vler\u00ebsuar drejt politika e bashk\u00ebsis\u00eb nd\u00ebrkomb\u00ebtare dhe nuk \u00ebsht\u00eb kuptuar drejt q\u00eb Serbia \u00ebsht\u00eb armiq\u00ebsore n\u00eb raport me \u00e7\u00ebshtjen shqiptare. \u201cNe e kemi nj\u00eb klas\u00eb politike q\u00eb nuk ka besuar se [&hellip;]<\/p>\n","protected":false},"author":5,"featured_media":43269,"comment_status":"closed","ping_status":"closed","sticky":false,"template":"","format":"standard","meta":{"_monsterinsights_skip_tracking":false,"_monsterinsights_sitenote_active":false,"_monsterinsights_sitenote_note":"","_monsterinsights_sitenote_category":0,"_uf_show_specific_survey":0,"_uf_disable_surveys":false,"footnotes":""},"categories":[15],"tags":[],"yoast_head":"<!-- This site is optimized with the Yoast SEO plugin v21.5 - https:\/\/yoast.com\/wordpress\/plugins\/seo\/ -->\n<title>Humolli: Kjo qeveri mori besimin p\u00ebr t\u2019iu qasur ndryshe Serbis\u00eb<\/title>\n<meta name=\"robots\" content=\"index, follow, max-snippet:-1, max-image-preview:large, max-video-preview:-1\" \/>\n<link rel=\"canonical\" href=\"https:\/\/permbledhja.com\/sq\/humolli-kjo-qeveri-mori-besimin-per-tiu-qasur-ndryshe-serbise\/\" \/>\n<meta property=\"og:locale\" content=\"sq_AL\" \/>\n<meta property=\"og:type\" content=\"article\" \/>\n<meta property=\"og:title\" content=\"Humolli: Kjo qeveri mori besimin p\u00ebr t\u2019iu qasur ndryshe Serbis\u00eb\" \/>\n<meta property=\"og:description\" content=\"Deputeti i pavarur n\u00eb Kuvendin e Kosov\u00ebs, Fatmir Humolli ka th\u00ebn\u00eb se rruga e gabuar ka filluar qysh nga viti 1999, pasi nuk \u00ebsht\u00eb vler\u00ebsuar drejt politika e bashk\u00ebsis\u00eb nd\u00ebrkomb\u00ebtare dhe nuk \u00ebsht\u00eb kuptuar drejt q\u00eb Serbia \u00ebsht\u00eb armiq\u00ebsore n\u00eb raport me \u00e7\u00ebshtjen shqiptare. \u201cNe e kemi nj\u00eb klas\u00eb politike q\u00eb nuk ka besuar se [&hellip;]\" \/>\n<meta property=\"og:url\" content=\"https:\/\/permbledhja.com\/sq\/humolli-kjo-qeveri-mori-besimin-per-tiu-qasur-ndryshe-serbise\/\" \/>\n<meta property=\"og:site_name\" content=\"Ve\u00e7 artikuj p\u00ebrmbledh\u00ebs\" \/>\n<meta property=\"article:publisher\" content=\"https:\/\/www.facebook.com\/press07\/\" \/>\n<meta property=\"article:published_time\" content=\"2024-05-13T17:41:19+00:00\" \/>\n<meta property=\"og:image\" content=\"https:\/\/permbledhja.com\/wp-content\/uploads\/2024\/01\/humolli.webp\" \/>\n\t<meta property=\"og:image:width\" content=\"1280\" \/>\n\t<meta property=\"og:image:height\" content=\"720\" \/>\n\t<meta property=\"og:image:type\" content=\"image\/webp\" \/>\n<meta name=\"author\" content=\"DL\" \/>\n<meta name=\"twitter:card\" content=\"summary_large_image\" \/>\n<meta name=\"twitter:label1\" content=\"Written by\" \/>\n\t<meta name=\"twitter:data1\" content=\"DL\" \/>\n\t<meta name=\"twitter:label2\" content=\"Est. reading time\" \/>\n\t<meta name=\"twitter:data2\" content=\"2 minuta\" \/>\n<script type=\"application\/ld+json\" class=\"yoast-schema-graph\">{\"@context\":\"https:\/\/schema.org\",\"@graph\":[{\"@type\":\"Article\",\"@id\":\"https:\/\/permbledhja.com\/humolli-kjo-qeveri-mori-besimin-per-tiu-qasur-ndryshe-serbise\/#article\",\"isPartOf\":{\"@id\":\"https:\/\/permbledhja.com\/humolli-kjo-qeveri-mori-besimin-per-tiu-qasur-ndryshe-serbise\/\"},\"author\":{\"name\":\"DL\",\"@id\":\"https:\/\/permbledhja.com\/#\/schema\/person\/9c54260cbc4c6f792cb100550491638c\"},\"headline\":\"Humolli: Kjo qeveri mori besimin p\u00ebr t\u2019iu qasur ndryshe Serbis\u00eb\",\"datePublished\":\"2024-05-13T17:41:19+00:00\",\"dateModified\":\"2024-05-13T17:41:19+00:00\",\"mainEntityOfPage\":{\"@id\":\"https:\/\/permbledhja.com\/humolli-kjo-qeveri-mori-besimin-per-tiu-qasur-ndryshe-serbise\/\"},\"wordCount\":278,\"publisher\":{\"@id\":\"https:\/\/permbledhja.com\/#organization\"},\"articleSection\":[\"Lajme\"],\"inLanguage\":\"sq\"},{\"@type\":\"WebPage\",\"@id\":\"https:\/\/permbledhja.com\/humolli-kjo-qeveri-mori-besimin-per-tiu-qasur-ndryshe-serbise\/\",\"url\":\"https:\/\/permbledhja.com\/humolli-kjo-qeveri-mori-besimin-per-tiu-qasur-ndryshe-serbise\/\",\"name\":\"Humolli: Kjo qeveri mori besimin p\u00ebr t\u2019iu qasur ndryshe Serbis\u00eb\",\"isPartOf\":{\"@id\":\"https:\/\/permbledhja.com\/#website\"},\"datePublished\":\"2024-05-13T17:41:19+00:00\",\"dateModified\":\"2024-05-13T17:41:19+00:00\",\"breadcrumb\":{\"@id\":\"https:\/\/permbledhja.com\/humolli-kjo-qeveri-mori-besimin-per-tiu-qasur-ndryshe-serbise\/#breadcrumb\"},\"inLanguage\":\"sq\",\"potentialAction\":[{\"@type\":\"ReadAction\",\"target\":[\"https:\/\/permbledhja.com\/humolli-kjo-qeveri-mori-besimin-per-tiu-qasur-ndryshe-serbise\/\"]}]},{\"@type\":\"BreadcrumbList\",\"@id\":\"https:\/\/permbledhja.com\/humolli-kjo-qeveri-mori-besimin-per-tiu-qasur-ndryshe-serbise\/#breadcrumb\",\"itemListElement\":[{\"@type\":\"ListItem\",\"position\":1,\"name\":\"Ballina\",\"item\":\"https:\/\/permbledhja.com\/sq\/\"},{\"@type\":\"ListItem\",\"position\":2,\"name\":\"Humolli: Kjo qeveri mori besimin p\u00ebr t\u2019iu qasur ndryshe Serbis\u00eb\"}]},{\"@type\":\"WebSite\",\"@id\":\"https:\/\/permbledhja.com\/#website\",\"url\":\"https:\/\/permbledhja.com\/\",\"name\":\"Ve\u00e7 artikuj p\u00ebrmbledh\u00ebs\",\"description\":\"\",\"publisher\":{\"@id\":\"https:\/\/permbledhja.com\/#organization\"},\"potentialAction\":[{\"@type\":\"SearchAction\",\"target\":{\"@type\":\"EntryPoint\",\"urlTemplate\":\"https:\/\/permbledhja.com\/?s={search_term_string}\"},\"query-input\":\"required name=search_term_string\"}],\"inLanguage\":\"sq\"},{\"@type\":\"Organization\",\"@id\":\"https:\/\/permbledhja.com\/#organization\",\"name\":\"MK Media & Pr\",\"url\":\"https:\/\/permbledhja.com\/\",\"logo\":{\"@type\":\"ImageObject\",\"inLanguage\":\"sq\",\"@id\":\"https:\/\/permbledhja.com\/#\/schema\/logo\/image\/\",\"url\":\"https:\/\/permbledhja.com\/wp-content\/uploads\/2021\/12\/07-Press-Logo.jpg\",\"contentUrl\":\"https:\/\/permbledhja.com\/wp-content\/uploads\/2021\/12\/07-Press-Logo.jpg\",\"width\":512,\"height\":512,\"caption\":\"MK Media & Pr\"},\"image\":{\"@id\":\"https:\/\/permbledhja.com\/#\/schema\/logo\/image\/\"},\"sameAs\":[\"https:\/\/www.facebook.com\/press07\/\"]},{\"@type\":\"Person\",\"@id\":\"https:\/\/permbledhja.com\/#\/schema\/person\/9c54260cbc4c6f792cb100550491638c\",\"name\":\"DL\",\"image\":{\"@type\":\"ImageObject\",\"inLanguage\":\"sq\",\"@id\":\"https:\/\/permbledhja.com\/#\/schema\/person\/image\/\",\"url\":\"https:\/\/secure.gravatar.com\/avatar\/94503eb28d4c4b2005a5c8753e35fc80?s=96&d=mm&r=g\",\"contentUrl\":\"https:\/\/secure.gravatar.com\/avatar\/94503eb28d4c4b2005a5c8753e35fc80?s=96&d=mm&r=g\",\"caption\":\"DL\"},\"url\":\"https:\/\/permbledhja.com\/sq\/author\/dl\/\"}]}<\/script>\n<!-- \/ Yoast SEO plugin. -->","yoast_head_json":{"title":"Humolli: Kjo qeveri mori besimin p\u00ebr t\u2019iu qasur ndryshe Serbis\u00eb","robots":{"index":"index","follow":"follow","max-snippet":"max-snippet:-1","max-image-preview":"max-image-preview:large","max-video-preview":"max-video-preview:-1"},"canonical":"https:\/\/permbledhja.com\/sq\/humolli-kjo-qeveri-mori-besimin-per-tiu-qasur-ndryshe-serbise\/","og_locale":"sq_AL","og_type":"article","og_title":"Humolli: Kjo qeveri mori besimin p\u00ebr t\u2019iu qasur ndryshe Serbis\u00eb","og_description":"Deputeti i pavarur n\u00eb Kuvendin e Kosov\u00ebs, Fatmir Humolli ka th\u00ebn\u00eb se rruga e gabuar ka filluar qysh nga viti 1999, pasi nuk \u00ebsht\u00eb vler\u00ebsuar drejt politika e bashk\u00ebsis\u00eb nd\u00ebrkomb\u00ebtare dhe nuk \u00ebsht\u00eb kuptuar drejt q\u00eb Serbia \u00ebsht\u00eb armiq\u00ebsore n\u00eb raport me \u00e7\u00ebshtjen shqiptare. \u201cNe e kemi nj\u00eb klas\u00eb politike q\u00eb nuk ka besuar se [&hellip;]","og_url":"https:\/\/permbledhja.com\/sq\/humolli-kjo-qeveri-mori-besimin-per-tiu-qasur-ndryshe-serbise\/","og_site_name":"Ve\u00e7 artikuj p\u00ebrmbledh\u00ebs","article_publisher":"https:\/\/www.facebook.com\/press07\/","article_published_time":"2024-05-13T17:41:19+00:00","og_image":[{"width":1280,"height":720,"url":"https:\/\/permbledhja.com\/wp-content\/uploads\/2024\/01\/humolli.webp","type":"image\/webp"}],"author":"DL","twitter_card":"summary_large_image","twitter_misc":{"Written by":"DL","Est. reading time":"2 minuta"},"schema":{"@context":"https:\/\/schema.org","@graph":[{"@type":"Article","@id":"https:\/\/permbledhja.com\/humolli-kjo-qeveri-mori-besimin-per-tiu-qasur-ndryshe-serbise\/#article","isPartOf":{"@id":"https:\/\/permbledhja.com\/humolli-kjo-qeveri-mori-besimin-per-tiu-qasur-ndryshe-serbise\/"},"author":{"name":"DL","@id":"https:\/\/permbledhja.com\/#\/schema\/person\/9c54260cbc4c6f792cb100550491638c"},"headline":"Humolli: Kjo qeveri mori besimin p\u00ebr t\u2019iu qasur ndryshe Serbis\u00eb","datePublished":"2024-05-13T17:41:19+00:00","dateModified":"2024-05-13T17:41:19+00:00","mainEntityOfPage":{"@id":"https:\/\/permbledhja.com\/humolli-kjo-qeveri-mori-besimin-per-tiu-qasur-ndryshe-serbise\/"},"wordCount":278,"publisher":{"@id":"https:\/\/permbledhja.com\/#organization"},"articleSection":["Lajme"],"inLanguage":"sq"},{"@type":"WebPage","@id":"https:\/\/permbledhja.com\/humolli-kjo-qeveri-mori-besimin-per-tiu-qasur-ndryshe-serbise\/","url":"https:\/\/permbledhja.com\/humolli-kjo-qeveri-mori-besimin-per-tiu-qasur-ndryshe-serbise\/","name":"Humolli: Kjo qeveri mori besimin p\u00ebr t\u2019iu qasur ndryshe Serbis\u00eb","isPartOf":{"@id":"https:\/\/permbledhja.com\/#website"},"datePublished":"2024-05-13T17:41:19+00:00","dateModified":"2024-05-13T17:41:19+00:00","breadcrumb":{"@id":"https:\/\/permbledhja.com\/humolli-kjo-qeveri-mori-besimin-per-tiu-qasur-ndryshe-serbise\/#breadcrumb"},"inLanguage":"sq","potentialAction":[{"@type":"ReadAction","target":["https:\/\/permbledhja.com\/humolli-kjo-qeveri-mori-besimin-per-tiu-qasur-ndryshe-serbise\/"]}]},{"@type":"BreadcrumbList","@id":"https:\/\/permbledhja.com\/humolli-kjo-qeveri-mori-besimin-per-tiu-qasur-ndryshe-serbise\/#breadcrumb","itemListElement":[{"@type":"ListItem","position":1,"name":"Ballina","item":"https:\/\/permbledhja.com\/sq\/"},{"@type":"ListItem","position":2,"name":"Humolli: Kjo qeveri mori besimin p\u00ebr t\u2019iu qasur ndryshe Serbis\u00eb"}]},{"@type":"WebSite","@id":"https:\/\/permbledhja.com\/#website","url":"https:\/\/permbledhja.com\/","name":"Ve\u00e7 artikuj p\u00ebrmbledh\u00ebs","description":"","publisher":{"@id":"https:\/\/permbledhja.com\/#organization"},"potentialAction":[{"@type":"SearchAction","target":{"@type":"EntryPoint","urlTemplate":"https:\/\/permbledhja.com\/?s={search_term_string}"},"query-input":"required name=search_term_string"}],"inLanguage":"sq"},{"@type":"Organization","@id":"https:\/\/permbledhja.com\/#organization","name":"MK Media & Pr","url":"https:\/\/permbledhja.com\/","logo":{"@type":"ImageObject","inLanguage":"sq","@id":"https:\/\/permbledhja.com\/#\/schema\/logo\/image\/","url":"https:\/\/permbledhja.com\/wp-content\/uploads\/2021\/12\/07-Press-Logo.jpg","contentUrl":"https:\/\/permbledhja.com\/wp-content\/uploads\/2021\/12\/07-Press-Logo.jpg","width":512,"height":512,"caption":"MK Media & Pr"},"image":{"@id":"https:\/\/permbledhja.com\/#\/schema\/logo\/image\/"},"sameAs":["https:\/\/www.facebook.com\/press07\/"]},{"@type":"Person","@id":"https:\/\/permbledhja.com\/#\/schema\/person\/9c54260cbc4c6f792cb100550491638c","name":"DL","image":{"@type":"ImageObject","inLanguage":"sq","@id":"https:\/\/permbledhja.com\/#\/schema\/person\/image\/","url":"https:\/\/secure.gravatar.com\/avatar\/94503eb28d4c4b2005a5c8753e35fc80?s=96&d=mm&r=g","contentUrl":"https:\/\/secure.gravatar.com\/avatar\/94503eb28d4c4b2005a5c8753e35fc80?s=96&d=mm&r=g","caption":"DL"},"url":"https:\/\/permbledhja.com\/sq\/author\/dl\/"}]}},"_links":{"self":[{"href":"https:\/\/permbledhja.com\/sq\/wp-json\/wp\/v2\/posts\/61841"}],"collection":[{"href":"https:\/\/permbledhja.com\/sq\/wp-json\/wp\/v2\/posts"}],"about":[{"href":"https:\/\/permbledhja.com\/sq\/wp-json\/wp\/v2\/types\/post"}],"author":[{"embeddable":true,"href":"https:\/\/permbledhja.com\/sq\/wp-json\/wp\/v2\/users\/5"}],"replies":[{"embeddable":true,"href":"https:\/\/permbledhja.com\/sq\/wp-json\/wp\/v2\/comments?post=61841"}],"version-history":[{"count":1,"href":"https:\/\/permbledhja.com\/sq\/wp-json\/wp\/v2\/posts\/61841\/revisions"}],"predecessor-version":[{"id":61843,"href":"https:\/\/permbledhja.com\/sq\/wp-json\/wp\/v2\/posts\/61841\/revisions\/61843"}],"wp:featuredmedia":[{"embeddable":true,"href":"https:\/\/permbledhja.com\/sq\/wp-json\/wp\/v2\/media\/43269"}],"wp:attachment":[{"href":"https:\/\/permbledhja.com\/sq\/wp-json\/wp\/v2\/media?parent=61841"}],"wp:term":[{"taxonomy":"category","embeddable":true,"href":"https:\/\/permbledhja.com\/sq\/wp-json\/wp\/v2\/categories?post=61841"},{"taxonomy":"post_tag","embeddable":true,"href":"https:\/\/permbledhja.com\/sq\/wp-json\/wp\/v2\/tags?post=61841"}],"curies":[{"name":"wp","href":"https:\/\/api.w.org\/{rel}","templated":true}]}}