{"id":61834,"date":"2024-05-13T16:54:28","date_gmt":"2024-05-13T16:54:28","guid":{"rendered":"https:\/\/permbledhja.com\/?p=61834"},"modified":"2024-05-13T16:54:28","modified_gmt":"2024-05-13T16:54:28","slug":"kadrijaj-ftesa-e-kurtit-per-takim-ndaj-haradinajt-nuk-ishte-e-sinqerte","status":"publish","type":"post","link":"https:\/\/permbledhja.com\/sq\/kadrijaj-ftesa-e-kurtit-per-takim-ndaj-haradinajt-nuk-ishte-e-sinqerte\/","title":{"rendered":"Kadrijaj: Ftesa e Kurtit p\u00ebr takim ndaj Haradinajt nuk ishte e sinqert\u00eb"},"content":{"rendered":"<h3><strong>Deputetja e AAK-s\u00eb, Time Kadrijaj, ka folur p\u00ebr mospranimin e ftes\u00ebs s\u00eb kryetarit\u00a0 t\u00eb k\u00ebtij subjektit politik ku ajo b\u00ebn pjes\u00eb ndaj kryeministrit Albin Kurti.<\/strong><\/h3>\n<p>N\u00eb Info Magazine t\u00eb Klan Kosov\u00ebs, ajo ka deklaruar se kryeministri do t\u00eb duhej t\u00eb ftonte lider\u00ebt e partive opozitare p\u00ebr t\u00eb folur p\u00ebr \u00e7\u00ebshtje t\u00eb tjera.<\/p>\n<p>\u201cNuk m\u00eb \u00ebsht\u00eb dukur nj\u00eb ftes\u00eb e sinqert\u00eb \u00a0ka pas\u00eb tema tep\u00ebr t\u00eb r\u00ebnd\u00ebsishme p\u00ebr agjend\u00ebn legjislative, kan\u00eb mundur shefat e grupeve parlamentare t\u00eb dakordohen p\u00ebr k\u00ebt\u00eb\u201d.<\/p>\n<p>\u201cKosova po kalon n\u00eb nj\u00eb situat\u00eb t\u00eb ndjeshme ndoshta nuk \u00ebsht\u00eb tani moment p\u00ebr k\u00ebt\u00eb, momenti ka qen\u00eb m\u00eb her\u00ebt, do t\u00eb duhej t\u00eb krijohet nj\u00eb konsensus p\u00ebr temat si dialogu dhe aneksi o Ohrit, opozita asnj\u00ebher\u00eb nuk pati nj\u00eb ftes\u00eb t\u00eb till\u00eb nga Kurti\u201d, tha Kadrijaj.<\/p>\n","protected":false},"excerpt":{"rendered":"<p>Deputetja e AAK-s\u00eb, Time Kadrijaj, ka folur p\u00ebr mospranimin e ftes\u00ebs s\u00eb kryetarit\u00a0 t\u00eb k\u00ebtij subjektit politik ku ajo b\u00ebn pjes\u00eb ndaj kryeministrit Albin Kurti. N\u00eb Info Magazine t\u00eb Klan Kosov\u00ebs, ajo ka deklaruar se kryeministri do t\u00eb duhej t\u00eb ftonte lider\u00ebt e partive opozitare p\u00ebr t\u00eb folur p\u00ebr \u00e7\u00ebshtje t\u00eb tjera. \u201cNuk m\u00eb \u00ebsht\u00eb [&hellip;]<\/p>\n","protected":false},"author":5,"featured_media":61836,"comment_status":"closed","ping_status":"closed","sticky":false,"template":"","format":"standard","meta":{"_monsterinsights_skip_tracking":false,"_monsterinsights_sitenote_active":false,"_monsterinsights_sitenote_note":"","_monsterinsights_sitenote_category":0,"_uf_show_specific_survey":0,"_uf_disable_surveys":false,"footnotes":""},"categories":[15],"tags":[],"yoast_head":"<!-- This site is optimized with the Yoast SEO plugin v21.5 - https:\/\/yoast.com\/wordpress\/plugins\/seo\/ -->\n<title>Kadrijaj: Ftesa e Kurtit p\u00ebr takim ndaj Haradinajt nuk ishte e sinqert\u00eb<\/title>\n<meta name=\"robots\" content=\"index, follow, max-snippet:-1, max-image-preview:large, max-video-preview:-1\" \/>\n<link rel=\"canonical\" href=\"https:\/\/permbledhja.com\/sq\/kadrijaj-ftesa-e-kurtit-per-takim-ndaj-haradinajt-nuk-ishte-e-sinqerte\/\" \/>\n<meta property=\"og:locale\" content=\"sq_AL\" \/>\n<meta property=\"og:type\" content=\"article\" \/>\n<meta property=\"og:title\" content=\"Kadrijaj: Ftesa e Kurtit p\u00ebr takim ndaj Haradinajt nuk ishte e sinqert\u00eb\" \/>\n<meta property=\"og:description\" content=\"Deputetja e AAK-s\u00eb, Time Kadrijaj, ka folur p\u00ebr mospranimin e ftes\u00ebs s\u00eb kryetarit\u00a0 t\u00eb k\u00ebtij subjektit politik ku ajo b\u00ebn pjes\u00eb ndaj kryeministrit Albin Kurti. N\u00eb Info Magazine t\u00eb Klan Kosov\u00ebs, ajo ka deklaruar se kryeministri do t\u00eb duhej t\u00eb ftonte lider\u00ebt e partive opozitare p\u00ebr t\u00eb folur p\u00ebr \u00e7\u00ebshtje t\u00eb tjera. \u201cNuk m\u00eb \u00ebsht\u00eb [&hellip;]\" \/>\n<meta property=\"og:url\" content=\"https:\/\/permbledhja.com\/sq\/kadrijaj-ftesa-e-kurtit-per-takim-ndaj-haradinajt-nuk-ishte-e-sinqerte\/\" \/>\n<meta property=\"og:site_name\" content=\"Ve\u00e7 artikuj p\u00ebrmbledh\u00ebs\" \/>\n<meta property=\"article:publisher\" content=\"https:\/\/www.facebook.com\/press07\/\" \/>\n<meta property=\"article:published_time\" content=\"2024-05-13T16:54:28+00:00\" \/>\n<meta property=\"og:image\" content=\"https:\/\/permbledhja.com\/wp-content\/uploads\/2024\/05\/time-1.jpeg\" \/>\n\t<meta property=\"og:image:width\" content=\"1196\" \/>\n\t<meta property=\"og:image:height\" content=\"631\" \/>\n\t<meta property=\"og:image:type\" content=\"image\/jpeg\" \/>\n<meta name=\"author\" content=\"DL\" \/>\n<meta name=\"twitter:card\" content=\"summary_large_image\" \/>\n<meta name=\"twitter:label1\" content=\"Written by\" \/>\n\t<meta name=\"twitter:data1\" content=\"DL\" \/>\n\t<meta name=\"twitter:label2\" content=\"Est. reading time\" \/>\n\t<meta name=\"twitter:data2\" content=\"1 minut\u00eb\" \/>\n<script type=\"application\/ld+json\" class=\"yoast-schema-graph\">{\"@context\":\"https:\/\/schema.org\",\"@graph\":[{\"@type\":\"Article\",\"@id\":\"https:\/\/permbledhja.com\/kadrijaj-ftesa-e-kurtit-per-takim-ndaj-haradinajt-nuk-ishte-e-sinqerte\/#article\",\"isPartOf\":{\"@id\":\"https:\/\/permbledhja.com\/kadrijaj-ftesa-e-kurtit-per-takim-ndaj-haradinajt-nuk-ishte-e-sinqerte\/\"},\"author\":{\"name\":\"DL\",\"@id\":\"https:\/\/permbledhja.com\/#\/schema\/person\/9c54260cbc4c6f792cb100550491638c\"},\"headline\":\"Kadrijaj: Ftesa e Kurtit p\u00ebr takim ndaj Haradinajt nuk ishte e sinqert\u00eb\",\"datePublished\":\"2024-05-13T16:54:28+00:00\",\"dateModified\":\"2024-05-13T16:54:28+00:00\",\"mainEntityOfPage\":{\"@id\":\"https:\/\/permbledhja.com\/kadrijaj-ftesa-e-kurtit-per-takim-ndaj-haradinajt-nuk-ishte-e-sinqerte\/\"},\"wordCount\":159,\"publisher\":{\"@id\":\"https:\/\/permbledhja.com\/#organization\"},\"articleSection\":[\"Lajme\"],\"inLanguage\":\"sq\"},{\"@type\":\"WebPage\",\"@id\":\"https:\/\/permbledhja.com\/kadrijaj-ftesa-e-kurtit-per-takim-ndaj-haradinajt-nuk-ishte-e-sinqerte\/\",\"url\":\"https:\/\/permbledhja.com\/kadrijaj-ftesa-e-kurtit-per-takim-ndaj-haradinajt-nuk-ishte-e-sinqerte\/\",\"name\":\"Kadrijaj: Ftesa e Kurtit p\u00ebr takim ndaj Haradinajt nuk ishte e sinqert\u00eb\",\"isPartOf\":{\"@id\":\"https:\/\/permbledhja.com\/#website\"},\"datePublished\":\"2024-05-13T16:54:28+00:00\",\"dateModified\":\"2024-05-13T16:54:28+00:00\",\"breadcrumb\":{\"@id\":\"https:\/\/permbledhja.com\/kadrijaj-ftesa-e-kurtit-per-takim-ndaj-haradinajt-nuk-ishte-e-sinqerte\/#breadcrumb\"},\"inLanguage\":\"sq\",\"potentialAction\":[{\"@type\":\"ReadAction\",\"target\":[\"https:\/\/permbledhja.com\/kadrijaj-ftesa-e-kurtit-per-takim-ndaj-haradinajt-nuk-ishte-e-sinqerte\/\"]}]},{\"@type\":\"BreadcrumbList\",\"@id\":\"https:\/\/permbledhja.com\/kadrijaj-ftesa-e-kurtit-per-takim-ndaj-haradinajt-nuk-ishte-e-sinqerte\/#breadcrumb\",\"itemListElement\":[{\"@type\":\"ListItem\",\"position\":1,\"name\":\"Ballina\",\"item\":\"https:\/\/permbledhja.com\/sq\/\"},{\"@type\":\"ListItem\",\"position\":2,\"name\":\"Kadrijaj: Ftesa e Kurtit p\u00ebr takim ndaj Haradinajt nuk ishte e sinqert\u00eb\"}]},{\"@type\":\"WebSite\",\"@id\":\"https:\/\/permbledhja.com\/#website\",\"url\":\"https:\/\/permbledhja.com\/\",\"name\":\"Ve\u00e7 artikuj p\u00ebrmbledh\u00ebs\",\"description\":\"\",\"publisher\":{\"@id\":\"https:\/\/permbledhja.com\/#organization\"},\"potentialAction\":[{\"@type\":\"SearchAction\",\"target\":{\"@type\":\"EntryPoint\",\"urlTemplate\":\"https:\/\/permbledhja.com\/?s={search_term_string}\"},\"query-input\":\"required name=search_term_string\"}],\"inLanguage\":\"sq\"},{\"@type\":\"Organization\",\"@id\":\"https:\/\/permbledhja.com\/#organization\",\"name\":\"MK Media & Pr\",\"url\":\"https:\/\/permbledhja.com\/\",\"logo\":{\"@type\":\"ImageObject\",\"inLanguage\":\"sq\",\"@id\":\"https:\/\/permbledhja.com\/#\/schema\/logo\/image\/\",\"url\":\"https:\/\/permbledhja.com\/wp-content\/uploads\/2021\/12\/07-Press-Logo.jpg\",\"contentUrl\":\"https:\/\/permbledhja.com\/wp-content\/uploads\/2021\/12\/07-Press-Logo.jpg\",\"width\":512,\"height\":512,\"caption\":\"MK Media & Pr\"},\"image\":{\"@id\":\"https:\/\/permbledhja.com\/#\/schema\/logo\/image\/\"},\"sameAs\":[\"https:\/\/www.facebook.com\/press07\/\"]},{\"@type\":\"Person\",\"@id\":\"https:\/\/permbledhja.com\/#\/schema\/person\/9c54260cbc4c6f792cb100550491638c\",\"name\":\"DL\",\"image\":{\"@type\":\"ImageObject\",\"inLanguage\":\"sq\",\"@id\":\"https:\/\/permbledhja.com\/#\/schema\/person\/image\/\",\"url\":\"https:\/\/secure.gravatar.com\/avatar\/94503eb28d4c4b2005a5c8753e35fc80?s=96&d=mm&r=g\",\"contentUrl\":\"https:\/\/secure.gravatar.com\/avatar\/94503eb28d4c4b2005a5c8753e35fc80?s=96&d=mm&r=g\",\"caption\":\"DL\"},\"url\":\"https:\/\/permbledhja.com\/sq\/author\/dl\/\"}]}<\/script>\n<!-- \/ Yoast SEO plugin. -->","yoast_head_json":{"title":"Kadrijaj: Ftesa e Kurtit p\u00ebr takim ndaj Haradinajt nuk ishte e sinqert\u00eb","robots":{"index":"index","follow":"follow","max-snippet":"max-snippet:-1","max-image-preview":"max-image-preview:large","max-video-preview":"max-video-preview:-1"},"canonical":"https:\/\/permbledhja.com\/sq\/kadrijaj-ftesa-e-kurtit-per-takim-ndaj-haradinajt-nuk-ishte-e-sinqerte\/","og_locale":"sq_AL","og_type":"article","og_title":"Kadrijaj: Ftesa e Kurtit p\u00ebr takim ndaj Haradinajt nuk ishte e sinqert\u00eb","og_description":"Deputetja e AAK-s\u00eb, Time Kadrijaj, ka folur p\u00ebr mospranimin e ftes\u00ebs s\u00eb kryetarit\u00a0 t\u00eb k\u00ebtij subjektit politik ku ajo b\u00ebn pjes\u00eb ndaj kryeministrit Albin Kurti. N\u00eb Info Magazine t\u00eb Klan Kosov\u00ebs, ajo ka deklaruar se kryeministri do t\u00eb duhej t\u00eb ftonte lider\u00ebt e partive opozitare p\u00ebr t\u00eb folur p\u00ebr \u00e7\u00ebshtje t\u00eb tjera. \u201cNuk m\u00eb \u00ebsht\u00eb [&hellip;]","og_url":"https:\/\/permbledhja.com\/sq\/kadrijaj-ftesa-e-kurtit-per-takim-ndaj-haradinajt-nuk-ishte-e-sinqerte\/","og_site_name":"Ve\u00e7 artikuj p\u00ebrmbledh\u00ebs","article_publisher":"https:\/\/www.facebook.com\/press07\/","article_published_time":"2024-05-13T16:54:28+00:00","og_image":[{"width":1196,"height":631,"url":"https:\/\/permbledhja.com\/wp-content\/uploads\/2024\/05\/time-1.jpeg","type":"image\/jpeg"}],"author":"DL","twitter_card":"summary_large_image","twitter_misc":{"Written by":"DL","Est. reading time":"1 minut\u00eb"},"schema":{"@context":"https:\/\/schema.org","@graph":[{"@type":"Article","@id":"https:\/\/permbledhja.com\/kadrijaj-ftesa-e-kurtit-per-takim-ndaj-haradinajt-nuk-ishte-e-sinqerte\/#article","isPartOf":{"@id":"https:\/\/permbledhja.com\/kadrijaj-ftesa-e-kurtit-per-takim-ndaj-haradinajt-nuk-ishte-e-sinqerte\/"},"author":{"name":"DL","@id":"https:\/\/permbledhja.com\/#\/schema\/person\/9c54260cbc4c6f792cb100550491638c"},"headline":"Kadrijaj: Ftesa e Kurtit p\u00ebr takim ndaj Haradinajt nuk ishte e sinqert\u00eb","datePublished":"2024-05-13T16:54:28+00:00","dateModified":"2024-05-13T16:54:28+00:00","mainEntityOfPage":{"@id":"https:\/\/permbledhja.com\/kadrijaj-ftesa-e-kurtit-per-takim-ndaj-haradinajt-nuk-ishte-e-sinqerte\/"},"wordCount":159,"publisher":{"@id":"https:\/\/permbledhja.com\/#organization"},"articleSection":["Lajme"],"inLanguage":"sq"},{"@type":"WebPage","@id":"https:\/\/permbledhja.com\/kadrijaj-ftesa-e-kurtit-per-takim-ndaj-haradinajt-nuk-ishte-e-sinqerte\/","url":"https:\/\/permbledhja.com\/kadrijaj-ftesa-e-kurtit-per-takim-ndaj-haradinajt-nuk-ishte-e-sinqerte\/","name":"Kadrijaj: Ftesa e Kurtit p\u00ebr takim ndaj Haradinajt nuk ishte e sinqert\u00eb","isPartOf":{"@id":"https:\/\/permbledhja.com\/#website"},"datePublished":"2024-05-13T16:54:28+00:00","dateModified":"2024-05-13T16:54:28+00:00","breadcrumb":{"@id":"https:\/\/permbledhja.com\/kadrijaj-ftesa-e-kurtit-per-takim-ndaj-haradinajt-nuk-ishte-e-sinqerte\/#breadcrumb"},"inLanguage":"sq","potentialAction":[{"@type":"ReadAction","target":["https:\/\/permbledhja.com\/kadrijaj-ftesa-e-kurtit-per-takim-ndaj-haradinajt-nuk-ishte-e-sinqerte\/"]}]},{"@type":"BreadcrumbList","@id":"https:\/\/permbledhja.com\/kadrijaj-ftesa-e-kurtit-per-takim-ndaj-haradinajt-nuk-ishte-e-sinqerte\/#breadcrumb","itemListElement":[{"@type":"ListItem","position":1,"name":"Ballina","item":"https:\/\/permbledhja.com\/sq\/"},{"@type":"ListItem","position":2,"name":"Kadrijaj: Ftesa e Kurtit p\u00ebr takim ndaj Haradinajt nuk ishte e sinqert\u00eb"}]},{"@type":"WebSite","@id":"https:\/\/permbledhja.com\/#website","url":"https:\/\/permbledhja.com\/","name":"Ve\u00e7 artikuj p\u00ebrmbledh\u00ebs","description":"","publisher":{"@id":"https:\/\/permbledhja.com\/#organization"},"potentialAction":[{"@type":"SearchAction","target":{"@type":"EntryPoint","urlTemplate":"https:\/\/permbledhja.com\/?s={search_term_string}"},"query-input":"required name=search_term_string"}],"inLanguage":"sq"},{"@type":"Organization","@id":"https:\/\/permbledhja.com\/#organization","name":"MK Media & Pr","url":"https:\/\/permbledhja.com\/","logo":{"@type":"ImageObject","inLanguage":"sq","@id":"https:\/\/permbledhja.com\/#\/schema\/logo\/image\/","url":"https:\/\/permbledhja.com\/wp-content\/uploads\/2021\/12\/07-Press-Logo.jpg","contentUrl":"https:\/\/permbledhja.com\/wp-content\/uploads\/2021\/12\/07-Press-Logo.jpg","width":512,"height":512,"caption":"MK Media & Pr"},"image":{"@id":"https:\/\/permbledhja.com\/#\/schema\/logo\/image\/"},"sameAs":["https:\/\/www.facebook.com\/press07\/"]},{"@type":"Person","@id":"https:\/\/permbledhja.com\/#\/schema\/person\/9c54260cbc4c6f792cb100550491638c","name":"DL","image":{"@type":"ImageObject","inLanguage":"sq","@id":"https:\/\/permbledhja.com\/#\/schema\/person\/image\/","url":"https:\/\/secure.gravatar.com\/avatar\/94503eb28d4c4b2005a5c8753e35fc80?s=96&d=mm&r=g","contentUrl":"https:\/\/secure.gravatar.com\/avatar\/94503eb28d4c4b2005a5c8753e35fc80?s=96&d=mm&r=g","caption":"DL"},"url":"https:\/\/permbledhja.com\/sq\/author\/dl\/"}]}},"_links":{"self":[{"href":"https:\/\/permbledhja.com\/sq\/wp-json\/wp\/v2\/posts\/61834"}],"collection":[{"href":"https:\/\/permbledhja.com\/sq\/wp-json\/wp\/v2\/posts"}],"about":[{"href":"https:\/\/permbledhja.com\/sq\/wp-json\/wp\/v2\/types\/post"}],"author":[{"embeddable":true,"href":"https:\/\/permbledhja.com\/sq\/wp-json\/wp\/v2\/users\/5"}],"replies":[{"embeddable":true,"href":"https:\/\/permbledhja.com\/sq\/wp-json\/wp\/v2\/comments?post=61834"}],"version-history":[{"count":1,"href":"https:\/\/permbledhja.com\/sq\/wp-json\/wp\/v2\/posts\/61834\/revisions"}],"predecessor-version":[{"id":61837,"href":"https:\/\/permbledhja.com\/sq\/wp-json\/wp\/v2\/posts\/61834\/revisions\/61837"}],"wp:featuredmedia":[{"embeddable":true,"href":"https:\/\/permbledhja.com\/sq\/wp-json\/wp\/v2\/media\/61836"}],"wp:attachment":[{"href":"https:\/\/permbledhja.com\/sq\/wp-json\/wp\/v2\/media?parent=61834"}],"wp:term":[{"taxonomy":"category","embeddable":true,"href":"https:\/\/permbledhja.com\/sq\/wp-json\/wp\/v2\/categories?post=61834"},{"taxonomy":"post_tag","embeddable":true,"href":"https:\/\/permbledhja.com\/sq\/wp-json\/wp\/v2\/tags?post=61834"}],"curies":[{"name":"wp","href":"https:\/\/api.w.org\/{rel}","templated":true}]}}