{"id":61824,"date":"2024-05-13T15:58:48","date_gmt":"2024-05-13T15:58:48","guid":{"rendered":"https:\/\/permbledhja.com\/?p=61824"},"modified":"2024-05-13T15:59:36","modified_gmt":"2024-05-13T15:59:36","slug":"kurti-e-krasniqi-sonte-ne-darke-perballe-njeri-tjetrit-ja-pse-e-ftoi-kryeministri-e-per-cka-do-ti-shkoje-kreu-i-pdkse","status":"publish","type":"post","link":"https:\/\/permbledhja.com\/sq\/kurti-e-krasniqi-sonte-ne-darke-perballe-njeri-tjetrit-ja-pse-e-ftoi-kryeministri-e-per-cka-do-ti-shkoje-kreu-i-pdkse\/","title":{"rendered":"Kurti e Krasniqi sonte n\u00eb dark\u00eb p\u00ebrball\u00eb nj\u00ebri tjetrit, ja pse e ftoi Kryeministri e p\u00ebr \u00e7ka do t\u2019i shkoj\u00eb kreu i PDK\u2019s\u00eb"},"content":{"rendered":"<h3><strong>Kryeministri e pret n\u00eb dark\u00eb p\u00ebr t\u00eb folur p\u00ebr p\u00ebrmbushjen e agjend\u00ebs legjislative t\u00eb Kuvendit, por kryetari i PDK-s\u00eb do t\u00eb shkoj\u00eb n\u00eb takim p\u00ebr t\u00eb folur p\u00ebr dat\u00ebn e zgjedhjeve t\u00eb reja. Kryetari i LDK-s\u00eb, Lumir Abdixhiku dhe kryetari i AAK-s\u00eb, Ramush Haradinaj nuk do t\u00eb marrin pjes\u00eb. Albin Kurti dhe Memli Krasniqi sonte do t\u00eb ulen p\u00ebrball\u00eb nj\u00ebri tjetrit jo me t\u00eb nj\u00ebjtin q\u00ebllim.<\/strong><\/h3>\n<p>Vet\u00ebm kryetari i PDK-s\u00eb, Memli Krasniqi prej lider\u00ebve t\u00eb partive opozitare do t\u00eb shkoj\u00eb sonte n\u00eb dark\u00eb n\u00eb nj\u00eb takim me kryeministrin Albin Kurti.<\/p>\n<p>Shefi i Qeveris\u00eb t\u00eb premt\u00ebn i ftoi t\u00eb tre krer\u00ebt e partive opozitare n\u00eb nj\u00eb takim q\u00eb \u00ebsht\u00eb planifikuar t\u00eb mbahet sot n\u00eb 18:30 n\u00eb nj\u00eb nga hotelet e Prishtin\u00ebs.<\/p>\n<p>Kurti i thirri ata n\u00eb takim \u201cp\u00ebr t\u00eb shqyrtuar mund\u00ebsit\u00eb e reja rreth p\u00ebrmbushjes s\u00eb agjend\u00ebs s\u00eb mbetur legislative p\u00ebr sesionin pranveror\u201d, si\u00e7 thuhet n\u00eb ftes\u00eb.<\/p>\n<p>Por kryetari i PDK-s\u00eb n\u00eb dark\u00eb shkon p\u00ebr t\u00eb folur p\u00ebr di\u00e7ka tjet\u00ebr. Z\u00ebdh\u00ebn\u00ebsi i k\u00ebsaj partie, Faton Abdullahu tha se Krasniqi n\u00eb k\u00ebt\u00eb takim merr pjes\u00eb p\u00ebr t\u00eb diskutuar mbi mund\u00ebsin\u00eb e caktimit t\u00eb dat\u00ebs s\u00eb zgjedhjeve t\u00eb reja parlamentare.<\/p>\n<p>\u201cQ\u00ebndrimi yn\u00eb si PDK \u00ebsht\u00eb i qart\u00eb dhe konsistent \u2013 Kosova \u00ebsht\u00eb n\u00eb kriz\u00eb n\u00eb \u00e7do fush\u00eb dhe rrug\u00ebdalje e vetme jan\u00eb zgjedhjet e parakohshme parlamentare, t\u00eb cilat duhet t\u00eb mbahen sa m\u00eb par\u00eb. Prandaj edhe pjes\u00ebmarrja e kryetarit Krasniqi n\u00eb k\u00ebt\u00eb takim do t\u00eb jet\u00eb n\u00eb funksion t\u00eb diskutimit p\u00ebr mund\u00ebsin\u00eb e caktimit t\u00eb dat\u00ebs p\u00ebr zgjedhje t\u00eb reja\u201d, tha Abdullahu.<\/p>\n<p>Kryetari i LDK-s\u00eb, Lumir Abdixhiku, e konsideroi t\u00eb vonuar ftes\u00ebn e Kurtit p\u00ebr takim, dhe n\u00eb letr\u00ebn q\u00eb ia ktheu kryeministrit, e akuzoi at\u00eb se e ka shuar frym\u00ebn e bashk\u00ebpunimit pozit\u00eb-opozit\u00eb.<\/p>\n<p>\u201cN\u00eb p\u00ebrgjigje t\u00eb letr\u00ebs suaj, e konsideroj t\u00eb vonuar tani q\u00eb, pas tre vjet\u00ebsh e gjysm\u00eb n\u00eb pushtet, t\u00eb tentoni t\u00eb gjeni nj\u00eb klim\u00eb bashk\u00ebpunimi kur keni shuar rr\u00ebnj\u00ebsisht frym\u00ebn e bashk\u00ebpunimit e kur keni mbjell\u00eb polarizim ofendues t\u00eb skajsh\u00ebm ndaj t\u00eb gjitha partive politike t\u00eb tjera n\u00eb Kosov\u00eb dhe p\u00ebrfaq\u00ebsuesve t\u00eb tyre\u201d, thuhet n\u00eb letr\u00ebn q\u00eb Abdixhiku ia ktheu Kurtit.<\/p>\n<p>Ai p\u00ebrmendi se Kurti nuk i \u00ebsht\u00eb p\u00ebrgjigjur asnj\u00ebher\u00eb gatishm\u00ebris\u00eb s\u00eb LDK-s\u00eb p\u00ebr \u201cbashk\u00ebpunim reciprok\u201d. P\u00ebr \u00e7\u00ebshtjet legjislative, tha se mund t\u00eb diksutojn\u00eb n\u00eb Kryesin\u00eb e Kuvendit.<\/p>\n<p>\u201cSa u p\u00ebrket \u00e7\u00ebshtjeve t\u00eb ngritura n\u00eb letr\u00ebn tuaj, p\u00ebrkat\u00ebsisht agjend\u00ebs legjislative t\u00eb Kuvendit t\u00eb Republik\u00ebs s\u00eb Kosov\u00ebs, LDK-ja konsideron se e nj\u00ebjta diskutohet n\u00eb Kryesin\u00eb e Kuvendit, ku p\u00ebrfaq\u00ebsuesit tan\u00eb politik\u00eb i japin edhe q\u00ebndrimet tona partiake. Nd\u00ebrsa p\u00ebr votimet e marr\u00ebveshjeve nd\u00ebrkomb\u00ebtare, Lidhja Demokratike e Kosov\u00ebs i konsideron ato mbi politikat ditore, prandaj do t\u00eb vazhdoj\u00eb t\u2019i votoj\u00eb, si\u00e7 edhe ka vepruar deri m\u00eb tani\u201d, thuhet n\u00eb letr\u00ebn e Abdixhikut.<\/p>\n<p>Kryetari i AAK-s\u00eb, Ramush Haradinaj, e refuzoi gjithashtu takimin me Kurtin. Tha se \u00e7\u00ebshtja p\u00ebr t\u00eb cil\u00ebn \u00ebsht\u00eb thirrur, \u00ebsht\u00eb kompetenc\u00eb e shefave t\u00eb grupeve parlamentare.<\/p>\n<p>\u201cBesnik Tahiri, i cili udh\u00ebheq grupin ton\u00eb parlamentar dhe koleg\u00eb t\u00eb tjer\u00eb, jam i bindur se do t\u00eb diskutojn\u00eb n\u00eb frym\u00ebn kolegiale dhe do t\u00eb gjejn\u00eb nj\u00eb gjuh\u00eb, q\u00eb pastaj do t\u00eb p\u00ebr\u00e7ohet n\u00eb Kuvend nga grupet tona parlamentare p\u00ebr zbatim. Konsideroj se kjo tem\u00eb bie drejtp\u00ebrdrejt n\u00eb p\u00ebrgjegj\u00ebsin\u00eb dhe n\u00eb dijen e tyre\u201d, shkroi Haradinaj n\u00eb letr\u00ebn d\u00ebrguar Kurtit, t\u00eb cil\u00ebn e publikoi vet\u00eb n\u00eb Facebook.<\/p>\n<p>Haradinaj i tha Kurtit se \u201cn\u00eb qoft\u00eb se ka ndonj\u00eb tem\u00eb tjet\u00ebr q\u00eb lidhet me momentumin politik, at\u00ebher\u00eb, k\u00ebt\u00eb \u00e7\u00ebshtje mund ta trajtojm\u00eb n\u00eb nj\u00eb koh\u00eb tjet\u00ebr, n\u00eb nj\u00eb moment tjet\u00ebr n\u00eb m\u00ebnyr\u00eb q\u00eb t\u00eb p\u00ebrafrojm\u00eb q\u00ebndrimet q\u00eb jan\u00eb me interes nacional\u201d.<\/p>\n<p>N\u00eb fund t\u00eb muajit t\u00eb kaluar, kryeministri i Kosov\u00ebs u zotua n\u00eb Bundestag se do ta b\u00ebj\u00eb t\u00eb mundur miratimin e Kodit Civil, q\u00eb p\u00ebrmban nj\u00eb nen p\u00ebr regjistrimin e bashk\u00ebsive civile nd\u00ebrmjet personave t\u00eb t\u00eb nj\u00ebjtit seks. Nj\u00eb detyr\u00eb padyshim e v\u00ebshtir\u00eb edhe dy vjet prej kur ky kod pati d\u00ebshtuar t\u00eb miratohej n\u00eb Kuvend. K\u00ebrkes\u00ebn e Albin Kurtit e pat\u00ebn injoruar edhe me fjalime plot fyerje e homofobi deputet\u00ebt konservator\u00eb nga partia e tij e majt\u00eb.<\/p>\n<p>Nd\u00ebrkoh\u00eb, Kurti \u00ebsht\u00eb shprehur i hapur p\u00ebr zgjedhje t\u00eb reja.<\/p>\n<p>Kryetari i PDK-s\u00eb, Memli Krasniqi e ka paraqitur Bedri Hamz\u00ebn si kandidat p\u00ebr kryeminist\u00ebr dhe e ka propozuar 9 qershorin si dat\u00eb p\u00ebr zgjedhjet e reja.<\/p>\n<p>Kryetari i LDK-s\u00eb, Lumir Abdixhiku i ka kryer diskutimet brenda partis\u00eb p\u00ebr list\u00ebn zgjedhore dhe k\u00ebrkon dor\u00ebheqjen e Qeveris\u00eb.<\/p>\n<p>Nd\u00ebrkaq kryetari i AAK-s\u00eb, Ramush Haradinaj po p\u00ebrpiqet ta zgjeroj\u00eb edhe pak koalicionin me Nism\u00ebn e Fatmir Limajt.<\/p>\n","protected":false},"excerpt":{"rendered":"<p>Kryeministri e pret n\u00eb dark\u00eb p\u00ebr t\u00eb folur p\u00ebr p\u00ebrmbushjen e agjend\u00ebs legjislative t\u00eb Kuvendit, por kryetari i PDK-s\u00eb do t\u00eb shkoj\u00eb n\u00eb takim p\u00ebr t\u00eb folur p\u00ebr dat\u00ebn e zgjedhjeve t\u00eb reja. Kryetari i LDK-s\u00eb, Lumir Abdixhiku dhe kryetari i AAK-s\u00eb, Ramush Haradinaj nuk do t\u00eb marrin pjes\u00eb. Albin Kurti dhe Memli Krasniqi sonte [&hellip;]<\/p>\n","protected":false},"author":5,"featured_media":61825,"comment_status":"closed","ping_status":"closed","sticky":false,"template":"","format":"standard","meta":{"_monsterinsights_skip_tracking":false,"_monsterinsights_sitenote_active":false,"_monsterinsights_sitenote_note":"","_monsterinsights_sitenote_category":0,"_uf_show_specific_survey":0,"_uf_disable_surveys":false,"footnotes":""},"categories":[1146],"tags":[],"yoast_head":"<!-- This site is optimized with the Yoast SEO plugin v21.5 - https:\/\/yoast.com\/wordpress\/plugins\/seo\/ -->\n<title>Kurti e Krasniqi sonte n\u00eb dark\u00eb p\u00ebrball\u00eb nj\u00ebri tjetrit, ja pse e ftoi Kryeministri e p\u00ebr \u00e7ka do t\u2019i shkoj\u00eb kreu i PDK\u2019s\u00eb<\/title>\n<meta name=\"robots\" content=\"index, follow, max-snippet:-1, max-image-preview:large, max-video-preview:-1\" \/>\n<link rel=\"canonical\" href=\"https:\/\/permbledhja.com\/sq\/kurti-e-krasniqi-sonte-ne-darke-perballe-njeri-tjetrit-ja-pse-e-ftoi-kryeministri-e-per-cka-do-ti-shkoje-kreu-i-pdkse\/\" \/>\n<meta property=\"og:locale\" content=\"sq_AL\" \/>\n<meta property=\"og:type\" content=\"article\" \/>\n<meta property=\"og:title\" content=\"Kurti e Krasniqi sonte n\u00eb dark\u00eb p\u00ebrball\u00eb nj\u00ebri tjetrit, ja pse e ftoi Kryeministri e p\u00ebr \u00e7ka do t\u2019i shkoj\u00eb kreu i PDK\u2019s\u00eb\" \/>\n<meta property=\"og:description\" content=\"Kryeministri e pret n\u00eb dark\u00eb p\u00ebr t\u00eb folur p\u00ebr p\u00ebrmbushjen e agjend\u00ebs legjislative t\u00eb Kuvendit, por kryetari i PDK-s\u00eb do t\u00eb shkoj\u00eb n\u00eb takim p\u00ebr t\u00eb folur p\u00ebr dat\u00ebn e zgjedhjeve t\u00eb reja. Kryetari i LDK-s\u00eb, Lumir Abdixhiku dhe kryetari i AAK-s\u00eb, Ramush Haradinaj nuk do t\u00eb marrin pjes\u00eb. Albin Kurti dhe Memli Krasniqi sonte [&hellip;]\" \/>\n<meta property=\"og:url\" content=\"https:\/\/permbledhja.com\/sq\/kurti-e-krasniqi-sonte-ne-darke-perballe-njeri-tjetrit-ja-pse-e-ftoi-kryeministri-e-per-cka-do-ti-shkoje-kreu-i-pdkse\/\" \/>\n<meta property=\"og:site_name\" content=\"Ve\u00e7 artikuj p\u00ebrmbledh\u00ebs\" \/>\n<meta property=\"article:publisher\" content=\"https:\/\/www.facebook.com\/press07\/\" \/>\n<meta property=\"article:published_time\" content=\"2024-05-13T15:58:48+00:00\" \/>\n<meta property=\"article:modified_time\" content=\"2024-05-13T15:59:36+00:00\" \/>\n<meta property=\"og:image\" content=\"https:\/\/permbledhja.com\/wp-content\/uploads\/2024\/05\/pam.jpg\" \/>\n\t<meta property=\"og:image:width\" content=\"800\" \/>\n\t<meta property=\"og:image:height\" content=\"400\" \/>\n\t<meta property=\"og:image:type\" content=\"image\/jpeg\" \/>\n<meta name=\"author\" content=\"DL\" \/>\n<meta name=\"twitter:card\" content=\"summary_large_image\" \/>\n<meta name=\"twitter:label1\" content=\"Written by\" \/>\n\t<meta name=\"twitter:data1\" content=\"DL\" \/>\n\t<meta name=\"twitter:label2\" content=\"Est. reading time\" \/>\n\t<meta name=\"twitter:data2\" content=\"4 minuta\" \/>\n<script type=\"application\/ld+json\" class=\"yoast-schema-graph\">{\"@context\":\"https:\/\/schema.org\",\"@graph\":[{\"@type\":\"Article\",\"@id\":\"https:\/\/permbledhja.com\/kurti-e-krasniqi-sonte-ne-darke-perballe-njeri-tjetrit-ja-pse-e-ftoi-kryeministri-e-per-cka-do-ti-shkoje-kreu-i-pdkse\/#article\",\"isPartOf\":{\"@id\":\"https:\/\/permbledhja.com\/kurti-e-krasniqi-sonte-ne-darke-perballe-njeri-tjetrit-ja-pse-e-ftoi-kryeministri-e-per-cka-do-ti-shkoje-kreu-i-pdkse\/\"},\"author\":{\"name\":\"DL\",\"@id\":\"https:\/\/permbledhja.com\/#\/schema\/person\/9c54260cbc4c6f792cb100550491638c\"},\"headline\":\"Kurti e Krasniqi sonte n\u00eb dark\u00eb p\u00ebrball\u00eb nj\u00ebri tjetrit, ja pse e ftoi Kryeministri e p\u00ebr \u00e7ka do t\u2019i shkoj\u00eb kreu i PDK\u2019s\u00eb\",\"datePublished\":\"2024-05-13T15:58:48+00:00\",\"dateModified\":\"2024-05-13T15:59:36+00:00\",\"mainEntityOfPage\":{\"@id\":\"https:\/\/permbledhja.com\/kurti-e-krasniqi-sonte-ne-darke-perballe-njeri-tjetrit-ja-pse-e-ftoi-kryeministri-e-per-cka-do-ti-shkoje-kreu-i-pdkse\/\"},\"wordCount\":884,\"publisher\":{\"@id\":\"https:\/\/permbledhja.com\/#organization\"},\"articleSection\":[\"Kryesoret\"],\"inLanguage\":\"sq\"},{\"@type\":\"WebPage\",\"@id\":\"https:\/\/permbledhja.com\/kurti-e-krasniqi-sonte-ne-darke-perballe-njeri-tjetrit-ja-pse-e-ftoi-kryeministri-e-per-cka-do-ti-shkoje-kreu-i-pdkse\/\",\"url\":\"https:\/\/permbledhja.com\/kurti-e-krasniqi-sonte-ne-darke-perballe-njeri-tjetrit-ja-pse-e-ftoi-kryeministri-e-per-cka-do-ti-shkoje-kreu-i-pdkse\/\",\"name\":\"Kurti e Krasniqi sonte n\u00eb dark\u00eb p\u00ebrball\u00eb nj\u00ebri tjetrit, ja pse e ftoi Kryeministri e p\u00ebr \u00e7ka do t\u2019i shkoj\u00eb kreu i PDK\u2019s\u00eb\",\"isPartOf\":{\"@id\":\"https:\/\/permbledhja.com\/#website\"},\"datePublished\":\"2024-05-13T15:58:48+00:00\",\"dateModified\":\"2024-05-13T15:59:36+00:00\",\"breadcrumb\":{\"@id\":\"https:\/\/permbledhja.com\/kurti-e-krasniqi-sonte-ne-darke-perballe-njeri-tjetrit-ja-pse-e-ftoi-kryeministri-e-per-cka-do-ti-shkoje-kreu-i-pdkse\/#breadcrumb\"},\"inLanguage\":\"sq\",\"potentialAction\":[{\"@type\":\"ReadAction\",\"target\":[\"https:\/\/permbledhja.com\/kurti-e-krasniqi-sonte-ne-darke-perballe-njeri-tjetrit-ja-pse-e-ftoi-kryeministri-e-per-cka-do-ti-shkoje-kreu-i-pdkse\/\"]}]},{\"@type\":\"BreadcrumbList\",\"@id\":\"https:\/\/permbledhja.com\/kurti-e-krasniqi-sonte-ne-darke-perballe-njeri-tjetrit-ja-pse-e-ftoi-kryeministri-e-per-cka-do-ti-shkoje-kreu-i-pdkse\/#breadcrumb\",\"itemListElement\":[{\"@type\":\"ListItem\",\"position\":1,\"name\":\"Ballina\",\"item\":\"https:\/\/permbledhja.com\/sq\/\"},{\"@type\":\"ListItem\",\"position\":2,\"name\":\"Kurti e Krasniqi sonte n\u00eb dark\u00eb p\u00ebrball\u00eb nj\u00ebri tjetrit, ja pse e ftoi Kryeministri e p\u00ebr \u00e7ka do t\u2019i shkoj\u00eb kreu i PDK\u2019s\u00eb\"}]},{\"@type\":\"WebSite\",\"@id\":\"https:\/\/permbledhja.com\/#website\",\"url\":\"https:\/\/permbledhja.com\/\",\"name\":\"Ve\u00e7 artikuj p\u00ebrmbledh\u00ebs\",\"description\":\"\",\"publisher\":{\"@id\":\"https:\/\/permbledhja.com\/#organization\"},\"potentialAction\":[{\"@type\":\"SearchAction\",\"target\":{\"@type\":\"EntryPoint\",\"urlTemplate\":\"https:\/\/permbledhja.com\/?s={search_term_string}\"},\"query-input\":\"required name=search_term_string\"}],\"inLanguage\":\"sq\"},{\"@type\":\"Organization\",\"@id\":\"https:\/\/permbledhja.com\/#organization\",\"name\":\"MK Media & Pr\",\"url\":\"https:\/\/permbledhja.com\/\",\"logo\":{\"@type\":\"ImageObject\",\"inLanguage\":\"sq\",\"@id\":\"https:\/\/permbledhja.com\/#\/schema\/logo\/image\/\",\"url\":\"https:\/\/permbledhja.com\/wp-content\/uploads\/2021\/12\/07-Press-Logo.jpg\",\"contentUrl\":\"https:\/\/permbledhja.com\/wp-content\/uploads\/2021\/12\/07-Press-Logo.jpg\",\"width\":512,\"height\":512,\"caption\":\"MK Media & Pr\"},\"image\":{\"@id\":\"https:\/\/permbledhja.com\/#\/schema\/logo\/image\/\"},\"sameAs\":[\"https:\/\/www.facebook.com\/press07\/\"]},{\"@type\":\"Person\",\"@id\":\"https:\/\/permbledhja.com\/#\/schema\/person\/9c54260cbc4c6f792cb100550491638c\",\"name\":\"DL\",\"image\":{\"@type\":\"ImageObject\",\"inLanguage\":\"sq\",\"@id\":\"https:\/\/permbledhja.com\/#\/schema\/person\/image\/\",\"url\":\"https:\/\/secure.gravatar.com\/avatar\/94503eb28d4c4b2005a5c8753e35fc80?s=96&d=mm&r=g\",\"contentUrl\":\"https:\/\/secure.gravatar.com\/avatar\/94503eb28d4c4b2005a5c8753e35fc80?s=96&d=mm&r=g\",\"caption\":\"DL\"},\"url\":\"https:\/\/permbledhja.com\/sq\/author\/dl\/\"}]}<\/script>\n<!-- \/ Yoast SEO plugin. -->","yoast_head_json":{"title":"Kurti e Krasniqi sonte n\u00eb dark\u00eb p\u00ebrball\u00eb nj\u00ebri tjetrit, ja pse e ftoi Kryeministri e p\u00ebr \u00e7ka do t\u2019i shkoj\u00eb kreu i PDK\u2019s\u00eb","robots":{"index":"index","follow":"follow","max-snippet":"max-snippet:-1","max-image-preview":"max-image-preview:large","max-video-preview":"max-video-preview:-1"},"canonical":"https:\/\/permbledhja.com\/sq\/kurti-e-krasniqi-sonte-ne-darke-perballe-njeri-tjetrit-ja-pse-e-ftoi-kryeministri-e-per-cka-do-ti-shkoje-kreu-i-pdkse\/","og_locale":"sq_AL","og_type":"article","og_title":"Kurti e Krasniqi sonte n\u00eb dark\u00eb p\u00ebrball\u00eb nj\u00ebri tjetrit, ja pse e ftoi Kryeministri e p\u00ebr \u00e7ka do t\u2019i shkoj\u00eb kreu i PDK\u2019s\u00eb","og_description":"Kryeministri e pret n\u00eb dark\u00eb p\u00ebr t\u00eb folur p\u00ebr p\u00ebrmbushjen e agjend\u00ebs legjislative t\u00eb Kuvendit, por kryetari i PDK-s\u00eb do t\u00eb shkoj\u00eb n\u00eb takim p\u00ebr t\u00eb folur p\u00ebr dat\u00ebn e zgjedhjeve t\u00eb reja. Kryetari i LDK-s\u00eb, Lumir Abdixhiku dhe kryetari i AAK-s\u00eb, Ramush Haradinaj nuk do t\u00eb marrin pjes\u00eb. Albin Kurti dhe Memli Krasniqi sonte [&hellip;]","og_url":"https:\/\/permbledhja.com\/sq\/kurti-e-krasniqi-sonte-ne-darke-perballe-njeri-tjetrit-ja-pse-e-ftoi-kryeministri-e-per-cka-do-ti-shkoje-kreu-i-pdkse\/","og_site_name":"Ve\u00e7 artikuj p\u00ebrmbledh\u00ebs","article_publisher":"https:\/\/www.facebook.com\/press07\/","article_published_time":"2024-05-13T15:58:48+00:00","article_modified_time":"2024-05-13T15:59:36+00:00","og_image":[{"width":800,"height":400,"url":"https:\/\/permbledhja.com\/wp-content\/uploads\/2024\/05\/pam.jpg","type":"image\/jpeg"}],"author":"DL","twitter_card":"summary_large_image","twitter_misc":{"Written by":"DL","Est. reading time":"4 minuta"},"schema":{"@context":"https:\/\/schema.org","@graph":[{"@type":"Article","@id":"https:\/\/permbledhja.com\/kurti-e-krasniqi-sonte-ne-darke-perballe-njeri-tjetrit-ja-pse-e-ftoi-kryeministri-e-per-cka-do-ti-shkoje-kreu-i-pdkse\/#article","isPartOf":{"@id":"https:\/\/permbledhja.com\/kurti-e-krasniqi-sonte-ne-darke-perballe-njeri-tjetrit-ja-pse-e-ftoi-kryeministri-e-per-cka-do-ti-shkoje-kreu-i-pdkse\/"},"author":{"name":"DL","@id":"https:\/\/permbledhja.com\/#\/schema\/person\/9c54260cbc4c6f792cb100550491638c"},"headline":"Kurti e Krasniqi sonte n\u00eb dark\u00eb p\u00ebrball\u00eb nj\u00ebri tjetrit, ja pse e ftoi Kryeministri e p\u00ebr \u00e7ka do t\u2019i shkoj\u00eb kreu i PDK\u2019s\u00eb","datePublished":"2024-05-13T15:58:48+00:00","dateModified":"2024-05-13T15:59:36+00:00","mainEntityOfPage":{"@id":"https:\/\/permbledhja.com\/kurti-e-krasniqi-sonte-ne-darke-perballe-njeri-tjetrit-ja-pse-e-ftoi-kryeministri-e-per-cka-do-ti-shkoje-kreu-i-pdkse\/"},"wordCount":884,"publisher":{"@id":"https:\/\/permbledhja.com\/#organization"},"articleSection":["Kryesoret"],"inLanguage":"sq"},{"@type":"WebPage","@id":"https:\/\/permbledhja.com\/kurti-e-krasniqi-sonte-ne-darke-perballe-njeri-tjetrit-ja-pse-e-ftoi-kryeministri-e-per-cka-do-ti-shkoje-kreu-i-pdkse\/","url":"https:\/\/permbledhja.com\/kurti-e-krasniqi-sonte-ne-darke-perballe-njeri-tjetrit-ja-pse-e-ftoi-kryeministri-e-per-cka-do-ti-shkoje-kreu-i-pdkse\/","name":"Kurti e Krasniqi sonte n\u00eb dark\u00eb p\u00ebrball\u00eb nj\u00ebri tjetrit, ja pse e ftoi Kryeministri e p\u00ebr \u00e7ka do t\u2019i shkoj\u00eb kreu i PDK\u2019s\u00eb","isPartOf":{"@id":"https:\/\/permbledhja.com\/#website"},"datePublished":"2024-05-13T15:58:48+00:00","dateModified":"2024-05-13T15:59:36+00:00","breadcrumb":{"@id":"https:\/\/permbledhja.com\/kurti-e-krasniqi-sonte-ne-darke-perballe-njeri-tjetrit-ja-pse-e-ftoi-kryeministri-e-per-cka-do-ti-shkoje-kreu-i-pdkse\/#breadcrumb"},"inLanguage":"sq","potentialAction":[{"@type":"ReadAction","target":["https:\/\/permbledhja.com\/kurti-e-krasniqi-sonte-ne-darke-perballe-njeri-tjetrit-ja-pse-e-ftoi-kryeministri-e-per-cka-do-ti-shkoje-kreu-i-pdkse\/"]}]},{"@type":"BreadcrumbList","@id":"https:\/\/permbledhja.com\/kurti-e-krasniqi-sonte-ne-darke-perballe-njeri-tjetrit-ja-pse-e-ftoi-kryeministri-e-per-cka-do-ti-shkoje-kreu-i-pdkse\/#breadcrumb","itemListElement":[{"@type":"ListItem","position":1,"name":"Ballina","item":"https:\/\/permbledhja.com\/sq\/"},{"@type":"ListItem","position":2,"name":"Kurti e Krasniqi sonte n\u00eb dark\u00eb p\u00ebrball\u00eb nj\u00ebri tjetrit, ja pse e ftoi Kryeministri e p\u00ebr \u00e7ka do t\u2019i shkoj\u00eb kreu i PDK\u2019s\u00eb"}]},{"@type":"WebSite","@id":"https:\/\/permbledhja.com\/#website","url":"https:\/\/permbledhja.com\/","name":"Ve\u00e7 artikuj p\u00ebrmbledh\u00ebs","description":"","publisher":{"@id":"https:\/\/permbledhja.com\/#organization"},"potentialAction":[{"@type":"SearchAction","target":{"@type":"EntryPoint","urlTemplate":"https:\/\/permbledhja.com\/?s={search_term_string}"},"query-input":"required name=search_term_string"}],"inLanguage":"sq"},{"@type":"Organization","@id":"https:\/\/permbledhja.com\/#organization","name":"MK Media & Pr","url":"https:\/\/permbledhja.com\/","logo":{"@type":"ImageObject","inLanguage":"sq","@id":"https:\/\/permbledhja.com\/#\/schema\/logo\/image\/","url":"https:\/\/permbledhja.com\/wp-content\/uploads\/2021\/12\/07-Press-Logo.jpg","contentUrl":"https:\/\/permbledhja.com\/wp-content\/uploads\/2021\/12\/07-Press-Logo.jpg","width":512,"height":512,"caption":"MK Media & Pr"},"image":{"@id":"https:\/\/permbledhja.com\/#\/schema\/logo\/image\/"},"sameAs":["https:\/\/www.facebook.com\/press07\/"]},{"@type":"Person","@id":"https:\/\/permbledhja.com\/#\/schema\/person\/9c54260cbc4c6f792cb100550491638c","name":"DL","image":{"@type":"ImageObject","inLanguage":"sq","@id":"https:\/\/permbledhja.com\/#\/schema\/person\/image\/","url":"https:\/\/secure.gravatar.com\/avatar\/94503eb28d4c4b2005a5c8753e35fc80?s=96&d=mm&r=g","contentUrl":"https:\/\/secure.gravatar.com\/avatar\/94503eb28d4c4b2005a5c8753e35fc80?s=96&d=mm&r=g","caption":"DL"},"url":"https:\/\/permbledhja.com\/sq\/author\/dl\/"}]}},"_links":{"self":[{"href":"https:\/\/permbledhja.com\/sq\/wp-json\/wp\/v2\/posts\/61824"}],"collection":[{"href":"https:\/\/permbledhja.com\/sq\/wp-json\/wp\/v2\/posts"}],"about":[{"href":"https:\/\/permbledhja.com\/sq\/wp-json\/wp\/v2\/types\/post"}],"author":[{"embeddable":true,"href":"https:\/\/permbledhja.com\/sq\/wp-json\/wp\/v2\/users\/5"}],"replies":[{"embeddable":true,"href":"https:\/\/permbledhja.com\/sq\/wp-json\/wp\/v2\/comments?post=61824"}],"version-history":[{"count":2,"href":"https:\/\/permbledhja.com\/sq\/wp-json\/wp\/v2\/posts\/61824\/revisions"}],"predecessor-version":[{"id":61827,"href":"https:\/\/permbledhja.com\/sq\/wp-json\/wp\/v2\/posts\/61824\/revisions\/61827"}],"wp:featuredmedia":[{"embeddable":true,"href":"https:\/\/permbledhja.com\/sq\/wp-json\/wp\/v2\/media\/61825"}],"wp:attachment":[{"href":"https:\/\/permbledhja.com\/sq\/wp-json\/wp\/v2\/media?parent=61824"}],"wp:term":[{"taxonomy":"category","embeddable":true,"href":"https:\/\/permbledhja.com\/sq\/wp-json\/wp\/v2\/categories?post=61824"},{"taxonomy":"post_tag","embeddable":true,"href":"https:\/\/permbledhja.com\/sq\/wp-json\/wp\/v2\/tags?post=61824"}],"curies":[{"name":"wp","href":"https:\/\/api.w.org\/{rel}","templated":true}]}}