{"id":61817,"date":"2024-05-13T15:39:24","date_gmt":"2024-05-13T15:39:24","guid":{"rendered":"https:\/\/permbledhja.com\/?p=61817"},"modified":"2024-05-13T15:39:24","modified_gmt":"2024-05-13T15:39:24","slug":"kurti-mbi-1-milion-e-420-mije-qytetare-rezidente-jane-regjistruar-deri-tani-perqindje-e-larte-edhe-serbeve","status":"publish","type":"post","link":"https:\/\/permbledhja.com\/sq\/kurti-mbi-1-milion-e-420-mije-qytetare-rezidente-jane-regjistruar-deri-tani-perqindje-e-larte-edhe-serbeve\/","title":{"rendered":"Kurti: Mbi 1 milion e 420 mij\u00eb qytetar\u00eb rezident\u00eb jan\u00eb regjistruar deri tani, p\u00ebrqindje e lart\u00eb edhe serb\u00ebve"},"content":{"rendered":"<h3><strong>Kryeministri Albin Kurti ka b\u00ebr\u00eb t\u00eb ditur se deri tani jan\u00eb regjistruar mbi 1,420,000 qytetar\u00eb rezident\u00eb n\u00eb Kosov\u00eb.<\/strong><\/h3>\n<p>Ai me an\u00eb t\u00eb nj\u00eb video t\u00eb publikuar n\u00eb rrjetin social Facebook ka b\u00ebr\u00eb thirrje q\u00eb kosovar\u00ebt edhe n\u00eb diaspor\u00eb t\u00eb regjistrohen sa m\u00eb shum\u00eb n\u00eb pasi ky proces tashm\u00eb \u00ebsht\u00eb n\u00eb jav\u00ebn e fundit t\u00eb implementimit.<\/p>\n<p>\u201cMbi 1,420,000 qytetar\u00eb resident\u00eb t\u00eb regjistruar deri m\u00eb tani, teksa kemi hyr\u00eb n\u00eb jav\u00ebn e fundit t\u00eb procesit m\u00eb t\u00eb r\u00ebnd\u00ebsish\u00ebm p\u00ebr 10-vje\u00e7arin e ardhsh\u00ebm\u201d.<\/p>\n<p>\u201cThirrja jon\u00eb p\u00ebr regjistrim vazhdon. T\u00eb gjith\u00eb ata q\u00eb nuk jan\u00eb regjistruar deri m\u00eb tani, n\u00eb Kosov\u00eb e n\u00eb diaspor\u00eb, ju ftoj t\u2019i shfryt\u00ebzoni k\u00ebto dit\u00eb t\u00eb mbetura deri me 17 maj\u201d, ka th\u00ebn\u00eb Kurti.<\/p>\n<p>N\u00eb videon e publikuar ai b\u00ebn me dije sot ka qen\u00eb p\u00ebr vizit\u00eb n\u00eb Komun\u00ebn e Kamenic\u00ebs me ministrin p\u00ebr Kthim dhe Komunitete, Nenad Rashiq, me t\u00eb cilin thot\u00eb se jan\u00eb t\u00eb k\u00ebnaqur me numrin e madh t\u00eb qytetar\u00ebve q\u00eb i jan\u00eb p\u00ebrgjigjur pozitivisht k\u00ebrkes\u00ebs p\u00ebr regjistrim.<\/p>\n<p>\u201cT\u00eb dh\u00ebnat m\u00eb t\u00eb fundit na tregojn\u00eb se banor\u00ebt e k\u00ebsaj komune i jan\u00eb p\u00ebrgjigjur pozitivisht dhe pahezitim thirrjes son\u00eb p\u00ebr regjistrim. Kamenica \u00ebsht\u00eb nj\u00eb nga shembujt m\u00eb t\u00eb mir\u00eb t\u00eb bashk\u00ebjetes\u00ebs nd\u00ebretnike n\u00eb Kosov\u00eb\u201d.<\/p>\n<p>\u201cKjo po v\u00ebrtetohet edhe me p\u00ebrqindjen e lart\u00eb t\u00eb qytetar\u00ebve tan\u00eb t\u00eb komunitetit serbe n\u00eb procesin e regjistrimit t\u00eb popull\u00ebsis\u00eb\u201d, ka th\u00ebn\u00eb Kurti.<\/p>\n","protected":false},"excerpt":{"rendered":"<p>Kryeministri Albin Kurti ka b\u00ebr\u00eb t\u00eb ditur se deri tani jan\u00eb regjistruar mbi 1,420,000 qytetar\u00eb rezident\u00eb n\u00eb Kosov\u00eb. Ai me an\u00eb t\u00eb nj\u00eb video t\u00eb publikuar n\u00eb rrjetin social Facebook ka b\u00ebr\u00eb thirrje q\u00eb kosovar\u00ebt edhe n\u00eb diaspor\u00eb t\u00eb regjistrohen sa m\u00eb shum\u00eb n\u00eb pasi ky proces tashm\u00eb \u00ebsht\u00eb n\u00eb jav\u00ebn e fundit t\u00eb implementimit. [&hellip;]<\/p>\n","protected":false},"author":5,"featured_media":60792,"comment_status":"closed","ping_status":"closed","sticky":false,"template":"","format":"standard","meta":{"_monsterinsights_skip_tracking":false,"_monsterinsights_sitenote_active":false,"_monsterinsights_sitenote_note":"","_monsterinsights_sitenote_category":0,"_uf_show_specific_survey":0,"_uf_disable_surveys":false,"footnotes":""},"categories":[2645],"tags":[],"yoast_head":"<!-- This site is optimized with the Yoast SEO plugin v21.5 - https:\/\/yoast.com\/wordpress\/plugins\/seo\/ -->\n<title>Kurti: Mbi 1 milion e 420 mij\u00eb qytetar\u00eb rezident\u00eb jan\u00eb regjistruar deri tani, p\u00ebrqindje e lart\u00eb edhe serb\u00ebve<\/title>\n<meta name=\"robots\" content=\"index, follow, max-snippet:-1, max-image-preview:large, max-video-preview:-1\" \/>\n<link rel=\"canonical\" href=\"https:\/\/permbledhja.com\/sq\/kurti-mbi-1-milion-e-420-mije-qytetare-rezidente-jane-regjistruar-deri-tani-perqindje-e-larte-edhe-serbeve\/\" \/>\n<meta property=\"og:locale\" content=\"sq_AL\" \/>\n<meta property=\"og:type\" content=\"article\" \/>\n<meta property=\"og:title\" content=\"Kurti: Mbi 1 milion e 420 mij\u00eb qytetar\u00eb rezident\u00eb jan\u00eb regjistruar deri tani, p\u00ebrqindje e lart\u00eb edhe serb\u00ebve\" \/>\n<meta property=\"og:description\" content=\"Kryeministri Albin Kurti ka b\u00ebr\u00eb t\u00eb ditur se deri tani jan\u00eb regjistruar mbi 1,420,000 qytetar\u00eb rezident\u00eb n\u00eb Kosov\u00eb. Ai me an\u00eb t\u00eb nj\u00eb video t\u00eb publikuar n\u00eb rrjetin social Facebook ka b\u00ebr\u00eb thirrje q\u00eb kosovar\u00ebt edhe n\u00eb diaspor\u00eb t\u00eb regjistrohen sa m\u00eb shum\u00eb n\u00eb pasi ky proces tashm\u00eb \u00ebsht\u00eb n\u00eb jav\u00ebn e fundit t\u00eb implementimit. [&hellip;]\" \/>\n<meta property=\"og:url\" content=\"https:\/\/permbledhja.com\/sq\/kurti-mbi-1-milion-e-420-mije-qytetare-rezidente-jane-regjistruar-deri-tani-perqindje-e-larte-edhe-serbeve\/\" \/>\n<meta property=\"og:site_name\" content=\"Ve\u00e7 artikuj p\u00ebrmbledh\u00ebs\" \/>\n<meta property=\"article:publisher\" content=\"https:\/\/www.facebook.com\/press07\/\" \/>\n<meta property=\"article:published_time\" content=\"2024-05-13T15:39:24+00:00\" \/>\n<meta property=\"og:image\" content=\"https:\/\/permbledhja.com\/wp-content\/uploads\/2024\/05\/albini.jpg\" \/>\n\t<meta property=\"og:image:width\" content=\"1329\" \/>\n\t<meta property=\"og:image:height\" content=\"847\" \/>\n\t<meta property=\"og:image:type\" content=\"image\/jpeg\" \/>\n<meta name=\"author\" content=\"DL\" \/>\n<meta name=\"twitter:card\" content=\"summary_large_image\" \/>\n<meta name=\"twitter:label1\" content=\"Written by\" \/>\n\t<meta name=\"twitter:data1\" content=\"DL\" \/>\n\t<meta name=\"twitter:label2\" content=\"Est. reading time\" \/>\n\t<meta name=\"twitter:data2\" content=\"2 minuta\" \/>\n<script type=\"application\/ld+json\" class=\"yoast-schema-graph\">{\"@context\":\"https:\/\/schema.org\",\"@graph\":[{\"@type\":\"Article\",\"@id\":\"https:\/\/permbledhja.com\/sq\/kurti-mbi-1-milion-e-420-mije-qytetare-rezidente-jane-regjistruar-deri-tani-perqindje-e-larte-edhe-serbeve\/#article\",\"isPartOf\":{\"@id\":\"https:\/\/permbledhja.com\/sq\/kurti-mbi-1-milion-e-420-mije-qytetare-rezidente-jane-regjistruar-deri-tani-perqindje-e-larte-edhe-serbeve\/\"},\"author\":{\"name\":\"DL\",\"@id\":\"https:\/\/permbledhja.com\/#\/schema\/person\/9c54260cbc4c6f792cb100550491638c\"},\"headline\":\"Kurti: Mbi 1 milion e 420 mij\u00eb qytetar\u00eb rezident\u00eb jan\u00eb regjistruar deri tani, p\u00ebrqindje e lart\u00eb edhe serb\u00ebve\",\"datePublished\":\"2024-05-13T15:39:24+00:00\",\"dateModified\":\"2024-05-13T15:39:24+00:00\",\"mainEntityOfPage\":{\"@id\":\"https:\/\/permbledhja.com\/sq\/kurti-mbi-1-milion-e-420-mije-qytetare-rezidente-jane-regjistruar-deri-tani-perqindje-e-larte-edhe-serbeve\/\"},\"wordCount\":275,\"publisher\":{\"@id\":\"https:\/\/permbledhja.com\/#organization\"},\"articleSection\":[\"T\u00eb r\u00ebnd\u00ebsishme\"],\"inLanguage\":\"sq\"},{\"@type\":\"WebPage\",\"@id\":\"https:\/\/permbledhja.com\/sq\/kurti-mbi-1-milion-e-420-mije-qytetare-rezidente-jane-regjistruar-deri-tani-perqindje-e-larte-edhe-serbeve\/\",\"url\":\"https:\/\/permbledhja.com\/sq\/kurti-mbi-1-milion-e-420-mije-qytetare-rezidente-jane-regjistruar-deri-tani-perqindje-e-larte-edhe-serbeve\/\",\"name\":\"Kurti: Mbi 1 milion e 420 mij\u00eb qytetar\u00eb rezident\u00eb jan\u00eb regjistruar deri tani, p\u00ebrqindje e lart\u00eb edhe serb\u00ebve\",\"isPartOf\":{\"@id\":\"https:\/\/permbledhja.com\/#website\"},\"datePublished\":\"2024-05-13T15:39:24+00:00\",\"dateModified\":\"2024-05-13T15:39:24+00:00\",\"breadcrumb\":{\"@id\":\"https:\/\/permbledhja.com\/sq\/kurti-mbi-1-milion-e-420-mije-qytetare-rezidente-jane-regjistruar-deri-tani-perqindje-e-larte-edhe-serbeve\/#breadcrumb\"},\"inLanguage\":\"sq\",\"potentialAction\":[{\"@type\":\"ReadAction\",\"target\":[\"https:\/\/permbledhja.com\/sq\/kurti-mbi-1-milion-e-420-mije-qytetare-rezidente-jane-regjistruar-deri-tani-perqindje-e-larte-edhe-serbeve\/\"]}]},{\"@type\":\"BreadcrumbList\",\"@id\":\"https:\/\/permbledhja.com\/sq\/kurti-mbi-1-milion-e-420-mije-qytetare-rezidente-jane-regjistruar-deri-tani-perqindje-e-larte-edhe-serbeve\/#breadcrumb\",\"itemListElement\":[{\"@type\":\"ListItem\",\"position\":1,\"name\":\"Ballina\",\"item\":\"https:\/\/permbledhja.com\/sq\/\"},{\"@type\":\"ListItem\",\"position\":2,\"name\":\"Kurti: Mbi 1 milion e 420 mij\u00eb qytetar\u00eb rezident\u00eb jan\u00eb regjistruar deri tani, p\u00ebrqindje e lart\u00eb edhe serb\u00ebve\"}]},{\"@type\":\"WebSite\",\"@id\":\"https:\/\/permbledhja.com\/#website\",\"url\":\"https:\/\/permbledhja.com\/\",\"name\":\"Ve\u00e7 artikuj p\u00ebrmbledh\u00ebs\",\"description\":\"\",\"publisher\":{\"@id\":\"https:\/\/permbledhja.com\/#organization\"},\"potentialAction\":[{\"@type\":\"SearchAction\",\"target\":{\"@type\":\"EntryPoint\",\"urlTemplate\":\"https:\/\/permbledhja.com\/?s={search_term_string}\"},\"query-input\":\"required name=search_term_string\"}],\"inLanguage\":\"sq\"},{\"@type\":\"Organization\",\"@id\":\"https:\/\/permbledhja.com\/#organization\",\"name\":\"MK Media & Pr\",\"url\":\"https:\/\/permbledhja.com\/\",\"logo\":{\"@type\":\"ImageObject\",\"inLanguage\":\"sq\",\"@id\":\"https:\/\/permbledhja.com\/#\/schema\/logo\/image\/\",\"url\":\"https:\/\/permbledhja.com\/wp-content\/uploads\/2021\/12\/07-Press-Logo.jpg\",\"contentUrl\":\"https:\/\/permbledhja.com\/wp-content\/uploads\/2021\/12\/07-Press-Logo.jpg\",\"width\":512,\"height\":512,\"caption\":\"MK Media & Pr\"},\"image\":{\"@id\":\"https:\/\/permbledhja.com\/#\/schema\/logo\/image\/\"},\"sameAs\":[\"https:\/\/www.facebook.com\/press07\/\"]},{\"@type\":\"Person\",\"@id\":\"https:\/\/permbledhja.com\/#\/schema\/person\/9c54260cbc4c6f792cb100550491638c\",\"name\":\"DL\",\"image\":{\"@type\":\"ImageObject\",\"inLanguage\":\"sq\",\"@id\":\"https:\/\/permbledhja.com\/#\/schema\/person\/image\/\",\"url\":\"https:\/\/secure.gravatar.com\/avatar\/94503eb28d4c4b2005a5c8753e35fc80?s=96&d=mm&r=g\",\"contentUrl\":\"https:\/\/secure.gravatar.com\/avatar\/94503eb28d4c4b2005a5c8753e35fc80?s=96&d=mm&r=g\",\"caption\":\"DL\"},\"url\":\"https:\/\/permbledhja.com\/sq\/author\/dl\/\"}]}<\/script>\n<!-- \/ Yoast SEO plugin. -->","yoast_head_json":{"title":"Kurti: Mbi 1 milion e 420 mij\u00eb qytetar\u00eb rezident\u00eb jan\u00eb regjistruar deri tani, p\u00ebrqindje e lart\u00eb edhe serb\u00ebve","robots":{"index":"index","follow":"follow","max-snippet":"max-snippet:-1","max-image-preview":"max-image-preview:large","max-video-preview":"max-video-preview:-1"},"canonical":"https:\/\/permbledhja.com\/sq\/kurti-mbi-1-milion-e-420-mije-qytetare-rezidente-jane-regjistruar-deri-tani-perqindje-e-larte-edhe-serbeve\/","og_locale":"sq_AL","og_type":"article","og_title":"Kurti: Mbi 1 milion e 420 mij\u00eb qytetar\u00eb rezident\u00eb jan\u00eb regjistruar deri tani, p\u00ebrqindje e lart\u00eb edhe serb\u00ebve","og_description":"Kryeministri Albin Kurti ka b\u00ebr\u00eb t\u00eb ditur se deri tani jan\u00eb regjistruar mbi 1,420,000 qytetar\u00eb rezident\u00eb n\u00eb Kosov\u00eb. Ai me an\u00eb t\u00eb nj\u00eb video t\u00eb publikuar n\u00eb rrjetin social Facebook ka b\u00ebr\u00eb thirrje q\u00eb kosovar\u00ebt edhe n\u00eb diaspor\u00eb t\u00eb regjistrohen sa m\u00eb shum\u00eb n\u00eb pasi ky proces tashm\u00eb \u00ebsht\u00eb n\u00eb jav\u00ebn e fundit t\u00eb implementimit. [&hellip;]","og_url":"https:\/\/permbledhja.com\/sq\/kurti-mbi-1-milion-e-420-mije-qytetare-rezidente-jane-regjistruar-deri-tani-perqindje-e-larte-edhe-serbeve\/","og_site_name":"Ve\u00e7 artikuj p\u00ebrmbledh\u00ebs","article_publisher":"https:\/\/www.facebook.com\/press07\/","article_published_time":"2024-05-13T15:39:24+00:00","og_image":[{"width":1329,"height":847,"url":"https:\/\/permbledhja.com\/wp-content\/uploads\/2024\/05\/albini.jpg","type":"image\/jpeg"}],"author":"DL","twitter_card":"summary_large_image","twitter_misc":{"Written by":"DL","Est. reading time":"2 minuta"},"schema":{"@context":"https:\/\/schema.org","@graph":[{"@type":"Article","@id":"https:\/\/permbledhja.com\/sq\/kurti-mbi-1-milion-e-420-mije-qytetare-rezidente-jane-regjistruar-deri-tani-perqindje-e-larte-edhe-serbeve\/#article","isPartOf":{"@id":"https:\/\/permbledhja.com\/sq\/kurti-mbi-1-milion-e-420-mije-qytetare-rezidente-jane-regjistruar-deri-tani-perqindje-e-larte-edhe-serbeve\/"},"author":{"name":"DL","@id":"https:\/\/permbledhja.com\/#\/schema\/person\/9c54260cbc4c6f792cb100550491638c"},"headline":"Kurti: Mbi 1 milion e 420 mij\u00eb qytetar\u00eb rezident\u00eb jan\u00eb regjistruar deri tani, p\u00ebrqindje e lart\u00eb edhe serb\u00ebve","datePublished":"2024-05-13T15:39:24+00:00","dateModified":"2024-05-13T15:39:24+00:00","mainEntityOfPage":{"@id":"https:\/\/permbledhja.com\/sq\/kurti-mbi-1-milion-e-420-mije-qytetare-rezidente-jane-regjistruar-deri-tani-perqindje-e-larte-edhe-serbeve\/"},"wordCount":275,"publisher":{"@id":"https:\/\/permbledhja.com\/#organization"},"articleSection":["T\u00eb r\u00ebnd\u00ebsishme"],"inLanguage":"sq"},{"@type":"WebPage","@id":"https:\/\/permbledhja.com\/sq\/kurti-mbi-1-milion-e-420-mije-qytetare-rezidente-jane-regjistruar-deri-tani-perqindje-e-larte-edhe-serbeve\/","url":"https:\/\/permbledhja.com\/sq\/kurti-mbi-1-milion-e-420-mije-qytetare-rezidente-jane-regjistruar-deri-tani-perqindje-e-larte-edhe-serbeve\/","name":"Kurti: Mbi 1 milion e 420 mij\u00eb qytetar\u00eb rezident\u00eb jan\u00eb regjistruar deri tani, p\u00ebrqindje e lart\u00eb edhe serb\u00ebve","isPartOf":{"@id":"https:\/\/permbledhja.com\/#website"},"datePublished":"2024-05-13T15:39:24+00:00","dateModified":"2024-05-13T15:39:24+00:00","breadcrumb":{"@id":"https:\/\/permbledhja.com\/sq\/kurti-mbi-1-milion-e-420-mije-qytetare-rezidente-jane-regjistruar-deri-tani-perqindje-e-larte-edhe-serbeve\/#breadcrumb"},"inLanguage":"sq","potentialAction":[{"@type":"ReadAction","target":["https:\/\/permbledhja.com\/sq\/kurti-mbi-1-milion-e-420-mije-qytetare-rezidente-jane-regjistruar-deri-tani-perqindje-e-larte-edhe-serbeve\/"]}]},{"@type":"BreadcrumbList","@id":"https:\/\/permbledhja.com\/sq\/kurti-mbi-1-milion-e-420-mije-qytetare-rezidente-jane-regjistruar-deri-tani-perqindje-e-larte-edhe-serbeve\/#breadcrumb","itemListElement":[{"@type":"ListItem","position":1,"name":"Ballina","item":"https:\/\/permbledhja.com\/sq\/"},{"@type":"ListItem","position":2,"name":"Kurti: Mbi 1 milion e 420 mij\u00eb qytetar\u00eb rezident\u00eb jan\u00eb regjistruar deri tani, p\u00ebrqindje e lart\u00eb edhe serb\u00ebve"}]},{"@type":"WebSite","@id":"https:\/\/permbledhja.com\/#website","url":"https:\/\/permbledhja.com\/","name":"Ve\u00e7 artikuj p\u00ebrmbledh\u00ebs","description":"","publisher":{"@id":"https:\/\/permbledhja.com\/#organization"},"potentialAction":[{"@type":"SearchAction","target":{"@type":"EntryPoint","urlTemplate":"https:\/\/permbledhja.com\/?s={search_term_string}"},"query-input":"required name=search_term_string"}],"inLanguage":"sq"},{"@type":"Organization","@id":"https:\/\/permbledhja.com\/#organization","name":"MK Media & Pr","url":"https:\/\/permbledhja.com\/","logo":{"@type":"ImageObject","inLanguage":"sq","@id":"https:\/\/permbledhja.com\/#\/schema\/logo\/image\/","url":"https:\/\/permbledhja.com\/wp-content\/uploads\/2021\/12\/07-Press-Logo.jpg","contentUrl":"https:\/\/permbledhja.com\/wp-content\/uploads\/2021\/12\/07-Press-Logo.jpg","width":512,"height":512,"caption":"MK Media & Pr"},"image":{"@id":"https:\/\/permbledhja.com\/#\/schema\/logo\/image\/"},"sameAs":["https:\/\/www.facebook.com\/press07\/"]},{"@type":"Person","@id":"https:\/\/permbledhja.com\/#\/schema\/person\/9c54260cbc4c6f792cb100550491638c","name":"DL","image":{"@type":"ImageObject","inLanguage":"sq","@id":"https:\/\/permbledhja.com\/#\/schema\/person\/image\/","url":"https:\/\/secure.gravatar.com\/avatar\/94503eb28d4c4b2005a5c8753e35fc80?s=96&d=mm&r=g","contentUrl":"https:\/\/secure.gravatar.com\/avatar\/94503eb28d4c4b2005a5c8753e35fc80?s=96&d=mm&r=g","caption":"DL"},"url":"https:\/\/permbledhja.com\/sq\/author\/dl\/"}]}},"_links":{"self":[{"href":"https:\/\/permbledhja.com\/sq\/wp-json\/wp\/v2\/posts\/61817"}],"collection":[{"href":"https:\/\/permbledhja.com\/sq\/wp-json\/wp\/v2\/posts"}],"about":[{"href":"https:\/\/permbledhja.com\/sq\/wp-json\/wp\/v2\/types\/post"}],"author":[{"embeddable":true,"href":"https:\/\/permbledhja.com\/sq\/wp-json\/wp\/v2\/users\/5"}],"replies":[{"embeddable":true,"href":"https:\/\/permbledhja.com\/sq\/wp-json\/wp\/v2\/comments?post=61817"}],"version-history":[{"count":1,"href":"https:\/\/permbledhja.com\/sq\/wp-json\/wp\/v2\/posts\/61817\/revisions"}],"predecessor-version":[{"id":61818,"href":"https:\/\/permbledhja.com\/sq\/wp-json\/wp\/v2\/posts\/61817\/revisions\/61818"}],"wp:featuredmedia":[{"embeddable":true,"href":"https:\/\/permbledhja.com\/sq\/wp-json\/wp\/v2\/media\/60792"}],"wp:attachment":[{"href":"https:\/\/permbledhja.com\/sq\/wp-json\/wp\/v2\/media?parent=61817"}],"wp:term":[{"taxonomy":"category","embeddable":true,"href":"https:\/\/permbledhja.com\/sq\/wp-json\/wp\/v2\/categories?post=61817"},{"taxonomy":"post_tag","embeddable":true,"href":"https:\/\/permbledhja.com\/sq\/wp-json\/wp\/v2\/tags?post=61817"}],"curies":[{"name":"wp","href":"https:\/\/api.w.org\/{rel}","templated":true}]}}