{"id":61814,"date":"2024-05-13T15:44:10","date_gmt":"2024-05-13T15:44:10","guid":{"rendered":"https:\/\/permbledhja.com\/?p=61814"},"modified":"2024-05-13T15:44:10","modified_gmt":"2024-05-13T15:44:10","slug":"vrasja-ne-bon-vivant-italianit-i-vazhdohet-paraburgimi-edhe-per-dy-muaj","status":"publish","type":"post","link":"https:\/\/permbledhja.com\/sq\/vrasja-ne-bon-vivant-italianit-i-vazhdohet-paraburgimi-edhe-per-dy-muaj\/","title":{"rendered":"Vrasja n\u00eb \u2018Bon Vivant\u2019 \u2013 \u2018Italianit\u2019 i vazhdohet paraburgimi edhe p\u00ebr dy muaj"},"content":{"rendered":"<h3><strong>Andi Pajazitit i cili njihet me nofk\u00ebn \u201cItaliani\u201d, i \u00ebsht\u00eb vazhduar masa e paraburgimit edhe p\u00ebr dy muaj t\u00eb tjer\u00eb.<\/strong><\/h3>\n<p>Ai po akuzohet p\u00ebr vrasjen e ndodhur n\u00eb lokalin \u201cBon Vivant\u201d, m\u00eb 4 gusht t\u00eb vitit 2023, n\u00eb Prishtin\u00eb.<\/p>\n<p>Lajmin p\u00ebr vazhdimin e mas\u00ebs s\u00eb paraburgimit, e konfirmoi z\u00ebdh\u00ebn\u00ebsja e Gjykat\u00ebs Themelore n\u00eb Prishtin\u00eb, Mirlinda Gashi.<\/p>\n<p><em>\u201c<\/em>Pas k\u00ebrkes\u00ebs s\u00eb Prokuroris\u00eb Themelore n\u00eb Prishtin\u00eb p\u00ebr vazhdimin e mas\u00ebs s\u00eb paraburgimit n\u00eb \u00e7\u00ebshtjen penale kund\u00ebr t\u00eb pandehurit A. P, Gjykata Themelore n\u00eb Prishtin\u00eb \u2013 Departamenti p\u00ebr Krime t\u00eb R\u00ebnda m\u00eb dat\u00eb 03.05.2024 ka marr\u00eb Aktvendim dhe ka aprovuar k\u00ebrkes\u00ebn e Prokuroris\u00eb Themelore Prishtin\u00eb, ashtu q\u00eb masa e paraburgimit t\u00eb pandehurit A. P, i \u00ebsht\u00eb vazhduar n\u00eb koh\u00ebzgjatje prej 2 (dy) muaj\u201d, thuhet n\u00eb p\u00ebrgjigjen e z\u00ebdh\u00ebn\u00ebses.<\/p>\n","protected":false},"excerpt":{"rendered":"<p>Andi Pajazitit i cili njihet me nofk\u00ebn \u201cItaliani\u201d, i \u00ebsht\u00eb vazhduar masa e paraburgimit edhe p\u00ebr dy muaj t\u00eb tjer\u00eb. Ai po akuzohet p\u00ebr vrasjen e ndodhur n\u00eb lokalin \u201cBon Vivant\u201d, m\u00eb 4 gusht t\u00eb vitit 2023, n\u00eb Prishtin\u00eb. Lajmin p\u00ebr vazhdimin e mas\u00ebs s\u00eb paraburgimit, e konfirmoi z\u00ebdh\u00ebn\u00ebsja e Gjykat\u00ebs Themelore n\u00eb Prishtin\u00eb, Mirlinda [&hellip;]<\/p>\n","protected":false},"author":5,"featured_media":61819,"comment_status":"closed","ping_status":"closed","sticky":false,"template":"","format":"standard","meta":{"_monsterinsights_skip_tracking":false,"_monsterinsights_sitenote_active":false,"_monsterinsights_sitenote_note":"","_monsterinsights_sitenote_category":0,"_uf_show_specific_survey":0,"_uf_disable_surveys":false,"footnotes":""},"categories":[15],"tags":[],"yoast_head":"<!-- This site is optimized with the Yoast SEO plugin v21.5 - https:\/\/yoast.com\/wordpress\/plugins\/seo\/ -->\n<title>Vrasja n\u00eb \u2018Bon Vivant\u2019 \u2013 \u2018Italianit\u2019 i vazhdohet paraburgimi edhe p\u00ebr dy muaj<\/title>\n<meta name=\"robots\" content=\"index, follow, max-snippet:-1, max-image-preview:large, max-video-preview:-1\" \/>\n<link rel=\"canonical\" href=\"https:\/\/permbledhja.com\/sq\/vrasja-ne-bon-vivant-italianit-i-vazhdohet-paraburgimi-edhe-per-dy-muaj\/\" \/>\n<meta property=\"og:locale\" content=\"sq_AL\" \/>\n<meta property=\"og:type\" content=\"article\" \/>\n<meta property=\"og:title\" content=\"Vrasja n\u00eb \u2018Bon Vivant\u2019 \u2013 \u2018Italianit\u2019 i vazhdohet paraburgimi edhe p\u00ebr dy muaj\" \/>\n<meta property=\"og:description\" content=\"Andi Pajazitit i cili njihet me nofk\u00ebn \u201cItaliani\u201d, i \u00ebsht\u00eb vazhduar masa e paraburgimit edhe p\u00ebr dy muaj t\u00eb tjer\u00eb. Ai po akuzohet p\u00ebr vrasjen e ndodhur n\u00eb lokalin \u201cBon Vivant\u201d, m\u00eb 4 gusht t\u00eb vitit 2023, n\u00eb Prishtin\u00eb. Lajmin p\u00ebr vazhdimin e mas\u00ebs s\u00eb paraburgimit, e konfirmoi z\u00ebdh\u00ebn\u00ebsja e Gjykat\u00ebs Themelore n\u00eb Prishtin\u00eb, Mirlinda [&hellip;]\" \/>\n<meta property=\"og:url\" content=\"https:\/\/permbledhja.com\/sq\/vrasja-ne-bon-vivant-italianit-i-vazhdohet-paraburgimi-edhe-per-dy-muaj\/\" \/>\n<meta property=\"og:site_name\" content=\"Ve\u00e7 artikuj p\u00ebrmbledh\u00ebs\" \/>\n<meta property=\"article:publisher\" content=\"https:\/\/www.facebook.com\/press07\/\" \/>\n<meta property=\"article:published_time\" content=\"2024-05-13T15:44:10+00:00\" \/>\n<meta property=\"og:image\" content=\"https:\/\/permbledhja.com\/wp-content\/uploads\/2024\/05\/dos.png\" \/>\n\t<meta property=\"og:image:width\" content=\"600\" \/>\n\t<meta property=\"og:image:height\" content=\"360\" \/>\n\t<meta property=\"og:image:type\" content=\"image\/png\" \/>\n<meta name=\"author\" content=\"DL\" \/>\n<meta name=\"twitter:card\" content=\"summary_large_image\" \/>\n<meta name=\"twitter:label1\" content=\"Written by\" \/>\n\t<meta name=\"twitter:data1\" content=\"DL\" \/>\n\t<meta name=\"twitter:label2\" content=\"Est. reading time\" \/>\n\t<meta name=\"twitter:data2\" content=\"1 minut\u00eb\" \/>\n<script type=\"application\/ld+json\" class=\"yoast-schema-graph\">{\"@context\":\"https:\/\/schema.org\",\"@graph\":[{\"@type\":\"Article\",\"@id\":\"https:\/\/permbledhja.com\/vrasja-ne-bon-vivant-italianit-i-vazhdohet-paraburgimi-edhe-per-dy-muaj\/#article\",\"isPartOf\":{\"@id\":\"https:\/\/permbledhja.com\/vrasja-ne-bon-vivant-italianit-i-vazhdohet-paraburgimi-edhe-per-dy-muaj\/\"},\"author\":{\"name\":\"DL\",\"@id\":\"https:\/\/permbledhja.com\/#\/schema\/person\/9c54260cbc4c6f792cb100550491638c\"},\"headline\":\"Vrasja n\u00eb \u2018Bon Vivant\u2019 \u2013 \u2018Italianit\u2019 i vazhdohet paraburgimi edhe p\u00ebr dy muaj\",\"datePublished\":\"2024-05-13T15:44:10+00:00\",\"dateModified\":\"2024-05-13T15:44:10+00:00\",\"mainEntityOfPage\":{\"@id\":\"https:\/\/permbledhja.com\/vrasja-ne-bon-vivant-italianit-i-vazhdohet-paraburgimi-edhe-per-dy-muaj\/\"},\"wordCount\":155,\"publisher\":{\"@id\":\"https:\/\/permbledhja.com\/#organization\"},\"articleSection\":[\"Lajme\"],\"inLanguage\":\"sq\"},{\"@type\":\"WebPage\",\"@id\":\"https:\/\/permbledhja.com\/vrasja-ne-bon-vivant-italianit-i-vazhdohet-paraburgimi-edhe-per-dy-muaj\/\",\"url\":\"https:\/\/permbledhja.com\/vrasja-ne-bon-vivant-italianit-i-vazhdohet-paraburgimi-edhe-per-dy-muaj\/\",\"name\":\"Vrasja n\u00eb \u2018Bon Vivant\u2019 \u2013 \u2018Italianit\u2019 i vazhdohet paraburgimi edhe p\u00ebr dy muaj\",\"isPartOf\":{\"@id\":\"https:\/\/permbledhja.com\/#website\"},\"datePublished\":\"2024-05-13T15:44:10+00:00\",\"dateModified\":\"2024-05-13T15:44:10+00:00\",\"breadcrumb\":{\"@id\":\"https:\/\/permbledhja.com\/vrasja-ne-bon-vivant-italianit-i-vazhdohet-paraburgimi-edhe-per-dy-muaj\/#breadcrumb\"},\"inLanguage\":\"sq\",\"potentialAction\":[{\"@type\":\"ReadAction\",\"target\":[\"https:\/\/permbledhja.com\/vrasja-ne-bon-vivant-italianit-i-vazhdohet-paraburgimi-edhe-per-dy-muaj\/\"]}]},{\"@type\":\"BreadcrumbList\",\"@id\":\"https:\/\/permbledhja.com\/vrasja-ne-bon-vivant-italianit-i-vazhdohet-paraburgimi-edhe-per-dy-muaj\/#breadcrumb\",\"itemListElement\":[{\"@type\":\"ListItem\",\"position\":1,\"name\":\"Ballina\",\"item\":\"https:\/\/permbledhja.com\/sq\/\"},{\"@type\":\"ListItem\",\"position\":2,\"name\":\"Vrasja n\u00eb \u2018Bon Vivant\u2019 \u2013 \u2018Italianit\u2019 i vazhdohet paraburgimi edhe p\u00ebr dy muaj\"}]},{\"@type\":\"WebSite\",\"@id\":\"https:\/\/permbledhja.com\/#website\",\"url\":\"https:\/\/permbledhja.com\/\",\"name\":\"Ve\u00e7 artikuj p\u00ebrmbledh\u00ebs\",\"description\":\"\",\"publisher\":{\"@id\":\"https:\/\/permbledhja.com\/#organization\"},\"potentialAction\":[{\"@type\":\"SearchAction\",\"target\":{\"@type\":\"EntryPoint\",\"urlTemplate\":\"https:\/\/permbledhja.com\/?s={search_term_string}\"},\"query-input\":\"required name=search_term_string\"}],\"inLanguage\":\"sq\"},{\"@type\":\"Organization\",\"@id\":\"https:\/\/permbledhja.com\/#organization\",\"name\":\"MK Media & Pr\",\"url\":\"https:\/\/permbledhja.com\/\",\"logo\":{\"@type\":\"ImageObject\",\"inLanguage\":\"sq\",\"@id\":\"https:\/\/permbledhja.com\/#\/schema\/logo\/image\/\",\"url\":\"https:\/\/permbledhja.com\/wp-content\/uploads\/2021\/12\/07-Press-Logo.jpg\",\"contentUrl\":\"https:\/\/permbledhja.com\/wp-content\/uploads\/2021\/12\/07-Press-Logo.jpg\",\"width\":512,\"height\":512,\"caption\":\"MK Media & Pr\"},\"image\":{\"@id\":\"https:\/\/permbledhja.com\/#\/schema\/logo\/image\/\"},\"sameAs\":[\"https:\/\/www.facebook.com\/press07\/\"]},{\"@type\":\"Person\",\"@id\":\"https:\/\/permbledhja.com\/#\/schema\/person\/9c54260cbc4c6f792cb100550491638c\",\"name\":\"DL\",\"image\":{\"@type\":\"ImageObject\",\"inLanguage\":\"sq\",\"@id\":\"https:\/\/permbledhja.com\/#\/schema\/person\/image\/\",\"url\":\"https:\/\/secure.gravatar.com\/avatar\/94503eb28d4c4b2005a5c8753e35fc80?s=96&d=mm&r=g\",\"contentUrl\":\"https:\/\/secure.gravatar.com\/avatar\/94503eb28d4c4b2005a5c8753e35fc80?s=96&d=mm&r=g\",\"caption\":\"DL\"},\"url\":\"https:\/\/permbledhja.com\/sq\/author\/dl\/\"}]}<\/script>\n<!-- \/ Yoast SEO plugin. -->","yoast_head_json":{"title":"Vrasja n\u00eb \u2018Bon Vivant\u2019 \u2013 \u2018Italianit\u2019 i vazhdohet paraburgimi edhe p\u00ebr dy muaj","robots":{"index":"index","follow":"follow","max-snippet":"max-snippet:-1","max-image-preview":"max-image-preview:large","max-video-preview":"max-video-preview:-1"},"canonical":"https:\/\/permbledhja.com\/sq\/vrasja-ne-bon-vivant-italianit-i-vazhdohet-paraburgimi-edhe-per-dy-muaj\/","og_locale":"sq_AL","og_type":"article","og_title":"Vrasja n\u00eb \u2018Bon Vivant\u2019 \u2013 \u2018Italianit\u2019 i vazhdohet paraburgimi edhe p\u00ebr dy muaj","og_description":"Andi Pajazitit i cili njihet me nofk\u00ebn \u201cItaliani\u201d, i \u00ebsht\u00eb vazhduar masa e paraburgimit edhe p\u00ebr dy muaj t\u00eb tjer\u00eb. Ai po akuzohet p\u00ebr vrasjen e ndodhur n\u00eb lokalin \u201cBon Vivant\u201d, m\u00eb 4 gusht t\u00eb vitit 2023, n\u00eb Prishtin\u00eb. Lajmin p\u00ebr vazhdimin e mas\u00ebs s\u00eb paraburgimit, e konfirmoi z\u00ebdh\u00ebn\u00ebsja e Gjykat\u00ebs Themelore n\u00eb Prishtin\u00eb, Mirlinda [&hellip;]","og_url":"https:\/\/permbledhja.com\/sq\/vrasja-ne-bon-vivant-italianit-i-vazhdohet-paraburgimi-edhe-per-dy-muaj\/","og_site_name":"Ve\u00e7 artikuj p\u00ebrmbledh\u00ebs","article_publisher":"https:\/\/www.facebook.com\/press07\/","article_published_time":"2024-05-13T15:44:10+00:00","og_image":[{"width":600,"height":360,"url":"https:\/\/permbledhja.com\/wp-content\/uploads\/2024\/05\/dos.png","type":"image\/png"}],"author":"DL","twitter_card":"summary_large_image","twitter_misc":{"Written by":"DL","Est. reading time":"1 minut\u00eb"},"schema":{"@context":"https:\/\/schema.org","@graph":[{"@type":"Article","@id":"https:\/\/permbledhja.com\/vrasja-ne-bon-vivant-italianit-i-vazhdohet-paraburgimi-edhe-per-dy-muaj\/#article","isPartOf":{"@id":"https:\/\/permbledhja.com\/vrasja-ne-bon-vivant-italianit-i-vazhdohet-paraburgimi-edhe-per-dy-muaj\/"},"author":{"name":"DL","@id":"https:\/\/permbledhja.com\/#\/schema\/person\/9c54260cbc4c6f792cb100550491638c"},"headline":"Vrasja n\u00eb \u2018Bon Vivant\u2019 \u2013 \u2018Italianit\u2019 i vazhdohet paraburgimi edhe p\u00ebr dy muaj","datePublished":"2024-05-13T15:44:10+00:00","dateModified":"2024-05-13T15:44:10+00:00","mainEntityOfPage":{"@id":"https:\/\/permbledhja.com\/vrasja-ne-bon-vivant-italianit-i-vazhdohet-paraburgimi-edhe-per-dy-muaj\/"},"wordCount":155,"publisher":{"@id":"https:\/\/permbledhja.com\/#organization"},"articleSection":["Lajme"],"inLanguage":"sq"},{"@type":"WebPage","@id":"https:\/\/permbledhja.com\/vrasja-ne-bon-vivant-italianit-i-vazhdohet-paraburgimi-edhe-per-dy-muaj\/","url":"https:\/\/permbledhja.com\/vrasja-ne-bon-vivant-italianit-i-vazhdohet-paraburgimi-edhe-per-dy-muaj\/","name":"Vrasja n\u00eb \u2018Bon Vivant\u2019 \u2013 \u2018Italianit\u2019 i vazhdohet paraburgimi edhe p\u00ebr dy muaj","isPartOf":{"@id":"https:\/\/permbledhja.com\/#website"},"datePublished":"2024-05-13T15:44:10+00:00","dateModified":"2024-05-13T15:44:10+00:00","breadcrumb":{"@id":"https:\/\/permbledhja.com\/vrasja-ne-bon-vivant-italianit-i-vazhdohet-paraburgimi-edhe-per-dy-muaj\/#breadcrumb"},"inLanguage":"sq","potentialAction":[{"@type":"ReadAction","target":["https:\/\/permbledhja.com\/vrasja-ne-bon-vivant-italianit-i-vazhdohet-paraburgimi-edhe-per-dy-muaj\/"]}]},{"@type":"BreadcrumbList","@id":"https:\/\/permbledhja.com\/vrasja-ne-bon-vivant-italianit-i-vazhdohet-paraburgimi-edhe-per-dy-muaj\/#breadcrumb","itemListElement":[{"@type":"ListItem","position":1,"name":"Ballina","item":"https:\/\/permbledhja.com\/sq\/"},{"@type":"ListItem","position":2,"name":"Vrasja n\u00eb \u2018Bon Vivant\u2019 \u2013 \u2018Italianit\u2019 i vazhdohet paraburgimi edhe p\u00ebr dy muaj"}]},{"@type":"WebSite","@id":"https:\/\/permbledhja.com\/#website","url":"https:\/\/permbledhja.com\/","name":"Ve\u00e7 artikuj p\u00ebrmbledh\u00ebs","description":"","publisher":{"@id":"https:\/\/permbledhja.com\/#organization"},"potentialAction":[{"@type":"SearchAction","target":{"@type":"EntryPoint","urlTemplate":"https:\/\/permbledhja.com\/?s={search_term_string}"},"query-input":"required name=search_term_string"}],"inLanguage":"sq"},{"@type":"Organization","@id":"https:\/\/permbledhja.com\/#organization","name":"MK Media & Pr","url":"https:\/\/permbledhja.com\/","logo":{"@type":"ImageObject","inLanguage":"sq","@id":"https:\/\/permbledhja.com\/#\/schema\/logo\/image\/","url":"https:\/\/permbledhja.com\/wp-content\/uploads\/2021\/12\/07-Press-Logo.jpg","contentUrl":"https:\/\/permbledhja.com\/wp-content\/uploads\/2021\/12\/07-Press-Logo.jpg","width":512,"height":512,"caption":"MK Media & Pr"},"image":{"@id":"https:\/\/permbledhja.com\/#\/schema\/logo\/image\/"},"sameAs":["https:\/\/www.facebook.com\/press07\/"]},{"@type":"Person","@id":"https:\/\/permbledhja.com\/#\/schema\/person\/9c54260cbc4c6f792cb100550491638c","name":"DL","image":{"@type":"ImageObject","inLanguage":"sq","@id":"https:\/\/permbledhja.com\/#\/schema\/person\/image\/","url":"https:\/\/secure.gravatar.com\/avatar\/94503eb28d4c4b2005a5c8753e35fc80?s=96&d=mm&r=g","contentUrl":"https:\/\/secure.gravatar.com\/avatar\/94503eb28d4c4b2005a5c8753e35fc80?s=96&d=mm&r=g","caption":"DL"},"url":"https:\/\/permbledhja.com\/sq\/author\/dl\/"}]}},"_links":{"self":[{"href":"https:\/\/permbledhja.com\/sq\/wp-json\/wp\/v2\/posts\/61814"}],"collection":[{"href":"https:\/\/permbledhja.com\/sq\/wp-json\/wp\/v2\/posts"}],"about":[{"href":"https:\/\/permbledhja.com\/sq\/wp-json\/wp\/v2\/types\/post"}],"author":[{"embeddable":true,"href":"https:\/\/permbledhja.com\/sq\/wp-json\/wp\/v2\/users\/5"}],"replies":[{"embeddable":true,"href":"https:\/\/permbledhja.com\/sq\/wp-json\/wp\/v2\/comments?post=61814"}],"version-history":[{"count":1,"href":"https:\/\/permbledhja.com\/sq\/wp-json\/wp\/v2\/posts\/61814\/revisions"}],"predecessor-version":[{"id":61820,"href":"https:\/\/permbledhja.com\/sq\/wp-json\/wp\/v2\/posts\/61814\/revisions\/61820"}],"wp:featuredmedia":[{"embeddable":true,"href":"https:\/\/permbledhja.com\/sq\/wp-json\/wp\/v2\/media\/61819"}],"wp:attachment":[{"href":"https:\/\/permbledhja.com\/sq\/wp-json\/wp\/v2\/media?parent=61814"}],"wp:term":[{"taxonomy":"category","embeddable":true,"href":"https:\/\/permbledhja.com\/sq\/wp-json\/wp\/v2\/categories?post=61814"},{"taxonomy":"post_tag","embeddable":true,"href":"https:\/\/permbledhja.com\/sq\/wp-json\/wp\/v2\/tags?post=61814"}],"curies":[{"name":"wp","href":"https:\/\/api.w.org\/{rel}","templated":true}]}}