{"id":61810,"date":"2024-05-13T15:06:16","date_gmt":"2024-05-13T15:06:16","guid":{"rendered":"https:\/\/permbledhja.com\/?p=61810"},"modified":"2024-05-13T15:06:16","modified_gmt":"2024-05-13T15:06:16","slug":"belgjike-14-vjecarja-perdhunohet-nga-12-persona-ne-mesin-e-tyre-edhe-i-dashuri-i-saj","status":"publish","type":"post","link":"https:\/\/permbledhja.com\/sq\/belgjike-14-vjecarja-perdhunohet-nga-12-persona-ne-mesin-e-tyre-edhe-i-dashuri-i-saj\/","title":{"rendered":"Belgjik\u00eb; 14-vje\u00e7arja p\u00ebrdhunohet nga 12 persona, n\u00eb mesin e tyre edhe i dashuri i saj"},"content":{"rendered":"<h3>Nj\u00eb vajz\u00eb adoleshente \u00ebsht\u00eb p\u00ebrdhunuar n\u00eb grup nga 12 t\u00eb mitur t\u00eb mosh\u00ebs nga 11-16 vje\u00e7, n\u00eb nj\u00eb rast q\u00eb ka tronditur Belgjik\u00ebn.<\/h3>\n<p>Sipas mediave lokale, 14-vje\u00e7arja \u00ebsht\u00eb abuzuar nga grupi i djemve n\u00eb 3 raste, nga 2 deri n\u00eb 6 prill.<\/p>\n<p>I dyshuari kryesor, i dashuri i vajz\u00ebs, mendohet se e ka \u00e7uar t\u00eb dashur\u00ebn e tij n\u00eb nj\u00eb pyll t\u00eb Kortrijkut dhe aty e ka p\u00ebrdhunuar n\u00eb sy t\u00eb shok\u00ebve. M\u00eb pas, ia ka dh\u00ebn\u00eb \u201cborxh\u201d atyre q\u00eb t\u00eb abuzonin seksualisht me t\u00eb, nd\u00ebrkoh\u00eb q\u00eb m\u00eb i vogli, nj\u00eb djal\u00eb 11-vje\u00e7ar, u la p\u00ebr t\u00eb b\u00ebr\u00eb rojen.<\/p>\n<p>Policia ka arrestuar 10 t\u00eb mitur deri tani, t\u00eb gjith\u00eb me origjin\u00eb nga Afrika.<\/p>\n<p>Pas abuzimit, prokuror\u00ebt than\u00eb se i dashuri e ka d\u00ebrguar edhe dy her\u00eb t\u00eb tjera vajz\u00ebn n\u00eb vendin e krimit, ku \u00ebsht\u00eb abuzuar s\u00ebrish nga djemt\u00eb. Sipas prokuror\u00ebve, \u201ckush m\u00eb pak e kush m\u00eb shum\u00eb\u201d, t\u00eb gjith\u00eb kan\u00eb abuzuar seksualisht me 14-vje\u00e7aren.<\/p>\n<p>Sipas policis\u00eb, djemt\u00eb edhe e kan\u00eb regjistruar me celular p\u00ebrdhunimin, me videot q\u00eb jan\u00eb shp\u00ebrndar\u00eb m\u00eb von\u00eb n\u00eb Snapchat.<\/p>\n","protected":false},"excerpt":{"rendered":"<p>Nj\u00eb vajz\u00eb adoleshente \u00ebsht\u00eb p\u00ebrdhunuar n\u00eb grup nga 12 t\u00eb mitur t\u00eb mosh\u00ebs nga 11-16 vje\u00e7, n\u00eb nj\u00eb rast q\u00eb ka tronditur Belgjik\u00ebn. Sipas mediave lokale, 14-vje\u00e7arja \u00ebsht\u00eb abuzuar nga grupi i djemve n\u00eb 3 raste, nga 2 deri n\u00eb 6 prill. I dyshuari kryesor, i dashuri i vajz\u00ebs, mendohet se e ka \u00e7uar t\u00eb [&hellip;]<\/p>\n","protected":false},"author":5,"featured_media":61812,"comment_status":"closed","ping_status":"closed","sticky":false,"template":"","format":"standard","meta":{"_monsterinsights_skip_tracking":false,"_monsterinsights_sitenote_active":false,"_monsterinsights_sitenote_note":"","_monsterinsights_sitenote_category":0,"_uf_show_specific_survey":0,"_uf_disable_surveys":false,"footnotes":""},"categories":[15],"tags":[],"yoast_head":"<!-- This site is optimized with the Yoast SEO plugin v21.5 - https:\/\/yoast.com\/wordpress\/plugins\/seo\/ -->\n<title>Belgjik\u00eb; 14-vje\u00e7arja p\u00ebrdhunohet nga 12 persona, n\u00eb mesin e tyre edhe i dashuri i saj<\/title>\n<meta name=\"robots\" content=\"index, follow, max-snippet:-1, max-image-preview:large, max-video-preview:-1\" \/>\n<link rel=\"canonical\" href=\"https:\/\/permbledhja.com\/sq\/belgjike-14-vjecarja-perdhunohet-nga-12-persona-ne-mesin-e-tyre-edhe-i-dashuri-i-saj\/\" \/>\n<meta property=\"og:locale\" content=\"sq_AL\" \/>\n<meta property=\"og:type\" content=\"article\" \/>\n<meta property=\"og:title\" content=\"Belgjik\u00eb; 14-vje\u00e7arja p\u00ebrdhunohet nga 12 persona, n\u00eb mesin e tyre edhe i dashuri i saj\" \/>\n<meta property=\"og:description\" content=\"Nj\u00eb vajz\u00eb adoleshente \u00ebsht\u00eb p\u00ebrdhunuar n\u00eb grup nga 12 t\u00eb mitur t\u00eb mosh\u00ebs nga 11-16 vje\u00e7, n\u00eb nj\u00eb rast q\u00eb ka tronditur Belgjik\u00ebn. Sipas mediave lokale, 14-vje\u00e7arja \u00ebsht\u00eb abuzuar nga grupi i djemve n\u00eb 3 raste, nga 2 deri n\u00eb 6 prill. I dyshuari kryesor, i dashuri i vajz\u00ebs, mendohet se e ka \u00e7uar t\u00eb [&hellip;]\" \/>\n<meta property=\"og:url\" content=\"https:\/\/permbledhja.com\/sq\/belgjike-14-vjecarja-perdhunohet-nga-12-persona-ne-mesin-e-tyre-edhe-i-dashuri-i-saj\/\" \/>\n<meta property=\"og:site_name\" content=\"Ve\u00e7 artikuj p\u00ebrmbledh\u00ebs\" \/>\n<meta property=\"article:publisher\" content=\"https:\/\/www.facebook.com\/press07\/\" \/>\n<meta property=\"article:published_time\" content=\"2024-05-13T15:06:16+00:00\" \/>\n<meta property=\"og:image\" content=\"https:\/\/permbledhja.com\/wp-content\/uploads\/2024\/05\/rast.webp\" \/>\n\t<meta property=\"og:image:width\" content=\"800\" \/>\n\t<meta property=\"og:image:height\" content=\"450\" \/>\n\t<meta property=\"og:image:type\" content=\"image\/webp\" \/>\n<meta name=\"author\" content=\"DL\" \/>\n<meta name=\"twitter:card\" content=\"summary_large_image\" \/>\n<meta name=\"twitter:label1\" content=\"Written by\" \/>\n\t<meta name=\"twitter:data1\" content=\"DL\" \/>\n\t<meta name=\"twitter:label2\" content=\"Est. reading time\" \/>\n\t<meta name=\"twitter:data2\" content=\"1 minut\u00eb\" \/>\n<script type=\"application\/ld+json\" class=\"yoast-schema-graph\">{\"@context\":\"https:\/\/schema.org\",\"@graph\":[{\"@type\":\"Article\",\"@id\":\"https:\/\/permbledhja.com\/sq\/belgjike-14-vjecarja-perdhunohet-nga-12-persona-ne-mesin-e-tyre-edhe-i-dashuri-i-saj\/#article\",\"isPartOf\":{\"@id\":\"https:\/\/permbledhja.com\/sq\/belgjike-14-vjecarja-perdhunohet-nga-12-persona-ne-mesin-e-tyre-edhe-i-dashuri-i-saj\/\"},\"author\":{\"name\":\"DL\",\"@id\":\"https:\/\/permbledhja.com\/#\/schema\/person\/9c54260cbc4c6f792cb100550491638c\"},\"headline\":\"Belgjik\u00eb; 14-vje\u00e7arja p\u00ebrdhunohet nga 12 persona, n\u00eb mesin e tyre edhe i dashuri i saj\",\"datePublished\":\"2024-05-13T15:06:16+00:00\",\"dateModified\":\"2024-05-13T15:06:16+00:00\",\"mainEntityOfPage\":{\"@id\":\"https:\/\/permbledhja.com\/sq\/belgjike-14-vjecarja-perdhunohet-nga-12-persona-ne-mesin-e-tyre-edhe-i-dashuri-i-saj\/\"},\"wordCount\":206,\"publisher\":{\"@id\":\"https:\/\/permbledhja.com\/#organization\"},\"articleSection\":[\"Lajme\"],\"inLanguage\":\"sq\"},{\"@type\":\"WebPage\",\"@id\":\"https:\/\/permbledhja.com\/sq\/belgjike-14-vjecarja-perdhunohet-nga-12-persona-ne-mesin-e-tyre-edhe-i-dashuri-i-saj\/\",\"url\":\"https:\/\/permbledhja.com\/sq\/belgjike-14-vjecarja-perdhunohet-nga-12-persona-ne-mesin-e-tyre-edhe-i-dashuri-i-saj\/\",\"name\":\"Belgjik\u00eb; 14-vje\u00e7arja p\u00ebrdhunohet nga 12 persona, n\u00eb mesin e tyre edhe i dashuri i saj\",\"isPartOf\":{\"@id\":\"https:\/\/permbledhja.com\/#website\"},\"datePublished\":\"2024-05-13T15:06:16+00:00\",\"dateModified\":\"2024-05-13T15:06:16+00:00\",\"breadcrumb\":{\"@id\":\"https:\/\/permbledhja.com\/sq\/belgjike-14-vjecarja-perdhunohet-nga-12-persona-ne-mesin-e-tyre-edhe-i-dashuri-i-saj\/#breadcrumb\"},\"inLanguage\":\"sq\",\"potentialAction\":[{\"@type\":\"ReadAction\",\"target\":[\"https:\/\/permbledhja.com\/sq\/belgjike-14-vjecarja-perdhunohet-nga-12-persona-ne-mesin-e-tyre-edhe-i-dashuri-i-saj\/\"]}]},{\"@type\":\"BreadcrumbList\",\"@id\":\"https:\/\/permbledhja.com\/sq\/belgjike-14-vjecarja-perdhunohet-nga-12-persona-ne-mesin-e-tyre-edhe-i-dashuri-i-saj\/#breadcrumb\",\"itemListElement\":[{\"@type\":\"ListItem\",\"position\":1,\"name\":\"Ballina\",\"item\":\"https:\/\/permbledhja.com\/sq\/\"},{\"@type\":\"ListItem\",\"position\":2,\"name\":\"Belgjik\u00eb; 14-vje\u00e7arja p\u00ebrdhunohet nga 12 persona, n\u00eb mesin e tyre edhe i dashuri i saj\"}]},{\"@type\":\"WebSite\",\"@id\":\"https:\/\/permbledhja.com\/#website\",\"url\":\"https:\/\/permbledhja.com\/\",\"name\":\"Ve\u00e7 artikuj p\u00ebrmbledh\u00ebs\",\"description\":\"\",\"publisher\":{\"@id\":\"https:\/\/permbledhja.com\/#organization\"},\"potentialAction\":[{\"@type\":\"SearchAction\",\"target\":{\"@type\":\"EntryPoint\",\"urlTemplate\":\"https:\/\/permbledhja.com\/?s={search_term_string}\"},\"query-input\":\"required name=search_term_string\"}],\"inLanguage\":\"sq\"},{\"@type\":\"Organization\",\"@id\":\"https:\/\/permbledhja.com\/#organization\",\"name\":\"MK Media & Pr\",\"url\":\"https:\/\/permbledhja.com\/\",\"logo\":{\"@type\":\"ImageObject\",\"inLanguage\":\"sq\",\"@id\":\"https:\/\/permbledhja.com\/#\/schema\/logo\/image\/\",\"url\":\"https:\/\/permbledhja.com\/wp-content\/uploads\/2021\/12\/07-Press-Logo.jpg\",\"contentUrl\":\"https:\/\/permbledhja.com\/wp-content\/uploads\/2021\/12\/07-Press-Logo.jpg\",\"width\":512,\"height\":512,\"caption\":\"MK Media & Pr\"},\"image\":{\"@id\":\"https:\/\/permbledhja.com\/#\/schema\/logo\/image\/\"},\"sameAs\":[\"https:\/\/www.facebook.com\/press07\/\"]},{\"@type\":\"Person\",\"@id\":\"https:\/\/permbledhja.com\/#\/schema\/person\/9c54260cbc4c6f792cb100550491638c\",\"name\":\"DL\",\"image\":{\"@type\":\"ImageObject\",\"inLanguage\":\"sq\",\"@id\":\"https:\/\/permbledhja.com\/#\/schema\/person\/image\/\",\"url\":\"https:\/\/secure.gravatar.com\/avatar\/94503eb28d4c4b2005a5c8753e35fc80?s=96&d=mm&r=g\",\"contentUrl\":\"https:\/\/secure.gravatar.com\/avatar\/94503eb28d4c4b2005a5c8753e35fc80?s=96&d=mm&r=g\",\"caption\":\"DL\"},\"url\":\"https:\/\/permbledhja.com\/sq\/author\/dl\/\"}]}<\/script>\n<!-- \/ Yoast SEO plugin. -->","yoast_head_json":{"title":"Belgjik\u00eb; 14-vje\u00e7arja p\u00ebrdhunohet nga 12 persona, n\u00eb mesin e tyre edhe i dashuri i saj","robots":{"index":"index","follow":"follow","max-snippet":"max-snippet:-1","max-image-preview":"max-image-preview:large","max-video-preview":"max-video-preview:-1"},"canonical":"https:\/\/permbledhja.com\/sq\/belgjike-14-vjecarja-perdhunohet-nga-12-persona-ne-mesin-e-tyre-edhe-i-dashuri-i-saj\/","og_locale":"sq_AL","og_type":"article","og_title":"Belgjik\u00eb; 14-vje\u00e7arja p\u00ebrdhunohet nga 12 persona, n\u00eb mesin e tyre edhe i dashuri i saj","og_description":"Nj\u00eb vajz\u00eb adoleshente \u00ebsht\u00eb p\u00ebrdhunuar n\u00eb grup nga 12 t\u00eb mitur t\u00eb mosh\u00ebs nga 11-16 vje\u00e7, n\u00eb nj\u00eb rast q\u00eb ka tronditur Belgjik\u00ebn. Sipas mediave lokale, 14-vje\u00e7arja \u00ebsht\u00eb abuzuar nga grupi i djemve n\u00eb 3 raste, nga 2 deri n\u00eb 6 prill. I dyshuari kryesor, i dashuri i vajz\u00ebs, mendohet se e ka \u00e7uar t\u00eb [&hellip;]","og_url":"https:\/\/permbledhja.com\/sq\/belgjike-14-vjecarja-perdhunohet-nga-12-persona-ne-mesin-e-tyre-edhe-i-dashuri-i-saj\/","og_site_name":"Ve\u00e7 artikuj p\u00ebrmbledh\u00ebs","article_publisher":"https:\/\/www.facebook.com\/press07\/","article_published_time":"2024-05-13T15:06:16+00:00","og_image":[{"width":800,"height":450,"url":"https:\/\/permbledhja.com\/wp-content\/uploads\/2024\/05\/rast.webp","type":"image\/webp"}],"author":"DL","twitter_card":"summary_large_image","twitter_misc":{"Written by":"DL","Est. reading time":"1 minut\u00eb"},"schema":{"@context":"https:\/\/schema.org","@graph":[{"@type":"Article","@id":"https:\/\/permbledhja.com\/sq\/belgjike-14-vjecarja-perdhunohet-nga-12-persona-ne-mesin-e-tyre-edhe-i-dashuri-i-saj\/#article","isPartOf":{"@id":"https:\/\/permbledhja.com\/sq\/belgjike-14-vjecarja-perdhunohet-nga-12-persona-ne-mesin-e-tyre-edhe-i-dashuri-i-saj\/"},"author":{"name":"DL","@id":"https:\/\/permbledhja.com\/#\/schema\/person\/9c54260cbc4c6f792cb100550491638c"},"headline":"Belgjik\u00eb; 14-vje\u00e7arja p\u00ebrdhunohet nga 12 persona, n\u00eb mesin e tyre edhe i dashuri i saj","datePublished":"2024-05-13T15:06:16+00:00","dateModified":"2024-05-13T15:06:16+00:00","mainEntityOfPage":{"@id":"https:\/\/permbledhja.com\/sq\/belgjike-14-vjecarja-perdhunohet-nga-12-persona-ne-mesin-e-tyre-edhe-i-dashuri-i-saj\/"},"wordCount":206,"publisher":{"@id":"https:\/\/permbledhja.com\/#organization"},"articleSection":["Lajme"],"inLanguage":"sq"},{"@type":"WebPage","@id":"https:\/\/permbledhja.com\/sq\/belgjike-14-vjecarja-perdhunohet-nga-12-persona-ne-mesin-e-tyre-edhe-i-dashuri-i-saj\/","url":"https:\/\/permbledhja.com\/sq\/belgjike-14-vjecarja-perdhunohet-nga-12-persona-ne-mesin-e-tyre-edhe-i-dashuri-i-saj\/","name":"Belgjik\u00eb; 14-vje\u00e7arja p\u00ebrdhunohet nga 12 persona, n\u00eb mesin e tyre edhe i dashuri i saj","isPartOf":{"@id":"https:\/\/permbledhja.com\/#website"},"datePublished":"2024-05-13T15:06:16+00:00","dateModified":"2024-05-13T15:06:16+00:00","breadcrumb":{"@id":"https:\/\/permbledhja.com\/sq\/belgjike-14-vjecarja-perdhunohet-nga-12-persona-ne-mesin-e-tyre-edhe-i-dashuri-i-saj\/#breadcrumb"},"inLanguage":"sq","potentialAction":[{"@type":"ReadAction","target":["https:\/\/permbledhja.com\/sq\/belgjike-14-vjecarja-perdhunohet-nga-12-persona-ne-mesin-e-tyre-edhe-i-dashuri-i-saj\/"]}]},{"@type":"BreadcrumbList","@id":"https:\/\/permbledhja.com\/sq\/belgjike-14-vjecarja-perdhunohet-nga-12-persona-ne-mesin-e-tyre-edhe-i-dashuri-i-saj\/#breadcrumb","itemListElement":[{"@type":"ListItem","position":1,"name":"Ballina","item":"https:\/\/permbledhja.com\/sq\/"},{"@type":"ListItem","position":2,"name":"Belgjik\u00eb; 14-vje\u00e7arja p\u00ebrdhunohet nga 12 persona, n\u00eb mesin e tyre edhe i dashuri i saj"}]},{"@type":"WebSite","@id":"https:\/\/permbledhja.com\/#website","url":"https:\/\/permbledhja.com\/","name":"Ve\u00e7 artikuj p\u00ebrmbledh\u00ebs","description":"","publisher":{"@id":"https:\/\/permbledhja.com\/#organization"},"potentialAction":[{"@type":"SearchAction","target":{"@type":"EntryPoint","urlTemplate":"https:\/\/permbledhja.com\/?s={search_term_string}"},"query-input":"required name=search_term_string"}],"inLanguage":"sq"},{"@type":"Organization","@id":"https:\/\/permbledhja.com\/#organization","name":"MK Media & Pr","url":"https:\/\/permbledhja.com\/","logo":{"@type":"ImageObject","inLanguage":"sq","@id":"https:\/\/permbledhja.com\/#\/schema\/logo\/image\/","url":"https:\/\/permbledhja.com\/wp-content\/uploads\/2021\/12\/07-Press-Logo.jpg","contentUrl":"https:\/\/permbledhja.com\/wp-content\/uploads\/2021\/12\/07-Press-Logo.jpg","width":512,"height":512,"caption":"MK Media & Pr"},"image":{"@id":"https:\/\/permbledhja.com\/#\/schema\/logo\/image\/"},"sameAs":["https:\/\/www.facebook.com\/press07\/"]},{"@type":"Person","@id":"https:\/\/permbledhja.com\/#\/schema\/person\/9c54260cbc4c6f792cb100550491638c","name":"DL","image":{"@type":"ImageObject","inLanguage":"sq","@id":"https:\/\/permbledhja.com\/#\/schema\/person\/image\/","url":"https:\/\/secure.gravatar.com\/avatar\/94503eb28d4c4b2005a5c8753e35fc80?s=96&d=mm&r=g","contentUrl":"https:\/\/secure.gravatar.com\/avatar\/94503eb28d4c4b2005a5c8753e35fc80?s=96&d=mm&r=g","caption":"DL"},"url":"https:\/\/permbledhja.com\/sq\/author\/dl\/"}]}},"_links":{"self":[{"href":"https:\/\/permbledhja.com\/sq\/wp-json\/wp\/v2\/posts\/61810"}],"collection":[{"href":"https:\/\/permbledhja.com\/sq\/wp-json\/wp\/v2\/posts"}],"about":[{"href":"https:\/\/permbledhja.com\/sq\/wp-json\/wp\/v2\/types\/post"}],"author":[{"embeddable":true,"href":"https:\/\/permbledhja.com\/sq\/wp-json\/wp\/v2\/users\/5"}],"replies":[{"embeddable":true,"href":"https:\/\/permbledhja.com\/sq\/wp-json\/wp\/v2\/comments?post=61810"}],"version-history":[{"count":1,"href":"https:\/\/permbledhja.com\/sq\/wp-json\/wp\/v2\/posts\/61810\/revisions"}],"predecessor-version":[{"id":61813,"href":"https:\/\/permbledhja.com\/sq\/wp-json\/wp\/v2\/posts\/61810\/revisions\/61813"}],"wp:featuredmedia":[{"embeddable":true,"href":"https:\/\/permbledhja.com\/sq\/wp-json\/wp\/v2\/media\/61812"}],"wp:attachment":[{"href":"https:\/\/permbledhja.com\/sq\/wp-json\/wp\/v2\/media?parent=61810"}],"wp:term":[{"taxonomy":"category","embeddable":true,"href":"https:\/\/permbledhja.com\/sq\/wp-json\/wp\/v2\/categories?post=61810"},{"taxonomy":"post_tag","embeddable":true,"href":"https:\/\/permbledhja.com\/sq\/wp-json\/wp\/v2\/tags?post=61810"}],"curies":[{"name":"wp","href":"https:\/\/api.w.org\/{rel}","templated":true}]}}