{"id":61800,"date":"2024-05-13T14:30:56","date_gmt":"2024-05-13T14:30:56","guid":{"rendered":"https:\/\/permbledhja.com\/?p=61800"},"modified":"2024-05-13T14:30:56","modified_gmt":"2024-05-13T14:30:56","slug":"kurti-takohet-me-zyrtarin-malazez-flasin-per-samitin-e-lidereve-te-ballkanit-perendimor-dhe-be","status":"publish","type":"post","link":"https:\/\/permbledhja.com\/sq\/kurti-takohet-me-zyrtarin-malazez-flasin-per-samitin-e-lidereve-te-ballkanit-perendimor-dhe-be\/","title":{"rendered":"Kurti takohet me zyrtarin malazez, flasin p\u00ebr Samitin e Lider\u00ebve t\u00eb Ballkanit Per\u00ebndimor dhe BE"},"content":{"rendered":"<h3><strong>Kryeministri Albin Kurti, priti n\u00eb nj\u00eb takim t\u00eb ngarkuarin me pun\u00eb t\u00eb Ambasad\u00ebs s\u00eb Malit t\u00eb Zi n\u00eb Kosov\u00eb, Bernard \u04aaobaj.<\/strong><\/h3>\n<p>N\u00eb njoftimin e Qeveris\u00eb thuhet se krahas diskutimit rreth bashk\u00ebpunimit dhe marr\u00ebdh\u00ebnieve bilaterale nd\u00ebrmjet Kosov\u00ebs dhe Malit t\u00eb Zi, Kurti dhe \u04aaobaj biseduan edhe p\u00ebr p\u00ebrgatitjet n\u00eb prag t\u00eb Samitit t\u00eb Lider\u00ebve t\u00eb Ballkanit Per\u00ebndimor dhe Bashkimit Evropian, q\u00eb do t\u00eb mbahet 16 maj n\u00eb Kotor t\u00eb Malit t\u00eb Zi, n\u00ebn organizimin e Qeveris\u00eb s\u00eb Malit t\u00eb Zi.<\/p>\n<p>Ky samit, i organizuar n\u00ebn sloganin \u201cNj\u00eb rajon, vizion i p\u00ebrbashk\u00ebt\u201d, do t\u00eb sh\u00ebrbej\u00eb si platform\u00eb p\u00ebr t\u00eb diskutuar Planin e Rritjes p\u00ebr Ballkanin Per\u00ebndimor, me synim t\u00eb p\u00ebrshpejtoj\u00eb zhvillimin ekonomik dhe integrimin rajonal.<\/p>\n","protected":false},"excerpt":{"rendered":"<p>Kryeministri Albin Kurti, priti n\u00eb nj\u00eb takim t\u00eb ngarkuarin me pun\u00eb t\u00eb Ambasad\u00ebs s\u00eb Malit t\u00eb Zi n\u00eb Kosov\u00eb, Bernard \u04aaobaj. N\u00eb njoftimin e Qeveris\u00eb thuhet se krahas diskutimit rreth bashk\u00ebpunimit dhe marr\u00ebdh\u00ebnieve bilaterale nd\u00ebrmjet Kosov\u00ebs dhe Malit t\u00eb Zi, Kurti dhe \u04aaobaj biseduan edhe p\u00ebr p\u00ebrgatitjet n\u00eb prag t\u00eb Samitit t\u00eb Lider\u00ebve t\u00eb Ballkanit [&hellip;]<\/p>\n","protected":false},"author":5,"featured_media":61805,"comment_status":"closed","ping_status":"closed","sticky":false,"template":"","format":"standard","meta":{"_monsterinsights_skip_tracking":false,"_monsterinsights_sitenote_active":false,"_monsterinsights_sitenote_note":"","_monsterinsights_sitenote_category":0,"_uf_show_specific_survey":0,"_uf_disable_surveys":false,"footnotes":""},"categories":[15],"tags":[],"yoast_head":"<!-- This site is optimized with the Yoast SEO plugin v21.5 - https:\/\/yoast.com\/wordpress\/plugins\/seo\/ -->\n<title>Kurti takohet me zyrtarin malazez, flasin p\u00ebr Samitin e Lider\u00ebve t\u00eb Ballkanit Per\u00ebndimor dhe BE<\/title>\n<meta name=\"robots\" content=\"index, follow, max-snippet:-1, max-image-preview:large, max-video-preview:-1\" \/>\n<link rel=\"canonical\" href=\"https:\/\/permbledhja.com\/sq\/kurti-takohet-me-zyrtarin-malazez-flasin-per-samitin-e-lidereve-te-ballkanit-perendimor-dhe-be\/\" \/>\n<meta property=\"og:locale\" content=\"sq_AL\" \/>\n<meta property=\"og:type\" content=\"article\" \/>\n<meta property=\"og:title\" content=\"Kurti takohet me zyrtarin malazez, flasin p\u00ebr Samitin e Lider\u00ebve t\u00eb Ballkanit Per\u00ebndimor dhe BE\" \/>\n<meta property=\"og:description\" content=\"Kryeministri Albin Kurti, priti n\u00eb nj\u00eb takim t\u00eb ngarkuarin me pun\u00eb t\u00eb Ambasad\u00ebs s\u00eb Malit t\u00eb Zi n\u00eb Kosov\u00eb, Bernard \u04aaobaj. N\u00eb njoftimin e Qeveris\u00eb thuhet se krahas diskutimit rreth bashk\u00ebpunimit dhe marr\u00ebdh\u00ebnieve bilaterale nd\u00ebrmjet Kosov\u00ebs dhe Malit t\u00eb Zi, Kurti dhe \u04aaobaj biseduan edhe p\u00ebr p\u00ebrgatitjet n\u00eb prag t\u00eb Samitit t\u00eb Lider\u00ebve t\u00eb Ballkanit [&hellip;]\" \/>\n<meta property=\"og:url\" content=\"https:\/\/permbledhja.com\/sq\/kurti-takohet-me-zyrtarin-malazez-flasin-per-samitin-e-lidereve-te-ballkanit-perendimor-dhe-be\/\" \/>\n<meta property=\"og:site_name\" content=\"Ve\u00e7 artikuj p\u00ebrmbledh\u00ebs\" \/>\n<meta property=\"article:publisher\" content=\"https:\/\/www.facebook.com\/press07\/\" \/>\n<meta property=\"article:published_time\" content=\"2024-05-13T14:30:56+00:00\" \/>\n<meta property=\"og:image\" content=\"https:\/\/permbledhja.com\/wp-content\/uploads\/2024\/05\/ku.jpg\" \/>\n\t<meta property=\"og:image:width\" content=\"1244\" \/>\n\t<meta property=\"og:image:height\" content=\"717\" \/>\n\t<meta property=\"og:image:type\" content=\"image\/jpeg\" \/>\n<meta name=\"author\" content=\"DL\" \/>\n<meta name=\"twitter:card\" content=\"summary_large_image\" \/>\n<meta name=\"twitter:label1\" content=\"Written by\" \/>\n\t<meta name=\"twitter:data1\" content=\"DL\" \/>\n\t<meta name=\"twitter:label2\" content=\"Est. reading time\" \/>\n\t<meta name=\"twitter:data2\" content=\"1 minut\u00eb\" \/>\n<script type=\"application\/ld+json\" class=\"yoast-schema-graph\">{\"@context\":\"https:\/\/schema.org\",\"@graph\":[{\"@type\":\"Article\",\"@id\":\"https:\/\/permbledhja.com\/kurti-takohet-me-zyrtarin-malazez-flasin-per-samitin-e-lidereve-te-ballkanit-perendimor-dhe-be\/#article\",\"isPartOf\":{\"@id\":\"https:\/\/permbledhja.com\/kurti-takohet-me-zyrtarin-malazez-flasin-per-samitin-e-lidereve-te-ballkanit-perendimor-dhe-be\/\"},\"author\":{\"name\":\"DL\",\"@id\":\"https:\/\/permbledhja.com\/#\/schema\/person\/9c54260cbc4c6f792cb100550491638c\"},\"headline\":\"Kurti takohet me zyrtarin malazez, flasin p\u00ebr Samitin e Lider\u00ebve t\u00eb Ballkanit Per\u00ebndimor dhe BE\",\"datePublished\":\"2024-05-13T14:30:56+00:00\",\"dateModified\":\"2024-05-13T14:30:56+00:00\",\"mainEntityOfPage\":{\"@id\":\"https:\/\/permbledhja.com\/kurti-takohet-me-zyrtarin-malazez-flasin-per-samitin-e-lidereve-te-ballkanit-perendimor-dhe-be\/\"},\"wordCount\":149,\"publisher\":{\"@id\":\"https:\/\/permbledhja.com\/#organization\"},\"articleSection\":[\"Lajme\"],\"inLanguage\":\"sq\"},{\"@type\":\"WebPage\",\"@id\":\"https:\/\/permbledhja.com\/kurti-takohet-me-zyrtarin-malazez-flasin-per-samitin-e-lidereve-te-ballkanit-perendimor-dhe-be\/\",\"url\":\"https:\/\/permbledhja.com\/kurti-takohet-me-zyrtarin-malazez-flasin-per-samitin-e-lidereve-te-ballkanit-perendimor-dhe-be\/\",\"name\":\"Kurti takohet me zyrtarin malazez, flasin p\u00ebr Samitin e Lider\u00ebve t\u00eb Ballkanit Per\u00ebndimor dhe BE\",\"isPartOf\":{\"@id\":\"https:\/\/permbledhja.com\/#website\"},\"datePublished\":\"2024-05-13T14:30:56+00:00\",\"dateModified\":\"2024-05-13T14:30:56+00:00\",\"breadcrumb\":{\"@id\":\"https:\/\/permbledhja.com\/kurti-takohet-me-zyrtarin-malazez-flasin-per-samitin-e-lidereve-te-ballkanit-perendimor-dhe-be\/#breadcrumb\"},\"inLanguage\":\"sq\",\"potentialAction\":[{\"@type\":\"ReadAction\",\"target\":[\"https:\/\/permbledhja.com\/kurti-takohet-me-zyrtarin-malazez-flasin-per-samitin-e-lidereve-te-ballkanit-perendimor-dhe-be\/\"]}]},{\"@type\":\"BreadcrumbList\",\"@id\":\"https:\/\/permbledhja.com\/kurti-takohet-me-zyrtarin-malazez-flasin-per-samitin-e-lidereve-te-ballkanit-perendimor-dhe-be\/#breadcrumb\",\"itemListElement\":[{\"@type\":\"ListItem\",\"position\":1,\"name\":\"Ballina\",\"item\":\"https:\/\/permbledhja.com\/sq\/\"},{\"@type\":\"ListItem\",\"position\":2,\"name\":\"Kurti takohet me zyrtarin malazez, flasin p\u00ebr Samitin e Lider\u00ebve t\u00eb Ballkanit Per\u00ebndimor dhe BE\"}]},{\"@type\":\"WebSite\",\"@id\":\"https:\/\/permbledhja.com\/#website\",\"url\":\"https:\/\/permbledhja.com\/\",\"name\":\"Ve\u00e7 artikuj p\u00ebrmbledh\u00ebs\",\"description\":\"\",\"publisher\":{\"@id\":\"https:\/\/permbledhja.com\/#organization\"},\"potentialAction\":[{\"@type\":\"SearchAction\",\"target\":{\"@type\":\"EntryPoint\",\"urlTemplate\":\"https:\/\/permbledhja.com\/?s={search_term_string}\"},\"query-input\":\"required name=search_term_string\"}],\"inLanguage\":\"sq\"},{\"@type\":\"Organization\",\"@id\":\"https:\/\/permbledhja.com\/#organization\",\"name\":\"MK Media & Pr\",\"url\":\"https:\/\/permbledhja.com\/\",\"logo\":{\"@type\":\"ImageObject\",\"inLanguage\":\"sq\",\"@id\":\"https:\/\/permbledhja.com\/#\/schema\/logo\/image\/\",\"url\":\"https:\/\/permbledhja.com\/wp-content\/uploads\/2021\/12\/07-Press-Logo.jpg\",\"contentUrl\":\"https:\/\/permbledhja.com\/wp-content\/uploads\/2021\/12\/07-Press-Logo.jpg\",\"width\":512,\"height\":512,\"caption\":\"MK Media & Pr\"},\"image\":{\"@id\":\"https:\/\/permbledhja.com\/#\/schema\/logo\/image\/\"},\"sameAs\":[\"https:\/\/www.facebook.com\/press07\/\"]},{\"@type\":\"Person\",\"@id\":\"https:\/\/permbledhja.com\/#\/schema\/person\/9c54260cbc4c6f792cb100550491638c\",\"name\":\"DL\",\"image\":{\"@type\":\"ImageObject\",\"inLanguage\":\"sq\",\"@id\":\"https:\/\/permbledhja.com\/#\/schema\/person\/image\/\",\"url\":\"https:\/\/secure.gravatar.com\/avatar\/94503eb28d4c4b2005a5c8753e35fc80?s=96&d=mm&r=g\",\"contentUrl\":\"https:\/\/secure.gravatar.com\/avatar\/94503eb28d4c4b2005a5c8753e35fc80?s=96&d=mm&r=g\",\"caption\":\"DL\"},\"url\":\"https:\/\/permbledhja.com\/sq\/author\/dl\/\"}]}<\/script>\n<!-- \/ Yoast SEO plugin. -->","yoast_head_json":{"title":"Kurti takohet me zyrtarin malazez, flasin p\u00ebr Samitin e Lider\u00ebve t\u00eb Ballkanit Per\u00ebndimor dhe BE","robots":{"index":"index","follow":"follow","max-snippet":"max-snippet:-1","max-image-preview":"max-image-preview:large","max-video-preview":"max-video-preview:-1"},"canonical":"https:\/\/permbledhja.com\/sq\/kurti-takohet-me-zyrtarin-malazez-flasin-per-samitin-e-lidereve-te-ballkanit-perendimor-dhe-be\/","og_locale":"sq_AL","og_type":"article","og_title":"Kurti takohet me zyrtarin malazez, flasin p\u00ebr Samitin e Lider\u00ebve t\u00eb Ballkanit Per\u00ebndimor dhe BE","og_description":"Kryeministri Albin Kurti, priti n\u00eb nj\u00eb takim t\u00eb ngarkuarin me pun\u00eb t\u00eb Ambasad\u00ebs s\u00eb Malit t\u00eb Zi n\u00eb Kosov\u00eb, Bernard \u04aaobaj. N\u00eb njoftimin e Qeveris\u00eb thuhet se krahas diskutimit rreth bashk\u00ebpunimit dhe marr\u00ebdh\u00ebnieve bilaterale nd\u00ebrmjet Kosov\u00ebs dhe Malit t\u00eb Zi, Kurti dhe \u04aaobaj biseduan edhe p\u00ebr p\u00ebrgatitjet n\u00eb prag t\u00eb Samitit t\u00eb Lider\u00ebve t\u00eb Ballkanit [&hellip;]","og_url":"https:\/\/permbledhja.com\/sq\/kurti-takohet-me-zyrtarin-malazez-flasin-per-samitin-e-lidereve-te-ballkanit-perendimor-dhe-be\/","og_site_name":"Ve\u00e7 artikuj p\u00ebrmbledh\u00ebs","article_publisher":"https:\/\/www.facebook.com\/press07\/","article_published_time":"2024-05-13T14:30:56+00:00","og_image":[{"width":1244,"height":717,"url":"https:\/\/permbledhja.com\/wp-content\/uploads\/2024\/05\/ku.jpg","type":"image\/jpeg"}],"author":"DL","twitter_card":"summary_large_image","twitter_misc":{"Written by":"DL","Est. reading time":"1 minut\u00eb"},"schema":{"@context":"https:\/\/schema.org","@graph":[{"@type":"Article","@id":"https:\/\/permbledhja.com\/kurti-takohet-me-zyrtarin-malazez-flasin-per-samitin-e-lidereve-te-ballkanit-perendimor-dhe-be\/#article","isPartOf":{"@id":"https:\/\/permbledhja.com\/kurti-takohet-me-zyrtarin-malazez-flasin-per-samitin-e-lidereve-te-ballkanit-perendimor-dhe-be\/"},"author":{"name":"DL","@id":"https:\/\/permbledhja.com\/#\/schema\/person\/9c54260cbc4c6f792cb100550491638c"},"headline":"Kurti takohet me zyrtarin malazez, flasin p\u00ebr Samitin e Lider\u00ebve t\u00eb Ballkanit Per\u00ebndimor dhe BE","datePublished":"2024-05-13T14:30:56+00:00","dateModified":"2024-05-13T14:30:56+00:00","mainEntityOfPage":{"@id":"https:\/\/permbledhja.com\/kurti-takohet-me-zyrtarin-malazez-flasin-per-samitin-e-lidereve-te-ballkanit-perendimor-dhe-be\/"},"wordCount":149,"publisher":{"@id":"https:\/\/permbledhja.com\/#organization"},"articleSection":["Lajme"],"inLanguage":"sq"},{"@type":"WebPage","@id":"https:\/\/permbledhja.com\/kurti-takohet-me-zyrtarin-malazez-flasin-per-samitin-e-lidereve-te-ballkanit-perendimor-dhe-be\/","url":"https:\/\/permbledhja.com\/kurti-takohet-me-zyrtarin-malazez-flasin-per-samitin-e-lidereve-te-ballkanit-perendimor-dhe-be\/","name":"Kurti takohet me zyrtarin malazez, flasin p\u00ebr Samitin e Lider\u00ebve t\u00eb Ballkanit Per\u00ebndimor dhe BE","isPartOf":{"@id":"https:\/\/permbledhja.com\/#website"},"datePublished":"2024-05-13T14:30:56+00:00","dateModified":"2024-05-13T14:30:56+00:00","breadcrumb":{"@id":"https:\/\/permbledhja.com\/kurti-takohet-me-zyrtarin-malazez-flasin-per-samitin-e-lidereve-te-ballkanit-perendimor-dhe-be\/#breadcrumb"},"inLanguage":"sq","potentialAction":[{"@type":"ReadAction","target":["https:\/\/permbledhja.com\/kurti-takohet-me-zyrtarin-malazez-flasin-per-samitin-e-lidereve-te-ballkanit-perendimor-dhe-be\/"]}]},{"@type":"BreadcrumbList","@id":"https:\/\/permbledhja.com\/kurti-takohet-me-zyrtarin-malazez-flasin-per-samitin-e-lidereve-te-ballkanit-perendimor-dhe-be\/#breadcrumb","itemListElement":[{"@type":"ListItem","position":1,"name":"Ballina","item":"https:\/\/permbledhja.com\/sq\/"},{"@type":"ListItem","position":2,"name":"Kurti takohet me zyrtarin malazez, flasin p\u00ebr Samitin e Lider\u00ebve t\u00eb Ballkanit Per\u00ebndimor dhe BE"}]},{"@type":"WebSite","@id":"https:\/\/permbledhja.com\/#website","url":"https:\/\/permbledhja.com\/","name":"Ve\u00e7 artikuj p\u00ebrmbledh\u00ebs","description":"","publisher":{"@id":"https:\/\/permbledhja.com\/#organization"},"potentialAction":[{"@type":"SearchAction","target":{"@type":"EntryPoint","urlTemplate":"https:\/\/permbledhja.com\/?s={search_term_string}"},"query-input":"required name=search_term_string"}],"inLanguage":"sq"},{"@type":"Organization","@id":"https:\/\/permbledhja.com\/#organization","name":"MK Media & Pr","url":"https:\/\/permbledhja.com\/","logo":{"@type":"ImageObject","inLanguage":"sq","@id":"https:\/\/permbledhja.com\/#\/schema\/logo\/image\/","url":"https:\/\/permbledhja.com\/wp-content\/uploads\/2021\/12\/07-Press-Logo.jpg","contentUrl":"https:\/\/permbledhja.com\/wp-content\/uploads\/2021\/12\/07-Press-Logo.jpg","width":512,"height":512,"caption":"MK Media & Pr"},"image":{"@id":"https:\/\/permbledhja.com\/#\/schema\/logo\/image\/"},"sameAs":["https:\/\/www.facebook.com\/press07\/"]},{"@type":"Person","@id":"https:\/\/permbledhja.com\/#\/schema\/person\/9c54260cbc4c6f792cb100550491638c","name":"DL","image":{"@type":"ImageObject","inLanguage":"sq","@id":"https:\/\/permbledhja.com\/#\/schema\/person\/image\/","url":"https:\/\/secure.gravatar.com\/avatar\/94503eb28d4c4b2005a5c8753e35fc80?s=96&d=mm&r=g","contentUrl":"https:\/\/secure.gravatar.com\/avatar\/94503eb28d4c4b2005a5c8753e35fc80?s=96&d=mm&r=g","caption":"DL"},"url":"https:\/\/permbledhja.com\/sq\/author\/dl\/"}]}},"_links":{"self":[{"href":"https:\/\/permbledhja.com\/sq\/wp-json\/wp\/v2\/posts\/61800"}],"collection":[{"href":"https:\/\/permbledhja.com\/sq\/wp-json\/wp\/v2\/posts"}],"about":[{"href":"https:\/\/permbledhja.com\/sq\/wp-json\/wp\/v2\/types\/post"}],"author":[{"embeddable":true,"href":"https:\/\/permbledhja.com\/sq\/wp-json\/wp\/v2\/users\/5"}],"replies":[{"embeddable":true,"href":"https:\/\/permbledhja.com\/sq\/wp-json\/wp\/v2\/comments?post=61800"}],"version-history":[{"count":1,"href":"https:\/\/permbledhja.com\/sq\/wp-json\/wp\/v2\/posts\/61800\/revisions"}],"predecessor-version":[{"id":61806,"href":"https:\/\/permbledhja.com\/sq\/wp-json\/wp\/v2\/posts\/61800\/revisions\/61806"}],"wp:featuredmedia":[{"embeddable":true,"href":"https:\/\/permbledhja.com\/sq\/wp-json\/wp\/v2\/media\/61805"}],"wp:attachment":[{"href":"https:\/\/permbledhja.com\/sq\/wp-json\/wp\/v2\/media?parent=61800"}],"wp:term":[{"taxonomy":"category","embeddable":true,"href":"https:\/\/permbledhja.com\/sq\/wp-json\/wp\/v2\/categories?post=61800"},{"taxonomy":"post_tag","embeddable":true,"href":"https:\/\/permbledhja.com\/sq\/wp-json\/wp\/v2\/tags?post=61800"}],"curies":[{"name":"wp","href":"https:\/\/api.w.org\/{rel}","templated":true}]}}