{"id":61554,"date":"2024-05-11T15:42:18","date_gmt":"2024-05-11T15:42:18","guid":{"rendered":"https:\/\/permbledhja.com\/?p=61554"},"modified":"2024-05-11T15:42:18","modified_gmt":"2024-05-11T15:42:18","slug":"suspendimi-i-kryesindikalistit-bspk-mbeshtet-sindikaten-e-policise-se-kosoves","status":"publish","type":"post","link":"https:\/\/permbledhja.com\/sq\/suspendimi-i-kryesindikalistit-bspk-mbeshtet-sindikaten-e-policise-se-kosoves\/","title":{"rendered":"Suspendimi i kryesindikalistit, BSPK mb\u00ebshtet Sindikat\u00ebn e Policis\u00eb s\u00eb Kosov\u00ebs"},"content":{"rendered":"<p><strong>Bashkimi i Sindikatave t\u00eb Pavarura t\u00eb Kosov\u00ebs e ka mb\u00ebshtetur fuqish\u00ebm reagimin e sot\u00ebm, 11 maj 2024, t\u00eb K\u00ebshillit Drejtues t\u00eb Sindikat\u00ebs s\u00eb Policis\u00eb s\u00eb Kosov\u00ebs, ndaj veprimeve t\u00eb kund\u00ebrligjshme t\u00eb kryetarit t\u00eb Sindikat\u00ebs s\u00eb Policis\u00eb s\u00eb Kosov\u00ebs, Imer Zeqiri.<\/strong><\/p>\n<p><em>\u201cDistancimi i K\u00ebshillit Drejtues t\u00eb Sindikat\u00ebs s\u00eb Policis\u00eb s\u00eb Kosov\u00ebs nga veprimet e kund\u00ebrligjshme t\u00eb kryetarit t\u00eb Sindikat\u00ebs s\u00eb Policis\u00eb s\u00eb Kosov\u00ebs, Imer Zeqiri, p\u00ebr \u00e7ka edhe \u00ebsht\u00eb suspenduar me rekomandim t\u00eb Inspektoratit Policor t\u00eb Kosov\u00ebs me dyshimin se ka kryer vepr\u00ebn penale fotografim dhe incizime t\u00eb tjera t\u00eb paautorizuara nga neni 202 i KPRK-s\u00eb, \u00ebsht\u00eb i duhuri\u201d<\/em>, thuhet n\u00eb njoftimin e BSPK-s\u00eb.<\/p>\n<p>Tutje n\u00eb njoftim thuhet se BSPK e p\u00ebrkrah fuqish\u00ebm reagimin e K\u00ebshillit Drejtues t\u00eb Sindikat\u00ebs s\u00eb Policis\u00eb s\u00eb Kosov\u00ebs, pasi q\u00eb veprimet e Kryetarit t\u00eb Sindikat\u00ebs s\u00eb Policis\u00eb s\u00eb Kosov\u00ebs, Imer Zeqiri, jan\u00eb t\u00eb kund\u00ebrligjshme.<\/p>\n<p><em>\u201cVeprimet e kryetarit Imer Zeqiri, p\u00ebrve\u00e7 q\u00eb jan\u00eb kund\u00ebrligjore, jan\u00eb edhe tejet turp\u00ebruese dhe tejet t\u00eb papranueshme n\u00eb nj\u00eb organizim sindikal kur p\u00ebrgjohen koleget e koleg\u00ebt, n\u00ebnkryetar\u00ebt e Sindikat\u00ebs s\u00eb Policis\u00eb s\u00eb Kosov\u00ebs, gjegj\u00ebsisht N\u00ebnkryetarja e BSPK-s\u00eb\u201d,<\/em> thot\u00eb BSPK-ja.<\/p>\n<p>Gjithashtu BSPK-ja thot\u00eb se q\u00ebndron fuqish\u00ebm dhe pal\u00ebkundur krah Sindikat\u00ebs s\u00eb Policis\u00eb s\u00eb Kosov\u00ebs n\u00eb t\u00eb gjitha veprimet e mir\u00ebfillta dhe t\u00eb duhura n\u00eb drejtim t\u00eb p\u00ebrmir\u00ebsimit t\u00eb kushteve t\u00eb pun\u00ebs s\u00eb punonj\u00ebsve t\u00eb Policis\u00eb s\u00eb Kosov\u00ebs.<\/p>\n","protected":false},"excerpt":{"rendered":"<p>Bashkimi i Sindikatave t\u00eb Pavarura t\u00eb Kosov\u00ebs e ka mb\u00ebshtetur fuqish\u00ebm reagimin e sot\u00ebm, 11 maj 2024, t\u00eb K\u00ebshillit Drejtues t\u00eb Sindikat\u00ebs s\u00eb Policis\u00eb s\u00eb Kosov\u00ebs, ndaj veprimeve t\u00eb kund\u00ebrligjshme t\u00eb kryetarit t\u00eb Sindikat\u00ebs s\u00eb Policis\u00eb s\u00eb Kosov\u00ebs, Imer Zeqiri. \u201cDistancimi i K\u00ebshillit Drejtues t\u00eb Sindikat\u00ebs s\u00eb Policis\u00eb s\u00eb Kosov\u00ebs nga veprimet e kund\u00ebrligjshme t\u00eb [&hellip;]<\/p>\n","protected":false},"author":1,"featured_media":61555,"comment_status":"closed","ping_status":"closed","sticky":false,"template":"","format":"standard","meta":{"_monsterinsights_skip_tracking":false,"_monsterinsights_sitenote_active":false,"_monsterinsights_sitenote_note":"","_monsterinsights_sitenote_category":0,"_uf_show_specific_survey":0,"_uf_disable_surveys":false,"footnotes":""},"categories":[2645],"tags":[813],"yoast_head":"<!-- This site is optimized with the Yoast SEO plugin v21.5 - https:\/\/yoast.com\/wordpress\/plugins\/seo\/ -->\n<title>Suspendimi i kryesindikalistit, BSPK mb\u00ebshtet Sindikat\u00ebn e Policis\u00eb s\u00eb Kosov\u00ebs<\/title>\n<meta name=\"robots\" content=\"index, follow, max-snippet:-1, max-image-preview:large, max-video-preview:-1\" \/>\n<link rel=\"canonical\" href=\"https:\/\/permbledhja.com\/sq\/suspendimi-i-kryesindikalistit-bspk-mbeshtet-sindikaten-e-policise-se-kosoves\/\" \/>\n<meta property=\"og:locale\" content=\"sq_AL\" \/>\n<meta property=\"og:type\" content=\"article\" \/>\n<meta property=\"og:title\" content=\"Suspendimi i kryesindikalistit, BSPK mb\u00ebshtet Sindikat\u00ebn e Policis\u00eb s\u00eb Kosov\u00ebs\" \/>\n<meta property=\"og:description\" content=\"Bashkimi i Sindikatave t\u00eb Pavarura t\u00eb Kosov\u00ebs e ka mb\u00ebshtetur fuqish\u00ebm reagimin e sot\u00ebm, 11 maj 2024, t\u00eb K\u00ebshillit Drejtues t\u00eb Sindikat\u00ebs s\u00eb Policis\u00eb s\u00eb Kosov\u00ebs, ndaj veprimeve t\u00eb kund\u00ebrligjshme t\u00eb kryetarit t\u00eb Sindikat\u00ebs s\u00eb Policis\u00eb s\u00eb Kosov\u00ebs, Imer Zeqiri. \u201cDistancimi i K\u00ebshillit Drejtues t\u00eb Sindikat\u00ebs s\u00eb Policis\u00eb s\u00eb Kosov\u00ebs nga veprimet e kund\u00ebrligjshme t\u00eb [&hellip;]\" \/>\n<meta property=\"og:url\" content=\"https:\/\/permbledhja.com\/sq\/suspendimi-i-kryesindikalistit-bspk-mbeshtet-sindikaten-e-policise-se-kosoves\/\" \/>\n<meta property=\"og:site_name\" content=\"Ve\u00e7 artikuj p\u00ebrmbledh\u00ebs\" \/>\n<meta property=\"article:publisher\" content=\"https:\/\/www.facebook.com\/press07\/\" \/>\n<meta property=\"article:author\" content=\"https:\/\/www.facebook.com\/kafexhiu.muharrem\/\" \/>\n<meta property=\"article:published_time\" content=\"2024-05-11T15:42:18+00:00\" \/>\n<meta property=\"og:image\" content=\"https:\/\/permbledhja.com\/wp-content\/uploads\/2024\/05\/ipk-policia-e-kosoves-780x439-1.png\" \/>\n\t<meta property=\"og:image:width\" content=\"780\" \/>\n\t<meta property=\"og:image:height\" content=\"439\" \/>\n\t<meta property=\"og:image:type\" content=\"image\/png\" \/>\n<meta name=\"author\" content=\"P\u00ebrmbledhja\" \/>\n<meta name=\"twitter:card\" content=\"summary_large_image\" \/>\n<meta name=\"twitter:label1\" content=\"Written by\" \/>\n\t<meta name=\"twitter:data1\" content=\"P\u00ebrmbledhja\" \/>\n\t<meta name=\"twitter:label2\" content=\"Est. reading time\" \/>\n\t<meta name=\"twitter:data2\" content=\"2 minuta\" \/>\n<script type=\"application\/ld+json\" class=\"yoast-schema-graph\">{\"@context\":\"https:\/\/schema.org\",\"@graph\":[{\"@type\":\"Article\",\"@id\":\"https:\/\/permbledhja.com\/sq\/suspendimi-i-kryesindikalistit-bspk-mbeshtet-sindikaten-e-policise-se-kosoves\/#article\",\"isPartOf\":{\"@id\":\"https:\/\/permbledhja.com\/sq\/suspendimi-i-kryesindikalistit-bspk-mbeshtet-sindikaten-e-policise-se-kosoves\/\"},\"author\":{\"name\":\"P\u00ebrmbledhja\",\"@id\":\"https:\/\/permbledhja.com\/#\/schema\/person\/0d064377258d3221e50693947b9eb4fe\"},\"headline\":\"Suspendimi i kryesindikalistit, BSPK mb\u00ebshtet Sindikat\u00ebn e Policis\u00eb s\u00eb Kosov\u00ebs\",\"datePublished\":\"2024-05-11T15:42:18+00:00\",\"dateModified\":\"2024-05-11T15:42:18+00:00\",\"mainEntityOfPage\":{\"@id\":\"https:\/\/permbledhja.com\/sq\/suspendimi-i-kryesindikalistit-bspk-mbeshtet-sindikaten-e-policise-se-kosoves\/\"},\"wordCount\":273,\"publisher\":{\"@id\":\"https:\/\/permbledhja.com\/#organization\"},\"keywords\":[\"BSPK\"],\"articleSection\":[\"T\u00eb r\u00ebnd\u00ebsishme\"],\"inLanguage\":\"sq\"},{\"@type\":\"WebPage\",\"@id\":\"https:\/\/permbledhja.com\/sq\/suspendimi-i-kryesindikalistit-bspk-mbeshtet-sindikaten-e-policise-se-kosoves\/\",\"url\":\"https:\/\/permbledhja.com\/sq\/suspendimi-i-kryesindikalistit-bspk-mbeshtet-sindikaten-e-policise-se-kosoves\/\",\"name\":\"Suspendimi i kryesindikalistit, BSPK mb\u00ebshtet Sindikat\u00ebn e Policis\u00eb s\u00eb Kosov\u00ebs\",\"isPartOf\":{\"@id\":\"https:\/\/permbledhja.com\/#website\"},\"datePublished\":\"2024-05-11T15:42:18+00:00\",\"dateModified\":\"2024-05-11T15:42:18+00:00\",\"breadcrumb\":{\"@id\":\"https:\/\/permbledhja.com\/sq\/suspendimi-i-kryesindikalistit-bspk-mbeshtet-sindikaten-e-policise-se-kosoves\/#breadcrumb\"},\"inLanguage\":\"sq\",\"potentialAction\":[{\"@type\":\"ReadAction\",\"target\":[\"https:\/\/permbledhja.com\/sq\/suspendimi-i-kryesindikalistit-bspk-mbeshtet-sindikaten-e-policise-se-kosoves\/\"]}]},{\"@type\":\"BreadcrumbList\",\"@id\":\"https:\/\/permbledhja.com\/sq\/suspendimi-i-kryesindikalistit-bspk-mbeshtet-sindikaten-e-policise-se-kosoves\/#breadcrumb\",\"itemListElement\":[{\"@type\":\"ListItem\",\"position\":1,\"name\":\"Ballina\",\"item\":\"https:\/\/permbledhja.com\/sq\/\"},{\"@type\":\"ListItem\",\"position\":2,\"name\":\"Suspendimi i kryesindikalistit, BSPK mb\u00ebshtet Sindikat\u00ebn e Policis\u00eb s\u00eb Kosov\u00ebs\"}]},{\"@type\":\"WebSite\",\"@id\":\"https:\/\/permbledhja.com\/#website\",\"url\":\"https:\/\/permbledhja.com\/\",\"name\":\"Ve\u00e7 artikuj p\u00ebrmbledh\u00ebs\",\"description\":\"\",\"publisher\":{\"@id\":\"https:\/\/permbledhja.com\/#organization\"},\"potentialAction\":[{\"@type\":\"SearchAction\",\"target\":{\"@type\":\"EntryPoint\",\"urlTemplate\":\"https:\/\/permbledhja.com\/?s={search_term_string}\"},\"query-input\":\"required name=search_term_string\"}],\"inLanguage\":\"sq\"},{\"@type\":\"Organization\",\"@id\":\"https:\/\/permbledhja.com\/#organization\",\"name\":\"MK Media & Pr\",\"url\":\"https:\/\/permbledhja.com\/\",\"logo\":{\"@type\":\"ImageObject\",\"inLanguage\":\"sq\",\"@id\":\"https:\/\/permbledhja.com\/#\/schema\/logo\/image\/\",\"url\":\"https:\/\/permbledhja.com\/wp-content\/uploads\/2021\/12\/07-Press-Logo.jpg\",\"contentUrl\":\"https:\/\/permbledhja.com\/wp-content\/uploads\/2021\/12\/07-Press-Logo.jpg\",\"width\":512,\"height\":512,\"caption\":\"MK Media & Pr\"},\"image\":{\"@id\":\"https:\/\/permbledhja.com\/#\/schema\/logo\/image\/\"},\"sameAs\":[\"https:\/\/www.facebook.com\/press07\/\"]},{\"@type\":\"Person\",\"@id\":\"https:\/\/permbledhja.com\/#\/schema\/person\/0d064377258d3221e50693947b9eb4fe\",\"name\":\"P\u00ebrmbledhja\",\"image\":{\"@type\":\"ImageObject\",\"inLanguage\":\"sq\",\"@id\":\"https:\/\/permbledhja.com\/#\/schema\/person\/image\/\",\"url\":\"https:\/\/permbledhja.com\/wp-content\/uploads\/2026\/01\/452004717_1040944174702970_8932037511805513407_n-96x96.jpg\",\"contentUrl\":\"https:\/\/permbledhja.com\/wp-content\/uploads\/2026\/01\/452004717_1040944174702970_8932037511805513407_n-96x96.jpg\",\"caption\":\"P\u00ebrmbledhja\"},\"sameAs\":[\"https:\/\/www.facebook.com\/kafexhiu.muharrem\/\",\"https:\/\/www.instagram.com\/muharrem_kafexhiu\/\"],\"url\":\"https:\/\/permbledhja.com\/sq\/author\/admin\/\"}]}<\/script>\n<!-- \/ Yoast SEO plugin. -->","yoast_head_json":{"title":"Suspendimi i kryesindikalistit, BSPK mb\u00ebshtet Sindikat\u00ebn e Policis\u00eb s\u00eb Kosov\u00ebs","robots":{"index":"index","follow":"follow","max-snippet":"max-snippet:-1","max-image-preview":"max-image-preview:large","max-video-preview":"max-video-preview:-1"},"canonical":"https:\/\/permbledhja.com\/sq\/suspendimi-i-kryesindikalistit-bspk-mbeshtet-sindikaten-e-policise-se-kosoves\/","og_locale":"sq_AL","og_type":"article","og_title":"Suspendimi i kryesindikalistit, BSPK mb\u00ebshtet Sindikat\u00ebn e Policis\u00eb s\u00eb Kosov\u00ebs","og_description":"Bashkimi i Sindikatave t\u00eb Pavarura t\u00eb Kosov\u00ebs e ka mb\u00ebshtetur fuqish\u00ebm reagimin e sot\u00ebm, 11 maj 2024, t\u00eb K\u00ebshillit Drejtues t\u00eb Sindikat\u00ebs s\u00eb Policis\u00eb s\u00eb Kosov\u00ebs, ndaj veprimeve t\u00eb kund\u00ebrligjshme t\u00eb kryetarit t\u00eb Sindikat\u00ebs s\u00eb Policis\u00eb s\u00eb Kosov\u00ebs, Imer Zeqiri. \u201cDistancimi i K\u00ebshillit Drejtues t\u00eb Sindikat\u00ebs s\u00eb Policis\u00eb s\u00eb Kosov\u00ebs nga veprimet e kund\u00ebrligjshme t\u00eb [&hellip;]","og_url":"https:\/\/permbledhja.com\/sq\/suspendimi-i-kryesindikalistit-bspk-mbeshtet-sindikaten-e-policise-se-kosoves\/","og_site_name":"Ve\u00e7 artikuj p\u00ebrmbledh\u00ebs","article_publisher":"https:\/\/www.facebook.com\/press07\/","article_author":"https:\/\/www.facebook.com\/kafexhiu.muharrem\/","article_published_time":"2024-05-11T15:42:18+00:00","og_image":[{"width":780,"height":439,"url":"https:\/\/permbledhja.com\/wp-content\/uploads\/2024\/05\/ipk-policia-e-kosoves-780x439-1.png","type":"image\/png"}],"author":"P\u00ebrmbledhja","twitter_card":"summary_large_image","twitter_misc":{"Written by":"P\u00ebrmbledhja","Est. reading time":"2 minuta"},"schema":{"@context":"https:\/\/schema.org","@graph":[{"@type":"Article","@id":"https:\/\/permbledhja.com\/sq\/suspendimi-i-kryesindikalistit-bspk-mbeshtet-sindikaten-e-policise-se-kosoves\/#article","isPartOf":{"@id":"https:\/\/permbledhja.com\/sq\/suspendimi-i-kryesindikalistit-bspk-mbeshtet-sindikaten-e-policise-se-kosoves\/"},"author":{"name":"P\u00ebrmbledhja","@id":"https:\/\/permbledhja.com\/#\/schema\/person\/0d064377258d3221e50693947b9eb4fe"},"headline":"Suspendimi i kryesindikalistit, BSPK mb\u00ebshtet Sindikat\u00ebn e Policis\u00eb s\u00eb Kosov\u00ebs","datePublished":"2024-05-11T15:42:18+00:00","dateModified":"2024-05-11T15:42:18+00:00","mainEntityOfPage":{"@id":"https:\/\/permbledhja.com\/sq\/suspendimi-i-kryesindikalistit-bspk-mbeshtet-sindikaten-e-policise-se-kosoves\/"},"wordCount":273,"publisher":{"@id":"https:\/\/permbledhja.com\/#organization"},"keywords":["BSPK"],"articleSection":["T\u00eb r\u00ebnd\u00ebsishme"],"inLanguage":"sq"},{"@type":"WebPage","@id":"https:\/\/permbledhja.com\/sq\/suspendimi-i-kryesindikalistit-bspk-mbeshtet-sindikaten-e-policise-se-kosoves\/","url":"https:\/\/permbledhja.com\/sq\/suspendimi-i-kryesindikalistit-bspk-mbeshtet-sindikaten-e-policise-se-kosoves\/","name":"Suspendimi i kryesindikalistit, BSPK mb\u00ebshtet Sindikat\u00ebn e Policis\u00eb s\u00eb Kosov\u00ebs","isPartOf":{"@id":"https:\/\/permbledhja.com\/#website"},"datePublished":"2024-05-11T15:42:18+00:00","dateModified":"2024-05-11T15:42:18+00:00","breadcrumb":{"@id":"https:\/\/permbledhja.com\/sq\/suspendimi-i-kryesindikalistit-bspk-mbeshtet-sindikaten-e-policise-se-kosoves\/#breadcrumb"},"inLanguage":"sq","potentialAction":[{"@type":"ReadAction","target":["https:\/\/permbledhja.com\/sq\/suspendimi-i-kryesindikalistit-bspk-mbeshtet-sindikaten-e-policise-se-kosoves\/"]}]},{"@type":"BreadcrumbList","@id":"https:\/\/permbledhja.com\/sq\/suspendimi-i-kryesindikalistit-bspk-mbeshtet-sindikaten-e-policise-se-kosoves\/#breadcrumb","itemListElement":[{"@type":"ListItem","position":1,"name":"Ballina","item":"https:\/\/permbledhja.com\/sq\/"},{"@type":"ListItem","position":2,"name":"Suspendimi i kryesindikalistit, BSPK mb\u00ebshtet Sindikat\u00ebn e Policis\u00eb s\u00eb Kosov\u00ebs"}]},{"@type":"WebSite","@id":"https:\/\/permbledhja.com\/#website","url":"https:\/\/permbledhja.com\/","name":"Ve\u00e7 artikuj p\u00ebrmbledh\u00ebs","description":"","publisher":{"@id":"https:\/\/permbledhja.com\/#organization"},"potentialAction":[{"@type":"SearchAction","target":{"@type":"EntryPoint","urlTemplate":"https:\/\/permbledhja.com\/?s={search_term_string}"},"query-input":"required name=search_term_string"}],"inLanguage":"sq"},{"@type":"Organization","@id":"https:\/\/permbledhja.com\/#organization","name":"MK Media & Pr","url":"https:\/\/permbledhja.com\/","logo":{"@type":"ImageObject","inLanguage":"sq","@id":"https:\/\/permbledhja.com\/#\/schema\/logo\/image\/","url":"https:\/\/permbledhja.com\/wp-content\/uploads\/2021\/12\/07-Press-Logo.jpg","contentUrl":"https:\/\/permbledhja.com\/wp-content\/uploads\/2021\/12\/07-Press-Logo.jpg","width":512,"height":512,"caption":"MK Media & Pr"},"image":{"@id":"https:\/\/permbledhja.com\/#\/schema\/logo\/image\/"},"sameAs":["https:\/\/www.facebook.com\/press07\/"]},{"@type":"Person","@id":"https:\/\/permbledhja.com\/#\/schema\/person\/0d064377258d3221e50693947b9eb4fe","name":"P\u00ebrmbledhja","image":{"@type":"ImageObject","inLanguage":"sq","@id":"https:\/\/permbledhja.com\/#\/schema\/person\/image\/","url":"https:\/\/permbledhja.com\/wp-content\/uploads\/2026\/01\/452004717_1040944174702970_8932037511805513407_n-96x96.jpg","contentUrl":"https:\/\/permbledhja.com\/wp-content\/uploads\/2026\/01\/452004717_1040944174702970_8932037511805513407_n-96x96.jpg","caption":"P\u00ebrmbledhja"},"sameAs":["https:\/\/www.facebook.com\/kafexhiu.muharrem\/","https:\/\/www.instagram.com\/muharrem_kafexhiu\/"],"url":"https:\/\/permbledhja.com\/sq\/author\/admin\/"}]}},"_links":{"self":[{"href":"https:\/\/permbledhja.com\/sq\/wp-json\/wp\/v2\/posts\/61554"}],"collection":[{"href":"https:\/\/permbledhja.com\/sq\/wp-json\/wp\/v2\/posts"}],"about":[{"href":"https:\/\/permbledhja.com\/sq\/wp-json\/wp\/v2\/types\/post"}],"author":[{"embeddable":true,"href":"https:\/\/permbledhja.com\/sq\/wp-json\/wp\/v2\/users\/1"}],"replies":[{"embeddable":true,"href":"https:\/\/permbledhja.com\/sq\/wp-json\/wp\/v2\/comments?post=61554"}],"version-history":[{"count":1,"href":"https:\/\/permbledhja.com\/sq\/wp-json\/wp\/v2\/posts\/61554\/revisions"}],"predecessor-version":[{"id":61556,"href":"https:\/\/permbledhja.com\/sq\/wp-json\/wp\/v2\/posts\/61554\/revisions\/61556"}],"wp:featuredmedia":[{"embeddable":true,"href":"https:\/\/permbledhja.com\/sq\/wp-json\/wp\/v2\/media\/61555"}],"wp:attachment":[{"href":"https:\/\/permbledhja.com\/sq\/wp-json\/wp\/v2\/media?parent=61554"}],"wp:term":[{"taxonomy":"category","embeddable":true,"href":"https:\/\/permbledhja.com\/sq\/wp-json\/wp\/v2\/categories?post=61554"},{"taxonomy":"post_tag","embeddable":true,"href":"https:\/\/permbledhja.com\/sq\/wp-json\/wp\/v2\/tags?post=61554"}],"curies":[{"name":"wp","href":"https:\/\/api.w.org\/{rel}","templated":true}]}}