{"id":61551,"date":"2024-05-11T15:38:05","date_gmt":"2024-05-11T15:38:05","guid":{"rendered":"https:\/\/permbledhja.com\/?p=61551"},"modified":"2024-05-11T15:38:05","modified_gmt":"2024-05-11T15:38:05","slug":"jahjaga-takon-ministren-e-emirateve-te-bashkuara-arabe-kerkon-mbeshtetje-per-projekte-ne-shendetesi","status":"publish","type":"post","link":"https:\/\/permbledhja.com\/sq\/jahjaga-takon-ministren-e-emirateve-te-bashkuara-arabe-kerkon-mbeshtetje-per-projekte-ne-shendetesi\/","title":{"rendered":"Jahjaga takon ministren e Emirateve t\u00eb Bashkuara Arabe, k\u00ebrkon mb\u00ebshtetje p\u00ebr projekte n\u00eb sh\u00ebndet\u00ebsi"},"content":{"rendered":"<p><strong>Ish-presidentja e Kosov\u00ebs, Atifete Jahjaga, ka takuar ministren e Emirateve t\u00eb Bashkuara Arabe, Maitha bint Salem Al Shamsi, e cila e ka mb\u00ebshtetur nd\u00ebrtimin e Spitalit Pediatrik-Kirurgjik t\u00eb F\u00ebmij\u00ebve n\u00eb Kosov\u00eb.<\/strong><\/p>\n<p>Ish-presidentja e ka fal\u00ebnderuar ministren p\u00ebr nd\u00ebrtimin e spitalit &#8220;Sheikah Fatima&#8221; dhe ka k\u00ebrkuar mb\u00ebshtetje p\u00ebr projekte tjera n\u00eb fush\u00ebn e sh\u00ebndet\u00ebsis\u00eb.<\/p>\n<p><em>\u201cMiket e mira, si Shk\u00eblqesia e saj Ministrja e Shtetit EBA, znj.Maitha bint Salem Al Shamsi, \u00ebsht\u00eb gjithmon\u00eb k\u00ebnaq\u00ebsi t&#8217;i takoj. \u00cbsht\u00eb m\u00eb se e pamundur ta takoj e t\u00eb mos e falenderoj p\u00ebr p\u00ebrkrahjen n\u00eb nd\u00ebrtimin e Spitalit Pediatrik-Kirurgjik t\u00eb F\u00ebmij\u00ebve n\u00eb Kosov\u00eb &#8220;Sheikah Fatima&#8221;,<\/em> gjat\u00eb mandatit tim si Presidente e Kosov\u00ebs.<em>Ministres Al Shamsi i k\u00ebrkova mb\u00ebshtetje edhe n\u00eb projekte tjera n\u00eb fush\u00ebn e sh\u00ebndet\u00ebsis\u00eb dhe fushave tjera q\u00eb na mbajn\u00eb t\u00eb af\u00ebrt si shtete dhe i ndihmojn\u00eb edhe m\u00eb shum\u00eb raportit ton\u00eb. \ud83c\uddfd\ud83c\uddf0 \ud83c\udde6\ud83c\uddea Deri her\u00ebn tjet\u00ebr, mirupafshim mike e dashur\u201d<\/em>, ka shkruar Jahjaga n\u00eb profilin e saj n\u00eb \u201cFacebook\u201d.<\/p>\n<p><iframe loading=\"lazy\" style=\"border: none; overflow: hidden;\" src=\"https:\/\/www.facebook.com\/plugins\/post.php?href=https%3A%2F%2Fwww.facebook.com%2Fatifete.jahjaga.zprk%2Fposts%2Fpfbid0rEKsQjRzjK2xkowZAshGpH6hkVELqEC6p3FdQuq8pFeft5KYM4amYfC7oJyZfkcMl&amp;show_text=true&amp;width=500&amp;is_preview=true\" width=\"500\" height=\"618\" frameborder=\"0\" scrolling=\"no\" allowfullscreen=\"allowfullscreen\"><\/iframe><\/p>\n","protected":false},"excerpt":{"rendered":"<p>Ish-presidentja e Kosov\u00ebs, Atifete Jahjaga, ka takuar ministren e Emirateve t\u00eb Bashkuara Arabe, Maitha bint Salem Al Shamsi, e cila e ka mb\u00ebshtetur nd\u00ebrtimin e Spitalit Pediatrik-Kirurgjik t\u00eb F\u00ebmij\u00ebve n\u00eb Kosov\u00eb. Ish-presidentja e ka fal\u00ebnderuar ministren p\u00ebr nd\u00ebrtimin e spitalit &#8220;Sheikah Fatima&#8221; dhe ka k\u00ebrkuar mb\u00ebshtetje p\u00ebr projekte tjera n\u00eb fush\u00ebn e sh\u00ebndet\u00ebsis\u00eb. \u201cMiket e [&hellip;]<\/p>\n","protected":false},"author":1,"featured_media":61552,"comment_status":"closed","ping_status":"closed","sticky":false,"template":"","format":"standard","meta":{"_monsterinsights_skip_tracking":false,"_monsterinsights_sitenote_active":false,"_monsterinsights_sitenote_note":"","_monsterinsights_sitenote_category":0,"_uf_show_specific_survey":0,"_uf_disable_surveys":false,"footnotes":""},"categories":[2645],"tags":[2495],"yoast_head":"<!-- This site is optimized with the Yoast SEO plugin v21.5 - https:\/\/yoast.com\/wordpress\/plugins\/seo\/ -->\n<title>Jahjaga takon ministren e Emirateve t\u00eb Bashkuara Arabe, k\u00ebrkon mb\u00ebshtetje p\u00ebr projekte n\u00eb sh\u00ebndet\u00ebsi<\/title>\n<meta name=\"robots\" content=\"index, follow, max-snippet:-1, max-image-preview:large, max-video-preview:-1\" \/>\n<link rel=\"canonical\" href=\"https:\/\/permbledhja.com\/sq\/jahjaga-takon-ministren-e-emirateve-te-bashkuara-arabe-kerkon-mbeshtetje-per-projekte-ne-shendetesi\/\" \/>\n<meta property=\"og:locale\" content=\"sq_AL\" \/>\n<meta property=\"og:type\" content=\"article\" \/>\n<meta property=\"og:title\" content=\"Jahjaga takon ministren e Emirateve t\u00eb Bashkuara Arabe, k\u00ebrkon mb\u00ebshtetje p\u00ebr projekte n\u00eb sh\u00ebndet\u00ebsi\" \/>\n<meta property=\"og:description\" content=\"Ish-presidentja e Kosov\u00ebs, Atifete Jahjaga, ka takuar ministren e Emirateve t\u00eb Bashkuara Arabe, Maitha bint Salem Al Shamsi, e cila e ka mb\u00ebshtetur nd\u00ebrtimin e Spitalit Pediatrik-Kirurgjik t\u00eb F\u00ebmij\u00ebve n\u00eb Kosov\u00eb. Ish-presidentja e ka fal\u00ebnderuar ministren p\u00ebr nd\u00ebrtimin e spitalit &#8220;Sheikah Fatima&#8221; dhe ka k\u00ebrkuar mb\u00ebshtetje p\u00ebr projekte tjera n\u00eb fush\u00ebn e sh\u00ebndet\u00ebsis\u00eb. \u201cMiket e [&hellip;]\" \/>\n<meta property=\"og:url\" content=\"https:\/\/permbledhja.com\/sq\/jahjaga-takon-ministren-e-emirateve-te-bashkuara-arabe-kerkon-mbeshtetje-per-projekte-ne-shendetesi\/\" \/>\n<meta property=\"og:site_name\" content=\"Ve\u00e7 artikuj p\u00ebrmbledh\u00ebs\" \/>\n<meta property=\"article:publisher\" content=\"https:\/\/www.facebook.com\/press07\/\" \/>\n<meta property=\"article:author\" content=\"https:\/\/www.facebook.com\/kafexhiu.muharrem\/\" \/>\n<meta property=\"article:published_time\" content=\"2024-05-11T15:38:05+00:00\" \/>\n<meta property=\"og:image\" content=\"https:\/\/permbledhja.com\/wp-content\/uploads\/2024\/05\/441579390_989008995920026_3257376547278585343_n.jpg\" \/>\n\t<meta property=\"og:image:width\" content=\"1508\" \/>\n\t<meta property=\"og:image:height\" content=\"1145\" \/>\n\t<meta property=\"og:image:type\" content=\"image\/jpeg\" \/>\n<meta name=\"author\" content=\"P\u00ebrmbledhja\" \/>\n<meta name=\"twitter:card\" content=\"summary_large_image\" \/>\n<meta name=\"twitter:label1\" content=\"Written by\" \/>\n\t<meta name=\"twitter:data1\" content=\"P\u00ebrmbledhja\" \/>\n\t<meta name=\"twitter:label2\" content=\"Est. reading time\" \/>\n\t<meta name=\"twitter:data2\" content=\"1 minut\u00eb\" \/>\n<script type=\"application\/ld+json\" class=\"yoast-schema-graph\">{\"@context\":\"https:\/\/schema.org\",\"@graph\":[{\"@type\":\"Article\",\"@id\":\"https:\/\/permbledhja.com\/sq\/jahjaga-takon-ministren-e-emirateve-te-bashkuara-arabe-kerkon-mbeshtetje-per-projekte-ne-shendetesi\/#article\",\"isPartOf\":{\"@id\":\"https:\/\/permbledhja.com\/sq\/jahjaga-takon-ministren-e-emirateve-te-bashkuara-arabe-kerkon-mbeshtetje-per-projekte-ne-shendetesi\/\"},\"author\":{\"name\":\"P\u00ebrmbledhja\",\"@id\":\"https:\/\/permbledhja.com\/#\/schema\/person\/0d064377258d3221e50693947b9eb4fe\"},\"headline\":\"Jahjaga takon ministren e Emirateve t\u00eb Bashkuara Arabe, k\u00ebrkon mb\u00ebshtetje p\u00ebr projekte n\u00eb sh\u00ebndet\u00ebsi\",\"datePublished\":\"2024-05-11T15:38:05+00:00\",\"dateModified\":\"2024-05-11T15:38:05+00:00\",\"mainEntityOfPage\":{\"@id\":\"https:\/\/permbledhja.com\/sq\/jahjaga-takon-ministren-e-emirateve-te-bashkuara-arabe-kerkon-mbeshtetje-per-projekte-ne-shendetesi\/\"},\"wordCount\":205,\"publisher\":{\"@id\":\"https:\/\/permbledhja.com\/#organization\"},\"keywords\":[\"Atifete Jahjaga\"],\"articleSection\":[\"T\u00eb r\u00ebnd\u00ebsishme\"],\"inLanguage\":\"sq\"},{\"@type\":\"WebPage\",\"@id\":\"https:\/\/permbledhja.com\/sq\/jahjaga-takon-ministren-e-emirateve-te-bashkuara-arabe-kerkon-mbeshtetje-per-projekte-ne-shendetesi\/\",\"url\":\"https:\/\/permbledhja.com\/sq\/jahjaga-takon-ministren-e-emirateve-te-bashkuara-arabe-kerkon-mbeshtetje-per-projekte-ne-shendetesi\/\",\"name\":\"Jahjaga takon ministren e Emirateve t\u00eb Bashkuara Arabe, k\u00ebrkon mb\u00ebshtetje p\u00ebr projekte n\u00eb sh\u00ebndet\u00ebsi\",\"isPartOf\":{\"@id\":\"https:\/\/permbledhja.com\/#website\"},\"datePublished\":\"2024-05-11T15:38:05+00:00\",\"dateModified\":\"2024-05-11T15:38:05+00:00\",\"breadcrumb\":{\"@id\":\"https:\/\/permbledhja.com\/sq\/jahjaga-takon-ministren-e-emirateve-te-bashkuara-arabe-kerkon-mbeshtetje-per-projekte-ne-shendetesi\/#breadcrumb\"},\"inLanguage\":\"sq\",\"potentialAction\":[{\"@type\":\"ReadAction\",\"target\":[\"https:\/\/permbledhja.com\/sq\/jahjaga-takon-ministren-e-emirateve-te-bashkuara-arabe-kerkon-mbeshtetje-per-projekte-ne-shendetesi\/\"]}]},{\"@type\":\"BreadcrumbList\",\"@id\":\"https:\/\/permbledhja.com\/sq\/jahjaga-takon-ministren-e-emirateve-te-bashkuara-arabe-kerkon-mbeshtetje-per-projekte-ne-shendetesi\/#breadcrumb\",\"itemListElement\":[{\"@type\":\"ListItem\",\"position\":1,\"name\":\"Ballina\",\"item\":\"https:\/\/permbledhja.com\/sq\/\"},{\"@type\":\"ListItem\",\"position\":2,\"name\":\"Jahjaga takon ministren e Emirateve t\u00eb Bashkuara Arabe, k\u00ebrkon mb\u00ebshtetje p\u00ebr projekte n\u00eb sh\u00ebndet\u00ebsi\"}]},{\"@type\":\"WebSite\",\"@id\":\"https:\/\/permbledhja.com\/#website\",\"url\":\"https:\/\/permbledhja.com\/\",\"name\":\"Ve\u00e7 artikuj p\u00ebrmbledh\u00ebs\",\"description\":\"\",\"publisher\":{\"@id\":\"https:\/\/permbledhja.com\/#organization\"},\"potentialAction\":[{\"@type\":\"SearchAction\",\"target\":{\"@type\":\"EntryPoint\",\"urlTemplate\":\"https:\/\/permbledhja.com\/?s={search_term_string}\"},\"query-input\":\"required name=search_term_string\"}],\"inLanguage\":\"sq\"},{\"@type\":\"Organization\",\"@id\":\"https:\/\/permbledhja.com\/#organization\",\"name\":\"MK Media & Pr\",\"url\":\"https:\/\/permbledhja.com\/\",\"logo\":{\"@type\":\"ImageObject\",\"inLanguage\":\"sq\",\"@id\":\"https:\/\/permbledhja.com\/#\/schema\/logo\/image\/\",\"url\":\"https:\/\/permbledhja.com\/wp-content\/uploads\/2021\/12\/07-Press-Logo.jpg\",\"contentUrl\":\"https:\/\/permbledhja.com\/wp-content\/uploads\/2021\/12\/07-Press-Logo.jpg\",\"width\":512,\"height\":512,\"caption\":\"MK Media & Pr\"},\"image\":{\"@id\":\"https:\/\/permbledhja.com\/#\/schema\/logo\/image\/\"},\"sameAs\":[\"https:\/\/www.facebook.com\/press07\/\"]},{\"@type\":\"Person\",\"@id\":\"https:\/\/permbledhja.com\/#\/schema\/person\/0d064377258d3221e50693947b9eb4fe\",\"name\":\"P\u00ebrmbledhja\",\"image\":{\"@type\":\"ImageObject\",\"inLanguage\":\"sq\",\"@id\":\"https:\/\/permbledhja.com\/#\/schema\/person\/image\/\",\"url\":\"https:\/\/permbledhja.com\/wp-content\/uploads\/2026\/01\/452004717_1040944174702970_8932037511805513407_n-96x96.jpg\",\"contentUrl\":\"https:\/\/permbledhja.com\/wp-content\/uploads\/2026\/01\/452004717_1040944174702970_8932037511805513407_n-96x96.jpg\",\"caption\":\"P\u00ebrmbledhja\"},\"sameAs\":[\"https:\/\/www.facebook.com\/kafexhiu.muharrem\/\",\"https:\/\/www.instagram.com\/muharrem_kafexhiu\/\"],\"url\":\"https:\/\/permbledhja.com\/sq\/author\/admin\/\"}]}<\/script>\n<!-- \/ Yoast SEO plugin. -->","yoast_head_json":{"title":"Jahjaga takon ministren e Emirateve t\u00eb Bashkuara Arabe, k\u00ebrkon mb\u00ebshtetje p\u00ebr projekte n\u00eb sh\u00ebndet\u00ebsi","robots":{"index":"index","follow":"follow","max-snippet":"max-snippet:-1","max-image-preview":"max-image-preview:large","max-video-preview":"max-video-preview:-1"},"canonical":"https:\/\/permbledhja.com\/sq\/jahjaga-takon-ministren-e-emirateve-te-bashkuara-arabe-kerkon-mbeshtetje-per-projekte-ne-shendetesi\/","og_locale":"sq_AL","og_type":"article","og_title":"Jahjaga takon ministren e Emirateve t\u00eb Bashkuara Arabe, k\u00ebrkon mb\u00ebshtetje p\u00ebr projekte n\u00eb sh\u00ebndet\u00ebsi","og_description":"Ish-presidentja e Kosov\u00ebs, Atifete Jahjaga, ka takuar ministren e Emirateve t\u00eb Bashkuara Arabe, Maitha bint Salem Al Shamsi, e cila e ka mb\u00ebshtetur nd\u00ebrtimin e Spitalit Pediatrik-Kirurgjik t\u00eb F\u00ebmij\u00ebve n\u00eb Kosov\u00eb. Ish-presidentja e ka fal\u00ebnderuar ministren p\u00ebr nd\u00ebrtimin e spitalit &#8220;Sheikah Fatima&#8221; dhe ka k\u00ebrkuar mb\u00ebshtetje p\u00ebr projekte tjera n\u00eb fush\u00ebn e sh\u00ebndet\u00ebsis\u00eb. \u201cMiket e [&hellip;]","og_url":"https:\/\/permbledhja.com\/sq\/jahjaga-takon-ministren-e-emirateve-te-bashkuara-arabe-kerkon-mbeshtetje-per-projekte-ne-shendetesi\/","og_site_name":"Ve\u00e7 artikuj p\u00ebrmbledh\u00ebs","article_publisher":"https:\/\/www.facebook.com\/press07\/","article_author":"https:\/\/www.facebook.com\/kafexhiu.muharrem\/","article_published_time":"2024-05-11T15:38:05+00:00","og_image":[{"width":1508,"height":1145,"url":"https:\/\/permbledhja.com\/wp-content\/uploads\/2024\/05\/441579390_989008995920026_3257376547278585343_n.jpg","type":"image\/jpeg"}],"author":"P\u00ebrmbledhja","twitter_card":"summary_large_image","twitter_misc":{"Written by":"P\u00ebrmbledhja","Est. reading time":"1 minut\u00eb"},"schema":{"@context":"https:\/\/schema.org","@graph":[{"@type":"Article","@id":"https:\/\/permbledhja.com\/sq\/jahjaga-takon-ministren-e-emirateve-te-bashkuara-arabe-kerkon-mbeshtetje-per-projekte-ne-shendetesi\/#article","isPartOf":{"@id":"https:\/\/permbledhja.com\/sq\/jahjaga-takon-ministren-e-emirateve-te-bashkuara-arabe-kerkon-mbeshtetje-per-projekte-ne-shendetesi\/"},"author":{"name":"P\u00ebrmbledhja","@id":"https:\/\/permbledhja.com\/#\/schema\/person\/0d064377258d3221e50693947b9eb4fe"},"headline":"Jahjaga takon ministren e Emirateve t\u00eb Bashkuara Arabe, k\u00ebrkon mb\u00ebshtetje p\u00ebr projekte n\u00eb sh\u00ebndet\u00ebsi","datePublished":"2024-05-11T15:38:05+00:00","dateModified":"2024-05-11T15:38:05+00:00","mainEntityOfPage":{"@id":"https:\/\/permbledhja.com\/sq\/jahjaga-takon-ministren-e-emirateve-te-bashkuara-arabe-kerkon-mbeshtetje-per-projekte-ne-shendetesi\/"},"wordCount":205,"publisher":{"@id":"https:\/\/permbledhja.com\/#organization"},"keywords":["Atifete Jahjaga"],"articleSection":["T\u00eb r\u00ebnd\u00ebsishme"],"inLanguage":"sq"},{"@type":"WebPage","@id":"https:\/\/permbledhja.com\/sq\/jahjaga-takon-ministren-e-emirateve-te-bashkuara-arabe-kerkon-mbeshtetje-per-projekte-ne-shendetesi\/","url":"https:\/\/permbledhja.com\/sq\/jahjaga-takon-ministren-e-emirateve-te-bashkuara-arabe-kerkon-mbeshtetje-per-projekte-ne-shendetesi\/","name":"Jahjaga takon ministren e Emirateve t\u00eb Bashkuara Arabe, k\u00ebrkon mb\u00ebshtetje p\u00ebr projekte n\u00eb sh\u00ebndet\u00ebsi","isPartOf":{"@id":"https:\/\/permbledhja.com\/#website"},"datePublished":"2024-05-11T15:38:05+00:00","dateModified":"2024-05-11T15:38:05+00:00","breadcrumb":{"@id":"https:\/\/permbledhja.com\/sq\/jahjaga-takon-ministren-e-emirateve-te-bashkuara-arabe-kerkon-mbeshtetje-per-projekte-ne-shendetesi\/#breadcrumb"},"inLanguage":"sq","potentialAction":[{"@type":"ReadAction","target":["https:\/\/permbledhja.com\/sq\/jahjaga-takon-ministren-e-emirateve-te-bashkuara-arabe-kerkon-mbeshtetje-per-projekte-ne-shendetesi\/"]}]},{"@type":"BreadcrumbList","@id":"https:\/\/permbledhja.com\/sq\/jahjaga-takon-ministren-e-emirateve-te-bashkuara-arabe-kerkon-mbeshtetje-per-projekte-ne-shendetesi\/#breadcrumb","itemListElement":[{"@type":"ListItem","position":1,"name":"Ballina","item":"https:\/\/permbledhja.com\/sq\/"},{"@type":"ListItem","position":2,"name":"Jahjaga takon ministren e Emirateve t\u00eb Bashkuara Arabe, k\u00ebrkon mb\u00ebshtetje p\u00ebr projekte n\u00eb sh\u00ebndet\u00ebsi"}]},{"@type":"WebSite","@id":"https:\/\/permbledhja.com\/#website","url":"https:\/\/permbledhja.com\/","name":"Ve\u00e7 artikuj p\u00ebrmbledh\u00ebs","description":"","publisher":{"@id":"https:\/\/permbledhja.com\/#organization"},"potentialAction":[{"@type":"SearchAction","target":{"@type":"EntryPoint","urlTemplate":"https:\/\/permbledhja.com\/?s={search_term_string}"},"query-input":"required name=search_term_string"}],"inLanguage":"sq"},{"@type":"Organization","@id":"https:\/\/permbledhja.com\/#organization","name":"MK Media & Pr","url":"https:\/\/permbledhja.com\/","logo":{"@type":"ImageObject","inLanguage":"sq","@id":"https:\/\/permbledhja.com\/#\/schema\/logo\/image\/","url":"https:\/\/permbledhja.com\/wp-content\/uploads\/2021\/12\/07-Press-Logo.jpg","contentUrl":"https:\/\/permbledhja.com\/wp-content\/uploads\/2021\/12\/07-Press-Logo.jpg","width":512,"height":512,"caption":"MK Media & Pr"},"image":{"@id":"https:\/\/permbledhja.com\/#\/schema\/logo\/image\/"},"sameAs":["https:\/\/www.facebook.com\/press07\/"]},{"@type":"Person","@id":"https:\/\/permbledhja.com\/#\/schema\/person\/0d064377258d3221e50693947b9eb4fe","name":"P\u00ebrmbledhja","image":{"@type":"ImageObject","inLanguage":"sq","@id":"https:\/\/permbledhja.com\/#\/schema\/person\/image\/","url":"https:\/\/permbledhja.com\/wp-content\/uploads\/2026\/01\/452004717_1040944174702970_8932037511805513407_n-96x96.jpg","contentUrl":"https:\/\/permbledhja.com\/wp-content\/uploads\/2026\/01\/452004717_1040944174702970_8932037511805513407_n-96x96.jpg","caption":"P\u00ebrmbledhja"},"sameAs":["https:\/\/www.facebook.com\/kafexhiu.muharrem\/","https:\/\/www.instagram.com\/muharrem_kafexhiu\/"],"url":"https:\/\/permbledhja.com\/sq\/author\/admin\/"}]}},"_links":{"self":[{"href":"https:\/\/permbledhja.com\/sq\/wp-json\/wp\/v2\/posts\/61551"}],"collection":[{"href":"https:\/\/permbledhja.com\/sq\/wp-json\/wp\/v2\/posts"}],"about":[{"href":"https:\/\/permbledhja.com\/sq\/wp-json\/wp\/v2\/types\/post"}],"author":[{"embeddable":true,"href":"https:\/\/permbledhja.com\/sq\/wp-json\/wp\/v2\/users\/1"}],"replies":[{"embeddable":true,"href":"https:\/\/permbledhja.com\/sq\/wp-json\/wp\/v2\/comments?post=61551"}],"version-history":[{"count":1,"href":"https:\/\/permbledhja.com\/sq\/wp-json\/wp\/v2\/posts\/61551\/revisions"}],"predecessor-version":[{"id":61553,"href":"https:\/\/permbledhja.com\/sq\/wp-json\/wp\/v2\/posts\/61551\/revisions\/61553"}],"wp:featuredmedia":[{"embeddable":true,"href":"https:\/\/permbledhja.com\/sq\/wp-json\/wp\/v2\/media\/61552"}],"wp:attachment":[{"href":"https:\/\/permbledhja.com\/sq\/wp-json\/wp\/v2\/media?parent=61551"}],"wp:term":[{"taxonomy":"category","embeddable":true,"href":"https:\/\/permbledhja.com\/sq\/wp-json\/wp\/v2\/categories?post=61551"},{"taxonomy":"post_tag","embeddable":true,"href":"https:\/\/permbledhja.com\/sq\/wp-json\/wp\/v2\/tags?post=61551"}],"curies":[{"name":"wp","href":"https:\/\/api.w.org\/{rel}","templated":true}]}}